
{"id":24091,"date":"2013-12-25T22:53:14","date_gmt":"2013-12-26T00:53:14","guid":{"rendered":"http:\/\/www.oarcanjo.net\/site\/?p=24091"},"modified":"2014-01-02T14:13:44","modified_gmt":"2014-01-02T16:13:44","slug":"celebracao-eucaristica-de-natal-no-arsenal-da-esperanca","status":"publish","type":"post","link":"https:\/\/www.oarcanjo.net\/site\/celebracao-eucaristica-de-natal-no-arsenal-da-esperanca\/","title":{"rendered":"Celebra\u00e7\u00e3o Eucar\u00edstica de Natal no Arsenal da Esperan\u00e7a"},"content":{"rendered":"<p>No final da tarde de Natal, a celebra\u00e7\u00e3o eucar\u00edstica no Arsenal da Esperan\u00e7a, presidida por Dom Odilo Pedro Scherer e concelebrada pelo Padre J\u00falio Lancellotti. Momento especial, j\u00e1 no lado de fora, com os cartazes do Natal, os semblantes esperan\u00e7osos dos irm\u00e3os em situa\u00e7\u00e3o de rua e a imprensa que veio cobrir esse momento. Dentro do espa\u00e7o da celebra\u00e7\u00e3o o pres\u00e9pio em forma de maquete \u00a0preparado e retratando o entorno do Arsenal.<\/p>\n<p>A celebra\u00e7\u00e3o toda especial, quer\u00a0\u00a0pelo dia de natal, quer pela presen\u00e7a marcante do Cardeal Dom Odilo. Os cantos foram entoados pelos moradores em situa\u00e7\u00e3o de rua e dentre eles, um grupo origin\u00e1rio da Guin\u00e9 Bissao. Agradecimento especial aos que ajudaram a prepara\u00e7\u00e3o, que demandou muito esfor\u00e7o e dedica\u00e7\u00e3o, inclusive no pres\u00e9pio. Na homilia, toda a reflex\u00e3o sobre o nascimento do salvador e sua presen\u00e7a entre os mais fracos, os mais necessitados e especialmente entre os moradores de rua.<\/p>\n<p>No final da celebra\u00e7\u00e3o o Pe Julio lembrou dos epis\u00f3dios de viol\u00eancia por que passaram\u00a0 recentemente moradores de rua na Pra\u00e7a da S\u00e9, a visita do Cardeal ao local da Tenda no Parque Dom Pedro II e seu apoio aos grupos que se dedicam em prol dos sofredores de rua e tamb\u00e9m \u00e0\u00a0\u00a0vinda para a celebra\u00e7\u00e3o no Arsenal da Esperan\u00e7a. Dom Odilo, ent\u00e3o, pediu que o trabalho continue com entusiasmo.<\/p>\n<p>Vejam as fotos<\/p>\nngg_shortcode_0_placeholder\n<div id=\"themify_builder_content-24091\" data-postid=\"24091\" class=\"themify_builder_content themify_builder_content-24091 themify_builder themify_builder_front\">\n\t<\/div>\n<!-- \/themify_builder_content -->","protected":false},"excerpt":{"rendered":"<p>No final da tarde de Natal, a celebra\u00e7\u00e3o eucar\u00edstica no Arsenal da Esperan\u00e7a, presidida por Dom Odilo Pedro Scherer e concelebrada pelo Padre J\u00falio Lancellotti. Momento especial, j\u00e1 no lado de fora, com os cartazes do Natal, os semblantes esperan\u00e7osos dos irm\u00e3os em situa\u00e7\u00e3o de rua e a imprensa que veio cobrir esse momento. Dentro [&hellip;]<\/p>\n","protected":false},"author":10,"featured_media":0,"comment_status":"open","ping_status":"open","sticky":false,"template":"","format":"standard","meta":{"ngg_post_thumbnail":0,"footnotes":""},"categories":[8],"tags":[],"yoast_head":"<!-- This site is optimized with the Yoast SEO plugin v23.5 - https:\/\/yoast.com\/wordpress\/plugins\/seo\/ -->\n<title>Celebra\u00e7\u00e3o Eucar\u00edstica de Natal no Arsenal da Esperan\u00e7a - O Arcanjo no ar<\/title>\n<meta name=\"robots\" content=\"index, follow, max-snippet:-1, max-image-preview:large, max-video-preview:-1\" \/>\n<link rel=\"canonical\" href=\"https:\/\/www.oarcanjo.net\/site\/celebracao-eucaristica-de-natal-no-arsenal-da-esperanca\/\" \/>\n<meta property=\"og:locale\" content=\"pt_BR\" \/>\n<meta property=\"og:type\" content=\"article\" \/>\n<meta property=\"og:title\" content=\"Celebra\u00e7\u00e3o Eucar\u00edstica de Natal no Arsenal da Esperan\u00e7a - O Arcanjo no ar\" \/>\n<meta property=\"og:description\" content=\"No final da tarde de Natal, a celebra\u00e7\u00e3o eucar\u00edstica no Arsenal da Esperan\u00e7a, presidida por Dom Odilo Pedro Scherer e concelebrada pelo Padre J\u00falio Lancellotti. Momento especial, j\u00e1 no lado de fora, com os cartazes do Natal, os semblantes esperan\u00e7osos dos irm\u00e3os em situa\u00e7\u00e3o de rua e a imprensa que veio cobrir esse momento. Dentro [&hellip;]\" \/>\n<meta property=\"og:url\" content=\"https:\/\/www.oarcanjo.net\/site\/celebracao-eucaristica-de-natal-no-arsenal-da-esperanca\/\" \/>\n<meta property=\"og:site_name\" content=\"O Arcanjo no ar\" \/>\n<meta property=\"article:publisher\" content=\"https:\/\/www.facebook.com\/OArcanjoNoAr\/\" \/>\n<meta property=\"article:published_time\" content=\"2013-12-26T00:53:14+00:00\" \/>\n<meta property=\"article:modified_time\" content=\"2014-01-02T16:13:44+00:00\" \/>\n<meta property=\"og:image\" content=\"https:\/\/www.oarcanjo.net\/site\/wp-content\/uploads\/logo-o-arcanjo-no-ar-facebook.png\" \/>\n\t<meta property=\"og:image:width\" content=\"300\" \/>\n\t<meta property=\"og:image:height\" content=\"300\" \/>\n\t<meta property=\"og:image:type\" content=\"image\/png\" \/>\n<meta name=\"author\" content=\"carlos\" \/>\n<meta name=\"twitter:card\" content=\"summary_large_image\" \/>\n<meta name=\"twitter:label1\" content=\"Escrito por\" \/>\n\t<meta name=\"twitter:data1\" content=\"carlos\" \/>\n\t<meta name=\"twitter:label2\" content=\"Est. tempo de leitura\" \/>\n\t<meta name=\"twitter:data2\" content=\"1 minuto\" \/>\n<script type=\"application\/ld+json\" class=\"yoast-schema-graph\">{\"@context\":\"https:\/\/schema.org\",\"@graph\":[{\"@type\":\"Article\",\"@id\":\"https:\/\/www.oarcanjo.net\/site\/celebracao-eucaristica-de-natal-no-arsenal-da-esperanca\/#article\",\"isPartOf\":{\"@id\":\"https:\/\/www.oarcanjo.net\/site\/celebracao-eucaristica-de-natal-no-arsenal-da-esperanca\/\"},\"author\":{\"name\":\"carlos\",\"@id\":\"https:\/\/www.oarcanjo.net\/site\/#\/schema\/person\/f7870e710d8c8c30673de3a0ac2e451d\"},\"headline\":\"Celebra\u00e7\u00e3o Eucar\u00edstica de Natal no Arsenal da Esperan\u00e7a\",\"datePublished\":\"2013-12-26T00:53:14+00:00\",\"dateModified\":\"2014-01-02T16:13:44+00:00\",\"mainEntityOfPage\":{\"@id\":\"https:\/\/www.oarcanjo.net\/site\/celebracao-eucaristica-de-natal-no-arsenal-da-esperanca\/\"},\"wordCount\":265,\"commentCount\":1,\"publisher\":{\"@id\":\"https:\/\/www.oarcanjo.net\/site\/#organization\"},\"articleSection\":[\"Not\u00edcias\"],\"inLanguage\":\"pt-BR\",\"potentialAction\":[{\"@type\":\"CommentAction\",\"name\":\"Comment\",\"target\":[\"https:\/\/www.oarcanjo.net\/site\/celebracao-eucaristica-de-natal-no-arsenal-da-esperanca\/#respond\"]}]},{\"@type\":\"WebPage\",\"@id\":\"https:\/\/www.oarcanjo.net\/site\/celebracao-eucaristica-de-natal-no-arsenal-da-esperanca\/\",\"url\":\"https:\/\/www.oarcanjo.net\/site\/celebracao-eucaristica-de-natal-no-arsenal-da-esperanca\/\",\"name\":\"Celebra\u00e7\u00e3o Eucar\u00edstica de Natal no Arsenal da Esperan\u00e7a - O Arcanjo no ar\",\"isPartOf\":{\"@id\":\"https:\/\/www.oarcanjo.net\/site\/#website\"},\"datePublished\":\"2013-12-26T00:53:14+00:00\",\"dateModified\":\"2014-01-02T16:13:44+00:00\",\"breadcrumb\":{\"@id\":\"https:\/\/www.oarcanjo.net\/site\/celebracao-eucaristica-de-natal-no-arsenal-da-esperanca\/#breadcrumb\"},\"inLanguage\":\"pt-BR\",\"potentialAction\":[{\"@type\":\"ReadAction\",\"target\":[\"https:\/\/www.oarcanjo.net\/site\/celebracao-eucaristica-de-natal-no-arsenal-da-esperanca\/\"]}]},{\"@type\":\"BreadcrumbList\",\"@id\":\"https:\/\/www.oarcanjo.net\/site\/celebracao-eucaristica-de-natal-no-arsenal-da-esperanca\/#breadcrumb\",\"itemListElement\":[{\"@type\":\"ListItem\",\"position\":1,\"name\":\"In\u00edcio\",\"item\":\"https:\/\/www.oarcanjo.net\/site\/\"},{\"@type\":\"ListItem\",\"position\":2,\"name\":\"Celebra\u00e7\u00e3o Eucar\u00edstica de Natal no Arsenal da Esperan\u00e7a\"}]},{\"@type\":\"WebSite\",\"@id\":\"https:\/\/www.oarcanjo.net\/site\/#website\",\"url\":\"https:\/\/www.oarcanjo.net\/site\/\",\"name\":\"O Arcanjo no ar\",\"description\":\"Site da Par\u00f3quia S\u00e3o Miguel Arcanjo (Arquidiocese de SP)\",\"publisher\":{\"@id\":\"https:\/\/www.oarcanjo.net\/site\/#organization\"},\"potentialAction\":[{\"@type\":\"SearchAction\",\"target\":{\"@type\":\"EntryPoint\",\"urlTemplate\":\"https:\/\/www.oarcanjo.net\/site\/?s={search_term_string}\"},\"query-input\":{\"@type\":\"PropertyValueSpecification\",\"valueRequired\":true,\"valueName\":\"search_term_string\"}}],\"inLanguage\":\"pt-BR\"},{\"@type\":\"Organization\",\"@id\":\"https:\/\/www.oarcanjo.net\/site\/#organization\",\"name\":\"Par\u00f3quia S\u00e3o Miguel Arcanjo\",\"url\":\"https:\/\/www.oarcanjo.net\/site\/\",\"logo\":{\"@type\":\"ImageObject\",\"inLanguage\":\"pt-BR\",\"@id\":\"https:\/\/www.oarcanjo.net\/site\/#\/schema\/logo\/image\/\",\"url\":\"https:\/\/www.oarcanjo.net\/site\/wp-content\/uploads\/LogoOArcanjo.png\",\"contentUrl\":\"https:\/\/www.oarcanjo.net\/site\/wp-content\/uploads\/LogoOArcanjo.png\",\"width\":319,\"height\":99,\"caption\":\"Par\u00f3quia S\u00e3o Miguel Arcanjo\"},\"image\":{\"@id\":\"https:\/\/www.oarcanjo.net\/site\/#\/schema\/logo\/image\/\"},\"sameAs\":[\"https:\/\/www.facebook.com\/OArcanjoNoAr\/\"]},{\"@type\":\"Person\",\"@id\":\"https:\/\/www.oarcanjo.net\/site\/#\/schema\/person\/f7870e710d8c8c30673de3a0ac2e451d\",\"name\":\"carlos\"}]}<\/script>\n<!-- \/ Yoast SEO plugin. -->","yoast_head_json":{"title":"Celebra\u00e7\u00e3o Eucar\u00edstica de Natal no Arsenal da Esperan\u00e7a - O Arcanjo no ar","robots":{"index":"index","follow":"follow","max-snippet":"max-snippet:-1","max-image-preview":"max-image-preview:large","max-video-preview":"max-video-preview:-1"},"canonical":"https:\/\/www.oarcanjo.net\/site\/celebracao-eucaristica-de-natal-no-arsenal-da-esperanca\/","og_locale":"pt_BR","og_type":"article","og_title":"Celebra\u00e7\u00e3o Eucar\u00edstica de Natal no Arsenal da Esperan\u00e7a - O Arcanjo no ar","og_description":"No final da tarde de Natal, a celebra\u00e7\u00e3o eucar\u00edstica no Arsenal da Esperan\u00e7a, presidida por Dom Odilo Pedro Scherer e concelebrada pelo Padre J\u00falio Lancellotti. Momento especial, j\u00e1 no lado de fora, com os cartazes do Natal, os semblantes esperan\u00e7osos dos irm\u00e3os em situa\u00e7\u00e3o de rua e a imprensa que veio cobrir esse momento. Dentro [&hellip;]","og_url":"https:\/\/www.oarcanjo.net\/site\/celebracao-eucaristica-de-natal-no-arsenal-da-esperanca\/","og_site_name":"O Arcanjo no ar","article_publisher":"https:\/\/www.facebook.com\/OArcanjoNoAr\/","article_published_time":"2013-12-26T00:53:14+00:00","article_modified_time":"2014-01-02T16:13:44+00:00","og_image":[{"width":300,"height":300,"url":"https:\/\/www.oarcanjo.net\/site\/wp-content\/uploads\/logo-o-arcanjo-no-ar-facebook.png","type":"image\/png"}],"author":"carlos","twitter_card":"summary_large_image","twitter_misc":{"Escrito por":"carlos","Est. tempo de leitura":"1 minuto"},"schema":{"@context":"https:\/\/schema.org","@graph":[{"@type":"Article","@id":"https:\/\/www.oarcanjo.net\/site\/celebracao-eucaristica-de-natal-no-arsenal-da-esperanca\/#article","isPartOf":{"@id":"https:\/\/www.oarcanjo.net\/site\/celebracao-eucaristica-de-natal-no-arsenal-da-esperanca\/"},"author":{"name":"carlos","@id":"https:\/\/www.oarcanjo.net\/site\/#\/schema\/person\/f7870e710d8c8c30673de3a0ac2e451d"},"headline":"Celebra\u00e7\u00e3o Eucar\u00edstica de Natal no Arsenal da Esperan\u00e7a","datePublished":"2013-12-26T00:53:14+00:00","dateModified":"2014-01-02T16:13:44+00:00","mainEntityOfPage":{"@id":"https:\/\/www.oarcanjo.net\/site\/celebracao-eucaristica-de-natal-no-arsenal-da-esperanca\/"},"wordCount":265,"commentCount":1,"publisher":{"@id":"https:\/\/www.oarcanjo.net\/site\/#organization"},"articleSection":["Not\u00edcias"],"inLanguage":"pt-BR","potentialAction":[{"@type":"CommentAction","name":"Comment","target":["https:\/\/www.oarcanjo.net\/site\/celebracao-eucaristica-de-natal-no-arsenal-da-esperanca\/#respond"]}]},{"@type":"WebPage","@id":"https:\/\/www.oarcanjo.net\/site\/celebracao-eucaristica-de-natal-no-arsenal-da-esperanca\/","url":"https:\/\/www.oarcanjo.net\/site\/celebracao-eucaristica-de-natal-no-arsenal-da-esperanca\/","name":"Celebra\u00e7\u00e3o Eucar\u00edstica de Natal no Arsenal da Esperan\u00e7a - O Arcanjo no ar","isPartOf":{"@id":"https:\/\/www.oarcanjo.net\/site\/#website"},"datePublished":"2013-12-26T00:53:14+00:00","dateModified":"2014-01-02T16:13:44+00:00","breadcrumb":{"@id":"https:\/\/www.oarcanjo.net\/site\/celebracao-eucaristica-de-natal-no-arsenal-da-esperanca\/#breadcrumb"},"inLanguage":"pt-BR","potentialAction":[{"@type":"ReadAction","target":["https:\/\/www.oarcanjo.net\/site\/celebracao-eucaristica-de-natal-no-arsenal-da-esperanca\/"]}]},{"@type":"BreadcrumbList","@id":"https:\/\/www.oarcanjo.net\/site\/celebracao-eucaristica-de-natal-no-arsenal-da-esperanca\/#breadcrumb","itemListElement":[{"@type":"ListItem","position":1,"name":"In\u00edcio","item":"https:\/\/www.oarcanjo.net\/site\/"},{"@type":"ListItem","position":2,"name":"Celebra\u00e7\u00e3o Eucar\u00edstica de Natal no Arsenal da Esperan\u00e7a"}]},{"@type":"WebSite","@id":"https:\/\/www.oarcanjo.net\/site\/#website","url":"https:\/\/www.oarcanjo.net\/site\/","name":"O Arcanjo no ar","description":"Site da Par\u00f3quia S\u00e3o Miguel Arcanjo (Arquidiocese de SP)","publisher":{"@id":"https:\/\/www.oarcanjo.net\/site\/#organization"},"potentialAction":[{"@type":"SearchAction","target":{"@type":"EntryPoint","urlTemplate":"https:\/\/www.oarcanjo.net\/site\/?s={search_term_string}"},"query-input":{"@type":"PropertyValueSpecification","valueRequired":true,"valueName":"search_term_string"}}],"inLanguage":"pt-BR"},{"@type":"Organization","@id":"https:\/\/www.oarcanjo.net\/site\/#organization","name":"Par\u00f3quia S\u00e3o Miguel Arcanjo","url":"https:\/\/www.oarcanjo.net\/site\/","logo":{"@type":"ImageObject","inLanguage":"pt-BR","@id":"https:\/\/www.oarcanjo.net\/site\/#\/schema\/logo\/image\/","url":"https:\/\/www.oarcanjo.net\/site\/wp-content\/uploads\/LogoOArcanjo.png","contentUrl":"https:\/\/www.oarcanjo.net\/site\/wp-content\/uploads\/LogoOArcanjo.png","width":319,"height":99,"caption":"Par\u00f3quia S\u00e3o Miguel Arcanjo"},"image":{"@id":"https:\/\/www.oarcanjo.net\/site\/#\/schema\/logo\/image\/"},"sameAs":["https:\/\/www.facebook.com\/OArcanjoNoAr\/"]},{"@type":"Person","@id":"https:\/\/www.oarcanjo.net\/site\/#\/schema\/person\/f7870e710d8c8c30673de3a0ac2e451d","name":"carlos"}]}},"publishpress_future_action":{"enabled":false,"date":"2026-05-07 10:09:22","action":"category","newStatus":"draft","terms":[],"taxonomy":"category"},"publishpress_future_workflow_manual_trigger":{"enabledWorkflows":[]},"_links":{"self":[{"href":"https:\/\/www.oarcanjo.net\/site\/wp-json\/wp\/v2\/posts\/24091"}],"collection":[{"href":"https:\/\/www.oarcanjo.net\/site\/wp-json\/wp\/v2\/posts"}],"about":[{"href":"https:\/\/www.oarcanjo.net\/site\/wp-json\/wp\/v2\/types\/post"}],"author":[{"embeddable":true,"href":"https:\/\/www.oarcanjo.net\/site\/wp-json\/wp\/v2\/users\/10"}],"replies":[{"embeddable":true,"href":"https:\/\/www.oarcanjo.net\/site\/wp-json\/wp\/v2\/comments?post=24091"}],"version-history":[{"count":0,"href":"https:\/\/www.oarcanjo.net\/site\/wp-json\/wp\/v2\/posts\/24091\/revisions"}],"wp:attachment":[{"href":"https:\/\/www.oarcanjo.net\/site\/wp-json\/wp\/v2\/media?parent=24091"}],"wp:term":[{"taxonomy":"category","embeddable":true,"href":"https:\/\/www.oarcanjo.net\/site\/wp-json\/wp\/v2\/categories?post=24091"},{"taxonomy":"post_tag","embeddable":true,"href":"https:\/\/www.oarcanjo.net\/site\/wp-json\/wp\/v2\/tags?post=24091"}],"curies":[{"name":"wp","href":"https:\/\/api.w.org\/{rel}","templated":true}]}}