
{"id":24103,"date":"2013-12-26T10:45:31","date_gmt":"2013-12-26T12:45:31","guid":{"rendered":"http:\/\/www.oarcanjo.net\/site\/?p=24103"},"modified":"2013-12-26T10:49:56","modified_gmt":"2013-12-26T12:49:56","slug":"a-paz-e-um-compromisso-de-todos-os-dias-afirma-o-papa-em-sua-mensagem-de-natal","status":"publish","type":"post","link":"https:\/\/www.oarcanjo.net\/site\/a-paz-e-um-compromisso-de-todos-os-dias-afirma-o-papa-em-sua-mensagem-de-natal\/","title":{"rendered":"&#8220;A paz \u00e9 um compromisso de todos os dias&#8221;, afirma o papa em sua mensagem de Natal"},"content":{"rendered":"<p>O papa Francisco divulgou no dia 25 de dezembro, a mensagem \u201cUrbi et Orbi\u201d, \u00e0s milhares de pessoas que estavam na Pra\u00e7a de S\u00e3o Pedro. Desejou um Feliz Natal a todos e lembrou que este \u00e9 um momento de \u201cdar gl\u00f3ria a Deus, porque Ele \u00e9 bom, \u00e9 fiel e misericordioso\u201d.<\/p>\n<p>Em sua mensagem, Francisco falou sobre a paz. \u201cA paz \u00e9 um compromisso de todos os dias, que se realiza a partir do dom de Deus, da gra\u00e7a que Ele nos deu em Jesus Cristo\u201d, afirmou. Francisco lembrou as crian\u00e7as v\u00edtimas das guerras, os idosos, as mulheres que s\u00e3o maltratadas e os doentes.<\/p>\n<p>Recordou que muitas vidas foram dilaceradas no conflito na S\u00edria, fomentando \u00f3dio e vingan\u00e7a. \u201cContinuemos a pedir ao Senhor que poupe novos sofrimentos ao amado povo s\u00edrio, e as partes em conflito ponham fim a toda viol\u00eancia e assegurem o acesso \u00e0 ajuda humanit\u00e1ria\u201d, disse.<\/p>\n<p>Francisco lembrou, ainda, a situa\u00e7\u00e3o da Rep\u00fablica Centro-Africana. Segundo ele, \u201cfrequentemente esquecida pelos homens e marcada por uma espiral de viol\u00eancia e mis\u00e9ria onde muitas pessoas est\u00e3o sem casa, \u00e1gua e comida, sem o m\u00ednimo para viver\u201d.  Pediu \u201cconc\u00f3rdia no jovem Estado do Sud\u00e3o do sul e na Nig\u00e9ria, pa\u00edses onde a conviv\u00eancia pac\u00edfica tem sido amea\u00e7ada por ataques que n\u00e3o poupam inocentes nem indefesos\u201d.<\/p>\n<p>Dedicou seus pensamentos aos deslocados e refugiados do Chifre da \u00c1frica e do leste da Rep\u00fablica Democr\u00e1tica do Congo. \u201cFazei que os emigrantes em busca de uma vida digna encontrem acolhimento e ajuda e que nunca mais aconte\u00e7am trag\u00e9dias como aquela a que assistimos este ano, com numerosos mortos em Lampedusa\u201d, ressaltou.<\/p>\n<p>Outro assunto abordado pelo papa Francisco, em sua mensagem, foi sobre o tr\u00e1fico humano, tema da pr\u00f3xima Campanha da Fraternidade promovida pela CNBB. \u201cTocai o cora\u00e7\u00e3o de todos os que est\u00e3o envolvidos no tr\u00e1fico de seres humanos, para que se deem conta da gravidade deste crime contra a humanidade. Voltai o vosso olhar para as in\u00fameras crian\u00e7as que s\u00e3o raptadas, feridas e mortas nos conflitos armados e para quantas s\u00e3o transformadas em soldados, privadas da sua inf\u00e2ncia\u201d.<\/p>\n<p>O papa lembrou tamb\u00e9m do Oriente M\u00e9dio e clamou por \u201cum desfecho feliz das negocia\u00e7\u00f5es de paz entre israelenses e palestinos e pela cura das chagas do amado Iraque, ferido ainda frequentemente por atentados\u201d.<\/p>\n<p>Sobre a situa\u00e7\u00e3o nas Filipinas, Francisco chamou a aten\u00e7\u00e3o para a \u201cgan\u00e2ncia e a ambi\u00e7\u00e3o dos homens\u201d e pediu prote\u00e7\u00e3o para as v\u00edtimas de calamidades naturais, \u201cespecialmente o querido povo filipino, gravemente atingido pelo recente tuf\u00e3o\u201d.<\/p>\n<p>\u201cDeixemos que o nosso cora\u00e7\u00e3o se comova, se incendeie com a ternura de Deus; precisamos das suas car\u00edcias. Deus \u00e9 grande no amor; Deus \u00e9 paz: pe\u00e7amos-Lhe que nos ajude a constru\u00ed-la cada dia na nossa vida, nas nossas fam\u00edlias, nas nossas cidades e na\u00e7\u00f5es, no mundo inteiro. Deixemo-nos comover pela bondade de Deus\u201d, acrescentou.<\/p>\n<p>Ao final, fez votos de Feliz Natal aos fieis e invocou os dons natal\u00edcios \u201cda alegria e da paz para todos: crian\u00e7as e idosos, jovens e fam\u00edlias, pobres e marginalizados\u201d.<\/p>\n<p><em>Fonte: CNBB<\/em><\/p>\n<div id=\"themify_builder_content-24103\" data-postid=\"24103\" class=\"themify_builder_content themify_builder_content-24103 themify_builder themify_builder_front\">\n\t<\/div>\n<!-- \/themify_builder_content -->","protected":false},"excerpt":{"rendered":"<p>O papa Francisco divulgou no dia 25 de dezembro, a mensagem \u201cUrbi et Orbi\u201d, \u00e0s milhares de pessoas que estavam na Pra\u00e7a de S\u00e3o Pedro. Desejou um Feliz Natal a todos e lembrou que este \u00e9 um momento de \u201cdar gl\u00f3ria a Deus, porque Ele \u00e9 bom, \u00e9 fiel e misericordioso\u201d. Em sua mensagem, Francisco [&hellip;]<\/p>\n","protected":false},"author":5,"featured_media":0,"comment_status":"open","ping_status":"open","sticky":false,"template":"","format":"standard","meta":{"ngg_post_thumbnail":0,"footnotes":""},"categories":[8],"tags":[871,689,38,60,2433,167,2857,2918],"yoast_head":"<!-- This site is optimized with the Yoast SEO plugin v23.5 - https:\/\/yoast.com\/wordpress\/plugins\/seo\/ -->\n<title>&quot;A paz \u00e9 um compromisso de todos os dias&quot;, afirma o papa em sua mensagem de Natal - O Arcanjo no ar<\/title>\n<meta name=\"robots\" content=\"index, follow, max-snippet:-1, max-image-preview:large, max-video-preview:-1\" \/>\n<link rel=\"canonical\" href=\"https:\/\/www.oarcanjo.net\/site\/a-paz-e-um-compromisso-de-todos-os-dias-afirma-o-papa-em-sua-mensagem-de-natal\/\" \/>\n<meta property=\"og:locale\" content=\"pt_BR\" \/>\n<meta property=\"og:type\" content=\"article\" \/>\n<meta property=\"og:title\" content=\"&quot;A paz \u00e9 um compromisso de todos os dias&quot;, afirma o papa em sua mensagem de Natal - O Arcanjo no ar\" \/>\n<meta property=\"og:description\" content=\"O papa Francisco divulgou no dia 25 de dezembro, a mensagem \u201cUrbi et Orbi\u201d, \u00e0s milhares de pessoas que estavam na Pra\u00e7a de S\u00e3o Pedro. Desejou um Feliz Natal a todos e lembrou que este \u00e9 um momento de \u201cdar gl\u00f3ria a Deus, porque Ele \u00e9 bom, \u00e9 fiel e misericordioso\u201d. Em sua mensagem, Francisco [&hellip;]\" \/>\n<meta property=\"og:url\" content=\"https:\/\/www.oarcanjo.net\/site\/a-paz-e-um-compromisso-de-todos-os-dias-afirma-o-papa-em-sua-mensagem-de-natal\/\" \/>\n<meta property=\"og:site_name\" content=\"O Arcanjo no ar\" \/>\n<meta property=\"article:publisher\" content=\"https:\/\/www.facebook.com\/OArcanjoNoAr\/\" \/>\n<meta property=\"article:published_time\" content=\"2013-12-26T12:45:31+00:00\" \/>\n<meta property=\"article:modified_time\" content=\"2013-12-26T12:49:56+00:00\" \/>\n<meta property=\"og:image\" content=\"https:\/\/www.oarcanjo.net\/site\/wp-content\/uploads\/logo-o-arcanjo-no-ar-facebook.png\" \/>\n\t<meta property=\"og:image:width\" content=\"300\" \/>\n\t<meta property=\"og:image:height\" content=\"300\" \/>\n\t<meta property=\"og:image:type\" content=\"image\/png\" \/>\n<meta name=\"author\" content=\"editor\" \/>\n<meta name=\"twitter:card\" content=\"summary_large_image\" \/>\n<meta name=\"twitter:label1\" content=\"Escrito por\" \/>\n\t<meta name=\"twitter:data1\" content=\"editor\" \/>\n\t<meta name=\"twitter:label2\" content=\"Est. tempo de leitura\" \/>\n\t<meta name=\"twitter:data2\" content=\"3 minutos\" \/>\n<script type=\"application\/ld+json\" class=\"yoast-schema-graph\">{\"@context\":\"https:\/\/schema.org\",\"@graph\":[{\"@type\":\"Article\",\"@id\":\"https:\/\/www.oarcanjo.net\/site\/a-paz-e-um-compromisso-de-todos-os-dias-afirma-o-papa-em-sua-mensagem-de-natal\/#article\",\"isPartOf\":{\"@id\":\"https:\/\/www.oarcanjo.net\/site\/a-paz-e-um-compromisso-de-todos-os-dias-afirma-o-papa-em-sua-mensagem-de-natal\/\"},\"author\":{\"name\":\"editor\",\"@id\":\"https:\/\/www.oarcanjo.net\/site\/#\/schema\/person\/f7024d007863202483a31326673a0838\"},\"headline\":\"&#8220;A paz \u00e9 um compromisso de todos os dias&#8221;, afirma o papa em sua mensagem de Natal\",\"datePublished\":\"2013-12-26T12:45:31+00:00\",\"dateModified\":\"2013-12-26T12:49:56+00:00\",\"mainEntityOfPage\":{\"@id\":\"https:\/\/www.oarcanjo.net\/site\/a-paz-e-um-compromisso-de-todos-os-dias-afirma-o-papa-em-sua-mensagem-de-natal\/\"},\"wordCount\":567,\"commentCount\":5,\"publisher\":{\"@id\":\"https:\/\/www.oarcanjo.net\/site\/#organization\"},\"keywords\":[\"alegria\",\"conflitos\",\"fome\",\"natal\",\"Papa Francisco\",\"paz\",\"tr\u00e1fico humano\",\"Urbi et Orbi\"],\"articleSection\":[\"Not\u00edcias\"],\"inLanguage\":\"pt-BR\",\"potentialAction\":[{\"@type\":\"CommentAction\",\"name\":\"Comment\",\"target\":[\"https:\/\/www.oarcanjo.net\/site\/a-paz-e-um-compromisso-de-todos-os-dias-afirma-o-papa-em-sua-mensagem-de-natal\/#respond\"]}]},{\"@type\":\"WebPage\",\"@id\":\"https:\/\/www.oarcanjo.net\/site\/a-paz-e-um-compromisso-de-todos-os-dias-afirma-o-papa-em-sua-mensagem-de-natal\/\",\"url\":\"https:\/\/www.oarcanjo.net\/site\/a-paz-e-um-compromisso-de-todos-os-dias-afirma-o-papa-em-sua-mensagem-de-natal\/\",\"name\":\"\\\"A paz \u00e9 um compromisso de todos os dias\\\", afirma o papa em sua mensagem de Natal - O Arcanjo no ar\",\"isPartOf\":{\"@id\":\"https:\/\/www.oarcanjo.net\/site\/#website\"},\"datePublished\":\"2013-12-26T12:45:31+00:00\",\"dateModified\":\"2013-12-26T12:49:56+00:00\",\"breadcrumb\":{\"@id\":\"https:\/\/www.oarcanjo.net\/site\/a-paz-e-um-compromisso-de-todos-os-dias-afirma-o-papa-em-sua-mensagem-de-natal\/#breadcrumb\"},\"inLanguage\":\"pt-BR\",\"potentialAction\":[{\"@type\":\"ReadAction\",\"target\":[\"https:\/\/www.oarcanjo.net\/site\/a-paz-e-um-compromisso-de-todos-os-dias-afirma-o-papa-em-sua-mensagem-de-natal\/\"]}]},{\"@type\":\"BreadcrumbList\",\"@id\":\"https:\/\/www.oarcanjo.net\/site\/a-paz-e-um-compromisso-de-todos-os-dias-afirma-o-papa-em-sua-mensagem-de-natal\/#breadcrumb\",\"itemListElement\":[{\"@type\":\"ListItem\",\"position\":1,\"name\":\"In\u00edcio\",\"item\":\"https:\/\/www.oarcanjo.net\/site\/\"},{\"@type\":\"ListItem\",\"position\":2,\"name\":\"&#8220;A paz \u00e9 um compromisso de todos os dias&#8221;, afirma o papa em sua mensagem de Natal\"}]},{\"@type\":\"WebSite\",\"@id\":\"https:\/\/www.oarcanjo.net\/site\/#website\",\"url\":\"https:\/\/www.oarcanjo.net\/site\/\",\"name\":\"O Arcanjo no ar\",\"description\":\"Site da Par\u00f3quia S\u00e3o Miguel Arcanjo (Arquidiocese de SP)\",\"publisher\":{\"@id\":\"https:\/\/www.oarcanjo.net\/site\/#organization\"},\"potentialAction\":[{\"@type\":\"SearchAction\",\"target\":{\"@type\":\"EntryPoint\",\"urlTemplate\":\"https:\/\/www.oarcanjo.net\/site\/?s={search_term_string}\"},\"query-input\":{\"@type\":\"PropertyValueSpecification\",\"valueRequired\":true,\"valueName\":\"search_term_string\"}}],\"inLanguage\":\"pt-BR\"},{\"@type\":\"Organization\",\"@id\":\"https:\/\/www.oarcanjo.net\/site\/#organization\",\"name\":\"Par\u00f3quia S\u00e3o Miguel Arcanjo\",\"url\":\"https:\/\/www.oarcanjo.net\/site\/\",\"logo\":{\"@type\":\"ImageObject\",\"inLanguage\":\"pt-BR\",\"@id\":\"https:\/\/www.oarcanjo.net\/site\/#\/schema\/logo\/image\/\",\"url\":\"https:\/\/www.oarcanjo.net\/site\/wp-content\/uploads\/LogoOArcanjo.png\",\"contentUrl\":\"https:\/\/www.oarcanjo.net\/site\/wp-content\/uploads\/LogoOArcanjo.png\",\"width\":319,\"height\":99,\"caption\":\"Par\u00f3quia S\u00e3o Miguel Arcanjo\"},\"image\":{\"@id\":\"https:\/\/www.oarcanjo.net\/site\/#\/schema\/logo\/image\/\"},\"sameAs\":[\"https:\/\/www.facebook.com\/OArcanjoNoAr\/\"]},{\"@type\":\"Person\",\"@id\":\"https:\/\/www.oarcanjo.net\/site\/#\/schema\/person\/f7024d007863202483a31326673a0838\",\"name\":\"editor\",\"sameAs\":[\"http:\/\/www.oarcanjo.net\"]}]}<\/script>\n<!-- \/ Yoast SEO plugin. -->","yoast_head_json":{"title":"\"A paz \u00e9 um compromisso de todos os dias\", afirma o papa em sua mensagem de Natal - O Arcanjo no ar","robots":{"index":"index","follow":"follow","max-snippet":"max-snippet:-1","max-image-preview":"max-image-preview:large","max-video-preview":"max-video-preview:-1"},"canonical":"https:\/\/www.oarcanjo.net\/site\/a-paz-e-um-compromisso-de-todos-os-dias-afirma-o-papa-em-sua-mensagem-de-natal\/","og_locale":"pt_BR","og_type":"article","og_title":"\"A paz \u00e9 um compromisso de todos os dias\", afirma o papa em sua mensagem de Natal - O Arcanjo no ar","og_description":"O papa Francisco divulgou no dia 25 de dezembro, a mensagem \u201cUrbi et Orbi\u201d, \u00e0s milhares de pessoas que estavam na Pra\u00e7a de S\u00e3o Pedro. Desejou um Feliz Natal a todos e lembrou que este \u00e9 um momento de \u201cdar gl\u00f3ria a Deus, porque Ele \u00e9 bom, \u00e9 fiel e misericordioso\u201d. Em sua mensagem, Francisco [&hellip;]","og_url":"https:\/\/www.oarcanjo.net\/site\/a-paz-e-um-compromisso-de-todos-os-dias-afirma-o-papa-em-sua-mensagem-de-natal\/","og_site_name":"O Arcanjo no ar","article_publisher":"https:\/\/www.facebook.com\/OArcanjoNoAr\/","article_published_time":"2013-12-26T12:45:31+00:00","article_modified_time":"2013-12-26T12:49:56+00:00","og_image":[{"width":300,"height":300,"url":"https:\/\/www.oarcanjo.net\/site\/wp-content\/uploads\/logo-o-arcanjo-no-ar-facebook.png","type":"image\/png"}],"author":"editor","twitter_card":"summary_large_image","twitter_misc":{"Escrito por":"editor","Est. tempo de leitura":"3 minutos"},"schema":{"@context":"https:\/\/schema.org","@graph":[{"@type":"Article","@id":"https:\/\/www.oarcanjo.net\/site\/a-paz-e-um-compromisso-de-todos-os-dias-afirma-o-papa-em-sua-mensagem-de-natal\/#article","isPartOf":{"@id":"https:\/\/www.oarcanjo.net\/site\/a-paz-e-um-compromisso-de-todos-os-dias-afirma-o-papa-em-sua-mensagem-de-natal\/"},"author":{"name":"editor","@id":"https:\/\/www.oarcanjo.net\/site\/#\/schema\/person\/f7024d007863202483a31326673a0838"},"headline":"&#8220;A paz \u00e9 um compromisso de todos os dias&#8221;, afirma o papa em sua mensagem de Natal","datePublished":"2013-12-26T12:45:31+00:00","dateModified":"2013-12-26T12:49:56+00:00","mainEntityOfPage":{"@id":"https:\/\/www.oarcanjo.net\/site\/a-paz-e-um-compromisso-de-todos-os-dias-afirma-o-papa-em-sua-mensagem-de-natal\/"},"wordCount":567,"commentCount":5,"publisher":{"@id":"https:\/\/www.oarcanjo.net\/site\/#organization"},"keywords":["alegria","conflitos","fome","natal","Papa Francisco","paz","tr\u00e1fico humano","Urbi et Orbi"],"articleSection":["Not\u00edcias"],"inLanguage":"pt-BR","potentialAction":[{"@type":"CommentAction","name":"Comment","target":["https:\/\/www.oarcanjo.net\/site\/a-paz-e-um-compromisso-de-todos-os-dias-afirma-o-papa-em-sua-mensagem-de-natal\/#respond"]}]},{"@type":"WebPage","@id":"https:\/\/www.oarcanjo.net\/site\/a-paz-e-um-compromisso-de-todos-os-dias-afirma-o-papa-em-sua-mensagem-de-natal\/","url":"https:\/\/www.oarcanjo.net\/site\/a-paz-e-um-compromisso-de-todos-os-dias-afirma-o-papa-em-sua-mensagem-de-natal\/","name":"\"A paz \u00e9 um compromisso de todos os dias\", afirma o papa em sua mensagem de Natal - O Arcanjo no ar","isPartOf":{"@id":"https:\/\/www.oarcanjo.net\/site\/#website"},"datePublished":"2013-12-26T12:45:31+00:00","dateModified":"2013-12-26T12:49:56+00:00","breadcrumb":{"@id":"https:\/\/www.oarcanjo.net\/site\/a-paz-e-um-compromisso-de-todos-os-dias-afirma-o-papa-em-sua-mensagem-de-natal\/#breadcrumb"},"inLanguage":"pt-BR","potentialAction":[{"@type":"ReadAction","target":["https:\/\/www.oarcanjo.net\/site\/a-paz-e-um-compromisso-de-todos-os-dias-afirma-o-papa-em-sua-mensagem-de-natal\/"]}]},{"@type":"BreadcrumbList","@id":"https:\/\/www.oarcanjo.net\/site\/a-paz-e-um-compromisso-de-todos-os-dias-afirma-o-papa-em-sua-mensagem-de-natal\/#breadcrumb","itemListElement":[{"@type":"ListItem","position":1,"name":"In\u00edcio","item":"https:\/\/www.oarcanjo.net\/site\/"},{"@type":"ListItem","position":2,"name":"&#8220;A paz \u00e9 um compromisso de todos os dias&#8221;, afirma o papa em sua mensagem de Natal"}]},{"@type":"WebSite","@id":"https:\/\/www.oarcanjo.net\/site\/#website","url":"https:\/\/www.oarcanjo.net\/site\/","name":"O Arcanjo no ar","description":"Site da Par\u00f3quia S\u00e3o Miguel Arcanjo (Arquidiocese de SP)","publisher":{"@id":"https:\/\/www.oarcanjo.net\/site\/#organization"},"potentialAction":[{"@type":"SearchAction","target":{"@type":"EntryPoint","urlTemplate":"https:\/\/www.oarcanjo.net\/site\/?s={search_term_string}"},"query-input":{"@type":"PropertyValueSpecification","valueRequired":true,"valueName":"search_term_string"}}],"inLanguage":"pt-BR"},{"@type":"Organization","@id":"https:\/\/www.oarcanjo.net\/site\/#organization","name":"Par\u00f3quia S\u00e3o Miguel Arcanjo","url":"https:\/\/www.oarcanjo.net\/site\/","logo":{"@type":"ImageObject","inLanguage":"pt-BR","@id":"https:\/\/www.oarcanjo.net\/site\/#\/schema\/logo\/image\/","url":"https:\/\/www.oarcanjo.net\/site\/wp-content\/uploads\/LogoOArcanjo.png","contentUrl":"https:\/\/www.oarcanjo.net\/site\/wp-content\/uploads\/LogoOArcanjo.png","width":319,"height":99,"caption":"Par\u00f3quia S\u00e3o Miguel Arcanjo"},"image":{"@id":"https:\/\/www.oarcanjo.net\/site\/#\/schema\/logo\/image\/"},"sameAs":["https:\/\/www.facebook.com\/OArcanjoNoAr\/"]},{"@type":"Person","@id":"https:\/\/www.oarcanjo.net\/site\/#\/schema\/person\/f7024d007863202483a31326673a0838","name":"editor","sameAs":["http:\/\/www.oarcanjo.net"]}]}},"publishpress_future_action":{"enabled":false,"date":"2026-05-09 09:30:00","action":"category","newStatus":"draft","terms":[],"taxonomy":"category"},"publishpress_future_workflow_manual_trigger":{"enabledWorkflows":[]},"_links":{"self":[{"href":"https:\/\/www.oarcanjo.net\/site\/wp-json\/wp\/v2\/posts\/24103"}],"collection":[{"href":"https:\/\/www.oarcanjo.net\/site\/wp-json\/wp\/v2\/posts"}],"about":[{"href":"https:\/\/www.oarcanjo.net\/site\/wp-json\/wp\/v2\/types\/post"}],"author":[{"embeddable":true,"href":"https:\/\/www.oarcanjo.net\/site\/wp-json\/wp\/v2\/users\/5"}],"replies":[{"embeddable":true,"href":"https:\/\/www.oarcanjo.net\/site\/wp-json\/wp\/v2\/comments?post=24103"}],"version-history":[{"count":0,"href":"https:\/\/www.oarcanjo.net\/site\/wp-json\/wp\/v2\/posts\/24103\/revisions"}],"wp:attachment":[{"href":"https:\/\/www.oarcanjo.net\/site\/wp-json\/wp\/v2\/media?parent=24103"}],"wp:term":[{"taxonomy":"category","embeddable":true,"href":"https:\/\/www.oarcanjo.net\/site\/wp-json\/wp\/v2\/categories?post=24103"},{"taxonomy":"post_tag","embeddable":true,"href":"https:\/\/www.oarcanjo.net\/site\/wp-json\/wp\/v2\/tags?post=24103"}],"curies":[{"name":"wp","href":"https:\/\/api.w.org\/{rel}","templated":true}]}}