
{"id":24125,"date":"2013-12-24T15:58:39","date_gmt":"2013-12-24T17:58:39","guid":{"rendered":"http:\/\/www.oarcanjo.net\/site\/?p=24125"},"modified":"2014-01-02T14:14:02","modified_gmt":"2014-01-02T16:14:02","slug":"jovens-fazem-acao-solidaria-nas-casas-da-missao-belem","status":"publish","type":"post","link":"https:\/\/www.oarcanjo.net\/site\/jovens-fazem-acao-solidaria-nas-casas-da-missao-belem\/","title":{"rendered":"Jovens fazem a\u00e7\u00e3o solid\u00e1ria nas Casas da Miss\u00e3o Bel\u00e9m"},"content":{"rendered":"<\/p>\n<p><em>Mariana Nascimento<\/em><\/p>\n<p>No dia 21 de dezembro, o grupo de Jovens e o grupo de Crisma da par\u00f3quia S\u00e3o Miguel Arcanjo foram fazer uma visita a duas casas da Miss\u00e3o Bel\u00e9m. Uma que \u00e9 de triagem, de maneira que quem chega das ruas vai para ela e depois \u00e9 mandado para outras casas. E na outra para idosos e doentes. Este ano, o grupo de Crisma quis fazer algo diferente de uma confraterniza\u00e7\u00e3o em uma pizzaria e sim algo que realmente representa o esp\u00edrito de Natal.\u00a0 Nada mais coerente do que ir levar um pouco de alegria a quem est\u00e1 na luta para traz\u00ea-la de volta \u00e0 sua vida. Foram levados 100 pares de chinelos Havaianas com cart\u00f5es. Antes da entrega os jovens leram uma mensagem de Natal que levava o significado da coroa do Advento. Os moradores ficaram muito emocionados e felizes com o que havia se preparado a eles e com tanto carinho.\u00a0 Sem d\u00favida o momento mais bonito daquele dia foi a atitude de doarem seus antigos chinelos para os novos irm\u00e3os que vir\u00e3o morar com eles.<\/p>\n<p><img loading=\"lazy\" decoding=\"async\" class=\"alignnone size-full wp-image-24129\" title=\"Jovens fazem a\u00e7\u00e3o solid\u00e1ria nas Casas da Miss\u00e3o Bel\u00e9m\" src=\"http:\/\/www.oarcanjo.net\/site\/wp-content\/uploads\/natal-jovens-missao-belem-dezembro-2013-13.jpg\" alt=\"Jovens fazem a\u00e7\u00e3o solid\u00e1ria nas Casas da Miss\u00e3o Bel\u00e9m\" width=\"600\" height=\"450\" srcset=\"https:\/\/www.oarcanjo.net\/site\/wp-content\/uploads\/natal-jovens-missao-belem-dezembro-2013-13.jpg 600w, https:\/\/www.oarcanjo.net\/site\/wp-content\/uploads\/natal-jovens-missao-belem-dezembro-2013-13-300x225.jpg 300w\" sizes=\"(max-width: 600px) 100vw, 600px\" \/><\/p>\n<p>E \u00e9 de momentos assim que 2014 precisa estar repleto. Essa \u00e9 a chave contra o individualismo e o \u00f3dio t\u00e3o presentes no mundo de hoje. O Natal n\u00e3o \u00e9 s\u00f3 um feriado&#8230; T\u00e3o pouco uma festa com presentes, papai noel, coca-cola e peru, mas sim o nascimento da esperan\u00e7a, coragem, alegria, paz e amor. Tudo isso vem porque Jesus est\u00e1 chegando. \u00c9 tempo para pensarmos em cada sonho e resto de certeza que ir\u00e3o se realizar para renovar nossas energias e conseguirmos olhar ainda pro futuro com determina\u00e7\u00e3o. Nem sempre \u00e9 f\u00e1cil, por\u00e9m se n\u00e3o fizermos isso, a gra\u00e7a de viver vai se perder. Se formos \u00e0 luta, a\u00ed est\u00e1 a gra\u00e7a, de sentir aquela esperan\u00e7a, aquela alegria de estarmos em busca, pensando em conquistarmos aquilo que almejamos. Mas, claro, n\u00e3o devemos pensar\u00a0 que teremos sucesso\u00a0sempre. \u00c0s vezes as coisas n\u00e3o ocorrem como imaginamos. Entretanto, se assim aconteceu, \u00e9 porque no futuro algo melhor est\u00e1 por vir. Deus tem um plano melhor e com certeza mesmo dando tudo errado, n\u00e3o foi em v\u00e3o. S\u00f3 foi o jeito de Deus nos fazer crescer.<\/p>\n<p><img loading=\"lazy\" decoding=\"async\" class=\"alignnone size-full wp-image-24130\" title=\"Jovens fazem a\u00e7\u00e3o solid\u00e1ria nas Casas da Miss\u00e3o Bel\u00e9m\" src=\"http:\/\/www.oarcanjo.net\/site\/wp-content\/uploads\/natal-jovens-missao-belem-dezembro-2013-05.jpg\" alt=\"Jovens fazem a\u00e7\u00e3o solid\u00e1ria nas Casas da Miss\u00e3o Bel\u00e9m\" width=\"600\" height=\"450\" srcset=\"https:\/\/www.oarcanjo.net\/site\/wp-content\/uploads\/natal-jovens-missao-belem-dezembro-2013-05.jpg 600w, https:\/\/www.oarcanjo.net\/site\/wp-content\/uploads\/natal-jovens-missao-belem-dezembro-2013-05-300x225.jpg 300w\" sizes=\"(max-width: 600px) 100vw, 600px\" \/><\/p>\n<p><em>&#8220;Os jovens t\u00eam que sair e fazer valer, sair e lutar pelos seus valores.&#8221;<br \/>\n<\/em><em>&#8220;N\u00e3o devemos ter medo da bondade e da ternura.&#8221;<\/em><\/p>\n<p><em>Papa Francisco<\/em><\/p>\n<p>Veja as fotos:<\/p>\nngg_shortcode_0_placeholder\n<div id=\"themify_builder_content-24125\" data-postid=\"24125\" class=\"themify_builder_content themify_builder_content-24125 themify_builder themify_builder_front\">\n\t<\/div>\n<!-- \/themify_builder_content -->","protected":false},"excerpt":{"rendered":"<p>Mariana Nascimento No dia 21 de dezembro, o grupo de Jovens e o grupo de Crisma da par\u00f3quia S\u00e3o Miguel Arcanjo foram fazer uma visita a duas casas da Miss\u00e3o Bel\u00e9m. Uma que \u00e9 de triagem, de maneira que quem chega das ruas vai para ela e depois \u00e9 mandado para outras casas. E na [&hellip;]<\/p>\n","protected":false},"author":5,"featured_media":0,"comment_status":"open","ping_status":"open","sticky":false,"template":"","format":"standard","meta":{"ngg_post_thumbnail":0,"footnotes":""},"categories":[395,8],"tags":[3207,225,2167,60],"yoast_head":"<!-- This site is optimized with the Yoast SEO plugin v23.5 - https:\/\/yoast.com\/wordpress\/plugins\/seo\/ -->\n<title>Jovens fazem a\u00e7\u00e3o solid\u00e1ria nas Casas da Miss\u00e3o Bel\u00e9m - O Arcanjo no ar<\/title>\n<meta name=\"robots\" content=\"index, follow, max-snippet:-1, max-image-preview:large, max-video-preview:-1\" \/>\n<link rel=\"canonical\" href=\"https:\/\/www.oarcanjo.net\/site\/jovens-fazem-acao-solidaria-nas-casas-da-missao-belem\/\" \/>\n<meta property=\"og:locale\" content=\"pt_BR\" \/>\n<meta property=\"og:type\" content=\"article\" \/>\n<meta property=\"og:title\" content=\"Jovens fazem a\u00e7\u00e3o solid\u00e1ria nas Casas da Miss\u00e3o Bel\u00e9m - O Arcanjo no ar\" \/>\n<meta property=\"og:description\" content=\"Mariana Nascimento No dia 21 de dezembro, o grupo de Jovens e o grupo de Crisma da par\u00f3quia S\u00e3o Miguel Arcanjo foram fazer uma visita a duas casas da Miss\u00e3o Bel\u00e9m. Uma que \u00e9 de triagem, de maneira que quem chega das ruas vai para ela e depois \u00e9 mandado para outras casas. E na [&hellip;]\" \/>\n<meta property=\"og:url\" content=\"https:\/\/www.oarcanjo.net\/site\/jovens-fazem-acao-solidaria-nas-casas-da-missao-belem\/\" \/>\n<meta property=\"og:site_name\" content=\"O Arcanjo no ar\" \/>\n<meta property=\"article:publisher\" content=\"https:\/\/www.facebook.com\/OArcanjoNoAr\/\" \/>\n<meta property=\"article:published_time\" content=\"2013-12-24T17:58:39+00:00\" \/>\n<meta property=\"article:modified_time\" content=\"2014-01-02T16:14:02+00:00\" \/>\n<meta property=\"og:image\" content=\"http:\/\/www.oarcanjo.net\/site\/wp-content\/uploads\/natal-jovens-missao-belem-dezembro-2013-13.jpg\" \/>\n<meta name=\"author\" content=\"editor\" \/>\n<meta name=\"twitter:card\" content=\"summary_large_image\" \/>\n<meta name=\"twitter:label1\" content=\"Escrito por\" \/>\n\t<meta name=\"twitter:data1\" content=\"editor\" \/>\n\t<meta name=\"twitter:label2\" content=\"Est. tempo de leitura\" \/>\n\t<meta name=\"twitter:data2\" content=\"2 minutos\" \/>\n<script type=\"application\/ld+json\" class=\"yoast-schema-graph\">{\"@context\":\"https:\/\/schema.org\",\"@graph\":[{\"@type\":\"Article\",\"@id\":\"https:\/\/www.oarcanjo.net\/site\/jovens-fazem-acao-solidaria-nas-casas-da-missao-belem\/#article\",\"isPartOf\":{\"@id\":\"https:\/\/www.oarcanjo.net\/site\/jovens-fazem-acao-solidaria-nas-casas-da-missao-belem\/\"},\"author\":{\"name\":\"editor\",\"@id\":\"https:\/\/www.oarcanjo.net\/site\/#\/schema\/person\/f7024d007863202483a31326673a0838\"},\"headline\":\"Jovens fazem a\u00e7\u00e3o solid\u00e1ria nas Casas da Miss\u00e3o Bel\u00e9m\",\"datePublished\":\"2013-12-24T17:58:39+00:00\",\"dateModified\":\"2014-01-02T16:14:02+00:00\",\"mainEntityOfPage\":{\"@id\":\"https:\/\/www.oarcanjo.net\/site\/jovens-fazem-acao-solidaria-nas-casas-da-missao-belem\/\"},\"wordCount\":423,\"commentCount\":3,\"publisher\":{\"@id\":\"https:\/\/www.oarcanjo.net\/site\/#organization\"},\"image\":{\"@id\":\"https:\/\/www.oarcanjo.net\/site\/jovens-fazem-acao-solidaria-nas-casas-da-missao-belem\/#primaryimage\"},\"thumbnailUrl\":\"http:\/\/www.oarcanjo.net\/site\/wp-content\/uploads\/natal-jovens-missao-belem-dezembro-2013-13.jpg\",\"keywords\":[\"Jovens\",\"juventude\",\"Miss\u00e3o Bel\u00e9m\",\"natal\"],\"articleSection\":[\"Jovens\",\"Not\u00edcias\"],\"inLanguage\":\"pt-BR\",\"potentialAction\":[{\"@type\":\"CommentAction\",\"name\":\"Comment\",\"target\":[\"https:\/\/www.oarcanjo.net\/site\/jovens-fazem-acao-solidaria-nas-casas-da-missao-belem\/#respond\"]}]},{\"@type\":\"WebPage\",\"@id\":\"https:\/\/www.oarcanjo.net\/site\/jovens-fazem-acao-solidaria-nas-casas-da-missao-belem\/\",\"url\":\"https:\/\/www.oarcanjo.net\/site\/jovens-fazem-acao-solidaria-nas-casas-da-missao-belem\/\",\"name\":\"Jovens fazem a\u00e7\u00e3o solid\u00e1ria nas Casas da Miss\u00e3o Bel\u00e9m - O Arcanjo no ar\",\"isPartOf\":{\"@id\":\"https:\/\/www.oarcanjo.net\/site\/#website\"},\"primaryImageOfPage\":{\"@id\":\"https:\/\/www.oarcanjo.net\/site\/jovens-fazem-acao-solidaria-nas-casas-da-missao-belem\/#primaryimage\"},\"image\":{\"@id\":\"https:\/\/www.oarcanjo.net\/site\/jovens-fazem-acao-solidaria-nas-casas-da-missao-belem\/#primaryimage\"},\"thumbnailUrl\":\"http:\/\/www.oarcanjo.net\/site\/wp-content\/uploads\/natal-jovens-missao-belem-dezembro-2013-13.jpg\",\"datePublished\":\"2013-12-24T17:58:39+00:00\",\"dateModified\":\"2014-01-02T16:14:02+00:00\",\"breadcrumb\":{\"@id\":\"https:\/\/www.oarcanjo.net\/site\/jovens-fazem-acao-solidaria-nas-casas-da-missao-belem\/#breadcrumb\"},\"inLanguage\":\"pt-BR\",\"potentialAction\":[{\"@type\":\"ReadAction\",\"target\":[\"https:\/\/www.oarcanjo.net\/site\/jovens-fazem-acao-solidaria-nas-casas-da-missao-belem\/\"]}]},{\"@type\":\"ImageObject\",\"inLanguage\":\"pt-BR\",\"@id\":\"https:\/\/www.oarcanjo.net\/site\/jovens-fazem-acao-solidaria-nas-casas-da-missao-belem\/#primaryimage\",\"url\":\"https:\/\/www.oarcanjo.net\/site\/wp-content\/uploads\/natal-jovens-missao-belem-dezembro-2013-13.jpg\",\"contentUrl\":\"https:\/\/www.oarcanjo.net\/site\/wp-content\/uploads\/natal-jovens-missao-belem-dezembro-2013-13.jpg\",\"width\":\"600\",\"height\":\"450\",\"caption\":\"Jovens fazem a\u00e7\u00e3o solid\u00e1ria nas Casas da Miss\u00e3o Bel\u00e9m\"},{\"@type\":\"BreadcrumbList\",\"@id\":\"https:\/\/www.oarcanjo.net\/site\/jovens-fazem-acao-solidaria-nas-casas-da-missao-belem\/#breadcrumb\",\"itemListElement\":[{\"@type\":\"ListItem\",\"position\":1,\"name\":\"In\u00edcio\",\"item\":\"https:\/\/www.oarcanjo.net\/site\/\"},{\"@type\":\"ListItem\",\"position\":2,\"name\":\"Jovens fazem a\u00e7\u00e3o solid\u00e1ria nas Casas da Miss\u00e3o Bel\u00e9m\"}]},{\"@type\":\"WebSite\",\"@id\":\"https:\/\/www.oarcanjo.net\/site\/#website\",\"url\":\"https:\/\/www.oarcanjo.net\/site\/\",\"name\":\"O Arcanjo no ar\",\"description\":\"Site da Par\u00f3quia S\u00e3o Miguel Arcanjo (Arquidiocese de SP)\",\"publisher\":{\"@id\":\"https:\/\/www.oarcanjo.net\/site\/#organization\"},\"potentialAction\":[{\"@type\":\"SearchAction\",\"target\":{\"@type\":\"EntryPoint\",\"urlTemplate\":\"https:\/\/www.oarcanjo.net\/site\/?s={search_term_string}\"},\"query-input\":{\"@type\":\"PropertyValueSpecification\",\"valueRequired\":true,\"valueName\":\"search_term_string\"}}],\"inLanguage\":\"pt-BR\"},{\"@type\":\"Organization\",\"@id\":\"https:\/\/www.oarcanjo.net\/site\/#organization\",\"name\":\"Par\u00f3quia S\u00e3o Miguel Arcanjo\",\"url\":\"https:\/\/www.oarcanjo.net\/site\/\",\"logo\":{\"@type\":\"ImageObject\",\"inLanguage\":\"pt-BR\",\"@id\":\"https:\/\/www.oarcanjo.net\/site\/#\/schema\/logo\/image\/\",\"url\":\"https:\/\/www.oarcanjo.net\/site\/wp-content\/uploads\/LogoOArcanjo.png\",\"contentUrl\":\"https:\/\/www.oarcanjo.net\/site\/wp-content\/uploads\/LogoOArcanjo.png\",\"width\":319,\"height\":99,\"caption\":\"Par\u00f3quia S\u00e3o Miguel Arcanjo\"},\"image\":{\"@id\":\"https:\/\/www.oarcanjo.net\/site\/#\/schema\/logo\/image\/\"},\"sameAs\":[\"https:\/\/www.facebook.com\/OArcanjoNoAr\/\"]},{\"@type\":\"Person\",\"@id\":\"https:\/\/www.oarcanjo.net\/site\/#\/schema\/person\/f7024d007863202483a31326673a0838\",\"name\":\"editor\",\"sameAs\":[\"http:\/\/www.oarcanjo.net\"]}]}<\/script>\n<!-- \/ Yoast SEO plugin. -->","yoast_head_json":{"title":"Jovens fazem a\u00e7\u00e3o solid\u00e1ria nas Casas da Miss\u00e3o Bel\u00e9m - O Arcanjo no ar","robots":{"index":"index","follow":"follow","max-snippet":"max-snippet:-1","max-image-preview":"max-image-preview:large","max-video-preview":"max-video-preview:-1"},"canonical":"https:\/\/www.oarcanjo.net\/site\/jovens-fazem-acao-solidaria-nas-casas-da-missao-belem\/","og_locale":"pt_BR","og_type":"article","og_title":"Jovens fazem a\u00e7\u00e3o solid\u00e1ria nas Casas da Miss\u00e3o Bel\u00e9m - O Arcanjo no ar","og_description":"Mariana Nascimento No dia 21 de dezembro, o grupo de Jovens e o grupo de Crisma da par\u00f3quia S\u00e3o Miguel Arcanjo foram fazer uma visita a duas casas da Miss\u00e3o Bel\u00e9m. Uma que \u00e9 de triagem, de maneira que quem chega das ruas vai para ela e depois \u00e9 mandado para outras casas. E na [&hellip;]","og_url":"https:\/\/www.oarcanjo.net\/site\/jovens-fazem-acao-solidaria-nas-casas-da-missao-belem\/","og_site_name":"O Arcanjo no ar","article_publisher":"https:\/\/www.facebook.com\/OArcanjoNoAr\/","article_published_time":"2013-12-24T17:58:39+00:00","article_modified_time":"2014-01-02T16:14:02+00:00","og_image":[{"url":"http:\/\/www.oarcanjo.net\/site\/wp-content\/uploads\/natal-jovens-missao-belem-dezembro-2013-13.jpg"}],"author":"editor","twitter_card":"summary_large_image","twitter_misc":{"Escrito por":"editor","Est. tempo de leitura":"2 minutos"},"schema":{"@context":"https:\/\/schema.org","@graph":[{"@type":"Article","@id":"https:\/\/www.oarcanjo.net\/site\/jovens-fazem-acao-solidaria-nas-casas-da-missao-belem\/#article","isPartOf":{"@id":"https:\/\/www.oarcanjo.net\/site\/jovens-fazem-acao-solidaria-nas-casas-da-missao-belem\/"},"author":{"name":"editor","@id":"https:\/\/www.oarcanjo.net\/site\/#\/schema\/person\/f7024d007863202483a31326673a0838"},"headline":"Jovens fazem a\u00e7\u00e3o solid\u00e1ria nas Casas da Miss\u00e3o Bel\u00e9m","datePublished":"2013-12-24T17:58:39+00:00","dateModified":"2014-01-02T16:14:02+00:00","mainEntityOfPage":{"@id":"https:\/\/www.oarcanjo.net\/site\/jovens-fazem-acao-solidaria-nas-casas-da-missao-belem\/"},"wordCount":423,"commentCount":3,"publisher":{"@id":"https:\/\/www.oarcanjo.net\/site\/#organization"},"image":{"@id":"https:\/\/www.oarcanjo.net\/site\/jovens-fazem-acao-solidaria-nas-casas-da-missao-belem\/#primaryimage"},"thumbnailUrl":"http:\/\/www.oarcanjo.net\/site\/wp-content\/uploads\/natal-jovens-missao-belem-dezembro-2013-13.jpg","keywords":["Jovens","juventude","Miss\u00e3o Bel\u00e9m","natal"],"articleSection":["Jovens","Not\u00edcias"],"inLanguage":"pt-BR","potentialAction":[{"@type":"CommentAction","name":"Comment","target":["https:\/\/www.oarcanjo.net\/site\/jovens-fazem-acao-solidaria-nas-casas-da-missao-belem\/#respond"]}]},{"@type":"WebPage","@id":"https:\/\/www.oarcanjo.net\/site\/jovens-fazem-acao-solidaria-nas-casas-da-missao-belem\/","url":"https:\/\/www.oarcanjo.net\/site\/jovens-fazem-acao-solidaria-nas-casas-da-missao-belem\/","name":"Jovens fazem a\u00e7\u00e3o solid\u00e1ria nas Casas da Miss\u00e3o Bel\u00e9m - O Arcanjo no ar","isPartOf":{"@id":"https:\/\/www.oarcanjo.net\/site\/#website"},"primaryImageOfPage":{"@id":"https:\/\/www.oarcanjo.net\/site\/jovens-fazem-acao-solidaria-nas-casas-da-missao-belem\/#primaryimage"},"image":{"@id":"https:\/\/www.oarcanjo.net\/site\/jovens-fazem-acao-solidaria-nas-casas-da-missao-belem\/#primaryimage"},"thumbnailUrl":"http:\/\/www.oarcanjo.net\/site\/wp-content\/uploads\/natal-jovens-missao-belem-dezembro-2013-13.jpg","datePublished":"2013-12-24T17:58:39+00:00","dateModified":"2014-01-02T16:14:02+00:00","breadcrumb":{"@id":"https:\/\/www.oarcanjo.net\/site\/jovens-fazem-acao-solidaria-nas-casas-da-missao-belem\/#breadcrumb"},"inLanguage":"pt-BR","potentialAction":[{"@type":"ReadAction","target":["https:\/\/www.oarcanjo.net\/site\/jovens-fazem-acao-solidaria-nas-casas-da-missao-belem\/"]}]},{"@type":"ImageObject","inLanguage":"pt-BR","@id":"https:\/\/www.oarcanjo.net\/site\/jovens-fazem-acao-solidaria-nas-casas-da-missao-belem\/#primaryimage","url":"https:\/\/www.oarcanjo.net\/site\/wp-content\/uploads\/natal-jovens-missao-belem-dezembro-2013-13.jpg","contentUrl":"https:\/\/www.oarcanjo.net\/site\/wp-content\/uploads\/natal-jovens-missao-belem-dezembro-2013-13.jpg","width":"600","height":"450","caption":"Jovens fazem a\u00e7\u00e3o solid\u00e1ria nas Casas da Miss\u00e3o Bel\u00e9m"},{"@type":"BreadcrumbList","@id":"https:\/\/www.oarcanjo.net\/site\/jovens-fazem-acao-solidaria-nas-casas-da-missao-belem\/#breadcrumb","itemListElement":[{"@type":"ListItem","position":1,"name":"In\u00edcio","item":"https:\/\/www.oarcanjo.net\/site\/"},{"@type":"ListItem","position":2,"name":"Jovens fazem a\u00e7\u00e3o solid\u00e1ria nas Casas da Miss\u00e3o Bel\u00e9m"}]},{"@type":"WebSite","@id":"https:\/\/www.oarcanjo.net\/site\/#website","url":"https:\/\/www.oarcanjo.net\/site\/","name":"O Arcanjo no ar","description":"Site da Par\u00f3quia S\u00e3o Miguel Arcanjo (Arquidiocese de SP)","publisher":{"@id":"https:\/\/www.oarcanjo.net\/site\/#organization"},"potentialAction":[{"@type":"SearchAction","target":{"@type":"EntryPoint","urlTemplate":"https:\/\/www.oarcanjo.net\/site\/?s={search_term_string}"},"query-input":{"@type":"PropertyValueSpecification","valueRequired":true,"valueName":"search_term_string"}}],"inLanguage":"pt-BR"},{"@type":"Organization","@id":"https:\/\/www.oarcanjo.net\/site\/#organization","name":"Par\u00f3quia S\u00e3o Miguel Arcanjo","url":"https:\/\/www.oarcanjo.net\/site\/","logo":{"@type":"ImageObject","inLanguage":"pt-BR","@id":"https:\/\/www.oarcanjo.net\/site\/#\/schema\/logo\/image\/","url":"https:\/\/www.oarcanjo.net\/site\/wp-content\/uploads\/LogoOArcanjo.png","contentUrl":"https:\/\/www.oarcanjo.net\/site\/wp-content\/uploads\/LogoOArcanjo.png","width":319,"height":99,"caption":"Par\u00f3quia S\u00e3o Miguel Arcanjo"},"image":{"@id":"https:\/\/www.oarcanjo.net\/site\/#\/schema\/logo\/image\/"},"sameAs":["https:\/\/www.facebook.com\/OArcanjoNoAr\/"]},{"@type":"Person","@id":"https:\/\/www.oarcanjo.net\/site\/#\/schema\/person\/f7024d007863202483a31326673a0838","name":"editor","sameAs":["http:\/\/www.oarcanjo.net"]}]}},"publishpress_future_action":{"enabled":false,"date":"2026-05-07 04:23:00","action":"category","newStatus":"draft","terms":[],"taxonomy":"category"},"publishpress_future_workflow_manual_trigger":{"enabledWorkflows":[]},"_links":{"self":[{"href":"https:\/\/www.oarcanjo.net\/site\/wp-json\/wp\/v2\/posts\/24125"}],"collection":[{"href":"https:\/\/www.oarcanjo.net\/site\/wp-json\/wp\/v2\/posts"}],"about":[{"href":"https:\/\/www.oarcanjo.net\/site\/wp-json\/wp\/v2\/types\/post"}],"author":[{"embeddable":true,"href":"https:\/\/www.oarcanjo.net\/site\/wp-json\/wp\/v2\/users\/5"}],"replies":[{"embeddable":true,"href":"https:\/\/www.oarcanjo.net\/site\/wp-json\/wp\/v2\/comments?post=24125"}],"version-history":[{"count":0,"href":"https:\/\/www.oarcanjo.net\/site\/wp-json\/wp\/v2\/posts\/24125\/revisions"}],"wp:attachment":[{"href":"https:\/\/www.oarcanjo.net\/site\/wp-json\/wp\/v2\/media?parent=24125"}],"wp:term":[{"taxonomy":"category","embeddable":true,"href":"https:\/\/www.oarcanjo.net\/site\/wp-json\/wp\/v2\/categories?post=24125"},{"taxonomy":"post_tag","embeddable":true,"href":"https:\/\/www.oarcanjo.net\/site\/wp-json\/wp\/v2\/tags?post=24125"}],"curies":[{"name":"wp","href":"https:\/\/api.w.org\/{rel}","templated":true}]}}