
{"id":2414,"date":"2009-03-16T15:11:52","date_gmt":"2009-03-16T18:11:52","guid":{"rendered":"http:\/\/www.oarcanjo.net\/site\/?p=2414"},"modified":"2009-03-16T15:15:04","modified_gmt":"2009-03-16T18:15:04","slug":"presidente-da-pontificia-academia-para-a-vida-comenta-o-caso-da-menina-violentada-em-pernambuco","status":"publish","type":"post","link":"https:\/\/www.oarcanjo.net\/site\/presidente-da-pontificia-academia-para-a-vida-comenta-o-caso-da-menina-violentada-em-pernambuco\/","title":{"rendered":"Presidente da Pontif\u00edcia Academia para a Vida comenta o caso da menina violentada em Pernambuco"},"content":{"rendered":"<p>D. Rino Fishichella<\/p>\n<p>&#8220;O debate sobre algumas quest\u00f5es frequentemente se torna cerrado e as diferentes perspectivas nem sempre permitem considerar o quanto o acontecimento em jogo seja realmente grande. \u00c9 este o momento em que se deve olhar o essencial e, por um momento, deixar de lado aquilo que n\u00e3o toca diretamente o problema. O caso em sua dramaticidade \u00e9 simples. Uma menina de apenas nove anos, a quem chamaremos Carmen, e a quem devemos olhar fixamente nos olhos sem distrair sequer um minuto, para faz\u00ea-la entender o quanto a queremos bem. Carmen, em Alagoinha, foi violentada v\u00e1rias vezes pelo seu jovem padrasto, engravidou de dois g\u00eameos e nunca mais teve uma vida tranquila. A ferida \u00e9 profunda porque a viol\u00eancia a destruiu por dentro e dificilmente lhe permitir\u00e1 no futuro olhar os outros com amor.<\/p>\n<p>Carmen representa uma hist\u00f3ria de viol\u00eancia cotidiana e ganhou as p\u00e1ginas dos jornais somente porque o arcebispo de Olinda e Recife se apressou em excomungar os m\u00e9dicos que a ajudaram a interromper a gravidez. Uma hist\u00f3ria de viol\u00eancia que, infelizmente, teria passado despercebida, pois estamos acostumados a ver todos os dias fatos de uma gravidade sem igual, se n\u00e3o fossem as rea\u00e7\u00f5es causadas pela atua\u00e7\u00e3o do bispo. A viol\u00eancia sobre uma mulher \u00e9 grave, e se torna ainda mais deplor\u00e1vel quando perpetrada contra uma menina pobre, que vive em condi\u00e7\u00e3o de degrada\u00e7\u00e3o social. N\u00e3o existe linguagem correspondente para condenar tais epis\u00f3dios, e os sentimentos que surgem s\u00e3o muitas vezes uma mistura de raiva e de rancor que se acalmam somente quando a justi\u00e7a \u00e9 feita realmente e se tem certeza de que o criminoso ser\u00e1 punido.<\/p>\n<p>Carmen deveria ter sido em primeiro lugar defendida, abra\u00e7ada, acariciada com do\u00e7ura para faz\u00ea-la sentir que estamos todos com ela; todos, sem exce\u00e7\u00e3o. Antes de pensar na excomunh\u00e3o era necess\u00e1rio e urgente salvaguardar sua vida inocente e recoloc\u00e1-la num n\u00edvel de humanidade da qual n\u00f3s homens de Igreja devemos ser anunciadores e mestres. Assim n\u00e3o foi feito e, infelizmente, a credibilidade de nosso ensinamento sofre com isso, pois aparece aos olhos de muitos como insens\u00edvel, incompreens\u00edvel e sem miseric\u00f3rdia. \u00c9 verdade, Carmen trazia consigo outras vidas inocentes como a sua, n\u00e3o obstante fossem frutos da viol\u00eancia, e foram ceifadas; isso, todavia, n\u00e3o basta para fazer um julgamento que pesa como uma guilhotina.<\/p>\n<p>No caso de Carmen se confrontaram a vida e a morte. Por causa de sua tenra idade e de suas condi\u00e7\u00f5es de sa\u00fade prec\u00e1rias sua vida corria s\u00e9rio risco por causa da gravidez. Como agir nestes casos? Decis\u00e3o \u00e1rdua para o m\u00e9dico e para a lei moral. Escolha como esta, mesmo como uma casu\u00edstica diferente, se repetem cotidianamente nas salas de tratamento intensivo e o m\u00e9dico se encontra s\u00f3 no ato de decidir o que fazer. Ningu\u00e9m chega a uma decis\u00e3o desse tipo com desenvoltura; \u00e9 injusto e ofensivo pens\u00e1-lo.<\/p>\n<p>O respeito devido ao profissionalismo do m\u00e9dico \u00e9 uma regra que deve envolver todos e n\u00e3o pode consentir chegar a um julgamento negativo sem antes considerar o conflito criado em seu \u00edntimo. O m\u00e9dico traz consigo sua hist\u00f3ria e sua experi\u00eancia; uma escolha como essa de ter que salvar uma vida, sabendo que coloca em s\u00e9rio risco outra, jamais \u00e9 vivida com facilidade. Certo, alguns se acostumam a tais situa\u00e7\u00f5es que e as vivem sem sentimento; nestes casos, por\u00e9m, a voca\u00e7\u00e3o de ser m\u00e9dico \u00e9 reduzida apenas a uma profiss\u00e3o vivida sem entusiasmo e passivamente. Fazer de um caso um todo, al\u00e9m de incorreto seria injusto.<\/p>\n<p>Carmen reprop\u00f4s um caso moral entre os mais delicados; trat\u00e1-lo de forma r\u00e1pida n\u00e3o faria justi\u00e7a nem \u00e0 sua fr\u00e1gil pessoa nem aos que est\u00e3o envolvidos no caso. Como todo caso singular e concreto, merece ser analisado de forma peculiar, sem generaliza\u00e7\u00f5es. A moral cat\u00f3lica possui princ\u00edpios dos quais n\u00e3o pode prescindir, mesmo se o quisesse. A defesa de uma vida humana desde a sua concep\u00e7\u00e3o pertence a um destes princ\u00edpios e se justifica pela sacralidade da exist\u00eancia. Todo ser humano, de fato, desde o primeiro instante de vida traz consigo a imagem do Criador, e por isto estamos convictos de que devem ser reconhecidos os direitos e a dignidade de toda pessoa, primeiro entre todos o de sua intangibilidade e inviolabilidade. O aborto n\u00e3o espont\u00e2neo sempre foi condenado pela lei moral como um ato intrinsecamente mau e este ensinamento permanece imut\u00e1vel em nossos dias desde os prim\u00f3rdios da Igreja. O Conc\u00edlio Vaticano II na Gaudium es spes &#8211; documento de grande abertura e perspic\u00e1cia em rela\u00e7\u00e3o ao mundo contempor\u00e2neo &#8211; usa de forma inesperada palavras inequ\u00edvocas e dur\u00edssimas contra o aborto direto. A colabora\u00e7\u00e3o formal constitui uma culpa grave que, quando realizada, exclui automaticamente da comunidade crist\u00e3. Tecnicamente, o c\u00f3digo de Direito Can\u00f4nico usa a express\u00e3o latae sententiae para indicar que a excomunh\u00e3o se atua automaticamente no momento em que o fato acontece.<\/p>\n<p>N\u00e3o era preciso tanta urg\u00eancia e publicidade ao declarar um fato que se realiza de maneira autom\u00e1tica. O que se sente maior necessidade neste momento \u00e9 o sinal de um testemunho de proximidade a quem sofre, um ato de miseric\u00f3rdia que, mesmo mantendo firme o princ\u00edpio, \u00e9 capaz de olhar al\u00e9m da esfera jur\u00eddica para atingir aquilo que o direito prev\u00ea como objetivo de sua exist\u00eancia: o bem e a salva\u00e7\u00e3o daqueles que cr\u00eaem no amor do Pai e daqueles que acolhem o Evangelho de Cristo como as crian\u00e7as, que Jesus chamava para junto de si e as abra\u00e7ava dizendo que o reino dos c\u00e9us pertence a quem \u00e9 como elas.<\/p>\n<p>Carmen, estamos do seu lado. Partilhamos o sofrimento pelo qual passou, queremos fazer de tudo para lhe restituir a dignidade que lhe foi tirada e o amor de que voc\u00ea precisa ainda mais. S\u00e3o outros que merecem a excomunh\u00e3o e o nosso perd\u00e3o, n\u00e3o os que lhe permitiram viver e ajudam a recuperar a esperan\u00e7a e a confian\u00e7a, n\u00e3o obstante a presen\u00e7a do mal e a maldade de muitos&#8221;.<\/p>\n<div id=\"themify_builder_content-2414\" data-postid=\"2414\" class=\"themify_builder_content themify_builder_content-2414 themify_builder themify_builder_front\">\n\t<\/div>\n<!-- \/themify_builder_content -->","protected":false},"excerpt":{"rendered":"<p>D. Rino Fishichella &#8220;O debate sobre algumas quest\u00f5es frequentemente se torna cerrado e as diferentes perspectivas nem sempre permitem considerar o quanto o acontecimento em jogo seja realmente grande. \u00c9 este o momento em que se deve olhar o essencial e, por um momento, deixar de lado aquilo que n\u00e3o toca diretamente o problema. O [&hellip;]<\/p>\n","protected":false},"author":5,"featured_media":0,"comment_status":"open","ping_status":"open","sticky":false,"template":"","format":"standard","meta":{"ngg_post_thumbnail":0,"footnotes":""},"categories":[8],"tags":[61,326,353,325],"yoast_head":"<!-- This site is optimized with the Yoast SEO plugin v23.5 - https:\/\/yoast.com\/wordpress\/plugins\/seo\/ -->\n<title>Presidente da Pontif\u00edcia Academia para a Vida comenta o caso da menina violentada em Pernambuco - O Arcanjo no ar<\/title>\n<meta name=\"robots\" content=\"index, follow, max-snippet:-1, max-image-preview:large, max-video-preview:-1\" \/>\n<link rel=\"canonical\" href=\"https:\/\/www.oarcanjo.net\/site\/presidente-da-pontificia-academia-para-a-vida-comenta-o-caso-da-menina-violentada-em-pernambuco\/\" \/>\n<meta property=\"og:locale\" content=\"pt_BR\" \/>\n<meta property=\"og:type\" content=\"article\" \/>\n<meta property=\"og:title\" content=\"Presidente da Pontif\u00edcia Academia para a Vida comenta o caso da menina violentada em Pernambuco - O Arcanjo no ar\" \/>\n<meta property=\"og:description\" content=\"D. Rino Fishichella &#8220;O debate sobre algumas quest\u00f5es frequentemente se torna cerrado e as diferentes perspectivas nem sempre permitem considerar o quanto o acontecimento em jogo seja realmente grande. \u00c9 este o momento em que se deve olhar o essencial e, por um momento, deixar de lado aquilo que n\u00e3o toca diretamente o problema. O [&hellip;]\" \/>\n<meta property=\"og:url\" content=\"https:\/\/www.oarcanjo.net\/site\/presidente-da-pontificia-academia-para-a-vida-comenta-o-caso-da-menina-violentada-em-pernambuco\/\" \/>\n<meta property=\"og:site_name\" content=\"O Arcanjo no ar\" \/>\n<meta property=\"article:publisher\" content=\"https:\/\/www.facebook.com\/OArcanjoNoAr\/\" \/>\n<meta property=\"article:published_time\" content=\"2009-03-16T18:11:52+00:00\" \/>\n<meta property=\"article:modified_time\" content=\"2009-03-16T18:15:04+00:00\" \/>\n<meta property=\"og:image\" content=\"https:\/\/www.oarcanjo.net\/site\/wp-content\/uploads\/logo-o-arcanjo-no-ar-facebook.png\" \/>\n\t<meta property=\"og:image:width\" content=\"300\" \/>\n\t<meta property=\"og:image:height\" content=\"300\" \/>\n\t<meta property=\"og:image:type\" content=\"image\/png\" \/>\n<meta name=\"author\" content=\"editor\" \/>\n<meta name=\"twitter:card\" content=\"summary_large_image\" \/>\n<meta name=\"twitter:label1\" content=\"Escrito por\" \/>\n\t<meta name=\"twitter:data1\" content=\"editor\" \/>\n\t<meta name=\"twitter:label2\" content=\"Est. tempo de leitura\" \/>\n\t<meta name=\"twitter:data2\" content=\"5 minutos\" \/>\n<script type=\"application\/ld+json\" class=\"yoast-schema-graph\">{\"@context\":\"https:\/\/schema.org\",\"@graph\":[{\"@type\":\"Article\",\"@id\":\"https:\/\/www.oarcanjo.net\/site\/presidente-da-pontificia-academia-para-a-vida-comenta-o-caso-da-menina-violentada-em-pernambuco\/#article\",\"isPartOf\":{\"@id\":\"https:\/\/www.oarcanjo.net\/site\/presidente-da-pontificia-academia-para-a-vida-comenta-o-caso-da-menina-violentada-em-pernambuco\/\"},\"author\":{\"name\":\"editor\",\"@id\":\"https:\/\/www.oarcanjo.net\/site\/#\/schema\/person\/f7024d007863202483a31326673a0838\"},\"headline\":\"Presidente da Pontif\u00edcia Academia para a Vida comenta o caso da menina violentada em Pernambuco\",\"datePublished\":\"2009-03-16T18:11:52+00:00\",\"dateModified\":\"2009-03-16T18:15:04+00:00\",\"mainEntityOfPage\":{\"@id\":\"https:\/\/www.oarcanjo.net\/site\/presidente-da-pontificia-academia-para-a-vida-comenta-o-caso-da-menina-violentada-em-pernambuco\/\"},\"wordCount\":1098,\"commentCount\":0,\"publisher\":{\"@id\":\"https:\/\/www.oarcanjo.net\/site\/#organization\"},\"keywords\":[\"aborto\",\"estupro\",\"excomunh\u00e3o\",\"viol\u00eancia contra a mulher\"],\"articleSection\":[\"Not\u00edcias\"],\"inLanguage\":\"pt-BR\",\"potentialAction\":[{\"@type\":\"CommentAction\",\"name\":\"Comment\",\"target\":[\"https:\/\/www.oarcanjo.net\/site\/presidente-da-pontificia-academia-para-a-vida-comenta-o-caso-da-menina-violentada-em-pernambuco\/#respond\"]}]},{\"@type\":\"WebPage\",\"@id\":\"https:\/\/www.oarcanjo.net\/site\/presidente-da-pontificia-academia-para-a-vida-comenta-o-caso-da-menina-violentada-em-pernambuco\/\",\"url\":\"https:\/\/www.oarcanjo.net\/site\/presidente-da-pontificia-academia-para-a-vida-comenta-o-caso-da-menina-violentada-em-pernambuco\/\",\"name\":\"Presidente da Pontif\u00edcia Academia para a Vida comenta o caso da menina violentada em Pernambuco - O Arcanjo no ar\",\"isPartOf\":{\"@id\":\"https:\/\/www.oarcanjo.net\/site\/#website\"},\"datePublished\":\"2009-03-16T18:11:52+00:00\",\"dateModified\":\"2009-03-16T18:15:04+00:00\",\"breadcrumb\":{\"@id\":\"https:\/\/www.oarcanjo.net\/site\/presidente-da-pontificia-academia-para-a-vida-comenta-o-caso-da-menina-violentada-em-pernambuco\/#breadcrumb\"},\"inLanguage\":\"pt-BR\",\"potentialAction\":[{\"@type\":\"ReadAction\",\"target\":[\"https:\/\/www.oarcanjo.net\/site\/presidente-da-pontificia-academia-para-a-vida-comenta-o-caso-da-menina-violentada-em-pernambuco\/\"]}]},{\"@type\":\"BreadcrumbList\",\"@id\":\"https:\/\/www.oarcanjo.net\/site\/presidente-da-pontificia-academia-para-a-vida-comenta-o-caso-da-menina-violentada-em-pernambuco\/#breadcrumb\",\"itemListElement\":[{\"@type\":\"ListItem\",\"position\":1,\"name\":\"In\u00edcio\",\"item\":\"https:\/\/www.oarcanjo.net\/site\/\"},{\"@type\":\"ListItem\",\"position\":2,\"name\":\"Presidente da Pontif\u00edcia Academia para a Vida comenta o caso da menina violentada em Pernambuco\"}]},{\"@type\":\"WebSite\",\"@id\":\"https:\/\/www.oarcanjo.net\/site\/#website\",\"url\":\"https:\/\/www.oarcanjo.net\/site\/\",\"name\":\"O Arcanjo no ar\",\"description\":\"Site da Par\u00f3quia S\u00e3o Miguel Arcanjo (Arquidiocese de SP)\",\"publisher\":{\"@id\":\"https:\/\/www.oarcanjo.net\/site\/#organization\"},\"potentialAction\":[{\"@type\":\"SearchAction\",\"target\":{\"@type\":\"EntryPoint\",\"urlTemplate\":\"https:\/\/www.oarcanjo.net\/site\/?s={search_term_string}\"},\"query-input\":{\"@type\":\"PropertyValueSpecification\",\"valueRequired\":true,\"valueName\":\"search_term_string\"}}],\"inLanguage\":\"pt-BR\"},{\"@type\":\"Organization\",\"@id\":\"https:\/\/www.oarcanjo.net\/site\/#organization\",\"name\":\"Par\u00f3quia S\u00e3o Miguel Arcanjo\",\"url\":\"https:\/\/www.oarcanjo.net\/site\/\",\"logo\":{\"@type\":\"ImageObject\",\"inLanguage\":\"pt-BR\",\"@id\":\"https:\/\/www.oarcanjo.net\/site\/#\/schema\/logo\/image\/\",\"url\":\"https:\/\/www.oarcanjo.net\/site\/wp-content\/uploads\/LogoOArcanjo.png\",\"contentUrl\":\"https:\/\/www.oarcanjo.net\/site\/wp-content\/uploads\/LogoOArcanjo.png\",\"width\":319,\"height\":99,\"caption\":\"Par\u00f3quia S\u00e3o Miguel Arcanjo\"},\"image\":{\"@id\":\"https:\/\/www.oarcanjo.net\/site\/#\/schema\/logo\/image\/\"},\"sameAs\":[\"https:\/\/www.facebook.com\/OArcanjoNoAr\/\"]},{\"@type\":\"Person\",\"@id\":\"https:\/\/www.oarcanjo.net\/site\/#\/schema\/person\/f7024d007863202483a31326673a0838\",\"name\":\"editor\",\"sameAs\":[\"http:\/\/www.oarcanjo.net\"]}]}<\/script>\n<!-- \/ Yoast SEO plugin. -->","yoast_head_json":{"title":"Presidente da Pontif\u00edcia Academia para a Vida comenta o caso da menina violentada em Pernambuco - O Arcanjo no ar","robots":{"index":"index","follow":"follow","max-snippet":"max-snippet:-1","max-image-preview":"max-image-preview:large","max-video-preview":"max-video-preview:-1"},"canonical":"https:\/\/www.oarcanjo.net\/site\/presidente-da-pontificia-academia-para-a-vida-comenta-o-caso-da-menina-violentada-em-pernambuco\/","og_locale":"pt_BR","og_type":"article","og_title":"Presidente da Pontif\u00edcia Academia para a Vida comenta o caso da menina violentada em Pernambuco - O Arcanjo no ar","og_description":"D. Rino Fishichella &#8220;O debate sobre algumas quest\u00f5es frequentemente se torna cerrado e as diferentes perspectivas nem sempre permitem considerar o quanto o acontecimento em jogo seja realmente grande. \u00c9 este o momento em que se deve olhar o essencial e, por um momento, deixar de lado aquilo que n\u00e3o toca diretamente o problema. O [&hellip;]","og_url":"https:\/\/www.oarcanjo.net\/site\/presidente-da-pontificia-academia-para-a-vida-comenta-o-caso-da-menina-violentada-em-pernambuco\/","og_site_name":"O Arcanjo no ar","article_publisher":"https:\/\/www.facebook.com\/OArcanjoNoAr\/","article_published_time":"2009-03-16T18:11:52+00:00","article_modified_time":"2009-03-16T18:15:04+00:00","og_image":[{"width":300,"height":300,"url":"https:\/\/www.oarcanjo.net\/site\/wp-content\/uploads\/logo-o-arcanjo-no-ar-facebook.png","type":"image\/png"}],"author":"editor","twitter_card":"summary_large_image","twitter_misc":{"Escrito por":"editor","Est. tempo de leitura":"5 minutos"},"schema":{"@context":"https:\/\/schema.org","@graph":[{"@type":"Article","@id":"https:\/\/www.oarcanjo.net\/site\/presidente-da-pontificia-academia-para-a-vida-comenta-o-caso-da-menina-violentada-em-pernambuco\/#article","isPartOf":{"@id":"https:\/\/www.oarcanjo.net\/site\/presidente-da-pontificia-academia-para-a-vida-comenta-o-caso-da-menina-violentada-em-pernambuco\/"},"author":{"name":"editor","@id":"https:\/\/www.oarcanjo.net\/site\/#\/schema\/person\/f7024d007863202483a31326673a0838"},"headline":"Presidente da Pontif\u00edcia Academia para a Vida comenta o caso da menina violentada em Pernambuco","datePublished":"2009-03-16T18:11:52+00:00","dateModified":"2009-03-16T18:15:04+00:00","mainEntityOfPage":{"@id":"https:\/\/www.oarcanjo.net\/site\/presidente-da-pontificia-academia-para-a-vida-comenta-o-caso-da-menina-violentada-em-pernambuco\/"},"wordCount":1098,"commentCount":0,"publisher":{"@id":"https:\/\/www.oarcanjo.net\/site\/#organization"},"keywords":["aborto","estupro","excomunh\u00e3o","viol\u00eancia contra a mulher"],"articleSection":["Not\u00edcias"],"inLanguage":"pt-BR","potentialAction":[{"@type":"CommentAction","name":"Comment","target":["https:\/\/www.oarcanjo.net\/site\/presidente-da-pontificia-academia-para-a-vida-comenta-o-caso-da-menina-violentada-em-pernambuco\/#respond"]}]},{"@type":"WebPage","@id":"https:\/\/www.oarcanjo.net\/site\/presidente-da-pontificia-academia-para-a-vida-comenta-o-caso-da-menina-violentada-em-pernambuco\/","url":"https:\/\/www.oarcanjo.net\/site\/presidente-da-pontificia-academia-para-a-vida-comenta-o-caso-da-menina-violentada-em-pernambuco\/","name":"Presidente da Pontif\u00edcia Academia para a Vida comenta o caso da menina violentada em Pernambuco - O Arcanjo no ar","isPartOf":{"@id":"https:\/\/www.oarcanjo.net\/site\/#website"},"datePublished":"2009-03-16T18:11:52+00:00","dateModified":"2009-03-16T18:15:04+00:00","breadcrumb":{"@id":"https:\/\/www.oarcanjo.net\/site\/presidente-da-pontificia-academia-para-a-vida-comenta-o-caso-da-menina-violentada-em-pernambuco\/#breadcrumb"},"inLanguage":"pt-BR","potentialAction":[{"@type":"ReadAction","target":["https:\/\/www.oarcanjo.net\/site\/presidente-da-pontificia-academia-para-a-vida-comenta-o-caso-da-menina-violentada-em-pernambuco\/"]}]},{"@type":"BreadcrumbList","@id":"https:\/\/www.oarcanjo.net\/site\/presidente-da-pontificia-academia-para-a-vida-comenta-o-caso-da-menina-violentada-em-pernambuco\/#breadcrumb","itemListElement":[{"@type":"ListItem","position":1,"name":"In\u00edcio","item":"https:\/\/www.oarcanjo.net\/site\/"},{"@type":"ListItem","position":2,"name":"Presidente da Pontif\u00edcia Academia para a Vida comenta o caso da menina violentada em Pernambuco"}]},{"@type":"WebSite","@id":"https:\/\/www.oarcanjo.net\/site\/#website","url":"https:\/\/www.oarcanjo.net\/site\/","name":"O Arcanjo no ar","description":"Site da Par\u00f3quia S\u00e3o Miguel Arcanjo (Arquidiocese de SP)","publisher":{"@id":"https:\/\/www.oarcanjo.net\/site\/#organization"},"potentialAction":[{"@type":"SearchAction","target":{"@type":"EntryPoint","urlTemplate":"https:\/\/www.oarcanjo.net\/site\/?s={search_term_string}"},"query-input":{"@type":"PropertyValueSpecification","valueRequired":true,"valueName":"search_term_string"}}],"inLanguage":"pt-BR"},{"@type":"Organization","@id":"https:\/\/www.oarcanjo.net\/site\/#organization","name":"Par\u00f3quia S\u00e3o Miguel Arcanjo","url":"https:\/\/www.oarcanjo.net\/site\/","logo":{"@type":"ImageObject","inLanguage":"pt-BR","@id":"https:\/\/www.oarcanjo.net\/site\/#\/schema\/logo\/image\/","url":"https:\/\/www.oarcanjo.net\/site\/wp-content\/uploads\/LogoOArcanjo.png","contentUrl":"https:\/\/www.oarcanjo.net\/site\/wp-content\/uploads\/LogoOArcanjo.png","width":319,"height":99,"caption":"Par\u00f3quia S\u00e3o Miguel Arcanjo"},"image":{"@id":"https:\/\/www.oarcanjo.net\/site\/#\/schema\/logo\/image\/"},"sameAs":["https:\/\/www.facebook.com\/OArcanjoNoAr\/"]},{"@type":"Person","@id":"https:\/\/www.oarcanjo.net\/site\/#\/schema\/person\/f7024d007863202483a31326673a0838","name":"editor","sameAs":["http:\/\/www.oarcanjo.net"]}]}},"publishpress_future_action":{"enabled":false,"date":"2026-05-08 21:09:56","action":"category","newStatus":"draft","terms":[],"taxonomy":"category"},"publishpress_future_workflow_manual_trigger":{"enabledWorkflows":[]},"_links":{"self":[{"href":"https:\/\/www.oarcanjo.net\/site\/wp-json\/wp\/v2\/posts\/2414"}],"collection":[{"href":"https:\/\/www.oarcanjo.net\/site\/wp-json\/wp\/v2\/posts"}],"about":[{"href":"https:\/\/www.oarcanjo.net\/site\/wp-json\/wp\/v2\/types\/post"}],"author":[{"embeddable":true,"href":"https:\/\/www.oarcanjo.net\/site\/wp-json\/wp\/v2\/users\/5"}],"replies":[{"embeddable":true,"href":"https:\/\/www.oarcanjo.net\/site\/wp-json\/wp\/v2\/comments?post=2414"}],"version-history":[{"count":0,"href":"https:\/\/www.oarcanjo.net\/site\/wp-json\/wp\/v2\/posts\/2414\/revisions"}],"wp:attachment":[{"href":"https:\/\/www.oarcanjo.net\/site\/wp-json\/wp\/v2\/media?parent=2414"}],"wp:term":[{"taxonomy":"category","embeddable":true,"href":"https:\/\/www.oarcanjo.net\/site\/wp-json\/wp\/v2\/categories?post=2414"},{"taxonomy":"post_tag","embeddable":true,"href":"https:\/\/www.oarcanjo.net\/site\/wp-json\/wp\/v2\/tags?post=2414"}],"curies":[{"name":"wp","href":"https:\/\/api.w.org\/{rel}","templated":true}]}}