
{"id":24162,"date":"2014-01-13T17:09:42","date_gmt":"2014-01-13T19:09:42","guid":{"rendered":"http:\/\/www.oarcanjo.net\/site\/?p=24162"},"modified":"2014-01-14T01:12:02","modified_gmt":"2014-01-14T03:12:02","slug":"paz-com-fraternidade","status":"publish","type":"post","link":"https:\/\/www.oarcanjo.net\/site\/paz-com-fraternidade\/","title":{"rendered":"Paz com fraternidade"},"content":{"rendered":"<p><em>Cardeal Odilo Pedro Scherer<\/em><\/p>\n<p>A primeira mensagem do papa Francisco para o Dia Mundial da Paz, comemorado a cada ano pela Igreja Cat\u00f3lica no dia 1.\u00ba de janeiro, merece especial aten\u00e7\u00e3o: ela pode orientar pessoas, grupos, a sociedade inteira e as na\u00e7\u00f5es na busca e na preserva\u00e7\u00e3o da paz. &#8220;Fraternidade, fundamento e caminho para a paz&#8221;, esse \u00e9 o tema da mensagem. Francisco vai ao essencial e fala de &#8220;fundamento&#8221; e &#8220;caminho&#8221; e aponta na fraternidade a base s\u00f3lida para edificar a paz; sem esse pressuposto, fica dif\u00edcil dar solidez e estabilidade \u00e0 paz, que poder\u00e1 ser abalada por qualquer estremecida nos relacionamentos.<\/p>\n<p>Continua verdadeiro que a paz \u00e9 obra da justi\u00e7a &#8211; opus iustitiae pax. Mas a justi\u00e7a sem a dimens\u00e3o fraterna, al\u00e9m de ser fria e dura, n\u00e3o \u00e9 capaz de consolidar a paz. Sobretudo se a justi\u00e7a for a dos vencedores, dos mais fortes e prepotentes. A fraternidade &#8211; essa, sim -, aliada \u00e0 justi\u00e7a, aplaina o caminho para a reconcilia\u00e7\u00e3o e a paz duradoura.<\/p>\n<p>A segunda parte do tema fala da fraternidade como caminho para a paz. Se queremos paz, precisamos promover a fraternidade, educar para a solidariedade. O uso da for\u00e7a e da viol\u00eancia consegue, talvez, derrotar inimigos, mas n\u00e3o estabelecer a paz. Viol\u00eancia e humilha\u00e7\u00e3o suscitam \u00f3dio e sede de vingan\u00e7a. A luta para uma paz verdadeira n\u00e3o se faz sem o poder desarmado da fraternidade.<\/p>\n<p>O individualismo busca satisfa\u00e7\u00f5es egoc\u00eantricas, sem levar em conta o seu pre\u00e7o social, e acaba degradando a dignidade humana e destruindo as rela\u00e7\u00f5es sociais. Alguma filosofia afirma que o homem \u00e9 movido, sobretudo, pelo \u00f3dio e pela viol\u00eancia; o cristianismo n\u00e3o compartilha essa vis\u00e3o sobre o homem.<\/p>\n<p>Sobram raz\u00f5es para edificar a paz, seguindo caminhos de fraternidade. N\u00f3s somos feitos para o di\u00e1logo, o encontro e a conviv\u00eancia. Homem nenhum \u00e9 uma ilha. O pr\u00f3ximo n\u00e3o deve ser visto como um concorrente, um advers\u00e1rio, um inimigo a ser eliminado; tampouco como um objeto \u00fatil \u00e0 satisfa\u00e7\u00e3o dos pr\u00f3prios desejos.<\/p>\n<p>O papa observa que as \u00e9ticas contempor\u00e2neas s\u00e3o incapazes de construir verdadeiros la\u00e7os de fraternidade e solidariedade por n\u00e3o reconhecerem no Pai comum seu fundamento. No entanto, somos todos membros da \u00fanica grande fam\u00edlia humana, descendentes de Ad\u00e3o e Eva, filhos amados do \u00fanico Deus e pai! Temos, portanto, dignidade igual. A humanidade traz inscrita no profundo de sua identidade a voca\u00e7\u00e3o para a fraternidade.<\/p>\n<p>As raz\u00f5es da f\u00e9 levam a ver em cada ser humano um irm\u00e3o e uma irm\u00e3, um companheiro nas estradas da vida, a quem estamos ligados pelos la\u00e7os suaves da fraternidade. A solidariedade traduz de formas concretas a fraternidade e o interesse altru\u00edsta de uns pelos outros; alegrias, dores e esperan\u00e7as de nossos irm\u00e3os nos dizem respeito e s\u00e3o, de alguma forma, tamb\u00e9m nossas.<\/p>\n<p>Francisco lembra ensinamentos de seus predecessores. Paulo VI, na enc\u00edclica Populorum Progressio, j\u00e1 havia advertido para a necessidade de as pessoas e os povos trabalharem juntos, com esp\u00edrito fraterno, para construir um futuro bom para todos, especialmente para os menos favorecidos (n. 43-44). Jo\u00e3o Paulo II, na Sollicitudo Rei Socialis, ensina que a paz \u00e9 fruto da solidariedade e da busca sincera do bem comum (n. 38-39). Bento VI, na enc\u00edclica Caritas in Veritate, disse que \u00e9 necess\u00e1rio introduzir na economia a l\u00f3gica da solidariedade e da gratuidade (n. 19).<\/p>\n<p>As leis da economia, impulsionadas pela concorr\u00eancia, nada fraterna, e visando o lucro sempre maior, n\u00e3o conseguem eliminar a pobreza. Ao contr\u00e1rio, acabam suprimindo oportunidades e empurrando sempre mais gente para a margem do bem comum. A vida econ\u00f4mica precisa deixar-se revitalizar pelo oxig\u00eanio da fraternidade, para n\u00e3o se tornar v\u00edtima da concentra\u00e7\u00e3o asfixiante de bens e oportunidades.<\/p>\n<p>E as guerras continuam a manchar o conv\u00edvio entre os povos&#8230; Muitas vezes, os conflitos ocorrem debaixo dos olhares de todos e com a indiferen\u00e7a generalizada. Como super\u00e1-los? Responde o papa Francisco: &#8220;A fraternidade extingue a guerra&#8221;, porque derruba seus motivos e introduz uma nova l\u00f3gica no conv\u00edvio entre os povos. Forte torna-se o apelo de Francisco \u00e0s partes em conflito e em favor do desarmamento: &#8220;Renunciai \u00e0s armas e ide ao encontro do outro com o di\u00e1logo, o perd\u00e3o e a reconcilia\u00e7\u00e3o, para reconstruir a justi\u00e7a, a confian\u00e7a e a esperan\u00e7a ao vosso redor!&#8221; (n. 7). E repete o apelo de seus predecessores contra a prolifera\u00e7\u00e3o das armas, especialmente armas nucleares e qu\u00edmicas.<\/p>\n<p>Corrup\u00e7\u00e3o e crime organizado ferem profundamente a fraternidade. S\u00e3o a express\u00e3o &#8220;refinada&#8221; do ego\u00edsmo, que n\u00e3o hesita em fazer recurso \u00e0 viol\u00eancia ou ao mau uso do poder para alcan\u00e7ar seus objetivos de lucro, poder e gl\u00f3ria. Muitas vezes o crime organizado explora impiedosamente pessoas e povos que j\u00e1 vivem sob a press\u00e3o da mis\u00e9ria, como os migrantes, os desempregados, a mulher marginalizada&#8230; Que gl\u00f3ria pode haver nas fortunas desonestas ou nas m\u00e3os manchadas de sangue inocente?!<\/p>\n<p>As organiza\u00e7\u00f5es criminosas minam a legalidade e a justi\u00e7a e ferem a dignidade da pessoa humana. Visitando a Fazenda da Esperan\u00e7a, em Guaratinguet\u00e1, em maio de 2007, Bento XVI amea\u00e7ou com o julgamento de Deus os traficantes de drogas e os que fazem fortuna com o &#8220;mercado da morte&#8221;.<\/p>\n<p>Francisco lembra ainda: a preserva\u00e7\u00e3o da natureza e do ambiente da vida tamb\u00e9m requer atitudes e comportamentos mais fraternos. Os bens do mundo foram confiados ao cuidado do homem para que ele os administre e use com sabedoria, tendo em conta que n\u00e3o \u00e9 seu \u00fanico benefici\u00e1rio. Os recursos da natureza devem ser usados para que n\u00e3o haja fome ou desperd\u00edcio, nem depreda\u00e7\u00e3o que comprometa o equil\u00edbrio ambiental. A destina\u00e7\u00e3o universal dos bens da cria\u00e7\u00e3o ser\u00e1 alcan\u00e7ada com atitudes e comportamentos verdadeiramente fraternos.<\/p>\n<p><em>Cardeal Odilo Pedro Scherer<\/em><br \/>\n<em>Arcebispo de S\u00e3o Paulo<\/em><br \/>\n<em><a title=\"@DomOdiloScherer\" href=\"http:\/\/twitter.com\/DomOdiloScherer\" target=\"_blank\">@DomOdiloScherer<\/a><\/em><\/p>\n<div id=\"themify_builder_content-24162\" data-postid=\"24162\" class=\"themify_builder_content themify_builder_content-24162 themify_builder themify_builder_front\">\n\t<\/div>\n<!-- \/themify_builder_content -->","protected":false},"excerpt":{"rendered":"<p>Cardeal Odilo Pedro Scherer A primeira mensagem do papa Francisco para o Dia Mundial da Paz, comemorado a cada ano pela Igreja Cat\u00f3lica no dia 1.\u00ba de janeiro, merece especial aten\u00e7\u00e3o: ela pode orientar pessoas, grupos, a sociedade inteira e as na\u00e7\u00f5es na busca e na preserva\u00e7\u00e3o da paz. &#8220;Fraternidade, fundamento e caminho para a [&hellip;]<\/p>\n","protected":false},"author":5,"featured_media":0,"comment_status":"open","ping_status":"open","sticky":false,"template":"","format":"standard","meta":{"ngg_post_thumbnail":0,"footnotes":""},"categories":[9],"tags":[377,230,2433,167],"yoast_head":"<!-- This site is optimized with the Yoast SEO plugin v23.5 - https:\/\/yoast.com\/wordpress\/plugins\/seo\/ -->\n<title>Paz com fraternidade - O Arcanjo no ar<\/title>\n<meta name=\"robots\" content=\"index, follow, max-snippet:-1, max-image-preview:large, max-video-preview:-1\" \/>\n<link rel=\"canonical\" href=\"https:\/\/www.oarcanjo.net\/site\/paz-com-fraternidade\/\" \/>\n<meta property=\"og:locale\" content=\"pt_BR\" \/>\n<meta property=\"og:type\" content=\"article\" \/>\n<meta property=\"og:title\" content=\"Paz com fraternidade - O Arcanjo no ar\" \/>\n<meta property=\"og:description\" content=\"Cardeal Odilo Pedro Scherer A primeira mensagem do papa Francisco para o Dia Mundial da Paz, comemorado a cada ano pela Igreja Cat\u00f3lica no dia 1.\u00ba de janeiro, merece especial aten\u00e7\u00e3o: ela pode orientar pessoas, grupos, a sociedade inteira e as na\u00e7\u00f5es na busca e na preserva\u00e7\u00e3o da paz. &#8220;Fraternidade, fundamento e caminho para a [&hellip;]\" \/>\n<meta property=\"og:url\" content=\"https:\/\/www.oarcanjo.net\/site\/paz-com-fraternidade\/\" \/>\n<meta property=\"og:site_name\" content=\"O Arcanjo no ar\" \/>\n<meta property=\"article:publisher\" content=\"https:\/\/www.facebook.com\/OArcanjoNoAr\/\" \/>\n<meta property=\"article:published_time\" content=\"2014-01-13T19:09:42+00:00\" \/>\n<meta property=\"article:modified_time\" content=\"2014-01-14T03:12:02+00:00\" \/>\n<meta property=\"og:image\" content=\"https:\/\/www.oarcanjo.net\/site\/wp-content\/uploads\/logo-o-arcanjo-no-ar-facebook.png\" \/>\n\t<meta property=\"og:image:width\" content=\"300\" \/>\n\t<meta property=\"og:image:height\" content=\"300\" \/>\n\t<meta property=\"og:image:type\" content=\"image\/png\" \/>\n<meta name=\"author\" content=\"editor\" \/>\n<meta name=\"twitter:card\" content=\"summary_large_image\" \/>\n<meta name=\"twitter:label1\" content=\"Escrito por\" \/>\n\t<meta name=\"twitter:data1\" content=\"editor\" \/>\n\t<meta name=\"twitter:label2\" content=\"Est. tempo de leitura\" \/>\n\t<meta name=\"twitter:data2\" content=\"5 minutos\" \/>\n<script type=\"application\/ld+json\" class=\"yoast-schema-graph\">{\"@context\":\"https:\/\/schema.org\",\"@graph\":[{\"@type\":\"Article\",\"@id\":\"https:\/\/www.oarcanjo.net\/site\/paz-com-fraternidade\/#article\",\"isPartOf\":{\"@id\":\"https:\/\/www.oarcanjo.net\/site\/paz-com-fraternidade\/\"},\"author\":{\"name\":\"editor\",\"@id\":\"https:\/\/www.oarcanjo.net\/site\/#\/schema\/person\/f7024d007863202483a31326673a0838\"},\"headline\":\"Paz com fraternidade\",\"datePublished\":\"2014-01-13T19:09:42+00:00\",\"dateModified\":\"2014-01-14T03:12:02+00:00\",\"mainEntityOfPage\":{\"@id\":\"https:\/\/www.oarcanjo.net\/site\/paz-com-fraternidade\/\"},\"wordCount\":1034,\"commentCount\":0,\"publisher\":{\"@id\":\"https:\/\/www.oarcanjo.net\/site\/#organization\"},\"keywords\":[\"dignidade humana\",\"justi\u00e7a\",\"Papa Francisco\",\"paz\"],\"articleSection\":[\"Reflex\u00f5es\"],\"inLanguage\":\"pt-BR\",\"potentialAction\":[{\"@type\":\"CommentAction\",\"name\":\"Comment\",\"target\":[\"https:\/\/www.oarcanjo.net\/site\/paz-com-fraternidade\/#respond\"]}]},{\"@type\":\"WebPage\",\"@id\":\"https:\/\/www.oarcanjo.net\/site\/paz-com-fraternidade\/\",\"url\":\"https:\/\/www.oarcanjo.net\/site\/paz-com-fraternidade\/\",\"name\":\"Paz com fraternidade - O Arcanjo no ar\",\"isPartOf\":{\"@id\":\"https:\/\/www.oarcanjo.net\/site\/#website\"},\"datePublished\":\"2014-01-13T19:09:42+00:00\",\"dateModified\":\"2014-01-14T03:12:02+00:00\",\"breadcrumb\":{\"@id\":\"https:\/\/www.oarcanjo.net\/site\/paz-com-fraternidade\/#breadcrumb\"},\"inLanguage\":\"pt-BR\",\"potentialAction\":[{\"@type\":\"ReadAction\",\"target\":[\"https:\/\/www.oarcanjo.net\/site\/paz-com-fraternidade\/\"]}]},{\"@type\":\"BreadcrumbList\",\"@id\":\"https:\/\/www.oarcanjo.net\/site\/paz-com-fraternidade\/#breadcrumb\",\"itemListElement\":[{\"@type\":\"ListItem\",\"position\":1,\"name\":\"In\u00edcio\",\"item\":\"https:\/\/www.oarcanjo.net\/site\/\"},{\"@type\":\"ListItem\",\"position\":2,\"name\":\"Paz com fraternidade\"}]},{\"@type\":\"WebSite\",\"@id\":\"https:\/\/www.oarcanjo.net\/site\/#website\",\"url\":\"https:\/\/www.oarcanjo.net\/site\/\",\"name\":\"O Arcanjo no ar\",\"description\":\"Site da Par\u00f3quia S\u00e3o Miguel Arcanjo (Arquidiocese de SP)\",\"publisher\":{\"@id\":\"https:\/\/www.oarcanjo.net\/site\/#organization\"},\"potentialAction\":[{\"@type\":\"SearchAction\",\"target\":{\"@type\":\"EntryPoint\",\"urlTemplate\":\"https:\/\/www.oarcanjo.net\/site\/?s={search_term_string}\"},\"query-input\":{\"@type\":\"PropertyValueSpecification\",\"valueRequired\":true,\"valueName\":\"search_term_string\"}}],\"inLanguage\":\"pt-BR\"},{\"@type\":\"Organization\",\"@id\":\"https:\/\/www.oarcanjo.net\/site\/#organization\",\"name\":\"Par\u00f3quia S\u00e3o Miguel Arcanjo\",\"url\":\"https:\/\/www.oarcanjo.net\/site\/\",\"logo\":{\"@type\":\"ImageObject\",\"inLanguage\":\"pt-BR\",\"@id\":\"https:\/\/www.oarcanjo.net\/site\/#\/schema\/logo\/image\/\",\"url\":\"https:\/\/www.oarcanjo.net\/site\/wp-content\/uploads\/LogoOArcanjo.png\",\"contentUrl\":\"https:\/\/www.oarcanjo.net\/site\/wp-content\/uploads\/LogoOArcanjo.png\",\"width\":319,\"height\":99,\"caption\":\"Par\u00f3quia S\u00e3o Miguel Arcanjo\"},\"image\":{\"@id\":\"https:\/\/www.oarcanjo.net\/site\/#\/schema\/logo\/image\/\"},\"sameAs\":[\"https:\/\/www.facebook.com\/OArcanjoNoAr\/\"]},{\"@type\":\"Person\",\"@id\":\"https:\/\/www.oarcanjo.net\/site\/#\/schema\/person\/f7024d007863202483a31326673a0838\",\"name\":\"editor\",\"sameAs\":[\"http:\/\/www.oarcanjo.net\"]}]}<\/script>\n<!-- \/ Yoast SEO plugin. -->","yoast_head_json":{"title":"Paz com fraternidade - O Arcanjo no ar","robots":{"index":"index","follow":"follow","max-snippet":"max-snippet:-1","max-image-preview":"max-image-preview:large","max-video-preview":"max-video-preview:-1"},"canonical":"https:\/\/www.oarcanjo.net\/site\/paz-com-fraternidade\/","og_locale":"pt_BR","og_type":"article","og_title":"Paz com fraternidade - O Arcanjo no ar","og_description":"Cardeal Odilo Pedro Scherer A primeira mensagem do papa Francisco para o Dia Mundial da Paz, comemorado a cada ano pela Igreja Cat\u00f3lica no dia 1.\u00ba de janeiro, merece especial aten\u00e7\u00e3o: ela pode orientar pessoas, grupos, a sociedade inteira e as na\u00e7\u00f5es na busca e na preserva\u00e7\u00e3o da paz. &#8220;Fraternidade, fundamento e caminho para a [&hellip;]","og_url":"https:\/\/www.oarcanjo.net\/site\/paz-com-fraternidade\/","og_site_name":"O Arcanjo no ar","article_publisher":"https:\/\/www.facebook.com\/OArcanjoNoAr\/","article_published_time":"2014-01-13T19:09:42+00:00","article_modified_time":"2014-01-14T03:12:02+00:00","og_image":[{"width":300,"height":300,"url":"https:\/\/www.oarcanjo.net\/site\/wp-content\/uploads\/logo-o-arcanjo-no-ar-facebook.png","type":"image\/png"}],"author":"editor","twitter_card":"summary_large_image","twitter_misc":{"Escrito por":"editor","Est. tempo de leitura":"5 minutos"},"schema":{"@context":"https:\/\/schema.org","@graph":[{"@type":"Article","@id":"https:\/\/www.oarcanjo.net\/site\/paz-com-fraternidade\/#article","isPartOf":{"@id":"https:\/\/www.oarcanjo.net\/site\/paz-com-fraternidade\/"},"author":{"name":"editor","@id":"https:\/\/www.oarcanjo.net\/site\/#\/schema\/person\/f7024d007863202483a31326673a0838"},"headline":"Paz com fraternidade","datePublished":"2014-01-13T19:09:42+00:00","dateModified":"2014-01-14T03:12:02+00:00","mainEntityOfPage":{"@id":"https:\/\/www.oarcanjo.net\/site\/paz-com-fraternidade\/"},"wordCount":1034,"commentCount":0,"publisher":{"@id":"https:\/\/www.oarcanjo.net\/site\/#organization"},"keywords":["dignidade humana","justi\u00e7a","Papa Francisco","paz"],"articleSection":["Reflex\u00f5es"],"inLanguage":"pt-BR","potentialAction":[{"@type":"CommentAction","name":"Comment","target":["https:\/\/www.oarcanjo.net\/site\/paz-com-fraternidade\/#respond"]}]},{"@type":"WebPage","@id":"https:\/\/www.oarcanjo.net\/site\/paz-com-fraternidade\/","url":"https:\/\/www.oarcanjo.net\/site\/paz-com-fraternidade\/","name":"Paz com fraternidade - O Arcanjo no ar","isPartOf":{"@id":"https:\/\/www.oarcanjo.net\/site\/#website"},"datePublished":"2014-01-13T19:09:42+00:00","dateModified":"2014-01-14T03:12:02+00:00","breadcrumb":{"@id":"https:\/\/www.oarcanjo.net\/site\/paz-com-fraternidade\/#breadcrumb"},"inLanguage":"pt-BR","potentialAction":[{"@type":"ReadAction","target":["https:\/\/www.oarcanjo.net\/site\/paz-com-fraternidade\/"]}]},{"@type":"BreadcrumbList","@id":"https:\/\/www.oarcanjo.net\/site\/paz-com-fraternidade\/#breadcrumb","itemListElement":[{"@type":"ListItem","position":1,"name":"In\u00edcio","item":"https:\/\/www.oarcanjo.net\/site\/"},{"@type":"ListItem","position":2,"name":"Paz com fraternidade"}]},{"@type":"WebSite","@id":"https:\/\/www.oarcanjo.net\/site\/#website","url":"https:\/\/www.oarcanjo.net\/site\/","name":"O Arcanjo no ar","description":"Site da Par\u00f3quia S\u00e3o Miguel Arcanjo (Arquidiocese de SP)","publisher":{"@id":"https:\/\/www.oarcanjo.net\/site\/#organization"},"potentialAction":[{"@type":"SearchAction","target":{"@type":"EntryPoint","urlTemplate":"https:\/\/www.oarcanjo.net\/site\/?s={search_term_string}"},"query-input":{"@type":"PropertyValueSpecification","valueRequired":true,"valueName":"search_term_string"}}],"inLanguage":"pt-BR"},{"@type":"Organization","@id":"https:\/\/www.oarcanjo.net\/site\/#organization","name":"Par\u00f3quia S\u00e3o Miguel Arcanjo","url":"https:\/\/www.oarcanjo.net\/site\/","logo":{"@type":"ImageObject","inLanguage":"pt-BR","@id":"https:\/\/www.oarcanjo.net\/site\/#\/schema\/logo\/image\/","url":"https:\/\/www.oarcanjo.net\/site\/wp-content\/uploads\/LogoOArcanjo.png","contentUrl":"https:\/\/www.oarcanjo.net\/site\/wp-content\/uploads\/LogoOArcanjo.png","width":319,"height":99,"caption":"Par\u00f3quia S\u00e3o Miguel Arcanjo"},"image":{"@id":"https:\/\/www.oarcanjo.net\/site\/#\/schema\/logo\/image\/"},"sameAs":["https:\/\/www.facebook.com\/OArcanjoNoAr\/"]},{"@type":"Person","@id":"https:\/\/www.oarcanjo.net\/site\/#\/schema\/person\/f7024d007863202483a31326673a0838","name":"editor","sameAs":["http:\/\/www.oarcanjo.net"]}]}},"publishpress_future_action":{"enabled":false,"date":"2026-05-09 00:28:51","action":"category","newStatus":"draft","terms":[],"taxonomy":"category"},"publishpress_future_workflow_manual_trigger":{"enabledWorkflows":[]},"_links":{"self":[{"href":"https:\/\/www.oarcanjo.net\/site\/wp-json\/wp\/v2\/posts\/24162"}],"collection":[{"href":"https:\/\/www.oarcanjo.net\/site\/wp-json\/wp\/v2\/posts"}],"about":[{"href":"https:\/\/www.oarcanjo.net\/site\/wp-json\/wp\/v2\/types\/post"}],"author":[{"embeddable":true,"href":"https:\/\/www.oarcanjo.net\/site\/wp-json\/wp\/v2\/users\/5"}],"replies":[{"embeddable":true,"href":"https:\/\/www.oarcanjo.net\/site\/wp-json\/wp\/v2\/comments?post=24162"}],"version-history":[{"count":0,"href":"https:\/\/www.oarcanjo.net\/site\/wp-json\/wp\/v2\/posts\/24162\/revisions"}],"wp:attachment":[{"href":"https:\/\/www.oarcanjo.net\/site\/wp-json\/wp\/v2\/media?parent=24162"}],"wp:term":[{"taxonomy":"category","embeddable":true,"href":"https:\/\/www.oarcanjo.net\/site\/wp-json\/wp\/v2\/categories?post=24162"},{"taxonomy":"post_tag","embeddable":true,"href":"https:\/\/www.oarcanjo.net\/site\/wp-json\/wp\/v2\/tags?post=24162"}],"curies":[{"name":"wp","href":"https:\/\/api.w.org\/{rel}","templated":true}]}}