
{"id":24168,"date":"2014-01-17T10:02:48","date_gmt":"2014-01-17T12:02:48","guid":{"rendered":"http:\/\/www.oarcanjo.net\/site\/?p=24168"},"modified":"2014-01-17T10:02:49","modified_gmt":"2014-01-17T12:02:49","slug":"as-iniciativas-do-papa","status":"publish","type":"post","link":"https:\/\/www.oarcanjo.net\/site\/as-iniciativas-do-papa\/","title":{"rendered":"As iniciativas do Papa"},"content":{"rendered":"<p><em>Dom Dem\u00e9trio Valentini<\/em><br \/>\n<em>Fonte: Adital<\/em><\/p>\n<p>Desta vez, a passagem de ano coincide, simbolicamente, com os nove meses de pontificado do Papa Francisco. \u00c9 o tempo de uma gesta\u00e7\u00e3o. Foi um tempo muito fecundo de iniciativas, que aos poucos v\u00e3o dando forma ao novo pontificado.<\/p>\n<p>Atrav\u00e9s destas iniciativas, d\u00e1 para perceber a inten\u00e7\u00e3o do Papa Francisco de ir abrindo frentes de trabalho, que integram um projeto mais amplo de renova\u00e7\u00e3o da Igreja, a partir de sua miss\u00e3o.<\/p>\n<p>J\u00e1 \u00e9 poss\u00edvel perceber o alcance de algumas destas frentes.<\/p>\n<p>A primeira, decidida com rapidez pelo Papa, se refere ao &#8220;Banco do Vaticano\u201d. Esta \u00e9 f\u00e1cil de resolver. Pois se trata, em s\u00edntese, de agir com honestidade e transpar\u00eancia, na gest\u00e3o dos recursos financeiros, que poderiam, simplesmente, ser confiados, para a sua gest\u00e3o, a um banco id\u00f4neo, de qualquer pa\u00eds, e livrar assim a Igreja da persistente imagina\u00e7\u00e3o de que ela \u00e9 detentora de grandes recursos financeiros!<\/p>\n<p>A segunda iniciativa, tamb\u00e9m tomada para deixar clara a atitude da Igreja, se refere \u00e0s v\u00edtimas da pedofilia. Foi constitu\u00edda uma comiss\u00e3o, com a finalidade espec\u00edfica de proteger estas v\u00edtimas, seja qual foi a autoria desses crimes, contra os quais a Igreja quer agir com severidade. Como a primeira, esta segunda frente de trabalho se destina a fortalecer a credibilidade da Igreja, para tomar outras iniciativas, mais amplas e mais significativas.<\/p>\n<p>Estas duas iniciativas, que poder\u00edamos chamar de pr\u00e9vias, j\u00e1 foram tomadas em sintonia com o grupo de oito cardeais, nomeados para ajudar o Papa no governo da Igreja. Mas a pr\u00f3pria convoca\u00e7\u00e3o deste grupo de cardeais j\u00e1 sinaliza, por sua vez, uma proposta mais ampla e mais profunda, de estabelecer um &#8220;governo colegiado\u201d da Igreja, que est\u00e1 em plena sintonia com a &#8220;colegialidade episcopal\u201d, a qual se constituiu no n\u00facleo teol\u00f3gico e pastoral mais consistente de todo o Conc\u00edlio Vaticano II.<\/p>\n<p>Uma outra &#8220;frente\u201d aberta pelo Papa, \u00e9 a campanha contra a fome no mundo. Ela tem a fisionomia de uma campanha espor\u00e1dica. Mas as circunst\u00e2ncias lhe d\u00e3o o car\u00e1ter de paradigma da a\u00e7\u00e3o social da Igreja. Lan\u00e7ada pela C\u00e1ritas, que \u00e9 presidida pelo Cardeal Maradiaga, um dos membros do &#8220;grupo dos oito\u201d, foi recomendada com \u00eanfase pelo Papa, deixando bem clara sua inten\u00e7\u00e3o de fazer dela o s\u00edmbolo da aproxima\u00e7\u00e3o entre Igreja e Sociedade, recomendada pelo Conc\u00edlio em sua constitui\u00e7\u00e3o pastoral denominada Gaudium et spes\u201d.<\/p>\n<p>Bastariam estes acenos, para perceber que o Papa age de maneira estrat\u00e9gica, respaldando sua a\u00e7\u00e3o no Evangelho de Cristo e apoiando-se na consist\u00eancia teol\u00f3gica e pastoral do Conc\u00edlio, que \u00e9 reproposto como refer\u00eancia b\u00e1sica e indispens\u00e1vel para a t\u00e3o esperada renova\u00e7\u00e3o da Igreja.<\/p>\n<p>Para que estas iniciativas n\u00e3o pare\u00e7am soltas e desconexas, o Papa Francisco aproveitou a &#8220;Exorta\u00e7\u00e3o P\u00f3s-sinodal Evangelii Gaudium\u201d para transmitir sua vis\u00e3o org\u00e2nica e integral do momento que a Igreja est\u00e1 vivendo, e dos desafios que ela precisa enfrentar.<\/p>\n<p>De tal modo que a &#8220;Evangelii Gaudium\u201d se constituir\u00e1 num marco referencial para a caminhada da Igreja, como foi a &#8220;Evangelii Nuntiandi\u201d de Paulo VI.<\/p>\n<p>\u00c9 um documento que servir\u00e1 de baliza para a caminhada da Igreja nos pr\u00f3ximos anos, como afirmou o pr\u00f3prio Papa Francisco. Colocando suas propostas de maneira integrada na &#8220;Evangelii Gaudium\u201d, o Papa nos convida a refletir sobre elas, e perceber quanto podem influenciar nossa a\u00e7\u00e3o eclesial. Se queremos estar em sintonia com o Papa, precisamos acolher as reflex\u00f5es e as propostas da Evangelii Gaudium!<\/p>\n<div id=\"themify_builder_content-24168\" data-postid=\"24168\" class=\"themify_builder_content themify_builder_content-24168 themify_builder themify_builder_front\">\n\t<\/div>\n<!-- \/themify_builder_content -->","protected":false},"excerpt":{"rendered":"<p>Dom Dem\u00e9trio Valentini Fonte: Adital Desta vez, a passagem de ano coincide, simbolicamente, com os nove meses de pontificado do Papa Francisco. \u00c9 o tempo de uma gesta\u00e7\u00e3o. Foi um tempo muito fecundo de iniciativas, que aos poucos v\u00e3o dando forma ao novo pontificado. Atrav\u00e9s destas iniciativas, d\u00e1 para perceber a inten\u00e7\u00e3o do Papa Francisco [&hellip;]<\/p>\n","protected":false},"author":5,"featured_media":0,"comment_status":"open","ping_status":"open","sticky":false,"template":"","format":"standard","meta":{"ngg_post_thumbnail":0,"footnotes":""},"categories":[9],"tags":[505,2924,2433,481],"yoast_head":"<!-- This site is optimized with the Yoast SEO plugin v23.5 - https:\/\/yoast.com\/wordpress\/plugins\/seo\/ -->\n<title>As iniciativas do Papa - O Arcanjo no ar<\/title>\n<meta name=\"robots\" content=\"index, follow, max-snippet:-1, max-image-preview:large, max-video-preview:-1\" \/>\n<link rel=\"canonical\" href=\"https:\/\/www.oarcanjo.net\/site\/as-iniciativas-do-papa\/\" \/>\n<meta property=\"og:locale\" content=\"pt_BR\" \/>\n<meta property=\"og:type\" content=\"article\" \/>\n<meta property=\"og:title\" content=\"As iniciativas do Papa - O Arcanjo no ar\" \/>\n<meta property=\"og:description\" content=\"Dom Dem\u00e9trio Valentini Fonte: Adital Desta vez, a passagem de ano coincide, simbolicamente, com os nove meses de pontificado do Papa Francisco. \u00c9 o tempo de uma gesta\u00e7\u00e3o. Foi um tempo muito fecundo de iniciativas, que aos poucos v\u00e3o dando forma ao novo pontificado. Atrav\u00e9s destas iniciativas, d\u00e1 para perceber a inten\u00e7\u00e3o do Papa Francisco [&hellip;]\" \/>\n<meta property=\"og:url\" content=\"https:\/\/www.oarcanjo.net\/site\/as-iniciativas-do-papa\/\" \/>\n<meta property=\"og:site_name\" content=\"O Arcanjo no ar\" \/>\n<meta property=\"article:publisher\" content=\"https:\/\/www.facebook.com\/OArcanjoNoAr\/\" \/>\n<meta property=\"article:published_time\" content=\"2014-01-17T12:02:48+00:00\" \/>\n<meta property=\"article:modified_time\" content=\"2014-01-17T12:02:49+00:00\" \/>\n<meta property=\"og:image\" content=\"https:\/\/www.oarcanjo.net\/site\/wp-content\/uploads\/logo-o-arcanjo-no-ar-facebook.png\" \/>\n\t<meta property=\"og:image:width\" content=\"300\" \/>\n\t<meta property=\"og:image:height\" content=\"300\" \/>\n\t<meta property=\"og:image:type\" content=\"image\/png\" \/>\n<meta name=\"author\" content=\"editor\" \/>\n<meta name=\"twitter:card\" content=\"summary_large_image\" \/>\n<meta name=\"twitter:label1\" content=\"Escrito por\" \/>\n\t<meta name=\"twitter:data1\" content=\"editor\" \/>\n\t<meta name=\"twitter:label2\" content=\"Est. tempo de leitura\" \/>\n\t<meta name=\"twitter:data2\" content=\"3 minutos\" \/>\n<script type=\"application\/ld+json\" class=\"yoast-schema-graph\">{\"@context\":\"https:\/\/schema.org\",\"@graph\":[{\"@type\":\"Article\",\"@id\":\"https:\/\/www.oarcanjo.net\/site\/as-iniciativas-do-papa\/#article\",\"isPartOf\":{\"@id\":\"https:\/\/www.oarcanjo.net\/site\/as-iniciativas-do-papa\/\"},\"author\":{\"name\":\"editor\",\"@id\":\"https:\/\/www.oarcanjo.net\/site\/#\/schema\/person\/f7024d007863202483a31326673a0838\"},\"headline\":\"As iniciativas do Papa\",\"datePublished\":\"2014-01-17T12:02:48+00:00\",\"dateModified\":\"2014-01-17T12:02:49+00:00\",\"mainEntityOfPage\":{\"@id\":\"https:\/\/www.oarcanjo.net\/site\/as-iniciativas-do-papa\/\"},\"wordCount\":618,\"commentCount\":1,\"publisher\":{\"@id\":\"https:\/\/www.oarcanjo.net\/site\/#organization\"},\"keywords\":[\"Conc\u00edlio Vaticano II\",\"Exorta\u00e7\u00e3o P\u00f3s-sinodal Evangelii Gaudium\",\"Papa Francisco\",\"renova\u00e7\u00e3o\"],\"articleSection\":[\"Reflex\u00f5es\"],\"inLanguage\":\"pt-BR\",\"potentialAction\":[{\"@type\":\"CommentAction\",\"name\":\"Comment\",\"target\":[\"https:\/\/www.oarcanjo.net\/site\/as-iniciativas-do-papa\/#respond\"]}]},{\"@type\":\"WebPage\",\"@id\":\"https:\/\/www.oarcanjo.net\/site\/as-iniciativas-do-papa\/\",\"url\":\"https:\/\/www.oarcanjo.net\/site\/as-iniciativas-do-papa\/\",\"name\":\"As iniciativas do Papa - O Arcanjo no ar\",\"isPartOf\":{\"@id\":\"https:\/\/www.oarcanjo.net\/site\/#website\"},\"datePublished\":\"2014-01-17T12:02:48+00:00\",\"dateModified\":\"2014-01-17T12:02:49+00:00\",\"breadcrumb\":{\"@id\":\"https:\/\/www.oarcanjo.net\/site\/as-iniciativas-do-papa\/#breadcrumb\"},\"inLanguage\":\"pt-BR\",\"potentialAction\":[{\"@type\":\"ReadAction\",\"target\":[\"https:\/\/www.oarcanjo.net\/site\/as-iniciativas-do-papa\/\"]}]},{\"@type\":\"BreadcrumbList\",\"@id\":\"https:\/\/www.oarcanjo.net\/site\/as-iniciativas-do-papa\/#breadcrumb\",\"itemListElement\":[{\"@type\":\"ListItem\",\"position\":1,\"name\":\"In\u00edcio\",\"item\":\"https:\/\/www.oarcanjo.net\/site\/\"},{\"@type\":\"ListItem\",\"position\":2,\"name\":\"As iniciativas do Papa\"}]},{\"@type\":\"WebSite\",\"@id\":\"https:\/\/www.oarcanjo.net\/site\/#website\",\"url\":\"https:\/\/www.oarcanjo.net\/site\/\",\"name\":\"O Arcanjo no ar\",\"description\":\"Site da Par\u00f3quia S\u00e3o Miguel Arcanjo (Arquidiocese de SP)\",\"publisher\":{\"@id\":\"https:\/\/www.oarcanjo.net\/site\/#organization\"},\"potentialAction\":[{\"@type\":\"SearchAction\",\"target\":{\"@type\":\"EntryPoint\",\"urlTemplate\":\"https:\/\/www.oarcanjo.net\/site\/?s={search_term_string}\"},\"query-input\":{\"@type\":\"PropertyValueSpecification\",\"valueRequired\":true,\"valueName\":\"search_term_string\"}}],\"inLanguage\":\"pt-BR\"},{\"@type\":\"Organization\",\"@id\":\"https:\/\/www.oarcanjo.net\/site\/#organization\",\"name\":\"Par\u00f3quia S\u00e3o Miguel Arcanjo\",\"url\":\"https:\/\/www.oarcanjo.net\/site\/\",\"logo\":{\"@type\":\"ImageObject\",\"inLanguage\":\"pt-BR\",\"@id\":\"https:\/\/www.oarcanjo.net\/site\/#\/schema\/logo\/image\/\",\"url\":\"https:\/\/www.oarcanjo.net\/site\/wp-content\/uploads\/LogoOArcanjo.png\",\"contentUrl\":\"https:\/\/www.oarcanjo.net\/site\/wp-content\/uploads\/LogoOArcanjo.png\",\"width\":319,\"height\":99,\"caption\":\"Par\u00f3quia S\u00e3o Miguel Arcanjo\"},\"image\":{\"@id\":\"https:\/\/www.oarcanjo.net\/site\/#\/schema\/logo\/image\/\"},\"sameAs\":[\"https:\/\/www.facebook.com\/OArcanjoNoAr\/\"]},{\"@type\":\"Person\",\"@id\":\"https:\/\/www.oarcanjo.net\/site\/#\/schema\/person\/f7024d007863202483a31326673a0838\",\"name\":\"editor\",\"sameAs\":[\"http:\/\/www.oarcanjo.net\"]}]}<\/script>\n<!-- \/ Yoast SEO plugin. -->","yoast_head_json":{"title":"As iniciativas do Papa - O Arcanjo no ar","robots":{"index":"index","follow":"follow","max-snippet":"max-snippet:-1","max-image-preview":"max-image-preview:large","max-video-preview":"max-video-preview:-1"},"canonical":"https:\/\/www.oarcanjo.net\/site\/as-iniciativas-do-papa\/","og_locale":"pt_BR","og_type":"article","og_title":"As iniciativas do Papa - O Arcanjo no ar","og_description":"Dom Dem\u00e9trio Valentini Fonte: Adital Desta vez, a passagem de ano coincide, simbolicamente, com os nove meses de pontificado do Papa Francisco. \u00c9 o tempo de uma gesta\u00e7\u00e3o. Foi um tempo muito fecundo de iniciativas, que aos poucos v\u00e3o dando forma ao novo pontificado. Atrav\u00e9s destas iniciativas, d\u00e1 para perceber a inten\u00e7\u00e3o do Papa Francisco [&hellip;]","og_url":"https:\/\/www.oarcanjo.net\/site\/as-iniciativas-do-papa\/","og_site_name":"O Arcanjo no ar","article_publisher":"https:\/\/www.facebook.com\/OArcanjoNoAr\/","article_published_time":"2014-01-17T12:02:48+00:00","article_modified_time":"2014-01-17T12:02:49+00:00","og_image":[{"width":300,"height":300,"url":"https:\/\/www.oarcanjo.net\/site\/wp-content\/uploads\/logo-o-arcanjo-no-ar-facebook.png","type":"image\/png"}],"author":"editor","twitter_card":"summary_large_image","twitter_misc":{"Escrito por":"editor","Est. tempo de leitura":"3 minutos"},"schema":{"@context":"https:\/\/schema.org","@graph":[{"@type":"Article","@id":"https:\/\/www.oarcanjo.net\/site\/as-iniciativas-do-papa\/#article","isPartOf":{"@id":"https:\/\/www.oarcanjo.net\/site\/as-iniciativas-do-papa\/"},"author":{"name":"editor","@id":"https:\/\/www.oarcanjo.net\/site\/#\/schema\/person\/f7024d007863202483a31326673a0838"},"headline":"As iniciativas do Papa","datePublished":"2014-01-17T12:02:48+00:00","dateModified":"2014-01-17T12:02:49+00:00","mainEntityOfPage":{"@id":"https:\/\/www.oarcanjo.net\/site\/as-iniciativas-do-papa\/"},"wordCount":618,"commentCount":1,"publisher":{"@id":"https:\/\/www.oarcanjo.net\/site\/#organization"},"keywords":["Conc\u00edlio Vaticano II","Exorta\u00e7\u00e3o P\u00f3s-sinodal Evangelii Gaudium","Papa Francisco","renova\u00e7\u00e3o"],"articleSection":["Reflex\u00f5es"],"inLanguage":"pt-BR","potentialAction":[{"@type":"CommentAction","name":"Comment","target":["https:\/\/www.oarcanjo.net\/site\/as-iniciativas-do-papa\/#respond"]}]},{"@type":"WebPage","@id":"https:\/\/www.oarcanjo.net\/site\/as-iniciativas-do-papa\/","url":"https:\/\/www.oarcanjo.net\/site\/as-iniciativas-do-papa\/","name":"As iniciativas do Papa - O Arcanjo no ar","isPartOf":{"@id":"https:\/\/www.oarcanjo.net\/site\/#website"},"datePublished":"2014-01-17T12:02:48+00:00","dateModified":"2014-01-17T12:02:49+00:00","breadcrumb":{"@id":"https:\/\/www.oarcanjo.net\/site\/as-iniciativas-do-papa\/#breadcrumb"},"inLanguage":"pt-BR","potentialAction":[{"@type":"ReadAction","target":["https:\/\/www.oarcanjo.net\/site\/as-iniciativas-do-papa\/"]}]},{"@type":"BreadcrumbList","@id":"https:\/\/www.oarcanjo.net\/site\/as-iniciativas-do-papa\/#breadcrumb","itemListElement":[{"@type":"ListItem","position":1,"name":"In\u00edcio","item":"https:\/\/www.oarcanjo.net\/site\/"},{"@type":"ListItem","position":2,"name":"As iniciativas do Papa"}]},{"@type":"WebSite","@id":"https:\/\/www.oarcanjo.net\/site\/#website","url":"https:\/\/www.oarcanjo.net\/site\/","name":"O Arcanjo no ar","description":"Site da Par\u00f3quia S\u00e3o Miguel Arcanjo (Arquidiocese de SP)","publisher":{"@id":"https:\/\/www.oarcanjo.net\/site\/#organization"},"potentialAction":[{"@type":"SearchAction","target":{"@type":"EntryPoint","urlTemplate":"https:\/\/www.oarcanjo.net\/site\/?s={search_term_string}"},"query-input":{"@type":"PropertyValueSpecification","valueRequired":true,"valueName":"search_term_string"}}],"inLanguage":"pt-BR"},{"@type":"Organization","@id":"https:\/\/www.oarcanjo.net\/site\/#organization","name":"Par\u00f3quia S\u00e3o Miguel Arcanjo","url":"https:\/\/www.oarcanjo.net\/site\/","logo":{"@type":"ImageObject","inLanguage":"pt-BR","@id":"https:\/\/www.oarcanjo.net\/site\/#\/schema\/logo\/image\/","url":"https:\/\/www.oarcanjo.net\/site\/wp-content\/uploads\/LogoOArcanjo.png","contentUrl":"https:\/\/www.oarcanjo.net\/site\/wp-content\/uploads\/LogoOArcanjo.png","width":319,"height":99,"caption":"Par\u00f3quia S\u00e3o Miguel Arcanjo"},"image":{"@id":"https:\/\/www.oarcanjo.net\/site\/#\/schema\/logo\/image\/"},"sameAs":["https:\/\/www.facebook.com\/OArcanjoNoAr\/"]},{"@type":"Person","@id":"https:\/\/www.oarcanjo.net\/site\/#\/schema\/person\/f7024d007863202483a31326673a0838","name":"editor","sameAs":["http:\/\/www.oarcanjo.net"]}]}},"publishpress_future_action":{"enabled":false,"date":"2026-05-08 23:16:59","action":"category","newStatus":"draft","terms":[],"taxonomy":"category"},"publishpress_future_workflow_manual_trigger":{"enabledWorkflows":[]},"_links":{"self":[{"href":"https:\/\/www.oarcanjo.net\/site\/wp-json\/wp\/v2\/posts\/24168"}],"collection":[{"href":"https:\/\/www.oarcanjo.net\/site\/wp-json\/wp\/v2\/posts"}],"about":[{"href":"https:\/\/www.oarcanjo.net\/site\/wp-json\/wp\/v2\/types\/post"}],"author":[{"embeddable":true,"href":"https:\/\/www.oarcanjo.net\/site\/wp-json\/wp\/v2\/users\/5"}],"replies":[{"embeddable":true,"href":"https:\/\/www.oarcanjo.net\/site\/wp-json\/wp\/v2\/comments?post=24168"}],"version-history":[{"count":0,"href":"https:\/\/www.oarcanjo.net\/site\/wp-json\/wp\/v2\/posts\/24168\/revisions"}],"wp:attachment":[{"href":"https:\/\/www.oarcanjo.net\/site\/wp-json\/wp\/v2\/media?parent=24168"}],"wp:term":[{"taxonomy":"category","embeddable":true,"href":"https:\/\/www.oarcanjo.net\/site\/wp-json\/wp\/v2\/categories?post=24168"},{"taxonomy":"post_tag","embeddable":true,"href":"https:\/\/www.oarcanjo.net\/site\/wp-json\/wp\/v2\/tags?post=24168"}],"curies":[{"name":"wp","href":"https:\/\/api.w.org\/{rel}","templated":true}]}}