
{"id":2418,"date":"2009-03-17T18:00:21","date_gmt":"2009-03-17T21:00:21","guid":{"rendered":"http:\/\/www.oarcanjo.net\/site\/?p=2418"},"modified":"2009-03-16T22:38:33","modified_gmt":"2009-03-17T01:38:33","slug":"economia-rasa-e-economia-profunda","status":"publish","type":"post","link":"https:\/\/www.oarcanjo.net\/site\/economia-rasa-e-economia-profunda\/","title":{"rendered":"Economia rasa e economia profunda"},"content":{"rendered":"<p>Leonardo Boff<\/p>\n<p>Existe uma economia profunda? Embora n\u00e3o dominante, estimo que existe e deva existir. Nos in\u00edcios dos anos 70 do s\u00e9culo passado o fil\u00f3sofo noruegu\u00eas, recentemente falecido, Arne Naes introduziu uma distin\u00e7\u00e3o, hoje amplamente acolhida nos meios ambientalistas, entre ecologia rasa e ecologia profunda. A rasa seria aquela que separa o ser humano da natureza e o coloca fora e acima dela, pressupondo que as coisas s\u00f3 possuem sentido quando \u00fateis a ele. A profunda v\u00ea o entrela\u00e7amento homem-natureza, afirma o valor intr\u00ednseco de cada ser e se d\u00e1 conta de que uma teia de rela\u00e7\u00f5es envolve a todos, formando a comunidade de vida. H\u00e1 um Todo org\u00e2nico e cheio de prop\u00f3sito e o ser humano \u00e9 capaz de identificar o fio condutor que liga e religa tudo e o chama de Fonte Originaria de todo o ser, base de valores infinitos (venera\u00e7\u00e3o, amor, justi\u00e7a) que enchem de sentido a vida humana. A profunda ajuda a rasa a se autolimitar e a n\u00e3o ser destrutiva.<\/p>\n<p>Apliquemos estas reflex\u00f5es ao campo da economia. A economia rasa seria aquela que se centra somente nela mesma, nos capitais, nos mercados, nos investimentos, nos lucros, numa palavra no PIB, sem preocupa\u00e7\u00e3o com a delapida\u00e7\u00e3o da natureza, com a ruptura da autoregula\u00e7\u00e3o da Terra e com o crescente fosso entre ricos e pobres. S\u00e3o externalidades, fatores que n\u00e3o entram no c\u00e1lculo econ\u00f4mico.<\/p>\n<p>Sua l\u00f3gica \u00e9 a de um sistema fechado como se a economia fosse tudo numa sociedade. Efetivamente, como foi amplamente denunciado pela escola de Frankfurt, particularmente por Polaniy, no capitalismo avan\u00e7ado, a economia absorveu todas as inst\u00e2ncias sociais (pol\u00edtica, \u00e9tica, est\u00e9tica, ci\u00eancia), transformando tudo em mercadoria e, por isso, em oportunidade de ganho. Estabeleceu-se como o eixo articulador do todo social. Isso teve como consequ\u00eancia o excesso insano da vontade de enriquecer a todo custo e nos conduziu ao caos s\u00f3cio-econ\u00f4mico atual. \u00c9 a loucura da racionalidade econ\u00f4mica rasa.<\/p>\n<p>Que seria a economia profunda? Seria a volta ao sentido origin\u00e1rio de economia como t\u00e9cnica e arte de atender as necessidades da casa, hoje, da Casa Comum, a Terra viva, respeitando seus ciclos e sua capacidade suporte. Ela se inseriria no todo que constitui uma sociedade. Nesta haveria uma base que, em \u00faltima inst\u00e2ncia, asseguraria a vida material: a economia. Haveria uma forma de organiza\u00e7\u00e3o, de distribui\u00e7\u00e3o do poder e leis que permitiram a todos viverem juntos sem demasiados conflitos. Haveria um conjunto de valores morais, \u00e9ticos e ideais que dariam sentido \u00e0 vida social e humanizariam as rela\u00e7\u00f5es sempre tensas entre as diferen\u00e7as. E por fim, haveria um horizonte de sentido maior que ancoraria a hist\u00f3ria numa inst\u00e2ncia mais alta e desenharia o quadro final do universo: a espiritualidade.<\/p>\n<p>Assim ter\u00edamos, idealmente, uma sociedade que poder\u00edamos considerar verdadeiramente humana, porque teria uma vis\u00e3o integradora da complexidade humana.<\/p>\n<p>Aqui emergeria a economia profunda, aquela que sabe seu lugar no conjunto da estrutura\u00e7\u00e3o social e responderia \u00e0 quest\u00e3o: como produzir o suficiente e decente conservando o capital natural e em harmonia com a comunidade de vida?<\/p>\n<p>O economista profundo pensaria assim face \u00e0 crise atual: como podemos resolver os problemas da humanidade e n\u00e3o como salvar o sistema econ\u00f4mico em crise?<\/p>\n<p>A mudan\u00e7a da pergunta envolve a mudan\u00e7a da resposta. E esta somente vir\u00e1 se houver uma quebra do paradigma antigo &#8211; a ditadura da economia &#8211; e recolocarmos a economia no seu devido lugar no conjunto da sociedade. Esse seria um novo paradigma, sustent\u00e1vel a longo prazo. Ent\u00e3o, a economia seria parte da pol\u00edtica, que seria parte da \u00e9tica que seria parte da espiritualidade. A economia rasa seria incorporada na profunda. E diferente seria o futuro.<\/p>\n<div id=\"themify_builder_content-2418\" data-postid=\"2418\" class=\"themify_builder_content themify_builder_content-2418 themify_builder themify_builder_front\">\n\t<\/div>\n<!-- \/themify_builder_content -->","protected":false},"excerpt":{"rendered":"<p>Leonardo Boff Existe uma economia profunda? Embora n\u00e3o dominante, estimo que existe e deva existir. Nos in\u00edcios dos anos 70 do s\u00e9culo passado o fil\u00f3sofo noruegu\u00eas, recentemente falecido, Arne Naes introduziu uma distin\u00e7\u00e3o, hoje amplamente acolhida nos meios ambientalistas, entre ecologia rasa e ecologia profunda. A rasa seria aquela que separa o ser humano da [&hellip;]<\/p>\n","protected":false},"author":5,"featured_media":0,"comment_status":"open","ping_status":"open","sticky":false,"template":"","format":"standard","meta":{"ngg_post_thumbnail":0,"footnotes":""},"categories":[9],"tags":[105,104,320,354,77],"yoast_head":"<!-- This site is optimized with the Yoast SEO plugin v23.5 - https:\/\/yoast.com\/wordpress\/plugins\/seo\/ -->\n<title>Economia rasa e economia profunda - O Arcanjo no ar<\/title>\n<meta name=\"robots\" content=\"index, follow, max-snippet:-1, max-image-preview:large, max-video-preview:-1\" \/>\n<link rel=\"canonical\" href=\"https:\/\/www.oarcanjo.net\/site\/economia-rasa-e-economia-profunda\/\" \/>\n<meta property=\"og:locale\" content=\"pt_BR\" \/>\n<meta property=\"og:type\" content=\"article\" \/>\n<meta property=\"og:title\" content=\"Economia rasa e economia profunda - O Arcanjo no ar\" \/>\n<meta property=\"og:description\" content=\"Leonardo Boff Existe uma economia profunda? Embora n\u00e3o dominante, estimo que existe e deva existir. Nos in\u00edcios dos anos 70 do s\u00e9culo passado o fil\u00f3sofo noruegu\u00eas, recentemente falecido, Arne Naes introduziu uma distin\u00e7\u00e3o, hoje amplamente acolhida nos meios ambientalistas, entre ecologia rasa e ecologia profunda. A rasa seria aquela que separa o ser humano da [&hellip;]\" \/>\n<meta property=\"og:url\" content=\"https:\/\/www.oarcanjo.net\/site\/economia-rasa-e-economia-profunda\/\" \/>\n<meta property=\"og:site_name\" content=\"O Arcanjo no ar\" \/>\n<meta property=\"article:publisher\" content=\"https:\/\/www.facebook.com\/OArcanjoNoAr\/\" \/>\n<meta property=\"article:published_time\" content=\"2009-03-17T21:00:21+00:00\" \/>\n<meta property=\"article:modified_time\" content=\"2009-03-17T01:38:33+00:00\" \/>\n<meta property=\"og:image\" content=\"https:\/\/www.oarcanjo.net\/site\/wp-content\/uploads\/logo-o-arcanjo-no-ar-facebook.png\" \/>\n\t<meta property=\"og:image:width\" content=\"300\" \/>\n\t<meta property=\"og:image:height\" content=\"300\" \/>\n\t<meta property=\"og:image:type\" content=\"image\/png\" \/>\n<meta name=\"author\" content=\"editor\" \/>\n<meta name=\"twitter:card\" content=\"summary_large_image\" \/>\n<meta name=\"twitter:label1\" content=\"Escrito por\" \/>\n\t<meta name=\"twitter:data1\" content=\"editor\" \/>\n\t<meta name=\"twitter:label2\" content=\"Est. tempo de leitura\" \/>\n\t<meta name=\"twitter:data2\" content=\"3 minutos\" \/>\n<script type=\"application\/ld+json\" class=\"yoast-schema-graph\">{\"@context\":\"https:\/\/schema.org\",\"@graph\":[{\"@type\":\"Article\",\"@id\":\"https:\/\/www.oarcanjo.net\/site\/economia-rasa-e-economia-profunda\/#article\",\"isPartOf\":{\"@id\":\"https:\/\/www.oarcanjo.net\/site\/economia-rasa-e-economia-profunda\/\"},\"author\":{\"name\":\"editor\",\"@id\":\"https:\/\/www.oarcanjo.net\/site\/#\/schema\/person\/f7024d007863202483a31326673a0838\"},\"headline\":\"Economia rasa e economia profunda\",\"datePublished\":\"2009-03-17T21:00:21+00:00\",\"dateModified\":\"2009-03-17T01:38:33+00:00\",\"mainEntityOfPage\":{\"@id\":\"https:\/\/www.oarcanjo.net\/site\/economia-rasa-e-economia-profunda\/\"},\"wordCount\":654,\"commentCount\":0,\"publisher\":{\"@id\":\"https:\/\/www.oarcanjo.net\/site\/#organization\"},\"keywords\":[\"ambiente\",\"ecologia\",\"economia\",\"humanismo\",\"teologia\"],\"articleSection\":[\"Reflex\u00f5es\"],\"inLanguage\":\"pt-BR\",\"potentialAction\":[{\"@type\":\"CommentAction\",\"name\":\"Comment\",\"target\":[\"https:\/\/www.oarcanjo.net\/site\/economia-rasa-e-economia-profunda\/#respond\"]}]},{\"@type\":\"WebPage\",\"@id\":\"https:\/\/www.oarcanjo.net\/site\/economia-rasa-e-economia-profunda\/\",\"url\":\"https:\/\/www.oarcanjo.net\/site\/economia-rasa-e-economia-profunda\/\",\"name\":\"Economia rasa e economia profunda - O Arcanjo no ar\",\"isPartOf\":{\"@id\":\"https:\/\/www.oarcanjo.net\/site\/#website\"},\"datePublished\":\"2009-03-17T21:00:21+00:00\",\"dateModified\":\"2009-03-17T01:38:33+00:00\",\"breadcrumb\":{\"@id\":\"https:\/\/www.oarcanjo.net\/site\/economia-rasa-e-economia-profunda\/#breadcrumb\"},\"inLanguage\":\"pt-BR\",\"potentialAction\":[{\"@type\":\"ReadAction\",\"target\":[\"https:\/\/www.oarcanjo.net\/site\/economia-rasa-e-economia-profunda\/\"]}]},{\"@type\":\"BreadcrumbList\",\"@id\":\"https:\/\/www.oarcanjo.net\/site\/economia-rasa-e-economia-profunda\/#breadcrumb\",\"itemListElement\":[{\"@type\":\"ListItem\",\"position\":1,\"name\":\"In\u00edcio\",\"item\":\"https:\/\/www.oarcanjo.net\/site\/\"},{\"@type\":\"ListItem\",\"position\":2,\"name\":\"Economia rasa e economia profunda\"}]},{\"@type\":\"WebSite\",\"@id\":\"https:\/\/www.oarcanjo.net\/site\/#website\",\"url\":\"https:\/\/www.oarcanjo.net\/site\/\",\"name\":\"O Arcanjo no ar\",\"description\":\"Site da Par\u00f3quia S\u00e3o Miguel Arcanjo (Arquidiocese de SP)\",\"publisher\":{\"@id\":\"https:\/\/www.oarcanjo.net\/site\/#organization\"},\"potentialAction\":[{\"@type\":\"SearchAction\",\"target\":{\"@type\":\"EntryPoint\",\"urlTemplate\":\"https:\/\/www.oarcanjo.net\/site\/?s={search_term_string}\"},\"query-input\":{\"@type\":\"PropertyValueSpecification\",\"valueRequired\":true,\"valueName\":\"search_term_string\"}}],\"inLanguage\":\"pt-BR\"},{\"@type\":\"Organization\",\"@id\":\"https:\/\/www.oarcanjo.net\/site\/#organization\",\"name\":\"Par\u00f3quia S\u00e3o Miguel Arcanjo\",\"url\":\"https:\/\/www.oarcanjo.net\/site\/\",\"logo\":{\"@type\":\"ImageObject\",\"inLanguage\":\"pt-BR\",\"@id\":\"https:\/\/www.oarcanjo.net\/site\/#\/schema\/logo\/image\/\",\"url\":\"https:\/\/www.oarcanjo.net\/site\/wp-content\/uploads\/LogoOArcanjo.png\",\"contentUrl\":\"https:\/\/www.oarcanjo.net\/site\/wp-content\/uploads\/LogoOArcanjo.png\",\"width\":319,\"height\":99,\"caption\":\"Par\u00f3quia S\u00e3o Miguel Arcanjo\"},\"image\":{\"@id\":\"https:\/\/www.oarcanjo.net\/site\/#\/schema\/logo\/image\/\"},\"sameAs\":[\"https:\/\/www.facebook.com\/OArcanjoNoAr\/\"]},{\"@type\":\"Person\",\"@id\":\"https:\/\/www.oarcanjo.net\/site\/#\/schema\/person\/f7024d007863202483a31326673a0838\",\"name\":\"editor\",\"sameAs\":[\"http:\/\/www.oarcanjo.net\"]}]}<\/script>\n<!-- \/ Yoast SEO plugin. -->","yoast_head_json":{"title":"Economia rasa e economia profunda - O Arcanjo no ar","robots":{"index":"index","follow":"follow","max-snippet":"max-snippet:-1","max-image-preview":"max-image-preview:large","max-video-preview":"max-video-preview:-1"},"canonical":"https:\/\/www.oarcanjo.net\/site\/economia-rasa-e-economia-profunda\/","og_locale":"pt_BR","og_type":"article","og_title":"Economia rasa e economia profunda - O Arcanjo no ar","og_description":"Leonardo Boff Existe uma economia profunda? Embora n\u00e3o dominante, estimo que existe e deva existir. Nos in\u00edcios dos anos 70 do s\u00e9culo passado o fil\u00f3sofo noruegu\u00eas, recentemente falecido, Arne Naes introduziu uma distin\u00e7\u00e3o, hoje amplamente acolhida nos meios ambientalistas, entre ecologia rasa e ecologia profunda. A rasa seria aquela que separa o ser humano da [&hellip;]","og_url":"https:\/\/www.oarcanjo.net\/site\/economia-rasa-e-economia-profunda\/","og_site_name":"O Arcanjo no ar","article_publisher":"https:\/\/www.facebook.com\/OArcanjoNoAr\/","article_published_time":"2009-03-17T21:00:21+00:00","article_modified_time":"2009-03-17T01:38:33+00:00","og_image":[{"width":300,"height":300,"url":"https:\/\/www.oarcanjo.net\/site\/wp-content\/uploads\/logo-o-arcanjo-no-ar-facebook.png","type":"image\/png"}],"author":"editor","twitter_card":"summary_large_image","twitter_misc":{"Escrito por":"editor","Est. tempo de leitura":"3 minutos"},"schema":{"@context":"https:\/\/schema.org","@graph":[{"@type":"Article","@id":"https:\/\/www.oarcanjo.net\/site\/economia-rasa-e-economia-profunda\/#article","isPartOf":{"@id":"https:\/\/www.oarcanjo.net\/site\/economia-rasa-e-economia-profunda\/"},"author":{"name":"editor","@id":"https:\/\/www.oarcanjo.net\/site\/#\/schema\/person\/f7024d007863202483a31326673a0838"},"headline":"Economia rasa e economia profunda","datePublished":"2009-03-17T21:00:21+00:00","dateModified":"2009-03-17T01:38:33+00:00","mainEntityOfPage":{"@id":"https:\/\/www.oarcanjo.net\/site\/economia-rasa-e-economia-profunda\/"},"wordCount":654,"commentCount":0,"publisher":{"@id":"https:\/\/www.oarcanjo.net\/site\/#organization"},"keywords":["ambiente","ecologia","economia","humanismo","teologia"],"articleSection":["Reflex\u00f5es"],"inLanguage":"pt-BR","potentialAction":[{"@type":"CommentAction","name":"Comment","target":["https:\/\/www.oarcanjo.net\/site\/economia-rasa-e-economia-profunda\/#respond"]}]},{"@type":"WebPage","@id":"https:\/\/www.oarcanjo.net\/site\/economia-rasa-e-economia-profunda\/","url":"https:\/\/www.oarcanjo.net\/site\/economia-rasa-e-economia-profunda\/","name":"Economia rasa e economia profunda - O Arcanjo no ar","isPartOf":{"@id":"https:\/\/www.oarcanjo.net\/site\/#website"},"datePublished":"2009-03-17T21:00:21+00:00","dateModified":"2009-03-17T01:38:33+00:00","breadcrumb":{"@id":"https:\/\/www.oarcanjo.net\/site\/economia-rasa-e-economia-profunda\/#breadcrumb"},"inLanguage":"pt-BR","potentialAction":[{"@type":"ReadAction","target":["https:\/\/www.oarcanjo.net\/site\/economia-rasa-e-economia-profunda\/"]}]},{"@type":"BreadcrumbList","@id":"https:\/\/www.oarcanjo.net\/site\/economia-rasa-e-economia-profunda\/#breadcrumb","itemListElement":[{"@type":"ListItem","position":1,"name":"In\u00edcio","item":"https:\/\/www.oarcanjo.net\/site\/"},{"@type":"ListItem","position":2,"name":"Economia rasa e economia profunda"}]},{"@type":"WebSite","@id":"https:\/\/www.oarcanjo.net\/site\/#website","url":"https:\/\/www.oarcanjo.net\/site\/","name":"O Arcanjo no ar","description":"Site da Par\u00f3quia S\u00e3o Miguel Arcanjo (Arquidiocese de SP)","publisher":{"@id":"https:\/\/www.oarcanjo.net\/site\/#organization"},"potentialAction":[{"@type":"SearchAction","target":{"@type":"EntryPoint","urlTemplate":"https:\/\/www.oarcanjo.net\/site\/?s={search_term_string}"},"query-input":{"@type":"PropertyValueSpecification","valueRequired":true,"valueName":"search_term_string"}}],"inLanguage":"pt-BR"},{"@type":"Organization","@id":"https:\/\/www.oarcanjo.net\/site\/#organization","name":"Par\u00f3quia S\u00e3o Miguel Arcanjo","url":"https:\/\/www.oarcanjo.net\/site\/","logo":{"@type":"ImageObject","inLanguage":"pt-BR","@id":"https:\/\/www.oarcanjo.net\/site\/#\/schema\/logo\/image\/","url":"https:\/\/www.oarcanjo.net\/site\/wp-content\/uploads\/LogoOArcanjo.png","contentUrl":"https:\/\/www.oarcanjo.net\/site\/wp-content\/uploads\/LogoOArcanjo.png","width":319,"height":99,"caption":"Par\u00f3quia S\u00e3o Miguel Arcanjo"},"image":{"@id":"https:\/\/www.oarcanjo.net\/site\/#\/schema\/logo\/image\/"},"sameAs":["https:\/\/www.facebook.com\/OArcanjoNoAr\/"]},{"@type":"Person","@id":"https:\/\/www.oarcanjo.net\/site\/#\/schema\/person\/f7024d007863202483a31326673a0838","name":"editor","sameAs":["http:\/\/www.oarcanjo.net"]}]}},"publishpress_future_action":{"enabled":false,"date":"2026-05-09 00:28:58","action":"category","newStatus":"draft","terms":[],"taxonomy":"category"},"publishpress_future_workflow_manual_trigger":{"enabledWorkflows":[]},"_links":{"self":[{"href":"https:\/\/www.oarcanjo.net\/site\/wp-json\/wp\/v2\/posts\/2418"}],"collection":[{"href":"https:\/\/www.oarcanjo.net\/site\/wp-json\/wp\/v2\/posts"}],"about":[{"href":"https:\/\/www.oarcanjo.net\/site\/wp-json\/wp\/v2\/types\/post"}],"author":[{"embeddable":true,"href":"https:\/\/www.oarcanjo.net\/site\/wp-json\/wp\/v2\/users\/5"}],"replies":[{"embeddable":true,"href":"https:\/\/www.oarcanjo.net\/site\/wp-json\/wp\/v2\/comments?post=2418"}],"version-history":[{"count":0,"href":"https:\/\/www.oarcanjo.net\/site\/wp-json\/wp\/v2\/posts\/2418\/revisions"}],"wp:attachment":[{"href":"https:\/\/www.oarcanjo.net\/site\/wp-json\/wp\/v2\/media?parent=2418"}],"wp:term":[{"taxonomy":"category","embeddable":true,"href":"https:\/\/www.oarcanjo.net\/site\/wp-json\/wp\/v2\/categories?post=2418"},{"taxonomy":"post_tag","embeddable":true,"href":"https:\/\/www.oarcanjo.net\/site\/wp-json\/wp\/v2\/tags?post=2418"}],"curies":[{"name":"wp","href":"https:\/\/api.w.org\/{rel}","templated":true}]}}