
{"id":24186,"date":"2014-01-22T10:08:50","date_gmt":"2014-01-22T12:08:50","guid":{"rendered":"http:\/\/www.oarcanjo.net\/site\/?p=24186"},"modified":"2014-01-22T10:08:50","modified_gmt":"2014-01-22T12:08:50","slug":"paulo-pedagogo-dos-cristaos","status":"publish","type":"post","link":"https:\/\/www.oarcanjo.net\/site\/paulo-pedagogo-dos-cristaos\/","title":{"rendered":"Paulo, pedagogo dos crist\u00e3os"},"content":{"rendered":"<p><em>Cardeal Odilo Pedro Scherer<\/em><\/p>\n<p>A \u201cConvers\u00e3o de S\u00e3o Paulo\u201d, comemorada como festa patronal na Arquidiocese de S\u00e3o Paulo, nos convida a descobrir no Ap\u00f3stolo um ex\u00edmio educador dos crist\u00e3os na f\u00e9 em Cristo. O Ap\u00f3stolo n\u00e3o apenas se interessou em anunciar o Evangelho e dar in\u00edcio a comunidades crist\u00e3s, mas tamb\u00e9m as acompanhava, dando-lhos respaldo e forma\u00e7\u00e3o crist\u00e3.<\/p>\n<p>Nas suas Cartas, encontramos passagens com a exposi\u00e7\u00e3o, aprofundamento e defesa da f\u00e9; em outras, ele vai \u00e0s consequ\u00eancias do Evangelho para a vida pessoal, familiar e comunit\u00e1ria. Em outras ainda, aparecem corre\u00e7\u00f5es de erros e desvios no caminho do crist\u00e3o, bem como exorta\u00e7\u00f5es vigorosas para progredir e amadurecer no caminho da f\u00e9.<\/p>\n<p>Ningu\u00e9m nasce crist\u00e3o completo, mas aprende-se a s\u00ea-lo; n\u00e3o basta ter, um dia, recebido a f\u00e9 crist\u00e3: \u00e9 preciso dar passos, aprofundar e ampliar a experi\u00eancia da f\u00e9, aprender mais sobre o \u201cmist\u00e9rio da f\u00e9\u201d abra\u00e7ado, perseverar e produzir os frutos da f\u00e9. S\u00e3o Paulo nos d\u00e1 o exemplo de verdadeiro pai e educador na f\u00e9 para suas comunidades.<\/p>\n<p>Ele n\u00e3o apresenta um c\u00f3digo de regras para a viv\u00eancia crist\u00e3, mas coloca diante dos fieis as refer\u00eancias fundamentais, a partir das quais eles devem modelar a cada passo a sua viv\u00eancia na f\u00e9: precisam deixar a maneira antiga de viver e conformar a vida ao Evangelho (cf Ef 4,22); abandonar o homem velho e revestir-se do homem novo (23s). A vida crist\u00e3 \u00e9 feita de escolhas: \u201cn\u00e3o vos conformeis com este mundo, mas transformai-vos, renovando a vossa maneira de pensar (&#8230;), segundo a vontade de Deus\u201d (cf Rm 12).<\/p>\n<p>Uma refer\u00eancia constante nessa forma\u00e7\u00e3o do crist\u00e3o \u00e9 seu relacionamento novo com Deus. Uma mudan\u00e7a substancial realizou-se na vida de quem foi batizado e o fiel deve tratar com Deus como \u201cfilho querido\u201d, e n\u00e3o mais como algu\u00e9m distante e estranho a Deus; n\u00e3o deve mais comportar-se como se nunca tivesse conhecido a Deus (Ef 4,17s). Os crist\u00e3os s\u00e3o chamados mesmo a serrem \u201cimitadores de Deus, como filhos queridos (cf Ef 5,1s). Da\u00ed decorre que a dignidade e a santidade s\u00e3o a \u00fanica forma de vida que lhes conv\u00e9m: \u201cprocedei como filhos da luz (&#8230;), discerni o que agrada ao Senhor\u201d (5,9-10).<\/p>\n<p>Outra refer\u00eancia fundamental para a educa\u00e7\u00e3o na f\u00e9 \u00e9 a vida nova em Cristo. Quem foi batizado, tornou-se filho de Deus pela f\u00e9 em Cristo, revestiu-se de Cristo, tornou-se um s\u00f3 em Cristo, com os outros batizados, e tem a mesma esperan\u00e7a por causa da promessa de Deus realizada por meio de Cristo (cf Gl 3,26-29). A vida crist\u00e3 \u00e9 um constante \u201cestar em Cristo\u201d e perseverar nele.<\/p>\n<p>Por isso, Paulo convida a levar vida digna da voca\u00e7\u00e3o crist\u00e3, de acordo com esta nova condi\u00e7\u00e3o recebida por gra\u00e7a de Deus (cf Ef 4,1), a \u201cbuscar as coisas do alto\u201d e a n\u00e3o mais viver apenas para as coisas terrenas (cf Cl 3,1). Ele pr\u00f3prio diz que o sentido de sua vida mudou totalmente depois de encontrar Cristo: \u201cpara mim, agora, o viver \u00e9 Cristo\u201d (cf Fl, 1,21). \u201cQuem est\u00e1 em Cristo \u00e9 uma nova criatura\u201d (cf 2Cor 5,17).<\/p>\n<p>A terceira refer\u00eancia para a educa\u00e7\u00e3o do crist\u00e3o \u00e9 a rela\u00e7\u00e3o com a comunidade de f\u00e9. O crist\u00e3o n\u00e3o vive isolado, nem cr\u00ea sozinho, de maneira individualista: ele precisa crescer como membro do corpo de Cristo, cada um dando a sua contribui\u00e7\u00e3o para o crescimento da Igreja (cf Ef 4,1ss). Os dons que cada um recebeu do Esp\u00edrito Santo devem ser colocados a servi\u00e7o do \u201ccorpo de Cristo, do qual todos somos todos membros (cf 1Cor 12). Cada um deve ajudar a edificar o templo de Deus, mas ver bem com que material est\u00e1 construindo (cf 1Cor 3,10). A boa qualidade da vida crist\u00e3 \u00e9 pedida a todos.<\/p>\n<p>Enfim, Paulo exorta ao esfor\u00e7o cotidiano, a n\u00e3o desanimar, mas a perseverar na f\u00e9: \u201cAquele que come\u00e7ou em v\u00f3s a boa obra h\u00e1 de lev\u00e1-la a bom termo\u201d (cf Fl 1,6).<\/p>\n<div id=\"themify_builder_content-24186\" data-postid=\"24186\" class=\"themify_builder_content themify_builder_content-24186 themify_builder themify_builder_front\">\n\t<\/div>\n<!-- \/themify_builder_content -->","protected":false},"excerpt":{"rendered":"<p>Cardeal Odilo Pedro Scherer A \u201cConvers\u00e3o de S\u00e3o Paulo\u201d, comemorada como festa patronal na Arquidiocese de S\u00e3o Paulo, nos convida a descobrir no Ap\u00f3stolo um ex\u00edmio educador dos crist\u00e3os na f\u00e9 em Cristo. O Ap\u00f3stolo n\u00e3o apenas se interessou em anunciar o Evangelho e dar in\u00edcio a comunidades crist\u00e3s, mas tamb\u00e9m as acompanhava, dando-lhos respaldo [&hellip;]<\/p>\n","protected":false},"author":5,"featured_media":0,"comment_status":"open","ping_status":"open","sticky":false,"template":"","format":"standard","meta":{"ngg_post_thumbnail":0,"footnotes":""},"categories":[9],"tags":[198,243,441,11,629],"yoast_head":"<!-- This site is optimized with the Yoast SEO plugin v23.5 - https:\/\/yoast.com\/wordpress\/plugins\/seo\/ -->\n<title>Paulo, pedagogo dos crist\u00e3os - O Arcanjo no ar<\/title>\n<meta name=\"robots\" content=\"index, follow, max-snippet:-1, max-image-preview:large, max-video-preview:-1\" \/>\n<link rel=\"canonical\" href=\"https:\/\/www.oarcanjo.net\/site\/paulo-pedagogo-dos-cristaos\/\" \/>\n<meta property=\"og:locale\" content=\"pt_BR\" \/>\n<meta property=\"og:type\" content=\"article\" \/>\n<meta property=\"og:title\" content=\"Paulo, pedagogo dos crist\u00e3os - O Arcanjo no ar\" \/>\n<meta property=\"og:description\" content=\"Cardeal Odilo Pedro Scherer A \u201cConvers\u00e3o de S\u00e3o Paulo\u201d, comemorada como festa patronal na Arquidiocese de S\u00e3o Paulo, nos convida a descobrir no Ap\u00f3stolo um ex\u00edmio educador dos crist\u00e3os na f\u00e9 em Cristo. O Ap\u00f3stolo n\u00e3o apenas se interessou em anunciar o Evangelho e dar in\u00edcio a comunidades crist\u00e3s, mas tamb\u00e9m as acompanhava, dando-lhos respaldo [&hellip;]\" \/>\n<meta property=\"og:url\" content=\"https:\/\/www.oarcanjo.net\/site\/paulo-pedagogo-dos-cristaos\/\" \/>\n<meta property=\"og:site_name\" content=\"O Arcanjo no ar\" \/>\n<meta property=\"article:publisher\" content=\"https:\/\/www.facebook.com\/OArcanjoNoAr\/\" \/>\n<meta property=\"article:published_time\" content=\"2014-01-22T12:08:50+00:00\" \/>\n<meta property=\"og:image\" content=\"https:\/\/www.oarcanjo.net\/site\/wp-content\/uploads\/logo-o-arcanjo-no-ar-facebook.png\" \/>\n\t<meta property=\"og:image:width\" content=\"300\" \/>\n\t<meta property=\"og:image:height\" content=\"300\" \/>\n\t<meta property=\"og:image:type\" content=\"image\/png\" \/>\n<meta name=\"author\" content=\"editor\" \/>\n<meta name=\"twitter:card\" content=\"summary_large_image\" \/>\n<meta name=\"twitter:label1\" content=\"Escrito por\" \/>\n\t<meta name=\"twitter:data1\" content=\"editor\" \/>\n\t<meta name=\"twitter:label2\" content=\"Est. tempo de leitura\" \/>\n\t<meta name=\"twitter:data2\" content=\"3 minutos\" \/>\n<script type=\"application\/ld+json\" class=\"yoast-schema-graph\">{\"@context\":\"https:\/\/schema.org\",\"@graph\":[{\"@type\":\"Article\",\"@id\":\"https:\/\/www.oarcanjo.net\/site\/paulo-pedagogo-dos-cristaos\/#article\",\"isPartOf\":{\"@id\":\"https:\/\/www.oarcanjo.net\/site\/paulo-pedagogo-dos-cristaos\/\"},\"author\":{\"name\":\"editor\",\"@id\":\"https:\/\/www.oarcanjo.net\/site\/#\/schema\/person\/f7024d007863202483a31326673a0838\"},\"headline\":\"Paulo, pedagogo dos crist\u00e3os\",\"datePublished\":\"2014-01-22T12:08:50+00:00\",\"dateModified\":\"2014-01-22T12:08:50+00:00\",\"mainEntityOfPage\":{\"@id\":\"https:\/\/www.oarcanjo.net\/site\/paulo-pedagogo-dos-cristaos\/\"},\"wordCount\":699,\"commentCount\":0,\"publisher\":{\"@id\":\"https:\/\/www.oarcanjo.net\/site\/#organization\"},\"keywords\":[\"ap\u00f3stolo\",\"convers\u00e3o\",\"f\u00e9\",\"S\u00e3o Paulo\",\"voca\u00e7\u00e3o\"],\"articleSection\":[\"Reflex\u00f5es\"],\"inLanguage\":\"pt-BR\",\"potentialAction\":[{\"@type\":\"CommentAction\",\"name\":\"Comment\",\"target\":[\"https:\/\/www.oarcanjo.net\/site\/paulo-pedagogo-dos-cristaos\/#respond\"]}]},{\"@type\":\"WebPage\",\"@id\":\"https:\/\/www.oarcanjo.net\/site\/paulo-pedagogo-dos-cristaos\/\",\"url\":\"https:\/\/www.oarcanjo.net\/site\/paulo-pedagogo-dos-cristaos\/\",\"name\":\"Paulo, pedagogo dos crist\u00e3os - O Arcanjo no ar\",\"isPartOf\":{\"@id\":\"https:\/\/www.oarcanjo.net\/site\/#website\"},\"datePublished\":\"2014-01-22T12:08:50+00:00\",\"dateModified\":\"2014-01-22T12:08:50+00:00\",\"breadcrumb\":{\"@id\":\"https:\/\/www.oarcanjo.net\/site\/paulo-pedagogo-dos-cristaos\/#breadcrumb\"},\"inLanguage\":\"pt-BR\",\"potentialAction\":[{\"@type\":\"ReadAction\",\"target\":[\"https:\/\/www.oarcanjo.net\/site\/paulo-pedagogo-dos-cristaos\/\"]}]},{\"@type\":\"BreadcrumbList\",\"@id\":\"https:\/\/www.oarcanjo.net\/site\/paulo-pedagogo-dos-cristaos\/#breadcrumb\",\"itemListElement\":[{\"@type\":\"ListItem\",\"position\":1,\"name\":\"In\u00edcio\",\"item\":\"https:\/\/www.oarcanjo.net\/site\/\"},{\"@type\":\"ListItem\",\"position\":2,\"name\":\"Paulo, pedagogo dos crist\u00e3os\"}]},{\"@type\":\"WebSite\",\"@id\":\"https:\/\/www.oarcanjo.net\/site\/#website\",\"url\":\"https:\/\/www.oarcanjo.net\/site\/\",\"name\":\"O Arcanjo no ar\",\"description\":\"Site da Par\u00f3quia S\u00e3o Miguel Arcanjo (Arquidiocese de SP)\",\"publisher\":{\"@id\":\"https:\/\/www.oarcanjo.net\/site\/#organization\"},\"potentialAction\":[{\"@type\":\"SearchAction\",\"target\":{\"@type\":\"EntryPoint\",\"urlTemplate\":\"https:\/\/www.oarcanjo.net\/site\/?s={search_term_string}\"},\"query-input\":{\"@type\":\"PropertyValueSpecification\",\"valueRequired\":true,\"valueName\":\"search_term_string\"}}],\"inLanguage\":\"pt-BR\"},{\"@type\":\"Organization\",\"@id\":\"https:\/\/www.oarcanjo.net\/site\/#organization\",\"name\":\"Par\u00f3quia S\u00e3o Miguel Arcanjo\",\"url\":\"https:\/\/www.oarcanjo.net\/site\/\",\"logo\":{\"@type\":\"ImageObject\",\"inLanguage\":\"pt-BR\",\"@id\":\"https:\/\/www.oarcanjo.net\/site\/#\/schema\/logo\/image\/\",\"url\":\"https:\/\/www.oarcanjo.net\/site\/wp-content\/uploads\/LogoOArcanjo.png\",\"contentUrl\":\"https:\/\/www.oarcanjo.net\/site\/wp-content\/uploads\/LogoOArcanjo.png\",\"width\":319,\"height\":99,\"caption\":\"Par\u00f3quia S\u00e3o Miguel Arcanjo\"},\"image\":{\"@id\":\"https:\/\/www.oarcanjo.net\/site\/#\/schema\/logo\/image\/\"},\"sameAs\":[\"https:\/\/www.facebook.com\/OArcanjoNoAr\/\"]},{\"@type\":\"Person\",\"@id\":\"https:\/\/www.oarcanjo.net\/site\/#\/schema\/person\/f7024d007863202483a31326673a0838\",\"name\":\"editor\",\"sameAs\":[\"http:\/\/www.oarcanjo.net\"]}]}<\/script>\n<!-- \/ Yoast SEO plugin. -->","yoast_head_json":{"title":"Paulo, pedagogo dos crist\u00e3os - O Arcanjo no ar","robots":{"index":"index","follow":"follow","max-snippet":"max-snippet:-1","max-image-preview":"max-image-preview:large","max-video-preview":"max-video-preview:-1"},"canonical":"https:\/\/www.oarcanjo.net\/site\/paulo-pedagogo-dos-cristaos\/","og_locale":"pt_BR","og_type":"article","og_title":"Paulo, pedagogo dos crist\u00e3os - O Arcanjo no ar","og_description":"Cardeal Odilo Pedro Scherer A \u201cConvers\u00e3o de S\u00e3o Paulo\u201d, comemorada como festa patronal na Arquidiocese de S\u00e3o Paulo, nos convida a descobrir no Ap\u00f3stolo um ex\u00edmio educador dos crist\u00e3os na f\u00e9 em Cristo. O Ap\u00f3stolo n\u00e3o apenas se interessou em anunciar o Evangelho e dar in\u00edcio a comunidades crist\u00e3s, mas tamb\u00e9m as acompanhava, dando-lhos respaldo [&hellip;]","og_url":"https:\/\/www.oarcanjo.net\/site\/paulo-pedagogo-dos-cristaos\/","og_site_name":"O Arcanjo no ar","article_publisher":"https:\/\/www.facebook.com\/OArcanjoNoAr\/","article_published_time":"2014-01-22T12:08:50+00:00","og_image":[{"width":300,"height":300,"url":"https:\/\/www.oarcanjo.net\/site\/wp-content\/uploads\/logo-o-arcanjo-no-ar-facebook.png","type":"image\/png"}],"author":"editor","twitter_card":"summary_large_image","twitter_misc":{"Escrito por":"editor","Est. tempo de leitura":"3 minutos"},"schema":{"@context":"https:\/\/schema.org","@graph":[{"@type":"Article","@id":"https:\/\/www.oarcanjo.net\/site\/paulo-pedagogo-dos-cristaos\/#article","isPartOf":{"@id":"https:\/\/www.oarcanjo.net\/site\/paulo-pedagogo-dos-cristaos\/"},"author":{"name":"editor","@id":"https:\/\/www.oarcanjo.net\/site\/#\/schema\/person\/f7024d007863202483a31326673a0838"},"headline":"Paulo, pedagogo dos crist\u00e3os","datePublished":"2014-01-22T12:08:50+00:00","dateModified":"2014-01-22T12:08:50+00:00","mainEntityOfPage":{"@id":"https:\/\/www.oarcanjo.net\/site\/paulo-pedagogo-dos-cristaos\/"},"wordCount":699,"commentCount":0,"publisher":{"@id":"https:\/\/www.oarcanjo.net\/site\/#organization"},"keywords":["ap\u00f3stolo","convers\u00e3o","f\u00e9","S\u00e3o Paulo","voca\u00e7\u00e3o"],"articleSection":["Reflex\u00f5es"],"inLanguage":"pt-BR","potentialAction":[{"@type":"CommentAction","name":"Comment","target":["https:\/\/www.oarcanjo.net\/site\/paulo-pedagogo-dos-cristaos\/#respond"]}]},{"@type":"WebPage","@id":"https:\/\/www.oarcanjo.net\/site\/paulo-pedagogo-dos-cristaos\/","url":"https:\/\/www.oarcanjo.net\/site\/paulo-pedagogo-dos-cristaos\/","name":"Paulo, pedagogo dos crist\u00e3os - O Arcanjo no ar","isPartOf":{"@id":"https:\/\/www.oarcanjo.net\/site\/#website"},"datePublished":"2014-01-22T12:08:50+00:00","dateModified":"2014-01-22T12:08:50+00:00","breadcrumb":{"@id":"https:\/\/www.oarcanjo.net\/site\/paulo-pedagogo-dos-cristaos\/#breadcrumb"},"inLanguage":"pt-BR","potentialAction":[{"@type":"ReadAction","target":["https:\/\/www.oarcanjo.net\/site\/paulo-pedagogo-dos-cristaos\/"]}]},{"@type":"BreadcrumbList","@id":"https:\/\/www.oarcanjo.net\/site\/paulo-pedagogo-dos-cristaos\/#breadcrumb","itemListElement":[{"@type":"ListItem","position":1,"name":"In\u00edcio","item":"https:\/\/www.oarcanjo.net\/site\/"},{"@type":"ListItem","position":2,"name":"Paulo, pedagogo dos crist\u00e3os"}]},{"@type":"WebSite","@id":"https:\/\/www.oarcanjo.net\/site\/#website","url":"https:\/\/www.oarcanjo.net\/site\/","name":"O Arcanjo no ar","description":"Site da Par\u00f3quia S\u00e3o Miguel Arcanjo (Arquidiocese de SP)","publisher":{"@id":"https:\/\/www.oarcanjo.net\/site\/#organization"},"potentialAction":[{"@type":"SearchAction","target":{"@type":"EntryPoint","urlTemplate":"https:\/\/www.oarcanjo.net\/site\/?s={search_term_string}"},"query-input":{"@type":"PropertyValueSpecification","valueRequired":true,"valueName":"search_term_string"}}],"inLanguage":"pt-BR"},{"@type":"Organization","@id":"https:\/\/www.oarcanjo.net\/site\/#organization","name":"Par\u00f3quia S\u00e3o Miguel Arcanjo","url":"https:\/\/www.oarcanjo.net\/site\/","logo":{"@type":"ImageObject","inLanguage":"pt-BR","@id":"https:\/\/www.oarcanjo.net\/site\/#\/schema\/logo\/image\/","url":"https:\/\/www.oarcanjo.net\/site\/wp-content\/uploads\/LogoOArcanjo.png","contentUrl":"https:\/\/www.oarcanjo.net\/site\/wp-content\/uploads\/LogoOArcanjo.png","width":319,"height":99,"caption":"Par\u00f3quia S\u00e3o Miguel Arcanjo"},"image":{"@id":"https:\/\/www.oarcanjo.net\/site\/#\/schema\/logo\/image\/"},"sameAs":["https:\/\/www.facebook.com\/OArcanjoNoAr\/"]},{"@type":"Person","@id":"https:\/\/www.oarcanjo.net\/site\/#\/schema\/person\/f7024d007863202483a31326673a0838","name":"editor","sameAs":["http:\/\/www.oarcanjo.net"]}]}},"publishpress_future_action":{"enabled":false,"date":"2026-05-08 22:53:37","action":"category","newStatus":"draft","terms":[],"taxonomy":"category"},"publishpress_future_workflow_manual_trigger":{"enabledWorkflows":[]},"_links":{"self":[{"href":"https:\/\/www.oarcanjo.net\/site\/wp-json\/wp\/v2\/posts\/24186"}],"collection":[{"href":"https:\/\/www.oarcanjo.net\/site\/wp-json\/wp\/v2\/posts"}],"about":[{"href":"https:\/\/www.oarcanjo.net\/site\/wp-json\/wp\/v2\/types\/post"}],"author":[{"embeddable":true,"href":"https:\/\/www.oarcanjo.net\/site\/wp-json\/wp\/v2\/users\/5"}],"replies":[{"embeddable":true,"href":"https:\/\/www.oarcanjo.net\/site\/wp-json\/wp\/v2\/comments?post=24186"}],"version-history":[{"count":0,"href":"https:\/\/www.oarcanjo.net\/site\/wp-json\/wp\/v2\/posts\/24186\/revisions"}],"wp:attachment":[{"href":"https:\/\/www.oarcanjo.net\/site\/wp-json\/wp\/v2\/media?parent=24186"}],"wp:term":[{"taxonomy":"category","embeddable":true,"href":"https:\/\/www.oarcanjo.net\/site\/wp-json\/wp\/v2\/categories?post=24186"},{"taxonomy":"post_tag","embeddable":true,"href":"https:\/\/www.oarcanjo.net\/site\/wp-json\/wp\/v2\/tags?post=24186"}],"curies":[{"name":"wp","href":"https:\/\/api.w.org\/{rel}","templated":true}]}}