
{"id":2420,"date":"2009-03-17T00:36:12","date_gmt":"2009-03-17T03:36:12","guid":{"rendered":"http:\/\/www.oarcanjo.net\/site\/?p=2420"},"modified":"2009-03-17T00:36:12","modified_gmt":"2009-03-17T03:36:12","slug":"a-filosofia-de-dom-helder","status":"publish","type":"post","link":"https:\/\/www.oarcanjo.net\/site\/a-filosofia-de-dom-helder\/","title":{"rendered":"A filosofia de Dom Helder"},"content":{"rendered":"<p>In\u00e1cio Strieder<\/p>\n<p>N\u00e3o vamos chamar dom Helder Camara de fil\u00f3sofo, no sentido acad\u00eamico. Mas ele possu\u00eda uma transparente filosofia de vida. Uma filosofia crist\u00e3 humanista. Nada do que \u00e9 humano lhe era estranho. E quais s\u00e3o as preocupa\u00e7\u00f5es humanas mais profundas? Buscar respostas em rela\u00e7\u00e3o \u00e0 humanidade, ao cosmos e ao absoluto que nos envolve. Dom Helder possu\u00eda uma compreens\u00e3o crist\u00e3 do ser humano. A partir desta antropologia se relacionava com todos os homens, buscando, para al\u00e9m de ra\u00e7as, etnias, castas, classes, g\u00eaneros, ideologias e religi\u00f5es, uma vida digna para todos os seres humanos. Desejava do fundo de seu cora\u00e7\u00e3o um s\u00e9culo 21 sem mis\u00e9ria. Lamentava a falta de solidariedade, fraternidade e justi\u00e7a entre os povos, dos ricos para com os pobres, do primeiro mundo para com os habitantes do terceiro mundo. Para ele, todas as guerras eram del\u00edrios loucos de homens desvairados. Os regimes e os indiv\u00edduos torturadores eram mais dignos de compaix\u00e3o do que os torturados. \u00c9 verdade, a dor era dos torturados, mas a vergonha, o nojo, o rebaixamento humano, ao estado mais vil da criatura, grudava nos torturadores e em seus mandantes.<\/p>\n<p>Todos os seres humanos eram filhos do Deus \u00fanico, criador do imenso universo, e presente na vida de cada um, e na natureza como um todo. Todas as criaturas vivas e n\u00e3o vivas, materiais e espirituais manifestam a grandiosidade de seu criador. Este Deus se manifesta no grande e no pequeno, Ele est\u00e1 para al\u00e9m do maior, e para aqu\u00e9m do menor. Nele estamos, nos movemos e somos. <\/p>\n<p>Naturalmente, dom Helder, situando o homem nos horizontes do imenso universo e de Deus, n\u00e3o podia desgastar sua vida olhando apenas para as picuinhas do dia a dia no pequeno mundo de uma diocese. Pode-se dizer que ele se entendia como um &#8220;bispo&#8221; da humanidade. Viajava pelo mundo palestrando, pregando, dialogando e orando. No Oriente asi\u00e1tico foi ouvido e homenageado pelos budistas, na Europa crist\u00e3os luteranos e calvinistas o prestigiaram, entre seus diplomas existe um conferido por entidades do candombl\u00e9, na ONU falou a pol\u00edticos das mais diversas ideologias. Sabia viver nos pal\u00e1cios reais e nas favelas. Mais de trinta universidades no mundo todo lhe deram o t\u00edtulo de doutor honoris Causa. Em toda parte falava de dignidade humana, de justi\u00e7a, de solidariedade de direitos humanos, de paz. <\/p>\n<p>Ele mesmo era uma pessoa culta. Escritor, poeta, orador, educador, falava franc\u00eas, ingl\u00eas, espanhol, al\u00e9m da l\u00edngua p\u00e1tria. Algu\u00e9m poderia perguntar: dom Helder era um g\u00eanio, ou donde lhe veio todo este dinamismo, e a habilidade de tanta mobilidade e sabedoria? Com certeza possu\u00eda dotes pessoais especiais, mas nada de extraordin\u00e1rio. Simplesmente levou a s\u00e9rio sua vida, e assumiu responsavelmente uma miss\u00e3o em sua vida. Ele mesmo dizia que o segredo de se conservar jovem era ter uma causa a que se dedicar. Desejava que cada um assumisse sua vida com os dons que Deus lhe concedia. Neste sentido, dom Helder n\u00e3o visava assistencialismos. Dizia que as pessoas eram pesadas demais para que as carreg\u00e1ssemos nos ombros. Era preciso carreg\u00e1-las no cora\u00e7\u00e3o, i.e. dar-lhes oportunidades para conquistarem uma vida digna. E uma tal vida digna somente nasceria com educa\u00e7\u00e3o, com trabalho, com justi\u00e7a e solidariedade. <\/p>\n<p>Dom Helder morreu, mas sua mensagem continua. Foi um homem que mereceu ter vivido na Terra. Pouco importa onde estejam seus restos mortais. O importante \u00e9 o exemplo de vida que demonstrou, e as mensagens que escreveu. Helderiano, ou helder\u00f3logo n\u00e3o \u00e9 aquele que alega ter vivido ao lado de dom Helder, ou ter participado de alguma equipe que ele criou. Prestigiar dom Helder em seu centen\u00e1rio n\u00e3o \u00e9 carregar seu boneco pelas ruas do Recife, n\u00e3o \u00e9 apenas fazer discursos elogiosos nas Assembleias ou no Senado da Rep\u00fablica, ou construir museus em sua mem\u00f3ria. Respeitar dom Helder \u00e9 muito mais. \u00c9 optar por uma vida em que n\u00e3o se calunia, n\u00e3o se humilha ningu\u00e9m, se respeita a todos e se busca a dignidade de todos os que n\u00e3o refletem esta dignidade em sua vida, \u00e9 construir uma vida sem obscuridades. A filosofia de dom Helder n\u00e3o foi a filosofia das academias, escrita apenas em livros, mas uma filosofia da vida humana, com dignidade em todas as suas dimens\u00f5es. <\/p>\n<p>Fonte: Revista Miss\u00f5es <\/p>\n<div id=\"themify_builder_content-2420\" data-postid=\"2420\" class=\"themify_builder_content themify_builder_content-2420 themify_builder themify_builder_front\">\n\t<\/div>\n<!-- \/themify_builder_content -->","protected":false},"excerpt":{"rendered":"<p>In\u00e1cio Strieder N\u00e3o vamos chamar dom Helder Camara de fil\u00f3sofo, no sentido acad\u00eamico. Mas ele possu\u00eda uma transparente filosofia de vida. Uma filosofia crist\u00e3 humanista. Nada do que \u00e9 humano lhe era estranho. E quais s\u00e3o as preocupa\u00e7\u00f5es humanas mais profundas? Buscar respostas em rela\u00e7\u00e3o \u00e0 humanidade, ao cosmos e ao absoluto que nos envolve. [&hellip;]<\/p>\n","protected":false},"author":5,"featured_media":0,"comment_status":"open","ping_status":"open","sticky":false,"template":"","format":"standard","meta":{"ngg_post_thumbnail":0,"footnotes":""},"categories":[192],"tags":[210,355],"yoast_head":"<!-- This site is optimized with the Yoast SEO plugin v23.5 - https:\/\/yoast.com\/wordpress\/plugins\/seo\/ -->\n<title>A filosofia de Dom Helder - O Arcanjo no ar<\/title>\n<meta name=\"robots\" content=\"index, follow, max-snippet:-1, max-image-preview:large, max-video-preview:-1\" \/>\n<link rel=\"canonical\" href=\"https:\/\/www.oarcanjo.net\/site\/a-filosofia-de-dom-helder\/\" \/>\n<meta property=\"og:locale\" content=\"pt_BR\" \/>\n<meta property=\"og:type\" content=\"article\" \/>\n<meta property=\"og:title\" content=\"A filosofia de Dom Helder - O Arcanjo no ar\" \/>\n<meta property=\"og:description\" content=\"In\u00e1cio Strieder N\u00e3o vamos chamar dom Helder Camara de fil\u00f3sofo, no sentido acad\u00eamico. Mas ele possu\u00eda uma transparente filosofia de vida. Uma filosofia crist\u00e3 humanista. Nada do que \u00e9 humano lhe era estranho. E quais s\u00e3o as preocupa\u00e7\u00f5es humanas mais profundas? Buscar respostas em rela\u00e7\u00e3o \u00e0 humanidade, ao cosmos e ao absoluto que nos envolve. [&hellip;]\" \/>\n<meta property=\"og:url\" content=\"https:\/\/www.oarcanjo.net\/site\/a-filosofia-de-dom-helder\/\" \/>\n<meta property=\"og:site_name\" content=\"O Arcanjo no ar\" \/>\n<meta property=\"article:publisher\" content=\"https:\/\/www.facebook.com\/OArcanjoNoAr\/\" \/>\n<meta property=\"article:published_time\" content=\"2009-03-17T03:36:12+00:00\" \/>\n<meta property=\"og:image\" content=\"https:\/\/www.oarcanjo.net\/site\/wp-content\/uploads\/logo-o-arcanjo-no-ar-facebook.png\" \/>\n\t<meta property=\"og:image:width\" content=\"300\" \/>\n\t<meta property=\"og:image:height\" content=\"300\" \/>\n\t<meta property=\"og:image:type\" content=\"image\/png\" \/>\n<meta name=\"author\" content=\"editor\" \/>\n<meta name=\"twitter:card\" content=\"summary_large_image\" \/>\n<meta name=\"twitter:label1\" content=\"Escrito por\" \/>\n\t<meta name=\"twitter:data1\" content=\"editor\" \/>\n\t<meta name=\"twitter:label2\" content=\"Est. tempo de leitura\" \/>\n\t<meta name=\"twitter:data2\" content=\"4 minutos\" \/>\n<script type=\"application\/ld+json\" class=\"yoast-schema-graph\">{\"@context\":\"https:\/\/schema.org\",\"@graph\":[{\"@type\":\"Article\",\"@id\":\"https:\/\/www.oarcanjo.net\/site\/a-filosofia-de-dom-helder\/#article\",\"isPartOf\":{\"@id\":\"https:\/\/www.oarcanjo.net\/site\/a-filosofia-de-dom-helder\/\"},\"author\":{\"name\":\"editor\",\"@id\":\"https:\/\/www.oarcanjo.net\/site\/#\/schema\/person\/f7024d007863202483a31326673a0838\"},\"headline\":\"A filosofia de Dom Helder\",\"datePublished\":\"2009-03-17T03:36:12+00:00\",\"dateModified\":\"2009-03-17T03:36:12+00:00\",\"mainEntityOfPage\":{\"@id\":\"https:\/\/www.oarcanjo.net\/site\/a-filosofia-de-dom-helder\/\"},\"wordCount\":756,\"commentCount\":0,\"publisher\":{\"@id\":\"https:\/\/www.oarcanjo.net\/site\/#organization\"},\"keywords\":[\"Dom Helder Camara\",\"filosofia\"],\"articleSection\":[\"D. Helder C\u00e2mara\"],\"inLanguage\":\"pt-BR\",\"potentialAction\":[{\"@type\":\"CommentAction\",\"name\":\"Comment\",\"target\":[\"https:\/\/www.oarcanjo.net\/site\/a-filosofia-de-dom-helder\/#respond\"]}]},{\"@type\":\"WebPage\",\"@id\":\"https:\/\/www.oarcanjo.net\/site\/a-filosofia-de-dom-helder\/\",\"url\":\"https:\/\/www.oarcanjo.net\/site\/a-filosofia-de-dom-helder\/\",\"name\":\"A filosofia de Dom Helder - O Arcanjo no ar\",\"isPartOf\":{\"@id\":\"https:\/\/www.oarcanjo.net\/site\/#website\"},\"datePublished\":\"2009-03-17T03:36:12+00:00\",\"dateModified\":\"2009-03-17T03:36:12+00:00\",\"breadcrumb\":{\"@id\":\"https:\/\/www.oarcanjo.net\/site\/a-filosofia-de-dom-helder\/#breadcrumb\"},\"inLanguage\":\"pt-BR\",\"potentialAction\":[{\"@type\":\"ReadAction\",\"target\":[\"https:\/\/www.oarcanjo.net\/site\/a-filosofia-de-dom-helder\/\"]}]},{\"@type\":\"BreadcrumbList\",\"@id\":\"https:\/\/www.oarcanjo.net\/site\/a-filosofia-de-dom-helder\/#breadcrumb\",\"itemListElement\":[{\"@type\":\"ListItem\",\"position\":1,\"name\":\"In\u00edcio\",\"item\":\"https:\/\/www.oarcanjo.net\/site\/\"},{\"@type\":\"ListItem\",\"position\":2,\"name\":\"A filosofia de Dom Helder\"}]},{\"@type\":\"WebSite\",\"@id\":\"https:\/\/www.oarcanjo.net\/site\/#website\",\"url\":\"https:\/\/www.oarcanjo.net\/site\/\",\"name\":\"O Arcanjo no ar\",\"description\":\"Site da Par\u00f3quia S\u00e3o Miguel Arcanjo (Arquidiocese de SP)\",\"publisher\":{\"@id\":\"https:\/\/www.oarcanjo.net\/site\/#organization\"},\"potentialAction\":[{\"@type\":\"SearchAction\",\"target\":{\"@type\":\"EntryPoint\",\"urlTemplate\":\"https:\/\/www.oarcanjo.net\/site\/?s={search_term_string}\"},\"query-input\":{\"@type\":\"PropertyValueSpecification\",\"valueRequired\":true,\"valueName\":\"search_term_string\"}}],\"inLanguage\":\"pt-BR\"},{\"@type\":\"Organization\",\"@id\":\"https:\/\/www.oarcanjo.net\/site\/#organization\",\"name\":\"Par\u00f3quia S\u00e3o Miguel Arcanjo\",\"url\":\"https:\/\/www.oarcanjo.net\/site\/\",\"logo\":{\"@type\":\"ImageObject\",\"inLanguage\":\"pt-BR\",\"@id\":\"https:\/\/www.oarcanjo.net\/site\/#\/schema\/logo\/image\/\",\"url\":\"https:\/\/www.oarcanjo.net\/site\/wp-content\/uploads\/LogoOArcanjo.png\",\"contentUrl\":\"https:\/\/www.oarcanjo.net\/site\/wp-content\/uploads\/LogoOArcanjo.png\",\"width\":319,\"height\":99,\"caption\":\"Par\u00f3quia S\u00e3o Miguel Arcanjo\"},\"image\":{\"@id\":\"https:\/\/www.oarcanjo.net\/site\/#\/schema\/logo\/image\/\"},\"sameAs\":[\"https:\/\/www.facebook.com\/OArcanjoNoAr\/\"]},{\"@type\":\"Person\",\"@id\":\"https:\/\/www.oarcanjo.net\/site\/#\/schema\/person\/f7024d007863202483a31326673a0838\",\"name\":\"editor\",\"sameAs\":[\"http:\/\/www.oarcanjo.net\"]}]}<\/script>\n<!-- \/ Yoast SEO plugin. -->","yoast_head_json":{"title":"A filosofia de Dom Helder - O Arcanjo no ar","robots":{"index":"index","follow":"follow","max-snippet":"max-snippet:-1","max-image-preview":"max-image-preview:large","max-video-preview":"max-video-preview:-1"},"canonical":"https:\/\/www.oarcanjo.net\/site\/a-filosofia-de-dom-helder\/","og_locale":"pt_BR","og_type":"article","og_title":"A filosofia de Dom Helder - O Arcanjo no ar","og_description":"In\u00e1cio Strieder N\u00e3o vamos chamar dom Helder Camara de fil\u00f3sofo, no sentido acad\u00eamico. Mas ele possu\u00eda uma transparente filosofia de vida. Uma filosofia crist\u00e3 humanista. Nada do que \u00e9 humano lhe era estranho. E quais s\u00e3o as preocupa\u00e7\u00f5es humanas mais profundas? Buscar respostas em rela\u00e7\u00e3o \u00e0 humanidade, ao cosmos e ao absoluto que nos envolve. [&hellip;]","og_url":"https:\/\/www.oarcanjo.net\/site\/a-filosofia-de-dom-helder\/","og_site_name":"O Arcanjo no ar","article_publisher":"https:\/\/www.facebook.com\/OArcanjoNoAr\/","article_published_time":"2009-03-17T03:36:12+00:00","og_image":[{"width":300,"height":300,"url":"https:\/\/www.oarcanjo.net\/site\/wp-content\/uploads\/logo-o-arcanjo-no-ar-facebook.png","type":"image\/png"}],"author":"editor","twitter_card":"summary_large_image","twitter_misc":{"Escrito por":"editor","Est. tempo de leitura":"4 minutos"},"schema":{"@context":"https:\/\/schema.org","@graph":[{"@type":"Article","@id":"https:\/\/www.oarcanjo.net\/site\/a-filosofia-de-dom-helder\/#article","isPartOf":{"@id":"https:\/\/www.oarcanjo.net\/site\/a-filosofia-de-dom-helder\/"},"author":{"name":"editor","@id":"https:\/\/www.oarcanjo.net\/site\/#\/schema\/person\/f7024d007863202483a31326673a0838"},"headline":"A filosofia de Dom Helder","datePublished":"2009-03-17T03:36:12+00:00","dateModified":"2009-03-17T03:36:12+00:00","mainEntityOfPage":{"@id":"https:\/\/www.oarcanjo.net\/site\/a-filosofia-de-dom-helder\/"},"wordCount":756,"commentCount":0,"publisher":{"@id":"https:\/\/www.oarcanjo.net\/site\/#organization"},"keywords":["Dom Helder Camara","filosofia"],"articleSection":["D. Helder C\u00e2mara"],"inLanguage":"pt-BR","potentialAction":[{"@type":"CommentAction","name":"Comment","target":["https:\/\/www.oarcanjo.net\/site\/a-filosofia-de-dom-helder\/#respond"]}]},{"@type":"WebPage","@id":"https:\/\/www.oarcanjo.net\/site\/a-filosofia-de-dom-helder\/","url":"https:\/\/www.oarcanjo.net\/site\/a-filosofia-de-dom-helder\/","name":"A filosofia de Dom Helder - O Arcanjo no ar","isPartOf":{"@id":"https:\/\/www.oarcanjo.net\/site\/#website"},"datePublished":"2009-03-17T03:36:12+00:00","dateModified":"2009-03-17T03:36:12+00:00","breadcrumb":{"@id":"https:\/\/www.oarcanjo.net\/site\/a-filosofia-de-dom-helder\/#breadcrumb"},"inLanguage":"pt-BR","potentialAction":[{"@type":"ReadAction","target":["https:\/\/www.oarcanjo.net\/site\/a-filosofia-de-dom-helder\/"]}]},{"@type":"BreadcrumbList","@id":"https:\/\/www.oarcanjo.net\/site\/a-filosofia-de-dom-helder\/#breadcrumb","itemListElement":[{"@type":"ListItem","position":1,"name":"In\u00edcio","item":"https:\/\/www.oarcanjo.net\/site\/"},{"@type":"ListItem","position":2,"name":"A filosofia de Dom Helder"}]},{"@type":"WebSite","@id":"https:\/\/www.oarcanjo.net\/site\/#website","url":"https:\/\/www.oarcanjo.net\/site\/","name":"O Arcanjo no ar","description":"Site da Par\u00f3quia S\u00e3o Miguel Arcanjo (Arquidiocese de SP)","publisher":{"@id":"https:\/\/www.oarcanjo.net\/site\/#organization"},"potentialAction":[{"@type":"SearchAction","target":{"@type":"EntryPoint","urlTemplate":"https:\/\/www.oarcanjo.net\/site\/?s={search_term_string}"},"query-input":{"@type":"PropertyValueSpecification","valueRequired":true,"valueName":"search_term_string"}}],"inLanguage":"pt-BR"},{"@type":"Organization","@id":"https:\/\/www.oarcanjo.net\/site\/#organization","name":"Par\u00f3quia S\u00e3o Miguel Arcanjo","url":"https:\/\/www.oarcanjo.net\/site\/","logo":{"@type":"ImageObject","inLanguage":"pt-BR","@id":"https:\/\/www.oarcanjo.net\/site\/#\/schema\/logo\/image\/","url":"https:\/\/www.oarcanjo.net\/site\/wp-content\/uploads\/LogoOArcanjo.png","contentUrl":"https:\/\/www.oarcanjo.net\/site\/wp-content\/uploads\/LogoOArcanjo.png","width":319,"height":99,"caption":"Par\u00f3quia S\u00e3o Miguel Arcanjo"},"image":{"@id":"https:\/\/www.oarcanjo.net\/site\/#\/schema\/logo\/image\/"},"sameAs":["https:\/\/www.facebook.com\/OArcanjoNoAr\/"]},{"@type":"Person","@id":"https:\/\/www.oarcanjo.net\/site\/#\/schema\/person\/f7024d007863202483a31326673a0838","name":"editor","sameAs":["http:\/\/www.oarcanjo.net"]}]}},"publishpress_future_action":{"enabled":false,"date":"2026-05-09 06:10:25","action":"category","newStatus":"draft","terms":[],"taxonomy":"category"},"publishpress_future_workflow_manual_trigger":{"enabledWorkflows":[]},"_links":{"self":[{"href":"https:\/\/www.oarcanjo.net\/site\/wp-json\/wp\/v2\/posts\/2420"}],"collection":[{"href":"https:\/\/www.oarcanjo.net\/site\/wp-json\/wp\/v2\/posts"}],"about":[{"href":"https:\/\/www.oarcanjo.net\/site\/wp-json\/wp\/v2\/types\/post"}],"author":[{"embeddable":true,"href":"https:\/\/www.oarcanjo.net\/site\/wp-json\/wp\/v2\/users\/5"}],"replies":[{"embeddable":true,"href":"https:\/\/www.oarcanjo.net\/site\/wp-json\/wp\/v2\/comments?post=2420"}],"version-history":[{"count":0,"href":"https:\/\/www.oarcanjo.net\/site\/wp-json\/wp\/v2\/posts\/2420\/revisions"}],"wp:attachment":[{"href":"https:\/\/www.oarcanjo.net\/site\/wp-json\/wp\/v2\/media?parent=2420"}],"wp:term":[{"taxonomy":"category","embeddable":true,"href":"https:\/\/www.oarcanjo.net\/site\/wp-json\/wp\/v2\/categories?post=2420"},{"taxonomy":"post_tag","embeddable":true,"href":"https:\/\/www.oarcanjo.net\/site\/wp-json\/wp\/v2\/tags?post=2420"}],"curies":[{"name":"wp","href":"https:\/\/api.w.org\/{rel}","templated":true}]}}