
{"id":24212,"date":"2014-01-28T10:54:06","date_gmt":"2014-01-28T12:54:06","guid":{"rendered":"http:\/\/www.oarcanjo.net\/site\/?p=24212"},"modified":"2014-01-28T10:57:52","modified_gmt":"2014-01-28T12:57:52","slug":"onde-estava-o-homem","status":"publish","type":"post","link":"https:\/\/www.oarcanjo.net\/site\/onde-estava-o-homem\/","title":{"rendered":"Onde estava o homem?"},"content":{"rendered":"<p><em>Cardeal Odilo Pedro Scherer<\/em><\/p>\n<p>Em vista do Dia Internacional da Mem\u00f3ria das V\u00edtimas do Holocausto, 27 de janeiro, foi celebrada ontem uma Missa na Catedral da S\u00e9, na qual tamb\u00e9m estiveram presentes numerosos membros da Comunidade Judaica de S\u00e3o Paulo.<\/p>\n<p>\u201cN\u00e3o viu nenhum homem a seu irm\u00e3o e n\u00e3o se levantou nenhum homem de seu lugar\u201d (\u00caxodo, 10:23). O vers\u00edculo que descreve a praga da escurid\u00e3o que se abateu sobre os eg\u00edpcios por tr\u00eas dias consecutivos abre margem para uma interpreta\u00e7\u00e3o metaf\u00f3rica daquela situa\u00e7\u00e3o.<\/p>\n<p>Os escravizadores tinham perdido toda sensibilidade e ficaram completamente cegos para os sofrimentos dos filhos de Israel; n\u00e3o eram mais capazes de enxergar a humanidade do pr\u00f3ximo, ainda que esta estivesse a poucos cent\u00edmetros de seus olhos.<\/p>\n<p>Talvez a praga da escurid\u00e3o, que se abateu sobre o Fara\u00f3 e seu povo, n\u00e3o se refira \u00e0 aus\u00eancia de luz, mas \u00e0 falta total de sensibilidade e considera\u00e7\u00e3o diante dos sofrimentos alheios. Haviam perdido a capacidade de se importar e ningu\u00e9m se moveu de seu lugar; todos aceitaram as ordens do Fara\u00f3 com cegueira covarde. Por isso diz o Pentateuco: \u201cnenhum homem viu seu irm\u00e3o\u201d.<\/p>\n<p>Tr\u00eas mil e quinhentos anos depois, a Europa nazi-fascista mostrou n\u00e3o ter aprendido a li\u00e7\u00e3o. Os novos eg\u00edpcios requintaram seus m\u00e9todos de tortura e assassinato. A escravid\u00e3o passou para os campos de trabalho for\u00e7ado. N\u00e3o apenas meninos rec\u00e9m-nascidos foram mortos, mas todos os que a loucura ariana considerava in\u00fateis ou inferiores.<\/p>\n<p>Diversos pensadores questionaram: como Deus permitiu que o Holocausto acontecesse? E como se pode ainda acreditar em Deus, depois de Auschwitz? Onde estava Deus num dos cap\u00edtulos mais terr\u00edveis da Hist\u00f3ria humana? As respostas s\u00e3o contradit\u00f3rias.<\/p>\n<p>Para Richard Rubenstein a \u00fanica resposta intelectualmente honesta para o Holocausto \u00e9 a rejei\u00e7\u00e3o de Deus e o reconhecimento de que toda a exist\u00eancia \u00e9 sem sentido. Para ele, Deus n\u00e3o se importa com o mundo. J\u00e1 Emil Fackenheim sugere que se olhe atentamente para o Holocausto e se encontre nele uma nova revela\u00e7\u00e3o de Deus; rejeitar Deus por causa do Holocausto significaria dar vit\u00f3ria p\u00f3stuma a Hitler. Segundo o rabino Eliezer Berkovits, o livre arb\u00edtrio humano s\u00f3 \u00e9 poss\u00edvel quando Deus permanece oculto; intervindo na Hist\u00f3ria, Deus anularia a liberdade humana e sua capacidade de fazer escolhas. Para o rabino Harold Kushner, Deus n\u00e3o \u00e9 onipotente e, portanto, n\u00e3o haveria contradi\u00e7\u00e3o entre a exist\u00eancia de um Deus bom e a maldade de certos humanos. Na pe\u00e7a \u201cO Julgamento de Deus\u201d, Elie Wiesel, coloca o Criador no banco dos r\u00e9us, com v\u00e1rios argumentos contra e a favor de Deus. A obra reflete experi\u00eancias vividas pessoalmente por Wiesel durante sua adolesc\u00eancia, em Auschwitz.<\/p>\n<p>Diante das trag\u00e9dias humanas, com freq\u00fc\u00eancia, buscamos causas que v\u00e3o al\u00e9m do \u00e2mbito das decis\u00f5es humanas. Ser\u00e1 esta a sa\u00edda adequada? Questionar-se sobre o lugar de Deus no Holocausto \u00e9 importante para toda pessoa de f\u00e9.<\/p>\n<p>Mas, como refletiu Bento XVI na visita ao campo de Auschwitz, em 2006: \u201cSomos incapazes de perscrutar o segredo de Deus; n\u00f3s vemos apenas fragmentos e enganamo-nos, se pretendemos arvorar-nos em ju\u00edzes de Deus e da Hist\u00f3ria\u201d. No entanto, devemos fazer-nos este outro questionamento, bem mais inc\u00f4modo: onde estava o homem?<\/p>\n<p>A Sho\u00e1 n\u00e3o foi obra de Deus ou de anjos malvados: foi de homens, com suas ideologias e sistemas desumanos, de pessoas incapazes de enxergar o outro: \u201cN\u00e3o viu nenhum homem a seu irm\u00e3o e n\u00e3o se levantou nenhum homem de seu lugar&#8221;.<\/p>\n<p>Somente quando buscamos e assumimos a responsabilidade do homem nos tornamos senhores da Hist\u00f3ria e desenvolvemos a possibilidade de educar as novas gera\u00e7\u00f5es para a modera\u00e7\u00e3o, o respeito e a paz.<\/p>\n<div id=\"themify_builder_content-24212\" data-postid=\"24212\" class=\"themify_builder_content themify_builder_content-24212 themify_builder themify_builder_front\">\n\t<\/div>\n<!-- \/themify_builder_content -->","protected":false},"excerpt":{"rendered":"<p>Cardeal Odilo Pedro Scherer Em vista do Dia Internacional da Mem\u00f3ria das V\u00edtimas do Holocausto, 27 de janeiro, foi celebrada ontem uma Missa na Catedral da S\u00e9, na qual tamb\u00e9m estiveram presentes numerosos membros da Comunidade Judaica de S\u00e3o Paulo. \u201cN\u00e3o viu nenhum homem a seu irm\u00e3o e n\u00e3o se levantou nenhum homem de seu [&hellip;]<\/p>\n","protected":false},"author":5,"featured_media":0,"comment_status":"open","ping_status":"open","sticky":false,"template":"","format":"standard","meta":{"ngg_post_thumbnail":0,"footnotes":""},"categories":[9],"tags":[1442,2937,2938,2939,183,2940],"yoast_head":"<!-- This site is optimized with the Yoast SEO plugin v23.5 - https:\/\/yoast.com\/wordpress\/plugins\/seo\/ -->\n<title>Onde estava o homem? - O Arcanjo no ar<\/title>\n<meta name=\"robots\" content=\"index, follow, max-snippet:-1, max-image-preview:large, max-video-preview:-1\" \/>\n<link rel=\"canonical\" href=\"https:\/\/www.oarcanjo.net\/site\/onde-estava-o-homem\/\" \/>\n<meta property=\"og:locale\" content=\"pt_BR\" \/>\n<meta property=\"og:type\" content=\"article\" \/>\n<meta property=\"og:title\" content=\"Onde estava o homem? - O Arcanjo no ar\" \/>\n<meta property=\"og:description\" content=\"Cardeal Odilo Pedro Scherer Em vista do Dia Internacional da Mem\u00f3ria das V\u00edtimas do Holocausto, 27 de janeiro, foi celebrada ontem uma Missa na Catedral da S\u00e9, na qual tamb\u00e9m estiveram presentes numerosos membros da Comunidade Judaica de S\u00e3o Paulo. \u201cN\u00e3o viu nenhum homem a seu irm\u00e3o e n\u00e3o se levantou nenhum homem de seu [&hellip;]\" \/>\n<meta property=\"og:url\" content=\"https:\/\/www.oarcanjo.net\/site\/onde-estava-o-homem\/\" \/>\n<meta property=\"og:site_name\" content=\"O Arcanjo no ar\" \/>\n<meta property=\"article:publisher\" content=\"https:\/\/www.facebook.com\/OArcanjoNoAr\/\" \/>\n<meta property=\"article:published_time\" content=\"2014-01-28T12:54:06+00:00\" \/>\n<meta property=\"article:modified_time\" content=\"2014-01-28T12:57:52+00:00\" \/>\n<meta property=\"og:image\" content=\"https:\/\/www.oarcanjo.net\/site\/wp-content\/uploads\/logo-o-arcanjo-no-ar-facebook.png\" \/>\n\t<meta property=\"og:image:width\" content=\"300\" \/>\n\t<meta property=\"og:image:height\" content=\"300\" \/>\n\t<meta property=\"og:image:type\" content=\"image\/png\" \/>\n<meta name=\"author\" content=\"editor\" \/>\n<meta name=\"twitter:card\" content=\"summary_large_image\" \/>\n<meta name=\"twitter:label1\" content=\"Escrito por\" \/>\n\t<meta name=\"twitter:data1\" content=\"editor\" \/>\n\t<meta name=\"twitter:label2\" content=\"Est. tempo de leitura\" \/>\n\t<meta name=\"twitter:data2\" content=\"3 minutos\" \/>\n<script type=\"application\/ld+json\" class=\"yoast-schema-graph\">{\"@context\":\"https:\/\/schema.org\",\"@graph\":[{\"@type\":\"Article\",\"@id\":\"https:\/\/www.oarcanjo.net\/site\/onde-estava-o-homem\/#article\",\"isPartOf\":{\"@id\":\"https:\/\/www.oarcanjo.net\/site\/onde-estava-o-homem\/\"},\"author\":{\"name\":\"editor\",\"@id\":\"https:\/\/www.oarcanjo.net\/site\/#\/schema\/person\/f7024d007863202483a31326673a0838\"},\"headline\":\"Onde estava o homem?\",\"datePublished\":\"2014-01-28T12:54:06+00:00\",\"dateModified\":\"2014-01-28T12:57:52+00:00\",\"mainEntityOfPage\":{\"@id\":\"https:\/\/www.oarcanjo.net\/site\/onde-estava-o-homem\/\"},\"wordCount\":664,\"commentCount\":0,\"publisher\":{\"@id\":\"https:\/\/www.oarcanjo.net\/site\/#organization\"},\"keywords\":[\"Auschwitz\",\"Hitler\",\"Holocaust\",\"Judaica\",\"judeus\",\"Sho\u00e1\"],\"articleSection\":[\"Reflex\u00f5es\"],\"inLanguage\":\"pt-BR\",\"potentialAction\":[{\"@type\":\"CommentAction\",\"name\":\"Comment\",\"target\":[\"https:\/\/www.oarcanjo.net\/site\/onde-estava-o-homem\/#respond\"]}]},{\"@type\":\"WebPage\",\"@id\":\"https:\/\/www.oarcanjo.net\/site\/onde-estava-o-homem\/\",\"url\":\"https:\/\/www.oarcanjo.net\/site\/onde-estava-o-homem\/\",\"name\":\"Onde estava o homem? - O Arcanjo no ar\",\"isPartOf\":{\"@id\":\"https:\/\/www.oarcanjo.net\/site\/#website\"},\"datePublished\":\"2014-01-28T12:54:06+00:00\",\"dateModified\":\"2014-01-28T12:57:52+00:00\",\"breadcrumb\":{\"@id\":\"https:\/\/www.oarcanjo.net\/site\/onde-estava-o-homem\/#breadcrumb\"},\"inLanguage\":\"pt-BR\",\"potentialAction\":[{\"@type\":\"ReadAction\",\"target\":[\"https:\/\/www.oarcanjo.net\/site\/onde-estava-o-homem\/\"]}]},{\"@type\":\"BreadcrumbList\",\"@id\":\"https:\/\/www.oarcanjo.net\/site\/onde-estava-o-homem\/#breadcrumb\",\"itemListElement\":[{\"@type\":\"ListItem\",\"position\":1,\"name\":\"In\u00edcio\",\"item\":\"https:\/\/www.oarcanjo.net\/site\/\"},{\"@type\":\"ListItem\",\"position\":2,\"name\":\"Onde estava o homem?\"}]},{\"@type\":\"WebSite\",\"@id\":\"https:\/\/www.oarcanjo.net\/site\/#website\",\"url\":\"https:\/\/www.oarcanjo.net\/site\/\",\"name\":\"O Arcanjo no ar\",\"description\":\"Site da Par\u00f3quia S\u00e3o Miguel Arcanjo (Arquidiocese de SP)\",\"publisher\":{\"@id\":\"https:\/\/www.oarcanjo.net\/site\/#organization\"},\"potentialAction\":[{\"@type\":\"SearchAction\",\"target\":{\"@type\":\"EntryPoint\",\"urlTemplate\":\"https:\/\/www.oarcanjo.net\/site\/?s={search_term_string}\"},\"query-input\":{\"@type\":\"PropertyValueSpecification\",\"valueRequired\":true,\"valueName\":\"search_term_string\"}}],\"inLanguage\":\"pt-BR\"},{\"@type\":\"Organization\",\"@id\":\"https:\/\/www.oarcanjo.net\/site\/#organization\",\"name\":\"Par\u00f3quia S\u00e3o Miguel Arcanjo\",\"url\":\"https:\/\/www.oarcanjo.net\/site\/\",\"logo\":{\"@type\":\"ImageObject\",\"inLanguage\":\"pt-BR\",\"@id\":\"https:\/\/www.oarcanjo.net\/site\/#\/schema\/logo\/image\/\",\"url\":\"https:\/\/www.oarcanjo.net\/site\/wp-content\/uploads\/LogoOArcanjo.png\",\"contentUrl\":\"https:\/\/www.oarcanjo.net\/site\/wp-content\/uploads\/LogoOArcanjo.png\",\"width\":319,\"height\":99,\"caption\":\"Par\u00f3quia S\u00e3o Miguel Arcanjo\"},\"image\":{\"@id\":\"https:\/\/www.oarcanjo.net\/site\/#\/schema\/logo\/image\/\"},\"sameAs\":[\"https:\/\/www.facebook.com\/OArcanjoNoAr\/\"]},{\"@type\":\"Person\",\"@id\":\"https:\/\/www.oarcanjo.net\/site\/#\/schema\/person\/f7024d007863202483a31326673a0838\",\"name\":\"editor\",\"sameAs\":[\"http:\/\/www.oarcanjo.net\"]}]}<\/script>\n<!-- \/ Yoast SEO plugin. -->","yoast_head_json":{"title":"Onde estava o homem? - O Arcanjo no ar","robots":{"index":"index","follow":"follow","max-snippet":"max-snippet:-1","max-image-preview":"max-image-preview:large","max-video-preview":"max-video-preview:-1"},"canonical":"https:\/\/www.oarcanjo.net\/site\/onde-estava-o-homem\/","og_locale":"pt_BR","og_type":"article","og_title":"Onde estava o homem? - O Arcanjo no ar","og_description":"Cardeal Odilo Pedro Scherer Em vista do Dia Internacional da Mem\u00f3ria das V\u00edtimas do Holocausto, 27 de janeiro, foi celebrada ontem uma Missa na Catedral da S\u00e9, na qual tamb\u00e9m estiveram presentes numerosos membros da Comunidade Judaica de S\u00e3o Paulo. \u201cN\u00e3o viu nenhum homem a seu irm\u00e3o e n\u00e3o se levantou nenhum homem de seu [&hellip;]","og_url":"https:\/\/www.oarcanjo.net\/site\/onde-estava-o-homem\/","og_site_name":"O Arcanjo no ar","article_publisher":"https:\/\/www.facebook.com\/OArcanjoNoAr\/","article_published_time":"2014-01-28T12:54:06+00:00","article_modified_time":"2014-01-28T12:57:52+00:00","og_image":[{"width":300,"height":300,"url":"https:\/\/www.oarcanjo.net\/site\/wp-content\/uploads\/logo-o-arcanjo-no-ar-facebook.png","type":"image\/png"}],"author":"editor","twitter_card":"summary_large_image","twitter_misc":{"Escrito por":"editor","Est. tempo de leitura":"3 minutos"},"schema":{"@context":"https:\/\/schema.org","@graph":[{"@type":"Article","@id":"https:\/\/www.oarcanjo.net\/site\/onde-estava-o-homem\/#article","isPartOf":{"@id":"https:\/\/www.oarcanjo.net\/site\/onde-estava-o-homem\/"},"author":{"name":"editor","@id":"https:\/\/www.oarcanjo.net\/site\/#\/schema\/person\/f7024d007863202483a31326673a0838"},"headline":"Onde estava o homem?","datePublished":"2014-01-28T12:54:06+00:00","dateModified":"2014-01-28T12:57:52+00:00","mainEntityOfPage":{"@id":"https:\/\/www.oarcanjo.net\/site\/onde-estava-o-homem\/"},"wordCount":664,"commentCount":0,"publisher":{"@id":"https:\/\/www.oarcanjo.net\/site\/#organization"},"keywords":["Auschwitz","Hitler","Holocaust","Judaica","judeus","Sho\u00e1"],"articleSection":["Reflex\u00f5es"],"inLanguage":"pt-BR","potentialAction":[{"@type":"CommentAction","name":"Comment","target":["https:\/\/www.oarcanjo.net\/site\/onde-estava-o-homem\/#respond"]}]},{"@type":"WebPage","@id":"https:\/\/www.oarcanjo.net\/site\/onde-estava-o-homem\/","url":"https:\/\/www.oarcanjo.net\/site\/onde-estava-o-homem\/","name":"Onde estava o homem? - O Arcanjo no ar","isPartOf":{"@id":"https:\/\/www.oarcanjo.net\/site\/#website"},"datePublished":"2014-01-28T12:54:06+00:00","dateModified":"2014-01-28T12:57:52+00:00","breadcrumb":{"@id":"https:\/\/www.oarcanjo.net\/site\/onde-estava-o-homem\/#breadcrumb"},"inLanguage":"pt-BR","potentialAction":[{"@type":"ReadAction","target":["https:\/\/www.oarcanjo.net\/site\/onde-estava-o-homem\/"]}]},{"@type":"BreadcrumbList","@id":"https:\/\/www.oarcanjo.net\/site\/onde-estava-o-homem\/#breadcrumb","itemListElement":[{"@type":"ListItem","position":1,"name":"In\u00edcio","item":"https:\/\/www.oarcanjo.net\/site\/"},{"@type":"ListItem","position":2,"name":"Onde estava o homem?"}]},{"@type":"WebSite","@id":"https:\/\/www.oarcanjo.net\/site\/#website","url":"https:\/\/www.oarcanjo.net\/site\/","name":"O Arcanjo no ar","description":"Site da Par\u00f3quia S\u00e3o Miguel Arcanjo (Arquidiocese de SP)","publisher":{"@id":"https:\/\/www.oarcanjo.net\/site\/#organization"},"potentialAction":[{"@type":"SearchAction","target":{"@type":"EntryPoint","urlTemplate":"https:\/\/www.oarcanjo.net\/site\/?s={search_term_string}"},"query-input":{"@type":"PropertyValueSpecification","valueRequired":true,"valueName":"search_term_string"}}],"inLanguage":"pt-BR"},{"@type":"Organization","@id":"https:\/\/www.oarcanjo.net\/site\/#organization","name":"Par\u00f3quia S\u00e3o Miguel Arcanjo","url":"https:\/\/www.oarcanjo.net\/site\/","logo":{"@type":"ImageObject","inLanguage":"pt-BR","@id":"https:\/\/www.oarcanjo.net\/site\/#\/schema\/logo\/image\/","url":"https:\/\/www.oarcanjo.net\/site\/wp-content\/uploads\/LogoOArcanjo.png","contentUrl":"https:\/\/www.oarcanjo.net\/site\/wp-content\/uploads\/LogoOArcanjo.png","width":319,"height":99,"caption":"Par\u00f3quia S\u00e3o Miguel Arcanjo"},"image":{"@id":"https:\/\/www.oarcanjo.net\/site\/#\/schema\/logo\/image\/"},"sameAs":["https:\/\/www.facebook.com\/OArcanjoNoAr\/"]},{"@type":"Person","@id":"https:\/\/www.oarcanjo.net\/site\/#\/schema\/person\/f7024d007863202483a31326673a0838","name":"editor","sameAs":["http:\/\/www.oarcanjo.net"]}]}},"publishpress_future_action":{"enabled":false,"date":"2026-05-08 22:54:20","action":"category","newStatus":"draft","terms":[],"taxonomy":"category"},"publishpress_future_workflow_manual_trigger":{"enabledWorkflows":[]},"_links":{"self":[{"href":"https:\/\/www.oarcanjo.net\/site\/wp-json\/wp\/v2\/posts\/24212"}],"collection":[{"href":"https:\/\/www.oarcanjo.net\/site\/wp-json\/wp\/v2\/posts"}],"about":[{"href":"https:\/\/www.oarcanjo.net\/site\/wp-json\/wp\/v2\/types\/post"}],"author":[{"embeddable":true,"href":"https:\/\/www.oarcanjo.net\/site\/wp-json\/wp\/v2\/users\/5"}],"replies":[{"embeddable":true,"href":"https:\/\/www.oarcanjo.net\/site\/wp-json\/wp\/v2\/comments?post=24212"}],"version-history":[{"count":0,"href":"https:\/\/www.oarcanjo.net\/site\/wp-json\/wp\/v2\/posts\/24212\/revisions"}],"wp:attachment":[{"href":"https:\/\/www.oarcanjo.net\/site\/wp-json\/wp\/v2\/media?parent=24212"}],"wp:term":[{"taxonomy":"category","embeddable":true,"href":"https:\/\/www.oarcanjo.net\/site\/wp-json\/wp\/v2\/categories?post=24212"},{"taxonomy":"post_tag","embeddable":true,"href":"https:\/\/www.oarcanjo.net\/site\/wp-json\/wp\/v2\/tags?post=24212"}],"curies":[{"name":"wp","href":"https:\/\/api.w.org\/{rel}","templated":true}]}}