
{"id":24215,"date":"2014-01-30T16:13:54","date_gmt":"2014-01-30T18:13:54","guid":{"rendered":"http:\/\/www.oarcanjo.net\/site\/?p=24215"},"modified":"2014-01-30T16:13:54","modified_gmt":"2014-01-30T18:13:54","slug":"terra-de-zabulon-terra-das-periferias","status":"publish","type":"post","link":"https:\/\/www.oarcanjo.net\/site\/terra-de-zabulon-terra-das-periferias\/","title":{"rendered":"Terra de Zabulon, terra das periferias"},"content":{"rendered":"<p><em>Cardeal Odilo Pedro Scherer<\/em><\/p>\n<p>Muito interessante a mensagem do 3\u00ba Domingo do Tempo Comum, celebrado no dia 26 de janeiro. Fala do in\u00edcio da miss\u00e3o p\u00fablica de Jesus, depois da pris\u00e3o de Jo\u00e3o Batista (cf. Mt 4, 12-23).<\/p>\n<p>Jesus deixa Nazar\u00e9, onde passou a fase de sua vida oculta, e fixa morada em Cafarnaum, iniciando sua miss\u00e3o p\u00fablica junto do mar da Galileia. Vai anunciando que o Reino de Deus est\u00e1 perto e chama as pessoas a acolherem essa Boa Nova e a se voltarem para o Reino de Deus. Logo vai juntando muita gente ao seu redor; trazem-lhe doentes, pessoas com problemas de todos os tipos, que Jesus atende e cura. E vai chamando disc\u00edpulos a seguirem atr\u00e1s dele.<\/p>\n<p>Chama a aten\u00e7\u00e3o o fato de Jesus n\u00e3o come\u00e7ar a pregar em Jerusal\u00e9m, no templo, no \u201dcentro\u201d&#8230; Ele come\u00e7a pela periferia, em regi\u00f5es tidas at\u00e9 mesmo como \u201clugar de trevas\u201d, gente meio pag\u00e3, id\u00f3latra&#8230; A \u201cterra de Zabulon\u201d, na Galileia, ainda hoje faz divisa com o sul do L\u00edbano e com a S\u00edria; a \u201cterra de Neftali\u201d, do outro lado do Jord\u00e3o, ia para dentro do L\u00edbano e da S\u00edria atuais. Essas regi\u00f5es, meio pag\u00e3s e contagiadas pela idolatria dos povos vizinhos, no tempo de Jesus, constitu\u00edam a \u201cGalileia dos gentios\u201d.<\/p>\n<p>\u00c9 l\u00e1 que Jesus faz ressoar o bom an\u00fancio da proximidade do Reino de Deus. Mateus v\u00ea, assim, realizada a profecia de Isa\u00edas, que falava da luz que resplandece para aqueles que viviam nas trevas e na \u201cregi\u00e3o escura da morte\u201d (cf. Is 9,1). \u00c9 Jesus a luz de Deus que resplandece e ilumina os homens esquecidos e at\u00e9 desprezados, fazendo-os reviver e ter esperan\u00e7a. N\u00e3o foram esquecidos por Deus, que lhes enviou seu Filho.<\/p>\n<p>A realiza\u00e7\u00e3o dessa profecia continua ao longo da hist\u00f3ria atrav\u00e9s da vida e da atua\u00e7\u00e3o da Igreja. Tamb\u00e9m isso aparece j\u00e1 no in\u00edcio da prega\u00e7\u00e3o p\u00fablica de Jesus, que chama ap\u00f3stolos para o seguirem e para serem, depois, enviados em miss\u00e3o, com a sua pr\u00f3pria autoridade. Em v\u00e1rios momentos, Jesus enviou os disc\u00edpulos em miss\u00e3o, para anunciarem a Boa Nova do Reino de Deus; finalmente, ap\u00f3s a ressurrei\u00e7\u00e3o, enviou os ap\u00f3stolos, na for\u00e7a do Esp\u00edrito Santo, para continuarem a sua miss\u00e3o \u201cat\u00e9 o fim dos tempos\u201d.<\/p>\n<p>O papa Francisco, em nossos dias, tem incentivado a Igreja para ir \u00e0s periferias da humanidade. Talvez ficamos muito sossegados, cuidando mais de quem j\u00e1 est\u00e1 no \u201ccentro\u201d e cujo cuidado absorve todas as nossas energias e todo o nosso tempo. A Igreja \u00e9 enviada, n\u00e3o apenas \u00e0s periferias geogr\u00e1ficas, mas tamb\u00e9m sociais, econ\u00f4micas, pol\u00edticas e mesmo religiosas. As \u201cperiferias\u201d podem estar mesmo no centro de nossa cidade; elas n\u00e3o est\u00e3o longe de n\u00f3s; basta abrir os olhos.<\/p>\n<p>O Evangelho \u00e9 luz para todos, mas onde as pessoas j\u00e1 acham que vivem \u201cna luz\u201d, ele \u00e9 menos bem acolhido e tem menos fruto. A Boa Nova do Reino de Deus, dirigida ao povo relegado \u00e0s periferias, redime, resgata e salva essas pessoas, fazendo-as viver e dando-lhes esperan\u00e7a. Os fi\u00e9is em Cristo, se desejam ser fi\u00e9is a ele, precisam imitar o seu exemplo e fazer como ele.<\/p>\n<p>De maneira significativa, neste mesmo domingo, foi feito o envio mission\u00e1rio de tr\u00eas religiosas do Regional Sul 1 para a Diocese de Alto Solim\u00f5es, no Regional Norte 1, na extrema periferia noroeste do Brasil; e o padre Fabiano, da Arquidiocese de S\u00e3o Paulo, como mission\u00e1rio fidei donum, para a Diocese de Castanhal, no Par\u00e1. Que Deus nos ajude a sermos uma Igreja verdadeiramente mission\u00e1ria, disposta a levar a Boa Nova do Reino de Deus \u00e0s terras de Zabulon e Neftali dos nossos dias&#8230;<\/p>\n<div id=\"themify_builder_content-24215\" data-postid=\"24215\" class=\"themify_builder_content themify_builder_content-24215 themify_builder themify_builder_front\">\n\t<\/div>\n<!-- \/themify_builder_content -->","protected":false},"excerpt":{"rendered":"<p>Cardeal Odilo Pedro Scherer Muito interessante a mensagem do 3\u00ba Domingo do Tempo Comum, celebrado no dia 26 de janeiro. Fala do in\u00edcio da miss\u00e3o p\u00fablica de Jesus, depois da pris\u00e3o de Jo\u00e3o Batista (cf. Mt 4, 12-23). Jesus deixa Nazar\u00e9, onde passou a fase de sua vida oculta, e fixa morada em Cafarnaum, iniciando [&hellip;]<\/p>\n","protected":false},"author":5,"featured_media":0,"comment_status":"open","ping_status":"open","sticky":false,"template":"","format":"standard","meta":{"ngg_post_thumbnail":0,"footnotes":""},"categories":[9],"tags":[2941,2139,1823,498,2942,389],"yoast_head":"<!-- This site is optimized with the Yoast SEO plugin v23.5 - https:\/\/yoast.com\/wordpress\/plugins\/seo\/ -->\n<title>Terra de Zabulon, terra das periferias - O Arcanjo no ar<\/title>\n<meta name=\"robots\" content=\"index, follow, max-snippet:-1, max-image-preview:large, max-video-preview:-1\" \/>\n<link rel=\"canonical\" href=\"https:\/\/www.oarcanjo.net\/site\/terra-de-zabulon-terra-das-periferias\/\" \/>\n<meta property=\"og:locale\" content=\"pt_BR\" \/>\n<meta property=\"og:type\" content=\"article\" \/>\n<meta property=\"og:title\" content=\"Terra de Zabulon, terra das periferias - O Arcanjo no ar\" \/>\n<meta property=\"og:description\" content=\"Cardeal Odilo Pedro Scherer Muito interessante a mensagem do 3\u00ba Domingo do Tempo Comum, celebrado no dia 26 de janeiro. Fala do in\u00edcio da miss\u00e3o p\u00fablica de Jesus, depois da pris\u00e3o de Jo\u00e3o Batista (cf. Mt 4, 12-23). Jesus deixa Nazar\u00e9, onde passou a fase de sua vida oculta, e fixa morada em Cafarnaum, iniciando [&hellip;]\" \/>\n<meta property=\"og:url\" content=\"https:\/\/www.oarcanjo.net\/site\/terra-de-zabulon-terra-das-periferias\/\" \/>\n<meta property=\"og:site_name\" content=\"O Arcanjo no ar\" \/>\n<meta property=\"article:publisher\" content=\"https:\/\/www.facebook.com\/OArcanjoNoAr\/\" \/>\n<meta property=\"article:published_time\" content=\"2014-01-30T18:13:54+00:00\" \/>\n<meta property=\"og:image\" content=\"https:\/\/www.oarcanjo.net\/site\/wp-content\/uploads\/logo-o-arcanjo-no-ar-facebook.png\" \/>\n\t<meta property=\"og:image:width\" content=\"300\" \/>\n\t<meta property=\"og:image:height\" content=\"300\" \/>\n\t<meta property=\"og:image:type\" content=\"image\/png\" \/>\n<meta name=\"author\" content=\"editor\" \/>\n<meta name=\"twitter:card\" content=\"summary_large_image\" \/>\n<meta name=\"twitter:label1\" content=\"Escrito por\" \/>\n\t<meta name=\"twitter:data1\" content=\"editor\" \/>\n\t<meta name=\"twitter:label2\" content=\"Est. tempo de leitura\" \/>\n\t<meta name=\"twitter:data2\" content=\"3 minutos\" \/>\n<script type=\"application\/ld+json\" class=\"yoast-schema-graph\">{\"@context\":\"https:\/\/schema.org\",\"@graph\":[{\"@type\":\"Article\",\"@id\":\"https:\/\/www.oarcanjo.net\/site\/terra-de-zabulon-terra-das-periferias\/#article\",\"isPartOf\":{\"@id\":\"https:\/\/www.oarcanjo.net\/site\/terra-de-zabulon-terra-das-periferias\/\"},\"author\":{\"name\":\"editor\",\"@id\":\"https:\/\/www.oarcanjo.net\/site\/#\/schema\/person\/f7024d007863202483a31326673a0838\"},\"headline\":\"Terra de Zabulon, terra das periferias\",\"datePublished\":\"2014-01-30T18:13:54+00:00\",\"dateModified\":\"2014-01-30T18:13:54+00:00\",\"mainEntityOfPage\":{\"@id\":\"https:\/\/www.oarcanjo.net\/site\/terra-de-zabulon-terra-das-periferias\/\"},\"wordCount\":662,\"commentCount\":0,\"publisher\":{\"@id\":\"https:\/\/www.oarcanjo.net\/site\/#organization\"},\"keywords\":[\"3\u00ba Domingo do Tempo Comum\",\"an\u00fancio\",\"Boa Nova\",\"miss\u00e3o\",\"Periferias\",\"Reino de Deus\"],\"articleSection\":[\"Reflex\u00f5es\"],\"inLanguage\":\"pt-BR\",\"potentialAction\":[{\"@type\":\"CommentAction\",\"name\":\"Comment\",\"target\":[\"https:\/\/www.oarcanjo.net\/site\/terra-de-zabulon-terra-das-periferias\/#respond\"]}]},{\"@type\":\"WebPage\",\"@id\":\"https:\/\/www.oarcanjo.net\/site\/terra-de-zabulon-terra-das-periferias\/\",\"url\":\"https:\/\/www.oarcanjo.net\/site\/terra-de-zabulon-terra-das-periferias\/\",\"name\":\"Terra de Zabulon, terra das periferias - O Arcanjo no ar\",\"isPartOf\":{\"@id\":\"https:\/\/www.oarcanjo.net\/site\/#website\"},\"datePublished\":\"2014-01-30T18:13:54+00:00\",\"dateModified\":\"2014-01-30T18:13:54+00:00\",\"breadcrumb\":{\"@id\":\"https:\/\/www.oarcanjo.net\/site\/terra-de-zabulon-terra-das-periferias\/#breadcrumb\"},\"inLanguage\":\"pt-BR\",\"potentialAction\":[{\"@type\":\"ReadAction\",\"target\":[\"https:\/\/www.oarcanjo.net\/site\/terra-de-zabulon-terra-das-periferias\/\"]}]},{\"@type\":\"BreadcrumbList\",\"@id\":\"https:\/\/www.oarcanjo.net\/site\/terra-de-zabulon-terra-das-periferias\/#breadcrumb\",\"itemListElement\":[{\"@type\":\"ListItem\",\"position\":1,\"name\":\"In\u00edcio\",\"item\":\"https:\/\/www.oarcanjo.net\/site\/\"},{\"@type\":\"ListItem\",\"position\":2,\"name\":\"Terra de Zabulon, terra das periferias\"}]},{\"@type\":\"WebSite\",\"@id\":\"https:\/\/www.oarcanjo.net\/site\/#website\",\"url\":\"https:\/\/www.oarcanjo.net\/site\/\",\"name\":\"O Arcanjo no ar\",\"description\":\"Site da Par\u00f3quia S\u00e3o Miguel Arcanjo (Arquidiocese de SP)\",\"publisher\":{\"@id\":\"https:\/\/www.oarcanjo.net\/site\/#organization\"},\"potentialAction\":[{\"@type\":\"SearchAction\",\"target\":{\"@type\":\"EntryPoint\",\"urlTemplate\":\"https:\/\/www.oarcanjo.net\/site\/?s={search_term_string}\"},\"query-input\":{\"@type\":\"PropertyValueSpecification\",\"valueRequired\":true,\"valueName\":\"search_term_string\"}}],\"inLanguage\":\"pt-BR\"},{\"@type\":\"Organization\",\"@id\":\"https:\/\/www.oarcanjo.net\/site\/#organization\",\"name\":\"Par\u00f3quia S\u00e3o Miguel Arcanjo\",\"url\":\"https:\/\/www.oarcanjo.net\/site\/\",\"logo\":{\"@type\":\"ImageObject\",\"inLanguage\":\"pt-BR\",\"@id\":\"https:\/\/www.oarcanjo.net\/site\/#\/schema\/logo\/image\/\",\"url\":\"https:\/\/www.oarcanjo.net\/site\/wp-content\/uploads\/LogoOArcanjo.png\",\"contentUrl\":\"https:\/\/www.oarcanjo.net\/site\/wp-content\/uploads\/LogoOArcanjo.png\",\"width\":319,\"height\":99,\"caption\":\"Par\u00f3quia S\u00e3o Miguel Arcanjo\"},\"image\":{\"@id\":\"https:\/\/www.oarcanjo.net\/site\/#\/schema\/logo\/image\/\"},\"sameAs\":[\"https:\/\/www.facebook.com\/OArcanjoNoAr\/\"]},{\"@type\":\"Person\",\"@id\":\"https:\/\/www.oarcanjo.net\/site\/#\/schema\/person\/f7024d007863202483a31326673a0838\",\"name\":\"editor\",\"sameAs\":[\"http:\/\/www.oarcanjo.net\"]}]}<\/script>\n<!-- \/ Yoast SEO plugin. -->","yoast_head_json":{"title":"Terra de Zabulon, terra das periferias - O Arcanjo no ar","robots":{"index":"index","follow":"follow","max-snippet":"max-snippet:-1","max-image-preview":"max-image-preview:large","max-video-preview":"max-video-preview:-1"},"canonical":"https:\/\/www.oarcanjo.net\/site\/terra-de-zabulon-terra-das-periferias\/","og_locale":"pt_BR","og_type":"article","og_title":"Terra de Zabulon, terra das periferias - O Arcanjo no ar","og_description":"Cardeal Odilo Pedro Scherer Muito interessante a mensagem do 3\u00ba Domingo do Tempo Comum, celebrado no dia 26 de janeiro. Fala do in\u00edcio da miss\u00e3o p\u00fablica de Jesus, depois da pris\u00e3o de Jo\u00e3o Batista (cf. Mt 4, 12-23). Jesus deixa Nazar\u00e9, onde passou a fase de sua vida oculta, e fixa morada em Cafarnaum, iniciando [&hellip;]","og_url":"https:\/\/www.oarcanjo.net\/site\/terra-de-zabulon-terra-das-periferias\/","og_site_name":"O Arcanjo no ar","article_publisher":"https:\/\/www.facebook.com\/OArcanjoNoAr\/","article_published_time":"2014-01-30T18:13:54+00:00","og_image":[{"width":300,"height":300,"url":"https:\/\/www.oarcanjo.net\/site\/wp-content\/uploads\/logo-o-arcanjo-no-ar-facebook.png","type":"image\/png"}],"author":"editor","twitter_card":"summary_large_image","twitter_misc":{"Escrito por":"editor","Est. tempo de leitura":"3 minutos"},"schema":{"@context":"https:\/\/schema.org","@graph":[{"@type":"Article","@id":"https:\/\/www.oarcanjo.net\/site\/terra-de-zabulon-terra-das-periferias\/#article","isPartOf":{"@id":"https:\/\/www.oarcanjo.net\/site\/terra-de-zabulon-terra-das-periferias\/"},"author":{"name":"editor","@id":"https:\/\/www.oarcanjo.net\/site\/#\/schema\/person\/f7024d007863202483a31326673a0838"},"headline":"Terra de Zabulon, terra das periferias","datePublished":"2014-01-30T18:13:54+00:00","dateModified":"2014-01-30T18:13:54+00:00","mainEntityOfPage":{"@id":"https:\/\/www.oarcanjo.net\/site\/terra-de-zabulon-terra-das-periferias\/"},"wordCount":662,"commentCount":0,"publisher":{"@id":"https:\/\/www.oarcanjo.net\/site\/#organization"},"keywords":["3\u00ba Domingo do Tempo Comum","an\u00fancio","Boa Nova","miss\u00e3o","Periferias","Reino de Deus"],"articleSection":["Reflex\u00f5es"],"inLanguage":"pt-BR","potentialAction":[{"@type":"CommentAction","name":"Comment","target":["https:\/\/www.oarcanjo.net\/site\/terra-de-zabulon-terra-das-periferias\/#respond"]}]},{"@type":"WebPage","@id":"https:\/\/www.oarcanjo.net\/site\/terra-de-zabulon-terra-das-periferias\/","url":"https:\/\/www.oarcanjo.net\/site\/terra-de-zabulon-terra-das-periferias\/","name":"Terra de Zabulon, terra das periferias - O Arcanjo no ar","isPartOf":{"@id":"https:\/\/www.oarcanjo.net\/site\/#website"},"datePublished":"2014-01-30T18:13:54+00:00","dateModified":"2014-01-30T18:13:54+00:00","breadcrumb":{"@id":"https:\/\/www.oarcanjo.net\/site\/terra-de-zabulon-terra-das-periferias\/#breadcrumb"},"inLanguage":"pt-BR","potentialAction":[{"@type":"ReadAction","target":["https:\/\/www.oarcanjo.net\/site\/terra-de-zabulon-terra-das-periferias\/"]}]},{"@type":"BreadcrumbList","@id":"https:\/\/www.oarcanjo.net\/site\/terra-de-zabulon-terra-das-periferias\/#breadcrumb","itemListElement":[{"@type":"ListItem","position":1,"name":"In\u00edcio","item":"https:\/\/www.oarcanjo.net\/site\/"},{"@type":"ListItem","position":2,"name":"Terra de Zabulon, terra das periferias"}]},{"@type":"WebSite","@id":"https:\/\/www.oarcanjo.net\/site\/#website","url":"https:\/\/www.oarcanjo.net\/site\/","name":"O Arcanjo no ar","description":"Site da Par\u00f3quia S\u00e3o Miguel Arcanjo (Arquidiocese de SP)","publisher":{"@id":"https:\/\/www.oarcanjo.net\/site\/#organization"},"potentialAction":[{"@type":"SearchAction","target":{"@type":"EntryPoint","urlTemplate":"https:\/\/www.oarcanjo.net\/site\/?s={search_term_string}"},"query-input":{"@type":"PropertyValueSpecification","valueRequired":true,"valueName":"search_term_string"}}],"inLanguage":"pt-BR"},{"@type":"Organization","@id":"https:\/\/www.oarcanjo.net\/site\/#organization","name":"Par\u00f3quia S\u00e3o Miguel Arcanjo","url":"https:\/\/www.oarcanjo.net\/site\/","logo":{"@type":"ImageObject","inLanguage":"pt-BR","@id":"https:\/\/www.oarcanjo.net\/site\/#\/schema\/logo\/image\/","url":"https:\/\/www.oarcanjo.net\/site\/wp-content\/uploads\/LogoOArcanjo.png","contentUrl":"https:\/\/www.oarcanjo.net\/site\/wp-content\/uploads\/LogoOArcanjo.png","width":319,"height":99,"caption":"Par\u00f3quia S\u00e3o Miguel Arcanjo"},"image":{"@id":"https:\/\/www.oarcanjo.net\/site\/#\/schema\/logo\/image\/"},"sameAs":["https:\/\/www.facebook.com\/OArcanjoNoAr\/"]},{"@type":"Person","@id":"https:\/\/www.oarcanjo.net\/site\/#\/schema\/person\/f7024d007863202483a31326673a0838","name":"editor","sameAs":["http:\/\/www.oarcanjo.net"]}]}},"publishpress_future_action":{"enabled":false,"date":"2026-05-08 22:53:22","action":"category","newStatus":"draft","terms":[],"taxonomy":"category"},"publishpress_future_workflow_manual_trigger":{"enabledWorkflows":[]},"_links":{"self":[{"href":"https:\/\/www.oarcanjo.net\/site\/wp-json\/wp\/v2\/posts\/24215"}],"collection":[{"href":"https:\/\/www.oarcanjo.net\/site\/wp-json\/wp\/v2\/posts"}],"about":[{"href":"https:\/\/www.oarcanjo.net\/site\/wp-json\/wp\/v2\/types\/post"}],"author":[{"embeddable":true,"href":"https:\/\/www.oarcanjo.net\/site\/wp-json\/wp\/v2\/users\/5"}],"replies":[{"embeddable":true,"href":"https:\/\/www.oarcanjo.net\/site\/wp-json\/wp\/v2\/comments?post=24215"}],"version-history":[{"count":0,"href":"https:\/\/www.oarcanjo.net\/site\/wp-json\/wp\/v2\/posts\/24215\/revisions"}],"wp:attachment":[{"href":"https:\/\/www.oarcanjo.net\/site\/wp-json\/wp\/v2\/media?parent=24215"}],"wp:term":[{"taxonomy":"category","embeddable":true,"href":"https:\/\/www.oarcanjo.net\/site\/wp-json\/wp\/v2\/categories?post=24215"},{"taxonomy":"post_tag","embeddable":true,"href":"https:\/\/www.oarcanjo.net\/site\/wp-json\/wp\/v2\/tags?post=24215"}],"curies":[{"name":"wp","href":"https:\/\/api.w.org\/{rel}","templated":true}]}}