
{"id":2422,"date":"2009-03-17T17:36:16","date_gmt":"2009-03-17T20:36:16","guid":{"rendered":"http:\/\/www.oarcanjo.net\/site\/?p=2422"},"modified":"2009-03-24T11:19:12","modified_gmt":"2009-03-24T14:19:12","slug":"sao-jose-rosto-paterno-de-deus","status":"publish","type":"post","link":"https:\/\/www.oarcanjo.net\/site\/sao-jose-rosto-paterno-de-deus\/","title":{"rendered":"S\u00c3O JOS\u00c9, Rosto Paterno de DEUS!"},"content":{"rendered":"<p>No dia 19 celebramos a festa de S\u00e3o Jos\u00e9 !<\/p>\n<p>Protetor da Igreja, das fam\u00edlias, dos pais, dos doentes, dos trabalhadores e de todos n\u00f3s, \u00e9 o padroeiro de nossa regi\u00e3o episcopal, a regi\u00e3o Bel\u00e9m.<\/p>\n<p>A festa de S\u00e3o Jos\u00e9 \u00e9 querida por todos, pois o pai adotivo do Menino JESUS, o esposo de Maria, nos leva sempre mais perto do SENHOR para sermos seus disc\u00edpulos e mission\u00e1rios.<br \/>\nTodos nos sentimos familiarizados com S\u00e3o Jos\u00e9, todos fazemos parte de sua fam\u00edlia, todos nos sentimos bem em sua companhia, S\u00e3o Jos\u00e9 nos transmite afeto e confian\u00e7a.<\/p>\n<p>Quem esteve ao lado de JESUS e de Maria, que Deles cuidou com carinho, enfrentando momentos dif\u00edceis de desabrigo, viagens, fugas e persegui\u00e7\u00f5es, enfrentando dificuldades e afli\u00e7\u00f5es, comunicando-se com DEUS pelo sonho, pela confian\u00e7a e sempre silencioso.<\/p>\n<p>Sil\u00eancio de quem ama e sabe que \u00e9 amado!<\/p>\n<p>S\u00e3o Jos\u00e9 nos convida a confiar no amor do Pai que nunca abandona e que est\u00e1 ao nosso lado sempre, mesmo nos momento de sofrimento e dor.<\/p>\n<p>S\u00e3o Jos\u00e9 nos mostra o rosto Paterno de DEUS que cuida e n\u00e3o esquece, que silente nos acompanha, e nos inspira docilidade \u00e0 sua vontade, fidelidade ao seu amor!<\/p>\n<p>S\u00e3o Jos\u00e9 \u00e9 am\u00e1vel e cuidadoso, ensina na discri\u00e7\u00e3o e pelo exemplo, \u00e9 chamado na B\u00edblia de JUSTO E BOM!<\/p>\n<p>Desde a inf\u00e2ncia aprendi a amar S\u00e3o Jos\u00e9, a minha primeira escola foi o Educand\u00e1rio S\u00e3o Jos\u00e9 do Bel\u00e9m, na hora do recreio marcava de encontrar meu irm\u00e3o junto da imagem de S\u00e3o Jos\u00e9 no p\u00e1teo da escola, l\u00e1 tamb\u00e9m recebi a primeira comunh\u00e3o. Meu pai e minha m\u00e3e casaram-se na Igreja de S\u00e3o Jos\u00e9 do Bel\u00e9m, onde fui batizado e ordenado padre por D. Luciano Mendes de Almeida.<\/p>\n<p>Crian\u00e7a aprendi a cantar:<\/p>\n<p>\u00d3 S\u00e3o Jos\u00e9 querido,<br \/>\nmeu caro protetor,<br \/>\nseja meu canto ouvido<br \/>\nna gl\u00f3ria do Senhor.<br \/>\nQuando estiver morrendo,<br \/>\nquero com viva f\u00e9<br \/>\nconsolo achar dizendo:<br \/>\nJESUS, MARIA, JOS\u00c9!<\/p>\n<div id=\"themify_builder_content-2422\" data-postid=\"2422\" class=\"themify_builder_content themify_builder_content-2422 themify_builder themify_builder_front\">\n\t<\/div>\n<!-- \/themify_builder_content -->","protected":false},"excerpt":{"rendered":"<p>No dia 19 celebramos a festa de S\u00e3o Jos\u00e9 ! Protetor da Igreja, das fam\u00edlias, dos pais, dos doentes, dos trabalhadores e de todos n\u00f3s, \u00e9 o padroeiro de nossa regi\u00e3o episcopal, a regi\u00e3o Bel\u00e9m. A festa de S\u00e3o Jos\u00e9 \u00e9 querida por todos, pois o pai adotivo do Menino JESUS, o esposo de Maria, [&hellip;]<\/p>\n","protected":false},"author":4,"featured_media":0,"comment_status":"open","ping_status":"open","sticky":false,"template":"","format":"standard","meta":{"ngg_post_thumbnail":0,"footnotes":""},"categories":[4],"tags":[],"yoast_head":"<!-- This site is optimized with the Yoast SEO plugin v23.5 - https:\/\/yoast.com\/wordpress\/plugins\/seo\/ -->\n<title>S\u00c3O JOS\u00c9, Rosto Paterno de DEUS! - O Arcanjo no ar<\/title>\n<meta name=\"robots\" content=\"index, follow, max-snippet:-1, max-image-preview:large, max-video-preview:-1\" \/>\n<link rel=\"canonical\" href=\"https:\/\/www.oarcanjo.net\/site\/sao-jose-rosto-paterno-de-deus\/\" \/>\n<meta property=\"og:locale\" content=\"pt_BR\" \/>\n<meta property=\"og:type\" content=\"article\" \/>\n<meta property=\"og:title\" content=\"S\u00c3O JOS\u00c9, Rosto Paterno de DEUS! - O Arcanjo no ar\" \/>\n<meta property=\"og:description\" content=\"No dia 19 celebramos a festa de S\u00e3o Jos\u00e9 ! Protetor da Igreja, das fam\u00edlias, dos pais, dos doentes, dos trabalhadores e de todos n\u00f3s, \u00e9 o padroeiro de nossa regi\u00e3o episcopal, a regi\u00e3o Bel\u00e9m. A festa de S\u00e3o Jos\u00e9 \u00e9 querida por todos, pois o pai adotivo do Menino JESUS, o esposo de Maria, [&hellip;]\" \/>\n<meta property=\"og:url\" content=\"https:\/\/www.oarcanjo.net\/site\/sao-jose-rosto-paterno-de-deus\/\" \/>\n<meta property=\"og:site_name\" content=\"O Arcanjo no ar\" \/>\n<meta property=\"article:publisher\" content=\"https:\/\/www.facebook.com\/OArcanjoNoAr\/\" \/>\n<meta property=\"article:published_time\" content=\"2009-03-17T20:36:16+00:00\" \/>\n<meta property=\"article:modified_time\" content=\"2009-03-24T14:19:12+00:00\" \/>\n<meta property=\"og:image\" content=\"https:\/\/www.oarcanjo.net\/site\/wp-content\/uploads\/logo-o-arcanjo-no-ar-facebook.png\" \/>\n\t<meta property=\"og:image:width\" content=\"300\" \/>\n\t<meta property=\"og:image:height\" content=\"300\" \/>\n\t<meta property=\"og:image:type\" content=\"image\/png\" \/>\n<meta name=\"author\" content=\"julio\" \/>\n<meta name=\"twitter:card\" content=\"summary_large_image\" \/>\n<meta name=\"twitter:label1\" content=\"Escrito por\" \/>\n\t<meta name=\"twitter:data1\" content=\"julio\" \/>\n\t<meta name=\"twitter:label2\" content=\"Est. tempo de leitura\" \/>\n\t<meta name=\"twitter:data2\" content=\"2 minutos\" \/>\n<script type=\"application\/ld+json\" class=\"yoast-schema-graph\">{\"@context\":\"https:\/\/schema.org\",\"@graph\":[{\"@type\":\"Article\",\"@id\":\"https:\/\/www.oarcanjo.net\/site\/sao-jose-rosto-paterno-de-deus\/#article\",\"isPartOf\":{\"@id\":\"https:\/\/www.oarcanjo.net\/site\/sao-jose-rosto-paterno-de-deus\/\"},\"author\":{\"name\":\"julio\",\"@id\":\"https:\/\/www.oarcanjo.net\/site\/#\/schema\/person\/d78ea01c648c91e29c364b516767079e\"},\"headline\":\"S\u00c3O JOS\u00c9, Rosto Paterno de DEUS!\",\"datePublished\":\"2009-03-17T20:36:16+00:00\",\"dateModified\":\"2009-03-24T14:19:12+00:00\",\"mainEntityOfPage\":{\"@id\":\"https:\/\/www.oarcanjo.net\/site\/sao-jose-rosto-paterno-de-deus\/\"},\"wordCount\":357,\"commentCount\":10,\"publisher\":{\"@id\":\"https:\/\/www.oarcanjo.net\/site\/#organization\"},\"articleSection\":[\"Blog\"],\"inLanguage\":\"pt-BR\",\"potentialAction\":[{\"@type\":\"CommentAction\",\"name\":\"Comment\",\"target\":[\"https:\/\/www.oarcanjo.net\/site\/sao-jose-rosto-paterno-de-deus\/#respond\"]}]},{\"@type\":\"WebPage\",\"@id\":\"https:\/\/www.oarcanjo.net\/site\/sao-jose-rosto-paterno-de-deus\/\",\"url\":\"https:\/\/www.oarcanjo.net\/site\/sao-jose-rosto-paterno-de-deus\/\",\"name\":\"S\u00c3O JOS\u00c9, Rosto Paterno de DEUS! - O Arcanjo no ar\",\"isPartOf\":{\"@id\":\"https:\/\/www.oarcanjo.net\/site\/#website\"},\"datePublished\":\"2009-03-17T20:36:16+00:00\",\"dateModified\":\"2009-03-24T14:19:12+00:00\",\"breadcrumb\":{\"@id\":\"https:\/\/www.oarcanjo.net\/site\/sao-jose-rosto-paterno-de-deus\/#breadcrumb\"},\"inLanguage\":\"pt-BR\",\"potentialAction\":[{\"@type\":\"ReadAction\",\"target\":[\"https:\/\/www.oarcanjo.net\/site\/sao-jose-rosto-paterno-de-deus\/\"]}]},{\"@type\":\"BreadcrumbList\",\"@id\":\"https:\/\/www.oarcanjo.net\/site\/sao-jose-rosto-paterno-de-deus\/#breadcrumb\",\"itemListElement\":[{\"@type\":\"ListItem\",\"position\":1,\"name\":\"In\u00edcio\",\"item\":\"https:\/\/www.oarcanjo.net\/site\/\"},{\"@type\":\"ListItem\",\"position\":2,\"name\":\"S\u00c3O JOS\u00c9, Rosto Paterno de DEUS!\"}]},{\"@type\":\"WebSite\",\"@id\":\"https:\/\/www.oarcanjo.net\/site\/#website\",\"url\":\"https:\/\/www.oarcanjo.net\/site\/\",\"name\":\"O Arcanjo no ar\",\"description\":\"Site da Par\u00f3quia S\u00e3o Miguel Arcanjo (Arquidiocese de SP)\",\"publisher\":{\"@id\":\"https:\/\/www.oarcanjo.net\/site\/#organization\"},\"potentialAction\":[{\"@type\":\"SearchAction\",\"target\":{\"@type\":\"EntryPoint\",\"urlTemplate\":\"https:\/\/www.oarcanjo.net\/site\/?s={search_term_string}\"},\"query-input\":{\"@type\":\"PropertyValueSpecification\",\"valueRequired\":true,\"valueName\":\"search_term_string\"}}],\"inLanguage\":\"pt-BR\"},{\"@type\":\"Organization\",\"@id\":\"https:\/\/www.oarcanjo.net\/site\/#organization\",\"name\":\"Par\u00f3quia S\u00e3o Miguel Arcanjo\",\"url\":\"https:\/\/www.oarcanjo.net\/site\/\",\"logo\":{\"@type\":\"ImageObject\",\"inLanguage\":\"pt-BR\",\"@id\":\"https:\/\/www.oarcanjo.net\/site\/#\/schema\/logo\/image\/\",\"url\":\"https:\/\/www.oarcanjo.net\/site\/wp-content\/uploads\/LogoOArcanjo.png\",\"contentUrl\":\"https:\/\/www.oarcanjo.net\/site\/wp-content\/uploads\/LogoOArcanjo.png\",\"width\":319,\"height\":99,\"caption\":\"Par\u00f3quia S\u00e3o Miguel Arcanjo\"},\"image\":{\"@id\":\"https:\/\/www.oarcanjo.net\/site\/#\/schema\/logo\/image\/\"},\"sameAs\":[\"https:\/\/www.facebook.com\/OArcanjoNoAr\/\"]},{\"@type\":\"Person\",\"@id\":\"https:\/\/www.oarcanjo.net\/site\/#\/schema\/person\/d78ea01c648c91e29c364b516767079e\",\"name\":\"julio\",\"sameAs\":[\"http:\/\/www.oarcanjo.net\"]}]}<\/script>\n<!-- \/ Yoast SEO plugin. -->","yoast_head_json":{"title":"S\u00c3O JOS\u00c9, Rosto Paterno de DEUS! - O Arcanjo no ar","robots":{"index":"index","follow":"follow","max-snippet":"max-snippet:-1","max-image-preview":"max-image-preview:large","max-video-preview":"max-video-preview:-1"},"canonical":"https:\/\/www.oarcanjo.net\/site\/sao-jose-rosto-paterno-de-deus\/","og_locale":"pt_BR","og_type":"article","og_title":"S\u00c3O JOS\u00c9, Rosto Paterno de DEUS! - O Arcanjo no ar","og_description":"No dia 19 celebramos a festa de S\u00e3o Jos\u00e9 ! Protetor da Igreja, das fam\u00edlias, dos pais, dos doentes, dos trabalhadores e de todos n\u00f3s, \u00e9 o padroeiro de nossa regi\u00e3o episcopal, a regi\u00e3o Bel\u00e9m. A festa de S\u00e3o Jos\u00e9 \u00e9 querida por todos, pois o pai adotivo do Menino JESUS, o esposo de Maria, [&hellip;]","og_url":"https:\/\/www.oarcanjo.net\/site\/sao-jose-rosto-paterno-de-deus\/","og_site_name":"O Arcanjo no ar","article_publisher":"https:\/\/www.facebook.com\/OArcanjoNoAr\/","article_published_time":"2009-03-17T20:36:16+00:00","article_modified_time":"2009-03-24T14:19:12+00:00","og_image":[{"width":300,"height":300,"url":"https:\/\/www.oarcanjo.net\/site\/wp-content\/uploads\/logo-o-arcanjo-no-ar-facebook.png","type":"image\/png"}],"author":"julio","twitter_card":"summary_large_image","twitter_misc":{"Escrito por":"julio","Est. tempo de leitura":"2 minutos"},"schema":{"@context":"https:\/\/schema.org","@graph":[{"@type":"Article","@id":"https:\/\/www.oarcanjo.net\/site\/sao-jose-rosto-paterno-de-deus\/#article","isPartOf":{"@id":"https:\/\/www.oarcanjo.net\/site\/sao-jose-rosto-paterno-de-deus\/"},"author":{"name":"julio","@id":"https:\/\/www.oarcanjo.net\/site\/#\/schema\/person\/d78ea01c648c91e29c364b516767079e"},"headline":"S\u00c3O JOS\u00c9, Rosto Paterno de DEUS!","datePublished":"2009-03-17T20:36:16+00:00","dateModified":"2009-03-24T14:19:12+00:00","mainEntityOfPage":{"@id":"https:\/\/www.oarcanjo.net\/site\/sao-jose-rosto-paterno-de-deus\/"},"wordCount":357,"commentCount":10,"publisher":{"@id":"https:\/\/www.oarcanjo.net\/site\/#organization"},"articleSection":["Blog"],"inLanguage":"pt-BR","potentialAction":[{"@type":"CommentAction","name":"Comment","target":["https:\/\/www.oarcanjo.net\/site\/sao-jose-rosto-paterno-de-deus\/#respond"]}]},{"@type":"WebPage","@id":"https:\/\/www.oarcanjo.net\/site\/sao-jose-rosto-paterno-de-deus\/","url":"https:\/\/www.oarcanjo.net\/site\/sao-jose-rosto-paterno-de-deus\/","name":"S\u00c3O JOS\u00c9, Rosto Paterno de DEUS! - O Arcanjo no ar","isPartOf":{"@id":"https:\/\/www.oarcanjo.net\/site\/#website"},"datePublished":"2009-03-17T20:36:16+00:00","dateModified":"2009-03-24T14:19:12+00:00","breadcrumb":{"@id":"https:\/\/www.oarcanjo.net\/site\/sao-jose-rosto-paterno-de-deus\/#breadcrumb"},"inLanguage":"pt-BR","potentialAction":[{"@type":"ReadAction","target":["https:\/\/www.oarcanjo.net\/site\/sao-jose-rosto-paterno-de-deus\/"]}]},{"@type":"BreadcrumbList","@id":"https:\/\/www.oarcanjo.net\/site\/sao-jose-rosto-paterno-de-deus\/#breadcrumb","itemListElement":[{"@type":"ListItem","position":1,"name":"In\u00edcio","item":"https:\/\/www.oarcanjo.net\/site\/"},{"@type":"ListItem","position":2,"name":"S\u00c3O JOS\u00c9, Rosto Paterno de DEUS!"}]},{"@type":"WebSite","@id":"https:\/\/www.oarcanjo.net\/site\/#website","url":"https:\/\/www.oarcanjo.net\/site\/","name":"O Arcanjo no ar","description":"Site da Par\u00f3quia S\u00e3o Miguel Arcanjo (Arquidiocese de SP)","publisher":{"@id":"https:\/\/www.oarcanjo.net\/site\/#organization"},"potentialAction":[{"@type":"SearchAction","target":{"@type":"EntryPoint","urlTemplate":"https:\/\/www.oarcanjo.net\/site\/?s={search_term_string}"},"query-input":{"@type":"PropertyValueSpecification","valueRequired":true,"valueName":"search_term_string"}}],"inLanguage":"pt-BR"},{"@type":"Organization","@id":"https:\/\/www.oarcanjo.net\/site\/#organization","name":"Par\u00f3quia S\u00e3o Miguel Arcanjo","url":"https:\/\/www.oarcanjo.net\/site\/","logo":{"@type":"ImageObject","inLanguage":"pt-BR","@id":"https:\/\/www.oarcanjo.net\/site\/#\/schema\/logo\/image\/","url":"https:\/\/www.oarcanjo.net\/site\/wp-content\/uploads\/LogoOArcanjo.png","contentUrl":"https:\/\/www.oarcanjo.net\/site\/wp-content\/uploads\/LogoOArcanjo.png","width":319,"height":99,"caption":"Par\u00f3quia S\u00e3o Miguel Arcanjo"},"image":{"@id":"https:\/\/www.oarcanjo.net\/site\/#\/schema\/logo\/image\/"},"sameAs":["https:\/\/www.facebook.com\/OArcanjoNoAr\/"]},{"@type":"Person","@id":"https:\/\/www.oarcanjo.net\/site\/#\/schema\/person\/d78ea01c648c91e29c364b516767079e","name":"julio","sameAs":["http:\/\/www.oarcanjo.net"]}]}},"publishpress_future_action":{"enabled":false,"date":"2026-05-08 22:53:22","action":"category","newStatus":"draft","terms":[],"taxonomy":"category"},"publishpress_future_workflow_manual_trigger":{"enabledWorkflows":[]},"_links":{"self":[{"href":"https:\/\/www.oarcanjo.net\/site\/wp-json\/wp\/v2\/posts\/2422"}],"collection":[{"href":"https:\/\/www.oarcanjo.net\/site\/wp-json\/wp\/v2\/posts"}],"about":[{"href":"https:\/\/www.oarcanjo.net\/site\/wp-json\/wp\/v2\/types\/post"}],"author":[{"embeddable":true,"href":"https:\/\/www.oarcanjo.net\/site\/wp-json\/wp\/v2\/users\/4"}],"replies":[{"embeddable":true,"href":"https:\/\/www.oarcanjo.net\/site\/wp-json\/wp\/v2\/comments?post=2422"}],"version-history":[{"count":0,"href":"https:\/\/www.oarcanjo.net\/site\/wp-json\/wp\/v2\/posts\/2422\/revisions"}],"wp:attachment":[{"href":"https:\/\/www.oarcanjo.net\/site\/wp-json\/wp\/v2\/media?parent=2422"}],"wp:term":[{"taxonomy":"category","embeddable":true,"href":"https:\/\/www.oarcanjo.net\/site\/wp-json\/wp\/v2\/categories?post=2422"},{"taxonomy":"post_tag","embeddable":true,"href":"https:\/\/www.oarcanjo.net\/site\/wp-json\/wp\/v2\/tags?post=2422"}],"curies":[{"name":"wp","href":"https:\/\/api.w.org\/{rel}","templated":true}]}}