
{"id":24228,"date":"2014-02-03T18:35:01","date_gmt":"2014-02-03T20:35:01","guid":{"rendered":"http:\/\/www.oarcanjo.net\/site\/?p=24228"},"modified":"2014-02-03T18:35:51","modified_gmt":"2014-02-03T20:35:51","slug":"um-homem-de-governo-nao-instrumentaliza-deus-e-o-seu-povo-disse-o-papa","status":"publish","type":"post","link":"https:\/\/www.oarcanjo.net\/site\/um-homem-de-governo-nao-instrumentaliza-deus-e-o-seu-povo-disse-o-papa\/","title":{"rendered":"Um homem de governo n\u00e3o instrumentaliza Deus e o seu povo, disse o Papa"},"content":{"rendered":"<p>N\u00e3o usar Deus e o povo nos momentos de dificuldade &#8211; esta \u00e9 a principal conclus\u00e3o da homilia do Papa Francisco nesta manh\u00e3 de segunda-feira, 03 de fevereiro de 2014, em Santa Marta. Comentando o epis\u00f3dio da trai\u00e7\u00e3o de Absal\u00e3o ao seu pai, rei David, narradas no Segundo Livro de Samuel, o Santo Padre lan\u00e7a a sua aten\u00e7\u00e3o sobre as atitudes de David. A primeira atitude \u00e9 a de n\u00e3o usar Deus nem o seu povo para se defender:<\/p>\n<p style=\"padding-left: 30px;\"><em>\u201cDavid, esta \u00e9 a primeira atitude, para defender-se n\u00e3o usa Deus nem o seu povo e isto significa o amor de um rei pelo seu Deus e o seu povo. Um rei pecador \u2013 conhecemos a hist\u00f3ria \u2013 mas um rei tamb\u00e9m com este amor t\u00e3o grande: era t\u00e3o ligado ao seu Deus e t\u00e3o ligado ao seu povo e n\u00e3o usa para defender-se nem Deus nem o povo. Nos momentos dif\u00edceis da vida acontece que, se calhar, no desespero uma pessoa tente defender-se como pode e tamb\u00e9m usar Deus e a gente. Ele n\u00e3o, a primeira atitude \u00e9 essa: n\u00e3o usar Deus e o seu povo.\u201d<\/em><\/p>\n<p>O rei David na situa\u00e7\u00e3o dif\u00edcil em que se encontrava, em que o seu pr\u00f3prio povo o tinha rejeitado e apoiado Absal\u00e3o, sobe a montanha a chorar, descal\u00e7o e com o rosto coberto. Acompanham-no alguns dos seus apoiantes. O rei David chora e revela uma segunda atitude: a penit\u00eancia.<em>\u201cEsta subida ao monte faz-nos pensar \u00e0quela outra subida de Jesus, tamb\u00e9m Ele em sofrimento, com os p\u00e9s descal\u00e7os, com a sua Cruz subia o monte. Esta atitude penitencial. David aceita estar de luto e chora. N\u00f3s, quando nos acontece algo parecido na nossa vida sempre tentamos justificarmo-nos \u2013 \u00e9 um instinto que temos. David n\u00e3o se justifica, \u00e9 realista, tenta salvar a arca de Deus, o seu povo e faz penit\u00eancia por aquele caminho. \u00c9 um grande: um grande pecador e um grande santo. Como v\u00e3o juntas estas duas coisas &#8230; Deus l\u00e1 sabe.\u201d<\/em><\/p>\n<p>No caminho percorrido por David aparece um outro personagem que \u00e9 Chimei que atira pedras contra ele e todos os seus servos considerando-o inimigo. Mas o rei David n\u00e3o escolhe o caminho da vingan\u00e7a mas confia no Senhor. E esta confian\u00e7a em Deus \u00e9 a terceira atitude que apresenta o Papa Francisco: confiar em Deus n\u00e3o procurando fazer justi\u00e7a pelas suas pr\u00f3prias m\u00e3os. O Santo Padre considerou, assim, ser belo verificar estas tr\u00eas atitudes do rei David como ensinamentos para a nossa vida: <em>\u201c\u00c9 belo ouvir isto e ver estas tr\u00eas atitudes: um homem que ama Deus, ama o seu povo e n\u00e3o o negocia, um homem que se sabe pecador e faz penit\u00eancia; um homem que \u00e9 seguro do seu Deus e confia n\u2019Ele. David \u00e9 santo e n\u00f3s veneramo-lo como santo. Pe\u00e7amos-lhe que nos ensine estas atitudes nos momentos dif\u00edceis da vida.\u201d<\/em><\/p>\n<p><em>Fonte: News.VA<\/em><\/p>\n<div id=\"themify_builder_content-24228\" data-postid=\"24228\" class=\"themify_builder_content themify_builder_content-24228 themify_builder themify_builder_front\">\n\t<\/div>\n<!-- \/themify_builder_content -->","protected":false},"excerpt":{"rendered":"<p>N\u00e3o usar Deus e o povo nos momentos de dificuldade &#8211; esta \u00e9 a principal conclus\u00e3o da homilia do Papa Francisco nesta manh\u00e3 de segunda-feira, 03 de fevereiro de 2014, em Santa Marta. Comentando o epis\u00f3dio da trai\u00e7\u00e3o de Absal\u00e3o ao seu pai, rei David, narradas no Segundo Livro de Samuel, o Santo Padre lan\u00e7a [&hellip;]<\/p>\n","protected":false},"author":5,"featured_media":0,"comment_status":"open","ping_status":"open","sticky":false,"template":"","format":"standard","meta":{"ngg_post_thumbnail":0,"footnotes":""},"categories":[8],"tags":[102,2949,2433,1178,2950],"yoast_head":"<!-- This site is optimized with the Yoast SEO plugin v23.5 - https:\/\/yoast.com\/wordpress\/plugins\/seo\/ -->\n<title>Um homem de governo n\u00e3o instrumentaliza Deus e o seu povo, disse o Papa - O Arcanjo no ar<\/title>\n<meta name=\"robots\" content=\"index, follow, max-snippet:-1, max-image-preview:large, max-video-preview:-1\" \/>\n<link rel=\"canonical\" href=\"https:\/\/www.oarcanjo.net\/site\/um-homem-de-governo-nao-instrumentaliza-deus-e-o-seu-povo-disse-o-papa\/\" \/>\n<meta property=\"og:locale\" content=\"pt_BR\" \/>\n<meta property=\"og:type\" content=\"article\" \/>\n<meta property=\"og:title\" content=\"Um homem de governo n\u00e3o instrumentaliza Deus e o seu povo, disse o Papa - O Arcanjo no ar\" \/>\n<meta property=\"og:description\" content=\"N\u00e3o usar Deus e o povo nos momentos de dificuldade &#8211; esta \u00e9 a principal conclus\u00e3o da homilia do Papa Francisco nesta manh\u00e3 de segunda-feira, 03 de fevereiro de 2014, em Santa Marta. Comentando o epis\u00f3dio da trai\u00e7\u00e3o de Absal\u00e3o ao seu pai, rei David, narradas no Segundo Livro de Samuel, o Santo Padre lan\u00e7a [&hellip;]\" \/>\n<meta property=\"og:url\" content=\"https:\/\/www.oarcanjo.net\/site\/um-homem-de-governo-nao-instrumentaliza-deus-e-o-seu-povo-disse-o-papa\/\" \/>\n<meta property=\"og:site_name\" content=\"O Arcanjo no ar\" \/>\n<meta property=\"article:publisher\" content=\"https:\/\/www.facebook.com\/OArcanjoNoAr\/\" \/>\n<meta property=\"article:published_time\" content=\"2014-02-03T20:35:01+00:00\" \/>\n<meta property=\"article:modified_time\" content=\"2014-02-03T20:35:51+00:00\" \/>\n<meta property=\"og:image\" content=\"https:\/\/www.oarcanjo.net\/site\/wp-content\/uploads\/logo-o-arcanjo-no-ar-facebook.png\" \/>\n\t<meta property=\"og:image:width\" content=\"300\" \/>\n\t<meta property=\"og:image:height\" content=\"300\" \/>\n\t<meta property=\"og:image:type\" content=\"image\/png\" \/>\n<meta name=\"author\" content=\"editor\" \/>\n<meta name=\"twitter:card\" content=\"summary_large_image\" \/>\n<meta name=\"twitter:label1\" content=\"Escrito por\" \/>\n\t<meta name=\"twitter:data1\" content=\"editor\" \/>\n\t<meta name=\"twitter:label2\" content=\"Est. tempo de leitura\" \/>\n\t<meta name=\"twitter:data2\" content=\"3 minutos\" \/>\n<script type=\"application\/ld+json\" class=\"yoast-schema-graph\">{\"@context\":\"https:\/\/schema.org\",\"@graph\":[{\"@type\":\"Article\",\"@id\":\"https:\/\/www.oarcanjo.net\/site\/um-homem-de-governo-nao-instrumentaliza-deus-e-o-seu-povo-disse-o-papa\/#article\",\"isPartOf\":{\"@id\":\"https:\/\/www.oarcanjo.net\/site\/um-homem-de-governo-nao-instrumentaliza-deus-e-o-seu-povo-disse-o-papa\/\"},\"author\":{\"name\":\"editor\",\"@id\":\"https:\/\/www.oarcanjo.net\/site\/#\/schema\/person\/f7024d007863202483a31326673a0838\"},\"headline\":\"Um homem de governo n\u00e3o instrumentaliza Deus e o seu povo, disse o Papa\",\"datePublished\":\"2014-02-03T20:35:01+00:00\",\"dateModified\":\"2014-02-03T20:35:51+00:00\",\"mainEntityOfPage\":{\"@id\":\"https:\/\/www.oarcanjo.net\/site\/um-homem-de-governo-nao-instrumentaliza-deus-e-o-seu-povo-disse-o-papa\/\"},\"wordCount\":521,\"commentCount\":0,\"publisher\":{\"@id\":\"https:\/\/www.oarcanjo.net\/site\/#organization\"},\"keywords\":[\"Estado\",\"Governantes\",\"Papa Francisco\",\"poder\",\"Povo\"],\"articleSection\":[\"Not\u00edcias\"],\"inLanguage\":\"pt-BR\",\"potentialAction\":[{\"@type\":\"CommentAction\",\"name\":\"Comment\",\"target\":[\"https:\/\/www.oarcanjo.net\/site\/um-homem-de-governo-nao-instrumentaliza-deus-e-o-seu-povo-disse-o-papa\/#respond\"]}]},{\"@type\":\"WebPage\",\"@id\":\"https:\/\/www.oarcanjo.net\/site\/um-homem-de-governo-nao-instrumentaliza-deus-e-o-seu-povo-disse-o-papa\/\",\"url\":\"https:\/\/www.oarcanjo.net\/site\/um-homem-de-governo-nao-instrumentaliza-deus-e-o-seu-povo-disse-o-papa\/\",\"name\":\"Um homem de governo n\u00e3o instrumentaliza Deus e o seu povo, disse o Papa - O Arcanjo no ar\",\"isPartOf\":{\"@id\":\"https:\/\/www.oarcanjo.net\/site\/#website\"},\"datePublished\":\"2014-02-03T20:35:01+00:00\",\"dateModified\":\"2014-02-03T20:35:51+00:00\",\"breadcrumb\":{\"@id\":\"https:\/\/www.oarcanjo.net\/site\/um-homem-de-governo-nao-instrumentaliza-deus-e-o-seu-povo-disse-o-papa\/#breadcrumb\"},\"inLanguage\":\"pt-BR\",\"potentialAction\":[{\"@type\":\"ReadAction\",\"target\":[\"https:\/\/www.oarcanjo.net\/site\/um-homem-de-governo-nao-instrumentaliza-deus-e-o-seu-povo-disse-o-papa\/\"]}]},{\"@type\":\"BreadcrumbList\",\"@id\":\"https:\/\/www.oarcanjo.net\/site\/um-homem-de-governo-nao-instrumentaliza-deus-e-o-seu-povo-disse-o-papa\/#breadcrumb\",\"itemListElement\":[{\"@type\":\"ListItem\",\"position\":1,\"name\":\"In\u00edcio\",\"item\":\"https:\/\/www.oarcanjo.net\/site\/\"},{\"@type\":\"ListItem\",\"position\":2,\"name\":\"Um homem de governo n\u00e3o instrumentaliza Deus e o seu povo, disse o Papa\"}]},{\"@type\":\"WebSite\",\"@id\":\"https:\/\/www.oarcanjo.net\/site\/#website\",\"url\":\"https:\/\/www.oarcanjo.net\/site\/\",\"name\":\"O Arcanjo no ar\",\"description\":\"Site da Par\u00f3quia S\u00e3o Miguel Arcanjo (Arquidiocese de SP)\",\"publisher\":{\"@id\":\"https:\/\/www.oarcanjo.net\/site\/#organization\"},\"potentialAction\":[{\"@type\":\"SearchAction\",\"target\":{\"@type\":\"EntryPoint\",\"urlTemplate\":\"https:\/\/www.oarcanjo.net\/site\/?s={search_term_string}\"},\"query-input\":{\"@type\":\"PropertyValueSpecification\",\"valueRequired\":true,\"valueName\":\"search_term_string\"}}],\"inLanguage\":\"pt-BR\"},{\"@type\":\"Organization\",\"@id\":\"https:\/\/www.oarcanjo.net\/site\/#organization\",\"name\":\"Par\u00f3quia S\u00e3o Miguel Arcanjo\",\"url\":\"https:\/\/www.oarcanjo.net\/site\/\",\"logo\":{\"@type\":\"ImageObject\",\"inLanguage\":\"pt-BR\",\"@id\":\"https:\/\/www.oarcanjo.net\/site\/#\/schema\/logo\/image\/\",\"url\":\"https:\/\/www.oarcanjo.net\/site\/wp-content\/uploads\/LogoOArcanjo.png\",\"contentUrl\":\"https:\/\/www.oarcanjo.net\/site\/wp-content\/uploads\/LogoOArcanjo.png\",\"width\":319,\"height\":99,\"caption\":\"Par\u00f3quia S\u00e3o Miguel Arcanjo\"},\"image\":{\"@id\":\"https:\/\/www.oarcanjo.net\/site\/#\/schema\/logo\/image\/\"},\"sameAs\":[\"https:\/\/www.facebook.com\/OArcanjoNoAr\/\"]},{\"@type\":\"Person\",\"@id\":\"https:\/\/www.oarcanjo.net\/site\/#\/schema\/person\/f7024d007863202483a31326673a0838\",\"name\":\"editor\",\"sameAs\":[\"http:\/\/www.oarcanjo.net\"]}]}<\/script>\n<!-- \/ Yoast SEO plugin. -->","yoast_head_json":{"title":"Um homem de governo n\u00e3o instrumentaliza Deus e o seu povo, disse o Papa - O Arcanjo no ar","robots":{"index":"index","follow":"follow","max-snippet":"max-snippet:-1","max-image-preview":"max-image-preview:large","max-video-preview":"max-video-preview:-1"},"canonical":"https:\/\/www.oarcanjo.net\/site\/um-homem-de-governo-nao-instrumentaliza-deus-e-o-seu-povo-disse-o-papa\/","og_locale":"pt_BR","og_type":"article","og_title":"Um homem de governo n\u00e3o instrumentaliza Deus e o seu povo, disse o Papa - O Arcanjo no ar","og_description":"N\u00e3o usar Deus e o povo nos momentos de dificuldade &#8211; esta \u00e9 a principal conclus\u00e3o da homilia do Papa Francisco nesta manh\u00e3 de segunda-feira, 03 de fevereiro de 2014, em Santa Marta. Comentando o epis\u00f3dio da trai\u00e7\u00e3o de Absal\u00e3o ao seu pai, rei David, narradas no Segundo Livro de Samuel, o Santo Padre lan\u00e7a [&hellip;]","og_url":"https:\/\/www.oarcanjo.net\/site\/um-homem-de-governo-nao-instrumentaliza-deus-e-o-seu-povo-disse-o-papa\/","og_site_name":"O Arcanjo no ar","article_publisher":"https:\/\/www.facebook.com\/OArcanjoNoAr\/","article_published_time":"2014-02-03T20:35:01+00:00","article_modified_time":"2014-02-03T20:35:51+00:00","og_image":[{"width":300,"height":300,"url":"https:\/\/www.oarcanjo.net\/site\/wp-content\/uploads\/logo-o-arcanjo-no-ar-facebook.png","type":"image\/png"}],"author":"editor","twitter_card":"summary_large_image","twitter_misc":{"Escrito por":"editor","Est. tempo de leitura":"3 minutos"},"schema":{"@context":"https:\/\/schema.org","@graph":[{"@type":"Article","@id":"https:\/\/www.oarcanjo.net\/site\/um-homem-de-governo-nao-instrumentaliza-deus-e-o-seu-povo-disse-o-papa\/#article","isPartOf":{"@id":"https:\/\/www.oarcanjo.net\/site\/um-homem-de-governo-nao-instrumentaliza-deus-e-o-seu-povo-disse-o-papa\/"},"author":{"name":"editor","@id":"https:\/\/www.oarcanjo.net\/site\/#\/schema\/person\/f7024d007863202483a31326673a0838"},"headline":"Um homem de governo n\u00e3o instrumentaliza Deus e o seu povo, disse o Papa","datePublished":"2014-02-03T20:35:01+00:00","dateModified":"2014-02-03T20:35:51+00:00","mainEntityOfPage":{"@id":"https:\/\/www.oarcanjo.net\/site\/um-homem-de-governo-nao-instrumentaliza-deus-e-o-seu-povo-disse-o-papa\/"},"wordCount":521,"commentCount":0,"publisher":{"@id":"https:\/\/www.oarcanjo.net\/site\/#organization"},"keywords":["Estado","Governantes","Papa Francisco","poder","Povo"],"articleSection":["Not\u00edcias"],"inLanguage":"pt-BR","potentialAction":[{"@type":"CommentAction","name":"Comment","target":["https:\/\/www.oarcanjo.net\/site\/um-homem-de-governo-nao-instrumentaliza-deus-e-o-seu-povo-disse-o-papa\/#respond"]}]},{"@type":"WebPage","@id":"https:\/\/www.oarcanjo.net\/site\/um-homem-de-governo-nao-instrumentaliza-deus-e-o-seu-povo-disse-o-papa\/","url":"https:\/\/www.oarcanjo.net\/site\/um-homem-de-governo-nao-instrumentaliza-deus-e-o-seu-povo-disse-o-papa\/","name":"Um homem de governo n\u00e3o instrumentaliza Deus e o seu povo, disse o Papa - O Arcanjo no ar","isPartOf":{"@id":"https:\/\/www.oarcanjo.net\/site\/#website"},"datePublished":"2014-02-03T20:35:01+00:00","dateModified":"2014-02-03T20:35:51+00:00","breadcrumb":{"@id":"https:\/\/www.oarcanjo.net\/site\/um-homem-de-governo-nao-instrumentaliza-deus-e-o-seu-povo-disse-o-papa\/#breadcrumb"},"inLanguage":"pt-BR","potentialAction":[{"@type":"ReadAction","target":["https:\/\/www.oarcanjo.net\/site\/um-homem-de-governo-nao-instrumentaliza-deus-e-o-seu-povo-disse-o-papa\/"]}]},{"@type":"BreadcrumbList","@id":"https:\/\/www.oarcanjo.net\/site\/um-homem-de-governo-nao-instrumentaliza-deus-e-o-seu-povo-disse-o-papa\/#breadcrumb","itemListElement":[{"@type":"ListItem","position":1,"name":"In\u00edcio","item":"https:\/\/www.oarcanjo.net\/site\/"},{"@type":"ListItem","position":2,"name":"Um homem de governo n\u00e3o instrumentaliza Deus e o seu povo, disse o Papa"}]},{"@type":"WebSite","@id":"https:\/\/www.oarcanjo.net\/site\/#website","url":"https:\/\/www.oarcanjo.net\/site\/","name":"O Arcanjo no ar","description":"Site da Par\u00f3quia S\u00e3o Miguel Arcanjo (Arquidiocese de SP)","publisher":{"@id":"https:\/\/www.oarcanjo.net\/site\/#organization"},"potentialAction":[{"@type":"SearchAction","target":{"@type":"EntryPoint","urlTemplate":"https:\/\/www.oarcanjo.net\/site\/?s={search_term_string}"},"query-input":{"@type":"PropertyValueSpecification","valueRequired":true,"valueName":"search_term_string"}}],"inLanguage":"pt-BR"},{"@type":"Organization","@id":"https:\/\/www.oarcanjo.net\/site\/#organization","name":"Par\u00f3quia S\u00e3o Miguel Arcanjo","url":"https:\/\/www.oarcanjo.net\/site\/","logo":{"@type":"ImageObject","inLanguage":"pt-BR","@id":"https:\/\/www.oarcanjo.net\/site\/#\/schema\/logo\/image\/","url":"https:\/\/www.oarcanjo.net\/site\/wp-content\/uploads\/LogoOArcanjo.png","contentUrl":"https:\/\/www.oarcanjo.net\/site\/wp-content\/uploads\/LogoOArcanjo.png","width":319,"height":99,"caption":"Par\u00f3quia S\u00e3o Miguel Arcanjo"},"image":{"@id":"https:\/\/www.oarcanjo.net\/site\/#\/schema\/logo\/image\/"},"sameAs":["https:\/\/www.facebook.com\/OArcanjoNoAr\/"]},{"@type":"Person","@id":"https:\/\/www.oarcanjo.net\/site\/#\/schema\/person\/f7024d007863202483a31326673a0838","name":"editor","sameAs":["http:\/\/www.oarcanjo.net"]}]}},"publishpress_future_action":{"enabled":false,"date":"2026-05-09 09:04:02","action":"category","newStatus":"draft","terms":[],"taxonomy":"category"},"publishpress_future_workflow_manual_trigger":{"enabledWorkflows":[]},"_links":{"self":[{"href":"https:\/\/www.oarcanjo.net\/site\/wp-json\/wp\/v2\/posts\/24228"}],"collection":[{"href":"https:\/\/www.oarcanjo.net\/site\/wp-json\/wp\/v2\/posts"}],"about":[{"href":"https:\/\/www.oarcanjo.net\/site\/wp-json\/wp\/v2\/types\/post"}],"author":[{"embeddable":true,"href":"https:\/\/www.oarcanjo.net\/site\/wp-json\/wp\/v2\/users\/5"}],"replies":[{"embeddable":true,"href":"https:\/\/www.oarcanjo.net\/site\/wp-json\/wp\/v2\/comments?post=24228"}],"version-history":[{"count":0,"href":"https:\/\/www.oarcanjo.net\/site\/wp-json\/wp\/v2\/posts\/24228\/revisions"}],"wp:attachment":[{"href":"https:\/\/www.oarcanjo.net\/site\/wp-json\/wp\/v2\/media?parent=24228"}],"wp:term":[{"taxonomy":"category","embeddable":true,"href":"https:\/\/www.oarcanjo.net\/site\/wp-json\/wp\/v2\/categories?post=24228"},{"taxonomy":"post_tag","embeddable":true,"href":"https:\/\/www.oarcanjo.net\/site\/wp-json\/wp\/v2\/tags?post=24228"}],"curies":[{"name":"wp","href":"https:\/\/api.w.org\/{rel}","templated":true}]}}