
{"id":24230,"date":"2014-02-03T18:49:23","date_gmt":"2014-02-03T20:49:23","guid":{"rendered":"http:\/\/www.oarcanjo.net\/site\/?p=24230"},"modified":"2014-02-03T18:49:23","modified_gmt":"2014-02-03T20:49:23","slug":"a-fim-de-apresenta-lo-ao-senhor","status":"publish","type":"post","link":"https:\/\/www.oarcanjo.net\/site\/a-fim-de-apresenta-lo-ao-senhor\/","title":{"rendered":"A fim de apresent\u00e1-lo ao Senhor&#8230;"},"content":{"rendered":"<p><em>Cardeal Odilo Pedro Scherer<\/em><\/p>\n<p>A festa bonita da Apresenta\u00e7\u00e3o de Jesus no Templo, celebrada na liturgia domingo passado, 02 de fevereiro, nos faz refletir sobre a viv\u00eancia da f\u00e9 da Sagrada Fam\u00edlia e sobre a sua preocupa\u00e7\u00e3o de Maria e Jos\u00e9 em transmitir ao filho as tradi\u00e7\u00f5es que faziam parte da sua comunidade de f\u00e9 e da religi\u00e3o dos pais. Levar o primog\u00eanito a Jerusal\u00e9m, para apresent\u00e1-lo a Deus, era uma dessas pr\u00e1ticas, que as fam\u00edlias faziam normalmente.<\/p>\n<p>Os pais reconheciam, assim, que o filho era uma b\u00ean\u00e7\u00e3o, um presente do amor de Deus e que eles pr\u00f3prios eram colaboradores de Deus na transmiss\u00e3o da vida e na forma\u00e7\u00e3o de mais um membro do povo eleito; ouviam palavras de instru\u00e7\u00e3o e orienta\u00e7\u00e3o sobre a cria\u00e7\u00e3o do filho, em vista da sua miss\u00e3o diante de Deus e de seu povo. E recebiam a b\u00ean\u00e7\u00e3o do sacerdote, para que tudo na vida dele andasse conforme o des\u00edgnio de Deus.<\/p>\n<p>Levando o filho para casa novamente, os pais estavam conscientes de que ele pertencia a Deus, mais que a eles pr\u00f3prios, e que sua miss\u00e3o era a de ajudar o filho a reconhecer a voz de Deus e de segui-la em sua vida; de crescer na familiaridade com Deus. Seu papel de educadores orientava-se por esse princ\u00edpio: preparar o filho para discernir os caminhos de Deus e para caminhar sob o seu olhar, seguindo seus mandamentos.<\/p>\n<p>Para n\u00f3s, crist\u00e3os cat\u00f3licos, o que significa falar em \u201ceduca\u00e7\u00e3o crist\u00e3 dos filhos\u201d ou de \u201cinicia\u00e7\u00e3o \u00e0 vida crist\u00e3\u201d? Pode significar muitas coisas, mas n\u00e3o pode faltar o que fizeram Maria e Jos\u00e9: apresentar os filhos a Deus, sentindo-se colaboradores na obra de Deus; ensinar os filhos a conhecerem a voz de Deus, a amar e sentir-se amados por ele, a se relacionar familiarmente com Aquele, que \u00e9 seu verdadeiro Pai.<\/p>\n<p>Miss\u00e3o dos pais crist\u00e3os na educa\u00e7\u00e3o de seus filhos nos caminhos da f\u00e9 ainda \u00e9 introduzi-los na comunidade de f\u00e9 e ajud\u00e1-los a se reconhecerem parte da Igreja, membros vivos e participativos da fam\u00edlia de Deus, que o Filho de Deus veio reunir neste mundo. Os filhos precisam aprender a sabedoria das coisas de Deus e crescer nela; crescer e amadurecer na f\u00e9 crist\u00e3, tornando-se fortes nas virtudes, para produzir os frutos de bem, que Deus espera de seus filhos.<\/p>\n<p>N\u00e3o h\u00e1 d\u00favidas sobre a import\u00e2ncia da inicia\u00e7\u00e3o \u00e0 vida crist\u00e3 na fam\u00edlia, desde a mais tenra idade. \u00c9 bonito, quando os pais levam os filho rec\u00e9m-nascido \u00e0 igreja, para \u201cmostr\u00e1-lo a Deus\u201d e para pedir a b\u00ean\u00e7\u00e3o para ele atrav\u00e9s dos ministros de Deus; muitos pais j\u00e1 o fazem, cheios de f\u00e9 e gratid\u00e3o, antes mesmo de o filho nascer. Vem, depois, o pedido do Batismo, acompanhado do desejo vivo de colaborar com a gra\u00e7a de Deus para educar mais um membro do povo de Deus.<\/p>\n<p>E a vida em fam\u00edlia \u00e9 tecida de pequenas pr\u00e1ticas de devo\u00e7\u00e3o, de instru\u00e7\u00e3o e de virtude, que v\u00e3o moldando o cora\u00e7\u00e3o do filho e encaminhando-o pelas vias da f\u00e9 crist\u00e3. Chega tamb\u00e9m o momento da catequese, quando o filho se insere mais e mais na grande comunidade de f\u00e9, da qual recebe o testemunho, a palavra e a viv\u00eancia comunit\u00e1ria da f\u00e9 e de suas conseq\u00fc\u00eancias para a vida&#8230;<\/p>\n<p>Maria e Jos\u00e9 tiveram a alegria de ver o menino Jesus crescendo em sabedoria, idade e gra\u00e7a diante de Deus e dos homens (cf Lc 2,52); assim tamb\u00e9m os pais crist\u00e3os t\u00eam a miss\u00e3o indispens\u00e1vel de iniciar os filhos nos caminhos da f\u00e9 e na vida da Igreja. Os frutos e as alegrias, com a gra\u00e7a de Deus, n\u00e3o tardar\u00e3o a aparecer.<\/p>\n<div id=\"themify_builder_content-24230\" data-postid=\"24230\" class=\"themify_builder_content themify_builder_content-24230 themify_builder themify_builder_front\">\n\t<\/div>\n<!-- \/themify_builder_content -->","protected":false},"excerpt":{"rendered":"<p>Cardeal Odilo Pedro Scherer A festa bonita da Apresenta\u00e7\u00e3o de Jesus no Templo, celebrada na liturgia domingo passado, 02 de fevereiro, nos faz refletir sobre a viv\u00eancia da f\u00e9 da Sagrada Fam\u00edlia e sobre a sua preocupa\u00e7\u00e3o de Maria e Jos\u00e9 em transmitir ao filho as tradi\u00e7\u00f5es que faziam parte da sua comunidade de f\u00e9 [&hellip;]<\/p>\n","protected":false},"author":5,"featured_media":0,"comment_status":"open","ping_status":"open","sticky":false,"template":"","format":"standard","meta":{"ngg_post_thumbnail":0,"footnotes":""},"categories":[9],"tags":[2951,323,2952,441,2953,2954],"yoast_head":"<!-- This site is optimized with the Yoast SEO plugin v23.5 - https:\/\/yoast.com\/wordpress\/plugins\/seo\/ -->\n<title>A fim de apresent\u00e1-lo ao Senhor... - O Arcanjo no ar<\/title>\n<meta name=\"robots\" content=\"index, follow, max-snippet:-1, max-image-preview:large, max-video-preview:-1\" \/>\n<link rel=\"canonical\" href=\"https:\/\/www.oarcanjo.net\/site\/a-fim-de-apresenta-lo-ao-senhor\/\" \/>\n<meta property=\"og:locale\" content=\"pt_BR\" \/>\n<meta property=\"og:type\" content=\"article\" \/>\n<meta property=\"og:title\" content=\"A fim de apresent\u00e1-lo ao Senhor... - O Arcanjo no ar\" \/>\n<meta property=\"og:description\" content=\"Cardeal Odilo Pedro Scherer A festa bonita da Apresenta\u00e7\u00e3o de Jesus no Templo, celebrada na liturgia domingo passado, 02 de fevereiro, nos faz refletir sobre a viv\u00eancia da f\u00e9 da Sagrada Fam\u00edlia e sobre a sua preocupa\u00e7\u00e3o de Maria e Jos\u00e9 em transmitir ao filho as tradi\u00e7\u00f5es que faziam parte da sua comunidade de f\u00e9 [&hellip;]\" \/>\n<meta property=\"og:url\" content=\"https:\/\/www.oarcanjo.net\/site\/a-fim-de-apresenta-lo-ao-senhor\/\" \/>\n<meta property=\"og:site_name\" content=\"O Arcanjo no ar\" \/>\n<meta property=\"article:publisher\" content=\"https:\/\/www.facebook.com\/OArcanjoNoAr\/\" \/>\n<meta property=\"article:published_time\" content=\"2014-02-03T20:49:23+00:00\" \/>\n<meta property=\"og:image\" content=\"https:\/\/www.oarcanjo.net\/site\/wp-content\/uploads\/logo-o-arcanjo-no-ar-facebook.png\" \/>\n\t<meta property=\"og:image:width\" content=\"300\" \/>\n\t<meta property=\"og:image:height\" content=\"300\" \/>\n\t<meta property=\"og:image:type\" content=\"image\/png\" \/>\n<meta name=\"author\" content=\"editor\" \/>\n<meta name=\"twitter:card\" content=\"summary_large_image\" \/>\n<meta name=\"twitter:label1\" content=\"Escrito por\" \/>\n\t<meta name=\"twitter:data1\" content=\"editor\" \/>\n\t<meta name=\"twitter:label2\" content=\"Est. tempo de leitura\" \/>\n\t<meta name=\"twitter:data2\" content=\"3 minutos\" \/>\n<script type=\"application\/ld+json\" class=\"yoast-schema-graph\">{\"@context\":\"https:\/\/schema.org\",\"@graph\":[{\"@type\":\"Article\",\"@id\":\"https:\/\/www.oarcanjo.net\/site\/a-fim-de-apresenta-lo-ao-senhor\/#article\",\"isPartOf\":{\"@id\":\"https:\/\/www.oarcanjo.net\/site\/a-fim-de-apresenta-lo-ao-senhor\/\"},\"author\":{\"name\":\"editor\",\"@id\":\"https:\/\/www.oarcanjo.net\/site\/#\/schema\/person\/f7024d007863202483a31326673a0838\"},\"headline\":\"A fim de apresent\u00e1-lo ao Senhor&#8230;\",\"datePublished\":\"2014-02-03T20:49:23+00:00\",\"dateModified\":\"2014-02-03T20:49:23+00:00\",\"mainEntityOfPage\":{\"@id\":\"https:\/\/www.oarcanjo.net\/site\/a-fim-de-apresenta-lo-ao-senhor\/\"},\"wordCount\":669,\"commentCount\":0,\"publisher\":{\"@id\":\"https:\/\/www.oarcanjo.net\/site\/#organization\"},\"keywords\":[\"Apresenta\u00e7\u00e3o de Jesus\",\"Catequese\",\"Educa\u00e7\u00e3o Crist\u00e3\",\"f\u00e9\",\"Inicia\u00e7\u00e3o\",\"Tradi\u00e7\u00e3o\"],\"articleSection\":[\"Reflex\u00f5es\"],\"inLanguage\":\"pt-BR\",\"potentialAction\":[{\"@type\":\"CommentAction\",\"name\":\"Comment\",\"target\":[\"https:\/\/www.oarcanjo.net\/site\/a-fim-de-apresenta-lo-ao-senhor\/#respond\"]}]},{\"@type\":\"WebPage\",\"@id\":\"https:\/\/www.oarcanjo.net\/site\/a-fim-de-apresenta-lo-ao-senhor\/\",\"url\":\"https:\/\/www.oarcanjo.net\/site\/a-fim-de-apresenta-lo-ao-senhor\/\",\"name\":\"A fim de apresent\u00e1-lo ao Senhor... - O Arcanjo no ar\",\"isPartOf\":{\"@id\":\"https:\/\/www.oarcanjo.net\/site\/#website\"},\"datePublished\":\"2014-02-03T20:49:23+00:00\",\"dateModified\":\"2014-02-03T20:49:23+00:00\",\"breadcrumb\":{\"@id\":\"https:\/\/www.oarcanjo.net\/site\/a-fim-de-apresenta-lo-ao-senhor\/#breadcrumb\"},\"inLanguage\":\"pt-BR\",\"potentialAction\":[{\"@type\":\"ReadAction\",\"target\":[\"https:\/\/www.oarcanjo.net\/site\/a-fim-de-apresenta-lo-ao-senhor\/\"]}]},{\"@type\":\"BreadcrumbList\",\"@id\":\"https:\/\/www.oarcanjo.net\/site\/a-fim-de-apresenta-lo-ao-senhor\/#breadcrumb\",\"itemListElement\":[{\"@type\":\"ListItem\",\"position\":1,\"name\":\"In\u00edcio\",\"item\":\"https:\/\/www.oarcanjo.net\/site\/\"},{\"@type\":\"ListItem\",\"position\":2,\"name\":\"A fim de apresent\u00e1-lo ao Senhor&#8230;\"}]},{\"@type\":\"WebSite\",\"@id\":\"https:\/\/www.oarcanjo.net\/site\/#website\",\"url\":\"https:\/\/www.oarcanjo.net\/site\/\",\"name\":\"O Arcanjo no ar\",\"description\":\"Site da Par\u00f3quia S\u00e3o Miguel Arcanjo (Arquidiocese de SP)\",\"publisher\":{\"@id\":\"https:\/\/www.oarcanjo.net\/site\/#organization\"},\"potentialAction\":[{\"@type\":\"SearchAction\",\"target\":{\"@type\":\"EntryPoint\",\"urlTemplate\":\"https:\/\/www.oarcanjo.net\/site\/?s={search_term_string}\"},\"query-input\":{\"@type\":\"PropertyValueSpecification\",\"valueRequired\":true,\"valueName\":\"search_term_string\"}}],\"inLanguage\":\"pt-BR\"},{\"@type\":\"Organization\",\"@id\":\"https:\/\/www.oarcanjo.net\/site\/#organization\",\"name\":\"Par\u00f3quia S\u00e3o Miguel Arcanjo\",\"url\":\"https:\/\/www.oarcanjo.net\/site\/\",\"logo\":{\"@type\":\"ImageObject\",\"inLanguage\":\"pt-BR\",\"@id\":\"https:\/\/www.oarcanjo.net\/site\/#\/schema\/logo\/image\/\",\"url\":\"https:\/\/www.oarcanjo.net\/site\/wp-content\/uploads\/LogoOArcanjo.png\",\"contentUrl\":\"https:\/\/www.oarcanjo.net\/site\/wp-content\/uploads\/LogoOArcanjo.png\",\"width\":319,\"height\":99,\"caption\":\"Par\u00f3quia S\u00e3o Miguel Arcanjo\"},\"image\":{\"@id\":\"https:\/\/www.oarcanjo.net\/site\/#\/schema\/logo\/image\/\"},\"sameAs\":[\"https:\/\/www.facebook.com\/OArcanjoNoAr\/\"]},{\"@type\":\"Person\",\"@id\":\"https:\/\/www.oarcanjo.net\/site\/#\/schema\/person\/f7024d007863202483a31326673a0838\",\"name\":\"editor\",\"sameAs\":[\"http:\/\/www.oarcanjo.net\"]}]}<\/script>\n<!-- \/ Yoast SEO plugin. -->","yoast_head_json":{"title":"A fim de apresent\u00e1-lo ao Senhor... - O Arcanjo no ar","robots":{"index":"index","follow":"follow","max-snippet":"max-snippet:-1","max-image-preview":"max-image-preview:large","max-video-preview":"max-video-preview:-1"},"canonical":"https:\/\/www.oarcanjo.net\/site\/a-fim-de-apresenta-lo-ao-senhor\/","og_locale":"pt_BR","og_type":"article","og_title":"A fim de apresent\u00e1-lo ao Senhor... - O Arcanjo no ar","og_description":"Cardeal Odilo Pedro Scherer A festa bonita da Apresenta\u00e7\u00e3o de Jesus no Templo, celebrada na liturgia domingo passado, 02 de fevereiro, nos faz refletir sobre a viv\u00eancia da f\u00e9 da Sagrada Fam\u00edlia e sobre a sua preocupa\u00e7\u00e3o de Maria e Jos\u00e9 em transmitir ao filho as tradi\u00e7\u00f5es que faziam parte da sua comunidade de f\u00e9 [&hellip;]","og_url":"https:\/\/www.oarcanjo.net\/site\/a-fim-de-apresenta-lo-ao-senhor\/","og_site_name":"O Arcanjo no ar","article_publisher":"https:\/\/www.facebook.com\/OArcanjoNoAr\/","article_published_time":"2014-02-03T20:49:23+00:00","og_image":[{"width":300,"height":300,"url":"https:\/\/www.oarcanjo.net\/site\/wp-content\/uploads\/logo-o-arcanjo-no-ar-facebook.png","type":"image\/png"}],"author":"editor","twitter_card":"summary_large_image","twitter_misc":{"Escrito por":"editor","Est. tempo de leitura":"3 minutos"},"schema":{"@context":"https:\/\/schema.org","@graph":[{"@type":"Article","@id":"https:\/\/www.oarcanjo.net\/site\/a-fim-de-apresenta-lo-ao-senhor\/#article","isPartOf":{"@id":"https:\/\/www.oarcanjo.net\/site\/a-fim-de-apresenta-lo-ao-senhor\/"},"author":{"name":"editor","@id":"https:\/\/www.oarcanjo.net\/site\/#\/schema\/person\/f7024d007863202483a31326673a0838"},"headline":"A fim de apresent\u00e1-lo ao Senhor&#8230;","datePublished":"2014-02-03T20:49:23+00:00","dateModified":"2014-02-03T20:49:23+00:00","mainEntityOfPage":{"@id":"https:\/\/www.oarcanjo.net\/site\/a-fim-de-apresenta-lo-ao-senhor\/"},"wordCount":669,"commentCount":0,"publisher":{"@id":"https:\/\/www.oarcanjo.net\/site\/#organization"},"keywords":["Apresenta\u00e7\u00e3o de Jesus","Catequese","Educa\u00e7\u00e3o Crist\u00e3","f\u00e9","Inicia\u00e7\u00e3o","Tradi\u00e7\u00e3o"],"articleSection":["Reflex\u00f5es"],"inLanguage":"pt-BR","potentialAction":[{"@type":"CommentAction","name":"Comment","target":["https:\/\/www.oarcanjo.net\/site\/a-fim-de-apresenta-lo-ao-senhor\/#respond"]}]},{"@type":"WebPage","@id":"https:\/\/www.oarcanjo.net\/site\/a-fim-de-apresenta-lo-ao-senhor\/","url":"https:\/\/www.oarcanjo.net\/site\/a-fim-de-apresenta-lo-ao-senhor\/","name":"A fim de apresent\u00e1-lo ao Senhor... - O Arcanjo no ar","isPartOf":{"@id":"https:\/\/www.oarcanjo.net\/site\/#website"},"datePublished":"2014-02-03T20:49:23+00:00","dateModified":"2014-02-03T20:49:23+00:00","breadcrumb":{"@id":"https:\/\/www.oarcanjo.net\/site\/a-fim-de-apresenta-lo-ao-senhor\/#breadcrumb"},"inLanguage":"pt-BR","potentialAction":[{"@type":"ReadAction","target":["https:\/\/www.oarcanjo.net\/site\/a-fim-de-apresenta-lo-ao-senhor\/"]}]},{"@type":"BreadcrumbList","@id":"https:\/\/www.oarcanjo.net\/site\/a-fim-de-apresenta-lo-ao-senhor\/#breadcrumb","itemListElement":[{"@type":"ListItem","position":1,"name":"In\u00edcio","item":"https:\/\/www.oarcanjo.net\/site\/"},{"@type":"ListItem","position":2,"name":"A fim de apresent\u00e1-lo ao Senhor&#8230;"}]},{"@type":"WebSite","@id":"https:\/\/www.oarcanjo.net\/site\/#website","url":"https:\/\/www.oarcanjo.net\/site\/","name":"O Arcanjo no ar","description":"Site da Par\u00f3quia S\u00e3o Miguel Arcanjo (Arquidiocese de SP)","publisher":{"@id":"https:\/\/www.oarcanjo.net\/site\/#organization"},"potentialAction":[{"@type":"SearchAction","target":{"@type":"EntryPoint","urlTemplate":"https:\/\/www.oarcanjo.net\/site\/?s={search_term_string}"},"query-input":{"@type":"PropertyValueSpecification","valueRequired":true,"valueName":"search_term_string"}}],"inLanguage":"pt-BR"},{"@type":"Organization","@id":"https:\/\/www.oarcanjo.net\/site\/#organization","name":"Par\u00f3quia S\u00e3o Miguel Arcanjo","url":"https:\/\/www.oarcanjo.net\/site\/","logo":{"@type":"ImageObject","inLanguage":"pt-BR","@id":"https:\/\/www.oarcanjo.net\/site\/#\/schema\/logo\/image\/","url":"https:\/\/www.oarcanjo.net\/site\/wp-content\/uploads\/LogoOArcanjo.png","contentUrl":"https:\/\/www.oarcanjo.net\/site\/wp-content\/uploads\/LogoOArcanjo.png","width":319,"height":99,"caption":"Par\u00f3quia S\u00e3o Miguel Arcanjo"},"image":{"@id":"https:\/\/www.oarcanjo.net\/site\/#\/schema\/logo\/image\/"},"sameAs":["https:\/\/www.facebook.com\/OArcanjoNoAr\/"]},{"@type":"Person","@id":"https:\/\/www.oarcanjo.net\/site\/#\/schema\/person\/f7024d007863202483a31326673a0838","name":"editor","sameAs":["http:\/\/www.oarcanjo.net"]}]}},"publishpress_future_action":{"enabled":false,"date":"2026-05-08 22:53:22","action":"category","newStatus":"draft","terms":[],"taxonomy":"category"},"publishpress_future_workflow_manual_trigger":{"enabledWorkflows":[]},"_links":{"self":[{"href":"https:\/\/www.oarcanjo.net\/site\/wp-json\/wp\/v2\/posts\/24230"}],"collection":[{"href":"https:\/\/www.oarcanjo.net\/site\/wp-json\/wp\/v2\/posts"}],"about":[{"href":"https:\/\/www.oarcanjo.net\/site\/wp-json\/wp\/v2\/types\/post"}],"author":[{"embeddable":true,"href":"https:\/\/www.oarcanjo.net\/site\/wp-json\/wp\/v2\/users\/5"}],"replies":[{"embeddable":true,"href":"https:\/\/www.oarcanjo.net\/site\/wp-json\/wp\/v2\/comments?post=24230"}],"version-history":[{"count":0,"href":"https:\/\/www.oarcanjo.net\/site\/wp-json\/wp\/v2\/posts\/24230\/revisions"}],"wp:attachment":[{"href":"https:\/\/www.oarcanjo.net\/site\/wp-json\/wp\/v2\/media?parent=24230"}],"wp:term":[{"taxonomy":"category","embeddable":true,"href":"https:\/\/www.oarcanjo.net\/site\/wp-json\/wp\/v2\/categories?post=24230"},{"taxonomy":"post_tag","embeddable":true,"href":"https:\/\/www.oarcanjo.net\/site\/wp-json\/wp\/v2\/tags?post=24230"}],"curies":[{"name":"wp","href":"https:\/\/api.w.org\/{rel}","templated":true}]}}