
{"id":24246,"date":"2014-02-07T12:00:14","date_gmt":"2014-02-07T14:00:14","guid":{"rendered":"http:\/\/www.oarcanjo.net\/site\/?p=24246"},"modified":"2014-02-07T12:00:14","modified_gmt":"2014-02-07T14:00:14","slug":"cnbb-divulga-nota-sobre-sistema-carcerario-do-pais","status":"publish","type":"post","link":"https:\/\/www.oarcanjo.net\/site\/cnbb-divulga-nota-sobre-sistema-carcerario-do-pais\/","title":{"rendered":"CNBB divulga nota sobre sistema carcer\u00e1rio do pa\u00eds"},"content":{"rendered":"<p>Uma nota sobre o sistema carcer\u00e1rio do pa\u00eds foi apresentada pela presid\u00eancia da CNBB em coletiva de imprensa, nesta quinta-feira, 6 de fevereiro. Participaram da coletiva o arcebispo de Aparecida (SP) e presidente da Confer\u00eancia, cardeal Raymundo Damasceno Assis, e o secret\u00e1rio geral, dom Leonardo Steiner. A nota foi produzida pelo Conselho Episcopal Pastoral (Consep), que esteve reunido de 4 a 6 de fevereiro, em Bras\u00edlia.<\/p>\n<p>No texto, os bispos manifestam rep\u00fadio aos epis\u00f3dios de viol\u00eancia ocorridos no Complexo Penitenci\u00e1rio de Pedrinhas, em S\u00e3o Lu\u00eds (MA). Foram 60 mortes em 2013 e tr\u00eas no \u00faltimo m\u00eas de janeiro. \u201cA fal\u00eancia do nosso sistema prisional \u00e9 sustentada pela pol\u00edtica de encarceramento em massa e comprovada pelas desumanas condi\u00e7\u00f5es dos pres\u00eddios, por den\u00fancias de pr\u00e1ticas de torturas, por despreparo de agentes penitenci\u00e1rios\u201d, apontam os bispos.<\/p>\n<p><img loading=\"lazy\" decoding=\"async\" class=\"alignleft\" style=\"margin-left: 4px; margin-right: 4px;\" alt=\"\" src=\"http:\/\/www.arquidiocesedesaopaulo.org.br\/sites\/arquidiocesedesaopaulo.pucsp.br\/files\/000logo_cnbb.jpg\" width=\"245\" height=\"207\" \/>Ao final, \u00a0a CNBB reafirma seu compromisso de contribuir para a promo\u00e7\u00e3o de uma cultura de paz.\u00a0Confira a \u00edntegra do texto:<\/p>\n<p><em><strong>Nota da CNBB sobre o sistema carcer\u00e1rio do pa\u00eds<\/strong><\/em><\/p>\n<p><em>\u201cLembrai-vos dos presos, como se estiv\u00e9sseis presos com eles, e dos que s\u00e3o maltradados, pois tamb\u00e9m v\u00f3s tendes um corpo!\u201d(Hb 13,3)<\/em><\/p>\n<p><em>O Conselho Episcopal Pastoral da Confer\u00eancia Nacional dos Bispos do Brasil-CNBB, reunido em Bras\u00edlia, nos dias 4 a 6 de fevereiro, vem manifestar rep\u00fadio aos graves fatos ocorridos neste in\u00edcio de ano no Complexo Penitenci\u00e1rio de Pedrinhas, em S\u00e3o Lu\u00eds, no Maranh\u00e3o, com repercuss\u00e3o mundial. Foram 60 mortes em 2013 e tr\u00eas no \u00faltimo m\u00eas de janeiro, algumas com decapita\u00e7\u00f5es e esquartejamentos, provocadas pelos pr\u00f3prios presos.<\/em><\/p>\n<p><em>Unimo-nos aos bispos do Maranh\u00e3o que, em nota, condenaram \u201co clima de terror e medo vivido na cidade de S\u00e3o Lu\u00eds\u201d, consequ\u00eancia da viol\u00eancia no Complexo de Pedrinhas. Com eles afirmamos: \u201cA nossa sociedade est\u00e1 se tornando cada vez mais violenta. \u00c9 nosso parecer que essa viol\u00eancia \u00e9 resultado de um modelo econ\u00f4mico-social que est\u00e1 sendo constru\u00eddo\u201d.<\/em><\/p>\n<p><em>Esse modelo produz a desigualdade social, uma das maiores causas da viol\u00eancia. Entende-se, assim, que a maior parte da popula\u00e7\u00e3o carcer\u00e1ria seja de pobres, jovens e negros. Combater esta desigualdade \u00e9 caminho para a seguran\u00e7a a que a popula\u00e7\u00e3o aspira como nos lembra o papa Francisco: \u201cEnquanto n\u00e3o se eliminarem a exclus\u00e3o e a desigualdade dentro da sociedade e entre os v\u00e1rios povos, ser\u00e1 imposs\u00edvel desarraigar a viol\u00eancia\u201d (EG 59).<\/em><\/p>\n<p><em>N\u00e3o podemos assistir passivamente \u00e0 viola\u00e7\u00e3o da dignidade humana como ocorre nos pres\u00eddios brasileiros e em in\u00fameras situa\u00e7\u00f5es de viol\u00eancia que grassa no pa\u00eds. \u00c9 lament\u00e1vel que o Estado e a Sociedade s\u00f3 tenham olhos para a situa\u00e7\u00e3o carcer\u00e1ria quando os pres\u00eddios s\u00e3o palco de cenas estarrecedoras como as do Maranh\u00e3o. Nesses casos, solu\u00e7\u00f5es emergenciais n\u00e3o enfrentam os problemas nas suas ra\u00edzes nem levam a reformas estruturais que requer o atual sistema penitenci\u00e1rio.<\/em><\/p>\n<p><em>A fal\u00eancia do nosso sistema prisional \u00e9 sustentada pela pol\u00edtica de encarceramento em massa e comprovada pelas desumanas condi\u00e7\u00f5es dos pres\u00eddios, por den\u00fancias de pr\u00e1ticas de torturas, por despreparo de agentes penitenci\u00e1rios. Soma-se a isso o fato de que dos mais de 500 mil detentos, cerca de 40% aguardam julgamento da justi\u00e7a, al\u00e9m dos milhares com penas j\u00e1 vencidas. Como compreender uma situa\u00e7\u00e3o dessas?<\/em><\/p>\n<p><em>\u00c9 urgente uma reforma do sistema carcer\u00e1rio que estabele\u00e7a metas claras para a solu\u00e7\u00e3o dos problemas enfrentados pelos pres\u00eddios, al\u00e9m da cria\u00e7\u00e3o de um grupo ou programa de monitoramento de implementa\u00e7\u00e3o destas metas. Levem-se a s\u00e9rio a justi\u00e7a restaurativa, proposta pela ONU, e a Escola de Perd\u00e3o e Reconcilia\u00e7\u00e3o (ESPERE), defendida pela Pastoral Carcer\u00e1ria, como alternativas \u00e0 pol\u00edtica de encarceramento em vigor no pa\u00eds.<\/em><\/p>\n<p><em>Para esse fim devem se unir Executivo, Legislativo e Judici\u00e1rio, contando sempre com a indispens\u00e1vel participa\u00e7\u00e3o da sociedade civil.<\/em><\/p>\n<p><em>A Igreja no Brasil tem dado sua contribui\u00e7\u00e3o para a afirma\u00e7\u00e3o de uma cultura de paz, seja pela realiza\u00e7\u00e3o de tr\u00eas Campanhas da Fraternidade sobre a viol\u00eancia (1983), encarcerados (1997) e seguran\u00e7a p\u00fablica (2009), seja por meio da atua\u00e7\u00e3o da Pastoral Carcer\u00e1ria e de outros grupos de defesa e promo\u00e7\u00e3o dos direitos humanos. Fiel \u00e0 sua miss\u00e3o evangelizadora, ela continua \u00e0 disposi\u00e7\u00e3o para colaborar na busca de solu\u00e7\u00f5es que estanquem a viol\u00eancia, assegurem a paz e estabele\u00e7a a justi\u00e7a nos pres\u00eddios e na sociedade.<\/em><\/p>\n<p><em>Que Deus nos ilumine e nos d\u00ea sabedoria para juntos trilharmos os caminhos da justi\u00e7a e da paz!<\/em><\/p>\n<p><em>Bras\u00edlia, 6 de fevereiro de 2014<\/em><\/p>\n<p><em><strong>Cardeal Raymundo Damasceno Assis<br \/>\n<\/strong><\/em><em>Arcebispo de Aparecida<br \/>\n<\/em><em>Presidente da CNBB<\/em><\/p>\n<p><em><\/em><em><strong>Dom Jos\u00e9 Belis\u00e1rio da Silva<br \/>\n<\/strong><\/em><em>Arcebispo de S\u00e3o Lu\u00eds<br \/>\n<\/em><em>Vice-presidente da CNBB<\/em><\/p>\n<p><em><\/em><em><strong>Dom Leonardo Ulrich Steiner<br \/>\n<\/strong><\/em><em>Bispo Auxiliar de Bras\u00edlia<br \/>\n<\/em><em>Secret\u00e1rio Geral da CNBB<\/em><\/p>\n<p><em>Fonte: Arquidiocese de S\u00e3o Paulo<\/em><\/p>\n<div id=\"themify_builder_content-24246\" data-postid=\"24246\" class=\"themify_builder_content themify_builder_content-24246 themify_builder themify_builder_front\">\n\t<\/div>\n<!-- \/themify_builder_content -->","protected":false},"excerpt":{"rendered":"<p>Uma nota sobre o sistema carcer\u00e1rio do pa\u00eds foi apresentada pela presid\u00eancia da CNBB em coletiva de imprensa, nesta quinta-feira, 6 de fevereiro. Participaram da coletiva o arcebispo de Aparecida (SP) e presidente da Confer\u00eancia, cardeal Raymundo Damasceno Assis, e o secret\u00e1rio geral, dom Leonardo Steiner. A nota foi produzida pelo Conselho Episcopal Pastoral (Consep), [&hellip;]<\/p>\n","protected":false},"author":5,"featured_media":0,"comment_status":"open","ping_status":"open","sticky":false,"template":"","format":"standard","meta":{"ngg_post_thumbnail":0,"footnotes":""},"categories":[8],"tags":[63,2966,2374,2967,2968,665,250,2507,2969,2970],"yoast_head":"<!-- This site is optimized with the Yoast SEO plugin v23.5 - https:\/\/yoast.com\/wordpress\/plugins\/seo\/ -->\n<title>CNBB divulga nota sobre sistema carcer\u00e1rio do pa\u00eds - O Arcanjo no ar<\/title>\n<meta name=\"robots\" content=\"index, follow, max-snippet:-1, max-image-preview:large, max-video-preview:-1\" \/>\n<link rel=\"canonical\" href=\"https:\/\/www.oarcanjo.net\/site\/cnbb-divulga-nota-sobre-sistema-carcerario-do-pais\/\" \/>\n<meta property=\"og:locale\" content=\"pt_BR\" \/>\n<meta property=\"og:type\" content=\"article\" \/>\n<meta property=\"og:title\" content=\"CNBB divulga nota sobre sistema carcer\u00e1rio do pa\u00eds - O Arcanjo no ar\" \/>\n<meta property=\"og:description\" content=\"Uma nota sobre o sistema carcer\u00e1rio do pa\u00eds foi apresentada pela presid\u00eancia da CNBB em coletiva de imprensa, nesta quinta-feira, 6 de fevereiro. Participaram da coletiva o arcebispo de Aparecida (SP) e presidente da Confer\u00eancia, cardeal Raymundo Damasceno Assis, e o secret\u00e1rio geral, dom Leonardo Steiner. A nota foi produzida pelo Conselho Episcopal Pastoral (Consep), [&hellip;]\" \/>\n<meta property=\"og:url\" content=\"https:\/\/www.oarcanjo.net\/site\/cnbb-divulga-nota-sobre-sistema-carcerario-do-pais\/\" \/>\n<meta property=\"og:site_name\" content=\"O Arcanjo no ar\" \/>\n<meta property=\"article:publisher\" content=\"https:\/\/www.facebook.com\/OArcanjoNoAr\/\" \/>\n<meta property=\"article:published_time\" content=\"2014-02-07T14:00:14+00:00\" \/>\n<meta property=\"og:image\" content=\"http:\/\/www.arquidiocesedesaopaulo.org.br\/sites\/arquidiocesedesaopaulo.pucsp.br\/files\/000logo_cnbb.jpg\" \/>\n<meta name=\"author\" content=\"editor\" \/>\n<meta name=\"twitter:card\" content=\"summary_large_image\" \/>\n<meta name=\"twitter:label1\" content=\"Escrito por\" \/>\n\t<meta name=\"twitter:data1\" content=\"editor\" \/>\n\t<meta name=\"twitter:label2\" content=\"Est. tempo de leitura\" \/>\n\t<meta name=\"twitter:data2\" content=\"4 minutos\" \/>\n<script type=\"application\/ld+json\" class=\"yoast-schema-graph\">{\"@context\":\"https:\/\/schema.org\",\"@graph\":[{\"@type\":\"Article\",\"@id\":\"https:\/\/www.oarcanjo.net\/site\/cnbb-divulga-nota-sobre-sistema-carcerario-do-pais\/#article\",\"isPartOf\":{\"@id\":\"https:\/\/www.oarcanjo.net\/site\/cnbb-divulga-nota-sobre-sistema-carcerario-do-pais\/\"},\"author\":{\"name\":\"editor\",\"@id\":\"https:\/\/www.oarcanjo.net\/site\/#\/schema\/person\/f7024d007863202483a31326673a0838\"},\"headline\":\"CNBB divulga nota sobre sistema carcer\u00e1rio do pa\u00eds\",\"datePublished\":\"2014-02-07T14:00:14+00:00\",\"dateModified\":\"2014-02-07T14:00:14+00:00\",\"mainEntityOfPage\":{\"@id\":\"https:\/\/www.oarcanjo.net\/site\/cnbb-divulga-nota-sobre-sistema-carcerario-do-pais\/\"},\"wordCount\":855,\"commentCount\":0,\"publisher\":{\"@id\":\"https:\/\/www.oarcanjo.net\/site\/#organization\"},\"image\":{\"@id\":\"https:\/\/www.oarcanjo.net\/site\/cnbb-divulga-nota-sobre-sistema-carcerario-do-pais\/#primaryimage\"},\"thumbnailUrl\":\"http:\/\/www.arquidiocesedesaopaulo.org.br\/sites\/arquidiocesedesaopaulo.pucsp.br\/files\/000logo_cnbb.jpg\",\"keywords\":[\"CNBB\",\"Complexo Penitenci\u00e1rio de Pedrinhas\",\"Confer\u00eancia Nacional dos Bispos do Brasil\",\"Conselho Episcopal Pastoral\",\"Consep\",\"Maranh\u00e3o\",\"mortes\",\"Nota\",\"S\u00e3o Lu\u00eds\",\"Sistema Carcer\u00e1rio\"],\"articleSection\":[\"Not\u00edcias\"],\"inLanguage\":\"pt-BR\",\"potentialAction\":[{\"@type\":\"CommentAction\",\"name\":\"Comment\",\"target\":[\"https:\/\/www.oarcanjo.net\/site\/cnbb-divulga-nota-sobre-sistema-carcerario-do-pais\/#respond\"]}]},{\"@type\":\"WebPage\",\"@id\":\"https:\/\/www.oarcanjo.net\/site\/cnbb-divulga-nota-sobre-sistema-carcerario-do-pais\/\",\"url\":\"https:\/\/www.oarcanjo.net\/site\/cnbb-divulga-nota-sobre-sistema-carcerario-do-pais\/\",\"name\":\"CNBB divulga nota sobre sistema carcer\u00e1rio do pa\u00eds - O Arcanjo no ar\",\"isPartOf\":{\"@id\":\"https:\/\/www.oarcanjo.net\/site\/#website\"},\"primaryImageOfPage\":{\"@id\":\"https:\/\/www.oarcanjo.net\/site\/cnbb-divulga-nota-sobre-sistema-carcerario-do-pais\/#primaryimage\"},\"image\":{\"@id\":\"https:\/\/www.oarcanjo.net\/site\/cnbb-divulga-nota-sobre-sistema-carcerario-do-pais\/#primaryimage\"},\"thumbnailUrl\":\"http:\/\/www.arquidiocesedesaopaulo.org.br\/sites\/arquidiocesedesaopaulo.pucsp.br\/files\/000logo_cnbb.jpg\",\"datePublished\":\"2014-02-07T14:00:14+00:00\",\"dateModified\":\"2014-02-07T14:00:14+00:00\",\"breadcrumb\":{\"@id\":\"https:\/\/www.oarcanjo.net\/site\/cnbb-divulga-nota-sobre-sistema-carcerario-do-pais\/#breadcrumb\"},\"inLanguage\":\"pt-BR\",\"potentialAction\":[{\"@type\":\"ReadAction\",\"target\":[\"https:\/\/www.oarcanjo.net\/site\/cnbb-divulga-nota-sobre-sistema-carcerario-do-pais\/\"]}]},{\"@type\":\"ImageObject\",\"inLanguage\":\"pt-BR\",\"@id\":\"https:\/\/www.oarcanjo.net\/site\/cnbb-divulga-nota-sobre-sistema-carcerario-do-pais\/#primaryimage\",\"url\":\"http:\/\/www.arquidiocesedesaopaulo.org.br\/sites\/arquidiocesedesaopaulo.pucsp.br\/files\/000logo_cnbb.jpg\",\"contentUrl\":\"http:\/\/www.arquidiocesedesaopaulo.org.br\/sites\/arquidiocesedesaopaulo.pucsp.br\/files\/000logo_cnbb.jpg\"},{\"@type\":\"BreadcrumbList\",\"@id\":\"https:\/\/www.oarcanjo.net\/site\/cnbb-divulga-nota-sobre-sistema-carcerario-do-pais\/#breadcrumb\",\"itemListElement\":[{\"@type\":\"ListItem\",\"position\":1,\"name\":\"In\u00edcio\",\"item\":\"https:\/\/www.oarcanjo.net\/site\/\"},{\"@type\":\"ListItem\",\"position\":2,\"name\":\"CNBB divulga nota sobre sistema carcer\u00e1rio do pa\u00eds\"}]},{\"@type\":\"WebSite\",\"@id\":\"https:\/\/www.oarcanjo.net\/site\/#website\",\"url\":\"https:\/\/www.oarcanjo.net\/site\/\",\"name\":\"O Arcanjo no ar\",\"description\":\"Site da Par\u00f3quia S\u00e3o Miguel Arcanjo (Arquidiocese de SP)\",\"publisher\":{\"@id\":\"https:\/\/www.oarcanjo.net\/site\/#organization\"},\"potentialAction\":[{\"@type\":\"SearchAction\",\"target\":{\"@type\":\"EntryPoint\",\"urlTemplate\":\"https:\/\/www.oarcanjo.net\/site\/?s={search_term_string}\"},\"query-input\":{\"@type\":\"PropertyValueSpecification\",\"valueRequired\":true,\"valueName\":\"search_term_string\"}}],\"inLanguage\":\"pt-BR\"},{\"@type\":\"Organization\",\"@id\":\"https:\/\/www.oarcanjo.net\/site\/#organization\",\"name\":\"Par\u00f3quia S\u00e3o Miguel Arcanjo\",\"url\":\"https:\/\/www.oarcanjo.net\/site\/\",\"logo\":{\"@type\":\"ImageObject\",\"inLanguage\":\"pt-BR\",\"@id\":\"https:\/\/www.oarcanjo.net\/site\/#\/schema\/logo\/image\/\",\"url\":\"https:\/\/www.oarcanjo.net\/site\/wp-content\/uploads\/LogoOArcanjo.png\",\"contentUrl\":\"https:\/\/www.oarcanjo.net\/site\/wp-content\/uploads\/LogoOArcanjo.png\",\"width\":319,\"height\":99,\"caption\":\"Par\u00f3quia S\u00e3o Miguel Arcanjo\"},\"image\":{\"@id\":\"https:\/\/www.oarcanjo.net\/site\/#\/schema\/logo\/image\/\"},\"sameAs\":[\"https:\/\/www.facebook.com\/OArcanjoNoAr\/\"]},{\"@type\":\"Person\",\"@id\":\"https:\/\/www.oarcanjo.net\/site\/#\/schema\/person\/f7024d007863202483a31326673a0838\",\"name\":\"editor\",\"sameAs\":[\"http:\/\/www.oarcanjo.net\"]}]}<\/script>\n<!-- \/ Yoast SEO plugin. -->","yoast_head_json":{"title":"CNBB divulga nota sobre sistema carcer\u00e1rio do pa\u00eds - O Arcanjo no ar","robots":{"index":"index","follow":"follow","max-snippet":"max-snippet:-1","max-image-preview":"max-image-preview:large","max-video-preview":"max-video-preview:-1"},"canonical":"https:\/\/www.oarcanjo.net\/site\/cnbb-divulga-nota-sobre-sistema-carcerario-do-pais\/","og_locale":"pt_BR","og_type":"article","og_title":"CNBB divulga nota sobre sistema carcer\u00e1rio do pa\u00eds - O Arcanjo no ar","og_description":"Uma nota sobre o sistema carcer\u00e1rio do pa\u00eds foi apresentada pela presid\u00eancia da CNBB em coletiva de imprensa, nesta quinta-feira, 6 de fevereiro. Participaram da coletiva o arcebispo de Aparecida (SP) e presidente da Confer\u00eancia, cardeal Raymundo Damasceno Assis, e o secret\u00e1rio geral, dom Leonardo Steiner. A nota foi produzida pelo Conselho Episcopal Pastoral (Consep), [&hellip;]","og_url":"https:\/\/www.oarcanjo.net\/site\/cnbb-divulga-nota-sobre-sistema-carcerario-do-pais\/","og_site_name":"O Arcanjo no ar","article_publisher":"https:\/\/www.facebook.com\/OArcanjoNoAr\/","article_published_time":"2014-02-07T14:00:14+00:00","og_image":[{"url":"http:\/\/www.arquidiocesedesaopaulo.org.br\/sites\/arquidiocesedesaopaulo.pucsp.br\/files\/000logo_cnbb.jpg"}],"author":"editor","twitter_card":"summary_large_image","twitter_misc":{"Escrito por":"editor","Est. tempo de leitura":"4 minutos"},"schema":{"@context":"https:\/\/schema.org","@graph":[{"@type":"Article","@id":"https:\/\/www.oarcanjo.net\/site\/cnbb-divulga-nota-sobre-sistema-carcerario-do-pais\/#article","isPartOf":{"@id":"https:\/\/www.oarcanjo.net\/site\/cnbb-divulga-nota-sobre-sistema-carcerario-do-pais\/"},"author":{"name":"editor","@id":"https:\/\/www.oarcanjo.net\/site\/#\/schema\/person\/f7024d007863202483a31326673a0838"},"headline":"CNBB divulga nota sobre sistema carcer\u00e1rio do pa\u00eds","datePublished":"2014-02-07T14:00:14+00:00","dateModified":"2014-02-07T14:00:14+00:00","mainEntityOfPage":{"@id":"https:\/\/www.oarcanjo.net\/site\/cnbb-divulga-nota-sobre-sistema-carcerario-do-pais\/"},"wordCount":855,"commentCount":0,"publisher":{"@id":"https:\/\/www.oarcanjo.net\/site\/#organization"},"image":{"@id":"https:\/\/www.oarcanjo.net\/site\/cnbb-divulga-nota-sobre-sistema-carcerario-do-pais\/#primaryimage"},"thumbnailUrl":"http:\/\/www.arquidiocesedesaopaulo.org.br\/sites\/arquidiocesedesaopaulo.pucsp.br\/files\/000logo_cnbb.jpg","keywords":["CNBB","Complexo Penitenci\u00e1rio de Pedrinhas","Confer\u00eancia Nacional dos Bispos do Brasil","Conselho Episcopal Pastoral","Consep","Maranh\u00e3o","mortes","Nota","S\u00e3o Lu\u00eds","Sistema Carcer\u00e1rio"],"articleSection":["Not\u00edcias"],"inLanguage":"pt-BR","potentialAction":[{"@type":"CommentAction","name":"Comment","target":["https:\/\/www.oarcanjo.net\/site\/cnbb-divulga-nota-sobre-sistema-carcerario-do-pais\/#respond"]}]},{"@type":"WebPage","@id":"https:\/\/www.oarcanjo.net\/site\/cnbb-divulga-nota-sobre-sistema-carcerario-do-pais\/","url":"https:\/\/www.oarcanjo.net\/site\/cnbb-divulga-nota-sobre-sistema-carcerario-do-pais\/","name":"CNBB divulga nota sobre sistema carcer\u00e1rio do pa\u00eds - O Arcanjo no ar","isPartOf":{"@id":"https:\/\/www.oarcanjo.net\/site\/#website"},"primaryImageOfPage":{"@id":"https:\/\/www.oarcanjo.net\/site\/cnbb-divulga-nota-sobre-sistema-carcerario-do-pais\/#primaryimage"},"image":{"@id":"https:\/\/www.oarcanjo.net\/site\/cnbb-divulga-nota-sobre-sistema-carcerario-do-pais\/#primaryimage"},"thumbnailUrl":"http:\/\/www.arquidiocesedesaopaulo.org.br\/sites\/arquidiocesedesaopaulo.pucsp.br\/files\/000logo_cnbb.jpg","datePublished":"2014-02-07T14:00:14+00:00","dateModified":"2014-02-07T14:00:14+00:00","breadcrumb":{"@id":"https:\/\/www.oarcanjo.net\/site\/cnbb-divulga-nota-sobre-sistema-carcerario-do-pais\/#breadcrumb"},"inLanguage":"pt-BR","potentialAction":[{"@type":"ReadAction","target":["https:\/\/www.oarcanjo.net\/site\/cnbb-divulga-nota-sobre-sistema-carcerario-do-pais\/"]}]},{"@type":"ImageObject","inLanguage":"pt-BR","@id":"https:\/\/www.oarcanjo.net\/site\/cnbb-divulga-nota-sobre-sistema-carcerario-do-pais\/#primaryimage","url":"http:\/\/www.arquidiocesedesaopaulo.org.br\/sites\/arquidiocesedesaopaulo.pucsp.br\/files\/000logo_cnbb.jpg","contentUrl":"http:\/\/www.arquidiocesedesaopaulo.org.br\/sites\/arquidiocesedesaopaulo.pucsp.br\/files\/000logo_cnbb.jpg"},{"@type":"BreadcrumbList","@id":"https:\/\/www.oarcanjo.net\/site\/cnbb-divulga-nota-sobre-sistema-carcerario-do-pais\/#breadcrumb","itemListElement":[{"@type":"ListItem","position":1,"name":"In\u00edcio","item":"https:\/\/www.oarcanjo.net\/site\/"},{"@type":"ListItem","position":2,"name":"CNBB divulga nota sobre sistema carcer\u00e1rio do pa\u00eds"}]},{"@type":"WebSite","@id":"https:\/\/www.oarcanjo.net\/site\/#website","url":"https:\/\/www.oarcanjo.net\/site\/","name":"O Arcanjo no ar","description":"Site da Par\u00f3quia S\u00e3o Miguel Arcanjo (Arquidiocese de SP)","publisher":{"@id":"https:\/\/www.oarcanjo.net\/site\/#organization"},"potentialAction":[{"@type":"SearchAction","target":{"@type":"EntryPoint","urlTemplate":"https:\/\/www.oarcanjo.net\/site\/?s={search_term_string}"},"query-input":{"@type":"PropertyValueSpecification","valueRequired":true,"valueName":"search_term_string"}}],"inLanguage":"pt-BR"},{"@type":"Organization","@id":"https:\/\/www.oarcanjo.net\/site\/#organization","name":"Par\u00f3quia S\u00e3o Miguel Arcanjo","url":"https:\/\/www.oarcanjo.net\/site\/","logo":{"@type":"ImageObject","inLanguage":"pt-BR","@id":"https:\/\/www.oarcanjo.net\/site\/#\/schema\/logo\/image\/","url":"https:\/\/www.oarcanjo.net\/site\/wp-content\/uploads\/LogoOArcanjo.png","contentUrl":"https:\/\/www.oarcanjo.net\/site\/wp-content\/uploads\/LogoOArcanjo.png","width":319,"height":99,"caption":"Par\u00f3quia S\u00e3o Miguel Arcanjo"},"image":{"@id":"https:\/\/www.oarcanjo.net\/site\/#\/schema\/logo\/image\/"},"sameAs":["https:\/\/www.facebook.com\/OArcanjoNoAr\/"]},{"@type":"Person","@id":"https:\/\/www.oarcanjo.net\/site\/#\/schema\/person\/f7024d007863202483a31326673a0838","name":"editor","sameAs":["http:\/\/www.oarcanjo.net"]}]}},"publishpress_future_action":{"enabled":false,"date":"2026-05-09 10:23:54","action":"category","newStatus":"draft","terms":[],"taxonomy":"category"},"publishpress_future_workflow_manual_trigger":{"enabledWorkflows":[]},"_links":{"self":[{"href":"https:\/\/www.oarcanjo.net\/site\/wp-json\/wp\/v2\/posts\/24246"}],"collection":[{"href":"https:\/\/www.oarcanjo.net\/site\/wp-json\/wp\/v2\/posts"}],"about":[{"href":"https:\/\/www.oarcanjo.net\/site\/wp-json\/wp\/v2\/types\/post"}],"author":[{"embeddable":true,"href":"https:\/\/www.oarcanjo.net\/site\/wp-json\/wp\/v2\/users\/5"}],"replies":[{"embeddable":true,"href":"https:\/\/www.oarcanjo.net\/site\/wp-json\/wp\/v2\/comments?post=24246"}],"version-history":[{"count":0,"href":"https:\/\/www.oarcanjo.net\/site\/wp-json\/wp\/v2\/posts\/24246\/revisions"}],"wp:attachment":[{"href":"https:\/\/www.oarcanjo.net\/site\/wp-json\/wp\/v2\/media?parent=24246"}],"wp:term":[{"taxonomy":"category","embeddable":true,"href":"https:\/\/www.oarcanjo.net\/site\/wp-json\/wp\/v2\/categories?post=24246"},{"taxonomy":"post_tag","embeddable":true,"href":"https:\/\/www.oarcanjo.net\/site\/wp-json\/wp\/v2\/tags?post=24246"}],"curies":[{"name":"wp","href":"https:\/\/api.w.org\/{rel}","templated":true}]}}