
{"id":24262,"date":"2014-02-09T22:26:05","date_gmt":"2014-02-10T00:26:05","guid":{"rendered":"http:\/\/www.oarcanjo.net\/site\/?p=24262"},"modified":"2014-02-09T23:06:02","modified_gmt":"2014-02-10T01:06:02","slug":"desconfio-da-esmola-que-nao-custa-nem-doi","status":"publish","type":"post","link":"https:\/\/www.oarcanjo.net\/site\/desconfio-da-esmola-que-nao-custa-nem-doi\/","title":{"rendered":"&#8220;Desconfio da esmola que n\u00e3o custa nem d\u00f3i&#8221;"},"content":{"rendered":"<p>O Conselho Paroquial da Comunidade S\u00e3o Miguel Arcanjo se reuniu neste s\u00e1bado 08\/02\/14, conhecendo o calend\u00e1rio da Regi\u00e3o Episcopal Bel\u00e9m para o ano de 2014 e tamb\u00e9m as principais atividades da Par\u00f3quia S\u00e3o Miguel, especialmente no per\u00edodo da Quaresma.<\/p>\n<p>Na sequ\u00eancia, a reflex\u00e3o com o folheto da Campanha da Fraternidade 2014, que tem como tema o TR\u00c1FICO HUMANO. O Pe Julio incentivou a discuss\u00e3o com outras pessoas, de modo que o tema alcance muitos outros. Foram lidas as perguntas e respostas do folheto preparado pelo Pe Cristovan Lubel, que sintetizam os aspectos de relev\u00e2ncia da Campanha da Fraternidade.<\/p>\n<p>Depois tamb\u00e9m foi lida a Mensagem do Papa Francisco para a Quaresma de 2014, com a interpreta\u00e7\u00e3o destacada desse texto. Na mensagem do Santo Padre consta que tomou como motivo inspirador a frase de S\u00e3o Paulo: \u201cConheceis bem a bondade de Nosso Senhor Jesus Cristo, que, sendo rico, Se fez pobre por v\u00f3s, para vos enriquecer com a sua pobreza\u201d. Por sua vez o Pe Julio salientou do texto a frase de Francisco: \u201cDesconfio da esmola que n\u00e3o custa nem d\u00f3i\u201d.<\/p>\n<p>Abordaram-se as coloca\u00e7\u00f5es do Papa Francisco em sua mensagem, seja no seu profundo conte\u00fado, seja na simplicidade que toca no cora\u00e7\u00e3o e, at\u00e9, a assinatura, simplesmente \u201cFrancisco\u201d. <a title=\"Mensagem do Papa Francisco para a Quaresma de 2014\" href=\"http:\/\/www.oarcanjo.net\/site\/index.php\/destaque\/mensagem-do-santo-padre-para-a-quaresma-de-2014\/\">A mensagem pode ser vista na \u00edntegra aqui no site:<\/a><\/p>\n<p><a title=\"Mensagem do Papa Francisco para a Quaresma de 2014\" href=\"http:\/\/www.oarcanjo.net\/site\/index.php\/destaque\/mensagem-do-santo-padre-para-a-quaresma-de-2014\/\">http:\/\/www.oarcanjo.net\/site\/index.php\/destaque\/mensagem-do-santo-padre-para-a-quaresma-de-2014\/\u00a0<\/a><\/p>\n<p><a href=\"http:\/\/www.oarcanjo.net\/site\/wp-content\/uploads\/IMG_00071.jpg\"><img loading=\"lazy\" decoding=\"async\" class=\"alignleft size-medium wp-image-24263\" alt=\"IMG_0007\" src=\"http:\/\/www.oarcanjo.net\/site\/wp-content\/uploads\/IMG_00071-300x177.jpg\" width=\"300\" height=\"177\" srcset=\"https:\/\/www.oarcanjo.net\/site\/wp-content\/uploads\/IMG_00071-300x177.jpg 300w, https:\/\/www.oarcanjo.net\/site\/wp-content\/uploads\/IMG_00071.jpg 645w\" sizes=\"(max-width: 300px) 100vw, 300px\" \/><\/a><a href=\"http:\/\/www.oarcanjo.net\/site\/wp-content\/uploads\/IMG_00091.jpg\"><img loading=\"lazy\" decoding=\"async\" class=\"alignright size-medium wp-image-24265\" alt=\"IMG_0009\" src=\"http:\/\/www.oarcanjo.net\/site\/wp-content\/uploads\/IMG_00091-300x200.jpg\" width=\"300\" height=\"200\" srcset=\"https:\/\/www.oarcanjo.net\/site\/wp-content\/uploads\/IMG_00091-300x200.jpg 300w, https:\/\/www.oarcanjo.net\/site\/wp-content\/uploads\/IMG_00091.jpg 645w\" sizes=\"(max-width: 300px) 100vw, 300px\" \/><\/a><a href=\"http:\/\/www.oarcanjo.net\/site\/wp-content\/uploads\/IMG_0016.jpg\"><img loading=\"lazy\" decoding=\"async\" class=\"alignright size-medium wp-image-24267\" alt=\"IMG_0016\" src=\"http:\/\/www.oarcanjo.net\/site\/wp-content\/uploads\/IMG_0016-300x207.jpg\" width=\"300\" height=\"207\" srcset=\"https:\/\/www.oarcanjo.net\/site\/wp-content\/uploads\/IMG_0016-300x207.jpg 300w, https:\/\/www.oarcanjo.net\/site\/wp-content\/uploads\/IMG_0016.jpg 623w\" sizes=\"(max-width: 300px) 100vw, 300px\" \/><\/a><a href=\"http:\/\/www.oarcanjo.net\/site\/wp-content\/uploads\/IMG_0020.jpg\"><img loading=\"lazy\" decoding=\"async\" class=\"alignleft size-medium wp-image-24269\" alt=\"IMG_0020\" src=\"http:\/\/www.oarcanjo.net\/site\/wp-content\/uploads\/IMG_0020-300x200.jpg\" width=\"300\" height=\"200\" srcset=\"https:\/\/www.oarcanjo.net\/site\/wp-content\/uploads\/IMG_0020-300x200.jpg 300w, https:\/\/www.oarcanjo.net\/site\/wp-content\/uploads\/IMG_0020.jpg 645w\" sizes=\"(max-width: 300px) 100vw, 300px\" \/><\/a><\/p>\n<div id=\"themify_builder_content-24262\" data-postid=\"24262\" class=\"themify_builder_content themify_builder_content-24262 themify_builder themify_builder_front\">\n\t<\/div>\n<!-- \/themify_builder_content -->","protected":false},"excerpt":{"rendered":"<p>O Conselho Paroquial da Comunidade S\u00e3o Miguel Arcanjo se reuniu neste s\u00e1bado 08\/02\/14, conhecendo o calend\u00e1rio da Regi\u00e3o Episcopal Bel\u00e9m para o ano de 2014 e tamb\u00e9m as principais atividades da Par\u00f3quia S\u00e3o Miguel, especialmente no per\u00edodo da Quaresma. Na sequ\u00eancia, a reflex\u00e3o com o folheto da Campanha da Fraternidade 2014, que tem como tema [&hellip;]<\/p>\n","protected":false},"author":10,"featured_media":0,"comment_status":"open","ping_status":"open","sticky":false,"template":"","format":"standard","meta":{"ngg_post_thumbnail":0,"footnotes":""},"categories":[241,8],"tags":[],"yoast_head":"<!-- This site is optimized with the Yoast SEO plugin v23.5 - https:\/\/yoast.com\/wordpress\/plugins\/seo\/ -->\n<title>&quot;Desconfio da esmola que n\u00e3o custa nem d\u00f3i&quot; - O Arcanjo no ar<\/title>\n<meta name=\"robots\" content=\"index, follow, max-snippet:-1, max-image-preview:large, max-video-preview:-1\" \/>\n<link rel=\"canonical\" href=\"https:\/\/www.oarcanjo.net\/site\/desconfio-da-esmola-que-nao-custa-nem-doi\/\" \/>\n<meta property=\"og:locale\" content=\"pt_BR\" \/>\n<meta property=\"og:type\" content=\"article\" \/>\n<meta property=\"og:title\" content=\"&quot;Desconfio da esmola que n\u00e3o custa nem d\u00f3i&quot; - O Arcanjo no ar\" \/>\n<meta property=\"og:description\" content=\"O Conselho Paroquial da Comunidade S\u00e3o Miguel Arcanjo se reuniu neste s\u00e1bado 08\/02\/14, conhecendo o calend\u00e1rio da Regi\u00e3o Episcopal Bel\u00e9m para o ano de 2014 e tamb\u00e9m as principais atividades da Par\u00f3quia S\u00e3o Miguel, especialmente no per\u00edodo da Quaresma. Na sequ\u00eancia, a reflex\u00e3o com o folheto da Campanha da Fraternidade 2014, que tem como tema [&hellip;]\" \/>\n<meta property=\"og:url\" content=\"https:\/\/www.oarcanjo.net\/site\/desconfio-da-esmola-que-nao-custa-nem-doi\/\" \/>\n<meta property=\"og:site_name\" content=\"O Arcanjo no ar\" \/>\n<meta property=\"article:publisher\" content=\"https:\/\/www.facebook.com\/OArcanjoNoAr\/\" \/>\n<meta property=\"article:published_time\" content=\"2014-02-10T00:26:05+00:00\" \/>\n<meta property=\"article:modified_time\" content=\"2014-02-10T01:06:02+00:00\" \/>\n<meta property=\"og:image\" content=\"http:\/\/www.oarcanjo.net\/site\/wp-content\/uploads\/IMG_00071-300x177.jpg\" \/>\n<meta name=\"author\" content=\"carlos\" \/>\n<meta name=\"twitter:card\" content=\"summary_large_image\" \/>\n<meta name=\"twitter:label1\" content=\"Escrito por\" \/>\n\t<meta name=\"twitter:data1\" content=\"carlos\" \/>\n\t<meta name=\"twitter:label2\" content=\"Est. tempo de leitura\" \/>\n\t<meta name=\"twitter:data2\" content=\"1 minuto\" \/>\n<script type=\"application\/ld+json\" class=\"yoast-schema-graph\">{\"@context\":\"https:\/\/schema.org\",\"@graph\":[{\"@type\":\"Article\",\"@id\":\"https:\/\/www.oarcanjo.net\/site\/desconfio-da-esmola-que-nao-custa-nem-doi\/#article\",\"isPartOf\":{\"@id\":\"https:\/\/www.oarcanjo.net\/site\/desconfio-da-esmola-que-nao-custa-nem-doi\/\"},\"author\":{\"name\":\"carlos\",\"@id\":\"https:\/\/www.oarcanjo.net\/site\/#\/schema\/person\/f7870e710d8c8c30673de3a0ac2e451d\"},\"headline\":\"&#8220;Desconfio da esmola que n\u00e3o custa nem d\u00f3i&#8221;\",\"datePublished\":\"2014-02-10T00:26:05+00:00\",\"dateModified\":\"2014-02-10T01:06:02+00:00\",\"mainEntityOfPage\":{\"@id\":\"https:\/\/www.oarcanjo.net\/site\/desconfio-da-esmola-que-nao-custa-nem-doi\/\"},\"wordCount\":254,\"commentCount\":0,\"publisher\":{\"@id\":\"https:\/\/www.oarcanjo.net\/site\/#organization\"},\"image\":{\"@id\":\"https:\/\/www.oarcanjo.net\/site\/desconfio-da-esmola-que-nao-custa-nem-doi\/#primaryimage\"},\"thumbnailUrl\":\"http:\/\/www.oarcanjo.net\/site\/wp-content\/uploads\/IMG_00071-300x177.jpg\",\"articleSection\":[\"CF\",\"Not\u00edcias\"],\"inLanguage\":\"pt-BR\",\"potentialAction\":[{\"@type\":\"CommentAction\",\"name\":\"Comment\",\"target\":[\"https:\/\/www.oarcanjo.net\/site\/desconfio-da-esmola-que-nao-custa-nem-doi\/#respond\"]}]},{\"@type\":\"WebPage\",\"@id\":\"https:\/\/www.oarcanjo.net\/site\/desconfio-da-esmola-que-nao-custa-nem-doi\/\",\"url\":\"https:\/\/www.oarcanjo.net\/site\/desconfio-da-esmola-que-nao-custa-nem-doi\/\",\"name\":\"\\\"Desconfio da esmola que n\u00e3o custa nem d\u00f3i\\\" - O Arcanjo no ar\",\"isPartOf\":{\"@id\":\"https:\/\/www.oarcanjo.net\/site\/#website\"},\"primaryImageOfPage\":{\"@id\":\"https:\/\/www.oarcanjo.net\/site\/desconfio-da-esmola-que-nao-custa-nem-doi\/#primaryimage\"},\"image\":{\"@id\":\"https:\/\/www.oarcanjo.net\/site\/desconfio-da-esmola-que-nao-custa-nem-doi\/#primaryimage\"},\"thumbnailUrl\":\"http:\/\/www.oarcanjo.net\/site\/wp-content\/uploads\/IMG_00071-300x177.jpg\",\"datePublished\":\"2014-02-10T00:26:05+00:00\",\"dateModified\":\"2014-02-10T01:06:02+00:00\",\"breadcrumb\":{\"@id\":\"https:\/\/www.oarcanjo.net\/site\/desconfio-da-esmola-que-nao-custa-nem-doi\/#breadcrumb\"},\"inLanguage\":\"pt-BR\",\"potentialAction\":[{\"@type\":\"ReadAction\",\"target\":[\"https:\/\/www.oarcanjo.net\/site\/desconfio-da-esmola-que-nao-custa-nem-doi\/\"]}]},{\"@type\":\"ImageObject\",\"inLanguage\":\"pt-BR\",\"@id\":\"https:\/\/www.oarcanjo.net\/site\/desconfio-da-esmola-que-nao-custa-nem-doi\/#primaryimage\",\"url\":\"https:\/\/www.oarcanjo.net\/site\/wp-content\/uploads\/IMG_00071.jpg\",\"contentUrl\":\"https:\/\/www.oarcanjo.net\/site\/wp-content\/uploads\/IMG_00071.jpg\",\"width\":645,\"height\":381},{\"@type\":\"BreadcrumbList\",\"@id\":\"https:\/\/www.oarcanjo.net\/site\/desconfio-da-esmola-que-nao-custa-nem-doi\/#breadcrumb\",\"itemListElement\":[{\"@type\":\"ListItem\",\"position\":1,\"name\":\"In\u00edcio\",\"item\":\"https:\/\/www.oarcanjo.net\/site\/\"},{\"@type\":\"ListItem\",\"position\":2,\"name\":\"&#8220;Desconfio da esmola que n\u00e3o custa nem d\u00f3i&#8221;\"}]},{\"@type\":\"WebSite\",\"@id\":\"https:\/\/www.oarcanjo.net\/site\/#website\",\"url\":\"https:\/\/www.oarcanjo.net\/site\/\",\"name\":\"O Arcanjo no ar\",\"description\":\"Site da Par\u00f3quia S\u00e3o Miguel Arcanjo (Arquidiocese de SP)\",\"publisher\":{\"@id\":\"https:\/\/www.oarcanjo.net\/site\/#organization\"},\"potentialAction\":[{\"@type\":\"SearchAction\",\"target\":{\"@type\":\"EntryPoint\",\"urlTemplate\":\"https:\/\/www.oarcanjo.net\/site\/?s={search_term_string}\"},\"query-input\":{\"@type\":\"PropertyValueSpecification\",\"valueRequired\":true,\"valueName\":\"search_term_string\"}}],\"inLanguage\":\"pt-BR\"},{\"@type\":\"Organization\",\"@id\":\"https:\/\/www.oarcanjo.net\/site\/#organization\",\"name\":\"Par\u00f3quia S\u00e3o Miguel Arcanjo\",\"url\":\"https:\/\/www.oarcanjo.net\/site\/\",\"logo\":{\"@type\":\"ImageObject\",\"inLanguage\":\"pt-BR\",\"@id\":\"https:\/\/www.oarcanjo.net\/site\/#\/schema\/logo\/image\/\",\"url\":\"https:\/\/www.oarcanjo.net\/site\/wp-content\/uploads\/LogoOArcanjo.png\",\"contentUrl\":\"https:\/\/www.oarcanjo.net\/site\/wp-content\/uploads\/LogoOArcanjo.png\",\"width\":319,\"height\":99,\"caption\":\"Par\u00f3quia S\u00e3o Miguel Arcanjo\"},\"image\":{\"@id\":\"https:\/\/www.oarcanjo.net\/site\/#\/schema\/logo\/image\/\"},\"sameAs\":[\"https:\/\/www.facebook.com\/OArcanjoNoAr\/\"]},{\"@type\":\"Person\",\"@id\":\"https:\/\/www.oarcanjo.net\/site\/#\/schema\/person\/f7870e710d8c8c30673de3a0ac2e451d\",\"name\":\"carlos\"}]}<\/script>\n<!-- \/ Yoast SEO plugin. -->","yoast_head_json":{"title":"\"Desconfio da esmola que n\u00e3o custa nem d\u00f3i\" - O Arcanjo no ar","robots":{"index":"index","follow":"follow","max-snippet":"max-snippet:-1","max-image-preview":"max-image-preview:large","max-video-preview":"max-video-preview:-1"},"canonical":"https:\/\/www.oarcanjo.net\/site\/desconfio-da-esmola-que-nao-custa-nem-doi\/","og_locale":"pt_BR","og_type":"article","og_title":"\"Desconfio da esmola que n\u00e3o custa nem d\u00f3i\" - O Arcanjo no ar","og_description":"O Conselho Paroquial da Comunidade S\u00e3o Miguel Arcanjo se reuniu neste s\u00e1bado 08\/02\/14, conhecendo o calend\u00e1rio da Regi\u00e3o Episcopal Bel\u00e9m para o ano de 2014 e tamb\u00e9m as principais atividades da Par\u00f3quia S\u00e3o Miguel, especialmente no per\u00edodo da Quaresma. Na sequ\u00eancia, a reflex\u00e3o com o folheto da Campanha da Fraternidade 2014, que tem como tema [&hellip;]","og_url":"https:\/\/www.oarcanjo.net\/site\/desconfio-da-esmola-que-nao-custa-nem-doi\/","og_site_name":"O Arcanjo no ar","article_publisher":"https:\/\/www.facebook.com\/OArcanjoNoAr\/","article_published_time":"2014-02-10T00:26:05+00:00","article_modified_time":"2014-02-10T01:06:02+00:00","og_image":[{"url":"http:\/\/www.oarcanjo.net\/site\/wp-content\/uploads\/IMG_00071-300x177.jpg"}],"author":"carlos","twitter_card":"summary_large_image","twitter_misc":{"Escrito por":"carlos","Est. tempo de leitura":"1 minuto"},"schema":{"@context":"https:\/\/schema.org","@graph":[{"@type":"Article","@id":"https:\/\/www.oarcanjo.net\/site\/desconfio-da-esmola-que-nao-custa-nem-doi\/#article","isPartOf":{"@id":"https:\/\/www.oarcanjo.net\/site\/desconfio-da-esmola-que-nao-custa-nem-doi\/"},"author":{"name":"carlos","@id":"https:\/\/www.oarcanjo.net\/site\/#\/schema\/person\/f7870e710d8c8c30673de3a0ac2e451d"},"headline":"&#8220;Desconfio da esmola que n\u00e3o custa nem d\u00f3i&#8221;","datePublished":"2014-02-10T00:26:05+00:00","dateModified":"2014-02-10T01:06:02+00:00","mainEntityOfPage":{"@id":"https:\/\/www.oarcanjo.net\/site\/desconfio-da-esmola-que-nao-custa-nem-doi\/"},"wordCount":254,"commentCount":0,"publisher":{"@id":"https:\/\/www.oarcanjo.net\/site\/#organization"},"image":{"@id":"https:\/\/www.oarcanjo.net\/site\/desconfio-da-esmola-que-nao-custa-nem-doi\/#primaryimage"},"thumbnailUrl":"http:\/\/www.oarcanjo.net\/site\/wp-content\/uploads\/IMG_00071-300x177.jpg","articleSection":["CF","Not\u00edcias"],"inLanguage":"pt-BR","potentialAction":[{"@type":"CommentAction","name":"Comment","target":["https:\/\/www.oarcanjo.net\/site\/desconfio-da-esmola-que-nao-custa-nem-doi\/#respond"]}]},{"@type":"WebPage","@id":"https:\/\/www.oarcanjo.net\/site\/desconfio-da-esmola-que-nao-custa-nem-doi\/","url":"https:\/\/www.oarcanjo.net\/site\/desconfio-da-esmola-que-nao-custa-nem-doi\/","name":"\"Desconfio da esmola que n\u00e3o custa nem d\u00f3i\" - O Arcanjo no ar","isPartOf":{"@id":"https:\/\/www.oarcanjo.net\/site\/#website"},"primaryImageOfPage":{"@id":"https:\/\/www.oarcanjo.net\/site\/desconfio-da-esmola-que-nao-custa-nem-doi\/#primaryimage"},"image":{"@id":"https:\/\/www.oarcanjo.net\/site\/desconfio-da-esmola-que-nao-custa-nem-doi\/#primaryimage"},"thumbnailUrl":"http:\/\/www.oarcanjo.net\/site\/wp-content\/uploads\/IMG_00071-300x177.jpg","datePublished":"2014-02-10T00:26:05+00:00","dateModified":"2014-02-10T01:06:02+00:00","breadcrumb":{"@id":"https:\/\/www.oarcanjo.net\/site\/desconfio-da-esmola-que-nao-custa-nem-doi\/#breadcrumb"},"inLanguage":"pt-BR","potentialAction":[{"@type":"ReadAction","target":["https:\/\/www.oarcanjo.net\/site\/desconfio-da-esmola-que-nao-custa-nem-doi\/"]}]},{"@type":"ImageObject","inLanguage":"pt-BR","@id":"https:\/\/www.oarcanjo.net\/site\/desconfio-da-esmola-que-nao-custa-nem-doi\/#primaryimage","url":"https:\/\/www.oarcanjo.net\/site\/wp-content\/uploads\/IMG_00071.jpg","contentUrl":"https:\/\/www.oarcanjo.net\/site\/wp-content\/uploads\/IMG_00071.jpg","width":645,"height":381},{"@type":"BreadcrumbList","@id":"https:\/\/www.oarcanjo.net\/site\/desconfio-da-esmola-que-nao-custa-nem-doi\/#breadcrumb","itemListElement":[{"@type":"ListItem","position":1,"name":"In\u00edcio","item":"https:\/\/www.oarcanjo.net\/site\/"},{"@type":"ListItem","position":2,"name":"&#8220;Desconfio da esmola que n\u00e3o custa nem d\u00f3i&#8221;"}]},{"@type":"WebSite","@id":"https:\/\/www.oarcanjo.net\/site\/#website","url":"https:\/\/www.oarcanjo.net\/site\/","name":"O Arcanjo no ar","description":"Site da Par\u00f3quia S\u00e3o Miguel Arcanjo (Arquidiocese de SP)","publisher":{"@id":"https:\/\/www.oarcanjo.net\/site\/#organization"},"potentialAction":[{"@type":"SearchAction","target":{"@type":"EntryPoint","urlTemplate":"https:\/\/www.oarcanjo.net\/site\/?s={search_term_string}"},"query-input":{"@type":"PropertyValueSpecification","valueRequired":true,"valueName":"search_term_string"}}],"inLanguage":"pt-BR"},{"@type":"Organization","@id":"https:\/\/www.oarcanjo.net\/site\/#organization","name":"Par\u00f3quia S\u00e3o Miguel Arcanjo","url":"https:\/\/www.oarcanjo.net\/site\/","logo":{"@type":"ImageObject","inLanguage":"pt-BR","@id":"https:\/\/www.oarcanjo.net\/site\/#\/schema\/logo\/image\/","url":"https:\/\/www.oarcanjo.net\/site\/wp-content\/uploads\/LogoOArcanjo.png","contentUrl":"https:\/\/www.oarcanjo.net\/site\/wp-content\/uploads\/LogoOArcanjo.png","width":319,"height":99,"caption":"Par\u00f3quia S\u00e3o Miguel Arcanjo"},"image":{"@id":"https:\/\/www.oarcanjo.net\/site\/#\/schema\/logo\/image\/"},"sameAs":["https:\/\/www.facebook.com\/OArcanjoNoAr\/"]},{"@type":"Person","@id":"https:\/\/www.oarcanjo.net\/site\/#\/schema\/person\/f7870e710d8c8c30673de3a0ac2e451d","name":"carlos"}]}},"publishpress_future_action":{"enabled":false,"date":"2026-05-09 05:56:29","action":"category","newStatus":"draft","terms":[],"taxonomy":"category"},"publishpress_future_workflow_manual_trigger":{"enabledWorkflows":[]},"_links":{"self":[{"href":"https:\/\/www.oarcanjo.net\/site\/wp-json\/wp\/v2\/posts\/24262"}],"collection":[{"href":"https:\/\/www.oarcanjo.net\/site\/wp-json\/wp\/v2\/posts"}],"about":[{"href":"https:\/\/www.oarcanjo.net\/site\/wp-json\/wp\/v2\/types\/post"}],"author":[{"embeddable":true,"href":"https:\/\/www.oarcanjo.net\/site\/wp-json\/wp\/v2\/users\/10"}],"replies":[{"embeddable":true,"href":"https:\/\/www.oarcanjo.net\/site\/wp-json\/wp\/v2\/comments?post=24262"}],"version-history":[{"count":0,"href":"https:\/\/www.oarcanjo.net\/site\/wp-json\/wp\/v2\/posts\/24262\/revisions"}],"wp:attachment":[{"href":"https:\/\/www.oarcanjo.net\/site\/wp-json\/wp\/v2\/media?parent=24262"}],"wp:term":[{"taxonomy":"category","embeddable":true,"href":"https:\/\/www.oarcanjo.net\/site\/wp-json\/wp\/v2\/categories?post=24262"},{"taxonomy":"post_tag","embeddable":true,"href":"https:\/\/www.oarcanjo.net\/site\/wp-json\/wp\/v2\/tags?post=24262"}],"curies":[{"name":"wp","href":"https:\/\/api.w.org\/{rel}","templated":true}]}}