
{"id":24279,"date":"2014-02-09T23:01:11","date_gmt":"2014-02-10T01:01:11","guid":{"rendered":"http:\/\/www.oarcanjo.net\/site\/?p=24279"},"modified":"2014-02-09T23:01:45","modified_gmt":"2014-02-10T01:01:45","slug":"quer-ser-voluntarioa-da-pastoral-da-crianca","status":"publish","type":"post","link":"https:\/\/www.oarcanjo.net\/site\/quer-ser-voluntarioa-da-pastoral-da-crianca\/","title":{"rendered":"Quer ser volunt\u00e1rio(a) da Pastoral da Crian\u00e7a?"},"content":{"rendered":"<p>A Pastoral da Crian\u00e7a da comunidade S\u00e3o Miguel Arcanjo est\u00e1 a procura de novos volunt\u00e1rios para trabalhar com as fam\u00edlias do bairro. Atualmente, s\u00e3o atendidas dezenas de crian\u00e7as, a maioria de origem latino-americanas, principalmente bolivianas e peruanas.<\/p>\n<p>O refor\u00e7o ao trabalho da Pastoral da Crian\u00e7a ser\u00e1 uma das formas concretas de participar da Campanha da Fraternidade que este ano vai tratar do tr\u00e1fico humano e da escravid\u00e3o, com o lema &#8220;\u00c9 para a liberdade que Cristo nos libertou&#8221;. A CF \u00e9 aberta na quarta-feira de cinzas e durante a Quaresma convida os crist\u00e3os a refletir e agir em torno de um tema relevante para a sociedade.<\/p>\n<p>Veja mais detalhes nos avisos da semana, come\u00e7ando com um lembrete sobre o curso de teologia do setor Bel\u00e9m:<\/p>\n<p><iframe loading=\"lazy\" width=\"560\" height=\"315\" src=\"\/\/www.youtube.com\/embed\/8PGZhs8qowA?rel=0\" frameborder=\"0\" allowfullscreen><\/iframe><\/p>\n<div id=\"themify_builder_content-24279\" data-postid=\"24279\" class=\"themify_builder_content themify_builder_content-24279 themify_builder themify_builder_front\">\n\t<\/div>\n<!-- \/themify_builder_content -->","protected":false},"excerpt":{"rendered":"<p>A Pastoral da Crian\u00e7a da comunidade S\u00e3o Miguel Arcanjo est\u00e1 a procura de novos volunt\u00e1rios para trabalhar com as fam\u00edlias do bairro. Atualmente, s\u00e3o atendidas dezenas de crian\u00e7as, a maioria de origem latino-americanas, principalmente bolivianas e peruanas. O refor\u00e7o ao trabalho da Pastoral da Crian\u00e7a ser\u00e1 uma das formas concretas de participar da Campanha da [&hellip;]<\/p>\n","protected":false},"author":5,"featured_media":0,"comment_status":"open","ping_status":"open","sticky":false,"template":"","format":"standard","meta":{"ngg_post_thumbnail":0,"footnotes":""},"categories":[476,8],"tags":[],"yoast_head":"<!-- This site is optimized with the Yoast SEO plugin v23.5 - https:\/\/yoast.com\/wordpress\/plugins\/seo\/ -->\n<title>Quer ser volunt\u00e1rio(a) da Pastoral da Crian\u00e7a? - O Arcanjo no ar<\/title>\n<meta name=\"robots\" content=\"index, follow, max-snippet:-1, max-image-preview:large, max-video-preview:-1\" \/>\n<link rel=\"canonical\" href=\"https:\/\/www.oarcanjo.net\/site\/quer-ser-voluntarioa-da-pastoral-da-crianca\/\" \/>\n<meta property=\"og:locale\" content=\"pt_BR\" \/>\n<meta property=\"og:type\" content=\"article\" \/>\n<meta property=\"og:title\" content=\"Quer ser volunt\u00e1rio(a) da Pastoral da Crian\u00e7a? - O Arcanjo no ar\" \/>\n<meta property=\"og:description\" content=\"A Pastoral da Crian\u00e7a da comunidade S\u00e3o Miguel Arcanjo est\u00e1 a procura de novos volunt\u00e1rios para trabalhar com as fam\u00edlias do bairro. Atualmente, s\u00e3o atendidas dezenas de crian\u00e7as, a maioria de origem latino-americanas, principalmente bolivianas e peruanas. O refor\u00e7o ao trabalho da Pastoral da Crian\u00e7a ser\u00e1 uma das formas concretas de participar da Campanha da [&hellip;]\" \/>\n<meta property=\"og:url\" content=\"https:\/\/www.oarcanjo.net\/site\/quer-ser-voluntarioa-da-pastoral-da-crianca\/\" \/>\n<meta property=\"og:site_name\" content=\"O Arcanjo no ar\" \/>\n<meta property=\"article:publisher\" content=\"https:\/\/www.facebook.com\/OArcanjoNoAr\/\" \/>\n<meta property=\"article:published_time\" content=\"2014-02-10T01:01:11+00:00\" \/>\n<meta property=\"article:modified_time\" content=\"2014-02-10T01:01:45+00:00\" \/>\n<meta property=\"og:image\" content=\"https:\/\/www.oarcanjo.net\/site\/wp-content\/uploads\/logo-o-arcanjo-no-ar-facebook.png\" \/>\n\t<meta property=\"og:image:width\" content=\"300\" \/>\n\t<meta property=\"og:image:height\" content=\"300\" \/>\n\t<meta property=\"og:image:type\" content=\"image\/png\" \/>\n<meta name=\"author\" content=\"editor\" \/>\n<meta name=\"twitter:card\" content=\"summary_large_image\" \/>\n<meta name=\"twitter:label1\" content=\"Escrito por\" \/>\n\t<meta name=\"twitter:data1\" content=\"editor\" \/>\n\t<meta name=\"twitter:label2\" content=\"Est. tempo de leitura\" \/>\n\t<meta name=\"twitter:data2\" content=\"1 minuto\" \/>\n<script type=\"application\/ld+json\" class=\"yoast-schema-graph\">{\"@context\":\"https:\/\/schema.org\",\"@graph\":[{\"@type\":\"Article\",\"@id\":\"https:\/\/www.oarcanjo.net\/site\/quer-ser-voluntarioa-da-pastoral-da-crianca\/#article\",\"isPartOf\":{\"@id\":\"https:\/\/www.oarcanjo.net\/site\/quer-ser-voluntarioa-da-pastoral-da-crianca\/\"},\"author\":{\"name\":\"editor\",\"@id\":\"https:\/\/www.oarcanjo.net\/site\/#\/schema\/person\/f7024d007863202483a31326673a0838\"},\"headline\":\"Quer ser volunt\u00e1rio(a) da Pastoral da Crian\u00e7a?\",\"datePublished\":\"2014-02-10T01:01:11+00:00\",\"dateModified\":\"2014-02-10T01:01:45+00:00\",\"mainEntityOfPage\":{\"@id\":\"https:\/\/www.oarcanjo.net\/site\/quer-ser-voluntarioa-da-pastoral-da-crianca\/\"},\"wordCount\":146,\"commentCount\":1,\"publisher\":{\"@id\":\"https:\/\/www.oarcanjo.net\/site\/#organization\"},\"articleSection\":[\"Avisos\",\"Not\u00edcias\"],\"inLanguage\":\"pt-BR\",\"potentialAction\":[{\"@type\":\"CommentAction\",\"name\":\"Comment\",\"target\":[\"https:\/\/www.oarcanjo.net\/site\/quer-ser-voluntarioa-da-pastoral-da-crianca\/#respond\"]}]},{\"@type\":\"WebPage\",\"@id\":\"https:\/\/www.oarcanjo.net\/site\/quer-ser-voluntarioa-da-pastoral-da-crianca\/\",\"url\":\"https:\/\/www.oarcanjo.net\/site\/quer-ser-voluntarioa-da-pastoral-da-crianca\/\",\"name\":\"Quer ser volunt\u00e1rio(a) da Pastoral da Crian\u00e7a? - O Arcanjo no ar\",\"isPartOf\":{\"@id\":\"https:\/\/www.oarcanjo.net\/site\/#website\"},\"datePublished\":\"2014-02-10T01:01:11+00:00\",\"dateModified\":\"2014-02-10T01:01:45+00:00\",\"breadcrumb\":{\"@id\":\"https:\/\/www.oarcanjo.net\/site\/quer-ser-voluntarioa-da-pastoral-da-crianca\/#breadcrumb\"},\"inLanguage\":\"pt-BR\",\"potentialAction\":[{\"@type\":\"ReadAction\",\"target\":[\"https:\/\/www.oarcanjo.net\/site\/quer-ser-voluntarioa-da-pastoral-da-crianca\/\"]}]},{\"@type\":\"BreadcrumbList\",\"@id\":\"https:\/\/www.oarcanjo.net\/site\/quer-ser-voluntarioa-da-pastoral-da-crianca\/#breadcrumb\",\"itemListElement\":[{\"@type\":\"ListItem\",\"position\":1,\"name\":\"In\u00edcio\",\"item\":\"https:\/\/www.oarcanjo.net\/site\/\"},{\"@type\":\"ListItem\",\"position\":2,\"name\":\"Quer ser volunt\u00e1rio(a) da Pastoral da Crian\u00e7a?\"}]},{\"@type\":\"WebSite\",\"@id\":\"https:\/\/www.oarcanjo.net\/site\/#website\",\"url\":\"https:\/\/www.oarcanjo.net\/site\/\",\"name\":\"O Arcanjo no ar\",\"description\":\"Site da Par\u00f3quia S\u00e3o Miguel Arcanjo (Arquidiocese de SP)\",\"publisher\":{\"@id\":\"https:\/\/www.oarcanjo.net\/site\/#organization\"},\"potentialAction\":[{\"@type\":\"SearchAction\",\"target\":{\"@type\":\"EntryPoint\",\"urlTemplate\":\"https:\/\/www.oarcanjo.net\/site\/?s={search_term_string}\"},\"query-input\":{\"@type\":\"PropertyValueSpecification\",\"valueRequired\":true,\"valueName\":\"search_term_string\"}}],\"inLanguage\":\"pt-BR\"},{\"@type\":\"Organization\",\"@id\":\"https:\/\/www.oarcanjo.net\/site\/#organization\",\"name\":\"Par\u00f3quia S\u00e3o Miguel Arcanjo\",\"url\":\"https:\/\/www.oarcanjo.net\/site\/\",\"logo\":{\"@type\":\"ImageObject\",\"inLanguage\":\"pt-BR\",\"@id\":\"https:\/\/www.oarcanjo.net\/site\/#\/schema\/logo\/image\/\",\"url\":\"https:\/\/www.oarcanjo.net\/site\/wp-content\/uploads\/LogoOArcanjo.png\",\"contentUrl\":\"https:\/\/www.oarcanjo.net\/site\/wp-content\/uploads\/LogoOArcanjo.png\",\"width\":319,\"height\":99,\"caption\":\"Par\u00f3quia S\u00e3o Miguel Arcanjo\"},\"image\":{\"@id\":\"https:\/\/www.oarcanjo.net\/site\/#\/schema\/logo\/image\/\"},\"sameAs\":[\"https:\/\/www.facebook.com\/OArcanjoNoAr\/\"]},{\"@type\":\"Person\",\"@id\":\"https:\/\/www.oarcanjo.net\/site\/#\/schema\/person\/f7024d007863202483a31326673a0838\",\"name\":\"editor\",\"sameAs\":[\"http:\/\/www.oarcanjo.net\"]}]}<\/script>\n<!-- \/ Yoast SEO plugin. -->","yoast_head_json":{"title":"Quer ser volunt\u00e1rio(a) da Pastoral da Crian\u00e7a? - O Arcanjo no ar","robots":{"index":"index","follow":"follow","max-snippet":"max-snippet:-1","max-image-preview":"max-image-preview:large","max-video-preview":"max-video-preview:-1"},"canonical":"https:\/\/www.oarcanjo.net\/site\/quer-ser-voluntarioa-da-pastoral-da-crianca\/","og_locale":"pt_BR","og_type":"article","og_title":"Quer ser volunt\u00e1rio(a) da Pastoral da Crian\u00e7a? - O Arcanjo no ar","og_description":"A Pastoral da Crian\u00e7a da comunidade S\u00e3o Miguel Arcanjo est\u00e1 a procura de novos volunt\u00e1rios para trabalhar com as fam\u00edlias do bairro. Atualmente, s\u00e3o atendidas dezenas de crian\u00e7as, a maioria de origem latino-americanas, principalmente bolivianas e peruanas. O refor\u00e7o ao trabalho da Pastoral da Crian\u00e7a ser\u00e1 uma das formas concretas de participar da Campanha da [&hellip;]","og_url":"https:\/\/www.oarcanjo.net\/site\/quer-ser-voluntarioa-da-pastoral-da-crianca\/","og_site_name":"O Arcanjo no ar","article_publisher":"https:\/\/www.facebook.com\/OArcanjoNoAr\/","article_published_time":"2014-02-10T01:01:11+00:00","article_modified_time":"2014-02-10T01:01:45+00:00","og_image":[{"width":300,"height":300,"url":"https:\/\/www.oarcanjo.net\/site\/wp-content\/uploads\/logo-o-arcanjo-no-ar-facebook.png","type":"image\/png"}],"author":"editor","twitter_card":"summary_large_image","twitter_misc":{"Escrito por":"editor","Est. tempo de leitura":"1 minuto"},"schema":{"@context":"https:\/\/schema.org","@graph":[{"@type":"Article","@id":"https:\/\/www.oarcanjo.net\/site\/quer-ser-voluntarioa-da-pastoral-da-crianca\/#article","isPartOf":{"@id":"https:\/\/www.oarcanjo.net\/site\/quer-ser-voluntarioa-da-pastoral-da-crianca\/"},"author":{"name":"editor","@id":"https:\/\/www.oarcanjo.net\/site\/#\/schema\/person\/f7024d007863202483a31326673a0838"},"headline":"Quer ser volunt\u00e1rio(a) da Pastoral da Crian\u00e7a?","datePublished":"2014-02-10T01:01:11+00:00","dateModified":"2014-02-10T01:01:45+00:00","mainEntityOfPage":{"@id":"https:\/\/www.oarcanjo.net\/site\/quer-ser-voluntarioa-da-pastoral-da-crianca\/"},"wordCount":146,"commentCount":1,"publisher":{"@id":"https:\/\/www.oarcanjo.net\/site\/#organization"},"articleSection":["Avisos","Not\u00edcias"],"inLanguage":"pt-BR","potentialAction":[{"@type":"CommentAction","name":"Comment","target":["https:\/\/www.oarcanjo.net\/site\/quer-ser-voluntarioa-da-pastoral-da-crianca\/#respond"]}]},{"@type":"WebPage","@id":"https:\/\/www.oarcanjo.net\/site\/quer-ser-voluntarioa-da-pastoral-da-crianca\/","url":"https:\/\/www.oarcanjo.net\/site\/quer-ser-voluntarioa-da-pastoral-da-crianca\/","name":"Quer ser volunt\u00e1rio(a) da Pastoral da Crian\u00e7a? - O Arcanjo no ar","isPartOf":{"@id":"https:\/\/www.oarcanjo.net\/site\/#website"},"datePublished":"2014-02-10T01:01:11+00:00","dateModified":"2014-02-10T01:01:45+00:00","breadcrumb":{"@id":"https:\/\/www.oarcanjo.net\/site\/quer-ser-voluntarioa-da-pastoral-da-crianca\/#breadcrumb"},"inLanguage":"pt-BR","potentialAction":[{"@type":"ReadAction","target":["https:\/\/www.oarcanjo.net\/site\/quer-ser-voluntarioa-da-pastoral-da-crianca\/"]}]},{"@type":"BreadcrumbList","@id":"https:\/\/www.oarcanjo.net\/site\/quer-ser-voluntarioa-da-pastoral-da-crianca\/#breadcrumb","itemListElement":[{"@type":"ListItem","position":1,"name":"In\u00edcio","item":"https:\/\/www.oarcanjo.net\/site\/"},{"@type":"ListItem","position":2,"name":"Quer ser volunt\u00e1rio(a) da Pastoral da Crian\u00e7a?"}]},{"@type":"WebSite","@id":"https:\/\/www.oarcanjo.net\/site\/#website","url":"https:\/\/www.oarcanjo.net\/site\/","name":"O Arcanjo no ar","description":"Site da Par\u00f3quia S\u00e3o Miguel Arcanjo (Arquidiocese de SP)","publisher":{"@id":"https:\/\/www.oarcanjo.net\/site\/#organization"},"potentialAction":[{"@type":"SearchAction","target":{"@type":"EntryPoint","urlTemplate":"https:\/\/www.oarcanjo.net\/site\/?s={search_term_string}"},"query-input":{"@type":"PropertyValueSpecification","valueRequired":true,"valueName":"search_term_string"}}],"inLanguage":"pt-BR"},{"@type":"Organization","@id":"https:\/\/www.oarcanjo.net\/site\/#organization","name":"Par\u00f3quia S\u00e3o Miguel Arcanjo","url":"https:\/\/www.oarcanjo.net\/site\/","logo":{"@type":"ImageObject","inLanguage":"pt-BR","@id":"https:\/\/www.oarcanjo.net\/site\/#\/schema\/logo\/image\/","url":"https:\/\/www.oarcanjo.net\/site\/wp-content\/uploads\/LogoOArcanjo.png","contentUrl":"https:\/\/www.oarcanjo.net\/site\/wp-content\/uploads\/LogoOArcanjo.png","width":319,"height":99,"caption":"Par\u00f3quia S\u00e3o Miguel Arcanjo"},"image":{"@id":"https:\/\/www.oarcanjo.net\/site\/#\/schema\/logo\/image\/"},"sameAs":["https:\/\/www.facebook.com\/OArcanjoNoAr\/"]},{"@type":"Person","@id":"https:\/\/www.oarcanjo.net\/site\/#\/schema\/person\/f7024d007863202483a31326673a0838","name":"editor","sameAs":["http:\/\/www.oarcanjo.net"]}]}},"publishpress_future_action":{"enabled":false,"date":"2026-05-09 04:24:02","action":"category","newStatus":"draft","terms":[],"taxonomy":"category"},"publishpress_future_workflow_manual_trigger":{"enabledWorkflows":[]},"_links":{"self":[{"href":"https:\/\/www.oarcanjo.net\/site\/wp-json\/wp\/v2\/posts\/24279"}],"collection":[{"href":"https:\/\/www.oarcanjo.net\/site\/wp-json\/wp\/v2\/posts"}],"about":[{"href":"https:\/\/www.oarcanjo.net\/site\/wp-json\/wp\/v2\/types\/post"}],"author":[{"embeddable":true,"href":"https:\/\/www.oarcanjo.net\/site\/wp-json\/wp\/v2\/users\/5"}],"replies":[{"embeddable":true,"href":"https:\/\/www.oarcanjo.net\/site\/wp-json\/wp\/v2\/comments?post=24279"}],"version-history":[{"count":0,"href":"https:\/\/www.oarcanjo.net\/site\/wp-json\/wp\/v2\/posts\/24279\/revisions"}],"wp:attachment":[{"href":"https:\/\/www.oarcanjo.net\/site\/wp-json\/wp\/v2\/media?parent=24279"}],"wp:term":[{"taxonomy":"category","embeddable":true,"href":"https:\/\/www.oarcanjo.net\/site\/wp-json\/wp\/v2\/categories?post=24279"},{"taxonomy":"post_tag","embeddable":true,"href":"https:\/\/www.oarcanjo.net\/site\/wp-json\/wp\/v2\/tags?post=24279"}],"curies":[{"name":"wp","href":"https:\/\/api.w.org\/{rel}","templated":true}]}}