
{"id":24294,"date":"2014-02-11T09:10:14","date_gmt":"2014-02-11T11:10:14","guid":{"rendered":"http:\/\/www.oarcanjo.net\/site\/?p=24294"},"modified":"2014-02-11T09:11:40","modified_gmt":"2014-02-11T11:11:40","slug":"a-liturgia-e-fonte-da-graca-de-deus","status":"publish","type":"post","link":"https:\/\/www.oarcanjo.net\/site\/a-liturgia-e-fonte-da-graca-de-deus\/","title":{"rendered":"A liturgia \u00e9 fonte da gra\u00e7a de Deus"},"content":{"rendered":"<p><em>Dom\u00a0Edmar Peron<\/em><\/p>\n<p>Encontramos na Constitui\u00e7\u00e3o do Conc\u00edlio Vaticano II, sobre a sagrada liturgia, <em>Sacrosanctum Concilium, <\/em>a compreens\u00e3o de que a liturgia em geral \u2013 particularmente a celebra\u00e7\u00e3o eucar\u00edstica \u2013 \u00e9 uma fonte da gra\u00e7a de Deus, que jorra sobre n\u00f3s e que nos d\u00e1 a possibilidade de alcan\u00e7armos eficazmente a santidade e, ao mesmo tempo, a gl\u00f3ria de Deus (SC 10). Assim, a liturgia foi recolocada como a fonte espiritual da qual todos podemos nos aproximar e deixar que Deus sacie a nossa sede, como aconteceu com a samaritana (Jo 4,1-42). Mas, \u00e9 preciso que cada pessoa se aproxime dessa fonte e dela beba \u201cconsciente, ativa e frutuosamente\u201d (SC 11). Isso exige forma\u00e7\u00e3o de todo o Povo de Deus e, nele, especialmente dos ministros ordenados (SC 14). Assim, seguindo o ano lit\u00fargico e os textos e ritos de nossa liturgia, quero percorrer com voc\u00eas um caminho espiritual e, com voc\u00eas, beber dessa fonte divina.<\/p>\n<p>Uma primeira disposi\u00e7\u00e3o de f\u00e9, exigida de quem participa da sagrada liturgia, \u00e9 <em>formar a comunidade<\/em>, integrar, fazer parte da assembleia reunida para celebrar o mist\u00e9rio pascal de Jesus Cristo: \u201cAs a\u00e7\u00f5es lit\u00fargicas n\u00e3o s\u00e3o a\u00e7\u00f5es privadas, mas celebra\u00e7\u00f5es da Igreja, que \u00e9 \u00absacramento de unidade\u00bb, isto \u00e9, Povo santo reunido e ordenado sob a dire\u00e7\u00e3o dos Bispos (S\u00e3o Cipriano). Por isso, tais a\u00e7\u00f5es pertencem a todo o Corpo da Igreja, manifestam-no, atingindo, por\u00e9m, cada um dos membros de modo diverso, segundo a variedade de estados, fun\u00e7\u00f5es e participa\u00e7\u00e3o atual\u201d (SC 26). Assim, compreendemos que a participa\u00e7\u00e3o lit\u00fargica n\u00e3o \u00e9 um ato de devo\u00e7\u00e3o pessoal, como se cada pessoa pudesse agir independentemente dos outros irm\u00e3os e irm\u00e3s. \u201cEu gosto de participar de joelhos\u201d&#8230; \u201cEu gosto de ficar sentado o tempo todo\u201d&#8230; \u201cEu gosto de&#8230;\u201d, tais express\u00f5es muito presentes em nossas comunidades exigem de todos n\u00f3s <em>convers\u00e3o<\/em>!<\/p>\n<p>A esse respeito a <em>Instru\u00e7\u00e3o Geral do Missal Romano <\/em>\u2013 IGMR 42 \u2013 nos ensina que \u201cos gestos e posi\u00e7\u00f5es do corpo [&#8230;] que todos os participantes devem observar \u00e9 sinal da unidade dos membros da comunidade crist\u00e3, reunidos para a sagrada Liturgia, pois exprime e estimula os pensamentos e os sentimentos dos participantes\u201d. Esses gestos e posi\u00e7\u00f5es n\u00e3o dependem do gosto pessoal dos participantes, fiel leigo ou ministro ordenado, mas devem respeitar as \u201cdiretrizes\u201d da <em>Instru\u00e7\u00e3o Geral do Missal Romano<\/em> e da \u201cpr\u00e1tica tradicional do Rito romano\u201d; desse modo todos contribuir\u00e3o \u201cpara o bem comum espiritual do povo de Deus\u201d.<\/p>\n<p>Para nos auxiliar em nosso caminho de convers\u00e3o \u2013 ser Igreja, \u201csacramento de unidade\u201d \u2013 lembremo-nos de que o Senhor est\u00e1 no meio de n\u00f3s: <em>Onde dois ou tr\u00eas estiverem reunidos em meu nome, ali estou no meio deles <\/em>(Mt 18,22).<\/p>\n<div id=\"themify_builder_content-24294\" data-postid=\"24294\" class=\"themify_builder_content themify_builder_content-24294 themify_builder themify_builder_front\">\n\t<\/div>\n<!-- \/themify_builder_content -->","protected":false},"excerpt":{"rendered":"<p>Dom\u00a0Edmar Peron Encontramos na Constitui\u00e7\u00e3o do Conc\u00edlio Vaticano II, sobre a sagrada liturgia, Sacrosanctum Concilium, a compreens\u00e3o de que a liturgia em geral \u2013 particularmente a celebra\u00e7\u00e3o eucar\u00edstica \u2013 \u00e9 uma fonte da gra\u00e7a de Deus, que jorra sobre n\u00f3s e que nos d\u00e1 a possibilidade de alcan\u00e7armos eficazmente a santidade e, ao mesmo tempo, [&hellip;]<\/p>\n","protected":false},"author":5,"featured_media":0,"comment_status":"open","ping_status":"open","sticky":false,"template":"","format":"standard","meta":{"ngg_post_thumbnail":0,"footnotes":""},"categories":[9],"tags":[505,243,2976,3204,2687,2977],"yoast_head":"<!-- This site is optimized with the Yoast SEO plugin v23.5 - https:\/\/yoast.com\/wordpress\/plugins\/seo\/ -->\n<title>A liturgia \u00e9 fonte da gra\u00e7a de Deus - O Arcanjo no ar<\/title>\n<meta name=\"robots\" content=\"index, follow, max-snippet:-1, max-image-preview:large, max-video-preview:-1\" \/>\n<link rel=\"canonical\" href=\"https:\/\/www.oarcanjo.net\/site\/a-liturgia-e-fonte-da-graca-de-deus\/\" \/>\n<meta property=\"og:locale\" content=\"pt_BR\" \/>\n<meta property=\"og:type\" content=\"article\" \/>\n<meta property=\"og:title\" content=\"A liturgia \u00e9 fonte da gra\u00e7a de Deus - O Arcanjo no ar\" \/>\n<meta property=\"og:description\" content=\"Dom\u00a0Edmar Peron Encontramos na Constitui\u00e7\u00e3o do Conc\u00edlio Vaticano II, sobre a sagrada liturgia, Sacrosanctum Concilium, a compreens\u00e3o de que a liturgia em geral \u2013 particularmente a celebra\u00e7\u00e3o eucar\u00edstica \u2013 \u00e9 uma fonte da gra\u00e7a de Deus, que jorra sobre n\u00f3s e que nos d\u00e1 a possibilidade de alcan\u00e7armos eficazmente a santidade e, ao mesmo tempo, [&hellip;]\" \/>\n<meta property=\"og:url\" content=\"https:\/\/www.oarcanjo.net\/site\/a-liturgia-e-fonte-da-graca-de-deus\/\" \/>\n<meta property=\"og:site_name\" content=\"O Arcanjo no ar\" \/>\n<meta property=\"article:publisher\" content=\"https:\/\/www.facebook.com\/OArcanjoNoAr\/\" \/>\n<meta property=\"article:published_time\" content=\"2014-02-11T11:10:14+00:00\" \/>\n<meta property=\"article:modified_time\" content=\"2014-02-11T11:11:40+00:00\" \/>\n<meta property=\"og:image\" content=\"https:\/\/www.oarcanjo.net\/site\/wp-content\/uploads\/logo-o-arcanjo-no-ar-facebook.png\" \/>\n\t<meta property=\"og:image:width\" content=\"300\" \/>\n\t<meta property=\"og:image:height\" content=\"300\" \/>\n\t<meta property=\"og:image:type\" content=\"image\/png\" \/>\n<meta name=\"author\" content=\"editor\" \/>\n<meta name=\"twitter:card\" content=\"summary_large_image\" \/>\n<meta name=\"twitter:label1\" content=\"Escrito por\" \/>\n\t<meta name=\"twitter:data1\" content=\"editor\" \/>\n\t<meta name=\"twitter:label2\" content=\"Est. tempo de leitura\" \/>\n\t<meta name=\"twitter:data2\" content=\"2 minutos\" \/>\n<script type=\"application\/ld+json\" class=\"yoast-schema-graph\">{\"@context\":\"https:\/\/schema.org\",\"@graph\":[{\"@type\":\"Article\",\"@id\":\"https:\/\/www.oarcanjo.net\/site\/a-liturgia-e-fonte-da-graca-de-deus\/#article\",\"isPartOf\":{\"@id\":\"https:\/\/www.oarcanjo.net\/site\/a-liturgia-e-fonte-da-graca-de-deus\/\"},\"author\":{\"name\":\"editor\",\"@id\":\"https:\/\/www.oarcanjo.net\/site\/#\/schema\/person\/f7024d007863202483a31326673a0838\"},\"headline\":\"A liturgia \u00e9 fonte da gra\u00e7a de Deus\",\"datePublished\":\"2014-02-11T11:10:14+00:00\",\"dateModified\":\"2014-02-11T11:11:40+00:00\",\"mainEntityOfPage\":{\"@id\":\"https:\/\/www.oarcanjo.net\/site\/a-liturgia-e-fonte-da-graca-de-deus\/\"},\"wordCount\":477,\"commentCount\":0,\"publisher\":{\"@id\":\"https:\/\/www.oarcanjo.net\/site\/#organization\"},\"keywords\":[\"Conc\u00edlio Vaticano II\",\"convers\u00e3o\",\"Fonte\",\"Liturgia\",\"Sacrosanctum Concilium\",\"Unidade\"],\"articleSection\":[\"Reflex\u00f5es\"],\"inLanguage\":\"pt-BR\",\"potentialAction\":[{\"@type\":\"CommentAction\",\"name\":\"Comment\",\"target\":[\"https:\/\/www.oarcanjo.net\/site\/a-liturgia-e-fonte-da-graca-de-deus\/#respond\"]}]},{\"@type\":\"WebPage\",\"@id\":\"https:\/\/www.oarcanjo.net\/site\/a-liturgia-e-fonte-da-graca-de-deus\/\",\"url\":\"https:\/\/www.oarcanjo.net\/site\/a-liturgia-e-fonte-da-graca-de-deus\/\",\"name\":\"A liturgia \u00e9 fonte da gra\u00e7a de Deus - O Arcanjo no ar\",\"isPartOf\":{\"@id\":\"https:\/\/www.oarcanjo.net\/site\/#website\"},\"datePublished\":\"2014-02-11T11:10:14+00:00\",\"dateModified\":\"2014-02-11T11:11:40+00:00\",\"breadcrumb\":{\"@id\":\"https:\/\/www.oarcanjo.net\/site\/a-liturgia-e-fonte-da-graca-de-deus\/#breadcrumb\"},\"inLanguage\":\"pt-BR\",\"potentialAction\":[{\"@type\":\"ReadAction\",\"target\":[\"https:\/\/www.oarcanjo.net\/site\/a-liturgia-e-fonte-da-graca-de-deus\/\"]}]},{\"@type\":\"BreadcrumbList\",\"@id\":\"https:\/\/www.oarcanjo.net\/site\/a-liturgia-e-fonte-da-graca-de-deus\/#breadcrumb\",\"itemListElement\":[{\"@type\":\"ListItem\",\"position\":1,\"name\":\"In\u00edcio\",\"item\":\"https:\/\/www.oarcanjo.net\/site\/\"},{\"@type\":\"ListItem\",\"position\":2,\"name\":\"A liturgia \u00e9 fonte da gra\u00e7a de Deus\"}]},{\"@type\":\"WebSite\",\"@id\":\"https:\/\/www.oarcanjo.net\/site\/#website\",\"url\":\"https:\/\/www.oarcanjo.net\/site\/\",\"name\":\"O Arcanjo no ar\",\"description\":\"Site da Par\u00f3quia S\u00e3o Miguel Arcanjo (Arquidiocese de SP)\",\"publisher\":{\"@id\":\"https:\/\/www.oarcanjo.net\/site\/#organization\"},\"potentialAction\":[{\"@type\":\"SearchAction\",\"target\":{\"@type\":\"EntryPoint\",\"urlTemplate\":\"https:\/\/www.oarcanjo.net\/site\/?s={search_term_string}\"},\"query-input\":{\"@type\":\"PropertyValueSpecification\",\"valueRequired\":true,\"valueName\":\"search_term_string\"}}],\"inLanguage\":\"pt-BR\"},{\"@type\":\"Organization\",\"@id\":\"https:\/\/www.oarcanjo.net\/site\/#organization\",\"name\":\"Par\u00f3quia S\u00e3o Miguel Arcanjo\",\"url\":\"https:\/\/www.oarcanjo.net\/site\/\",\"logo\":{\"@type\":\"ImageObject\",\"inLanguage\":\"pt-BR\",\"@id\":\"https:\/\/www.oarcanjo.net\/site\/#\/schema\/logo\/image\/\",\"url\":\"https:\/\/www.oarcanjo.net\/site\/wp-content\/uploads\/LogoOArcanjo.png\",\"contentUrl\":\"https:\/\/www.oarcanjo.net\/site\/wp-content\/uploads\/LogoOArcanjo.png\",\"width\":319,\"height\":99,\"caption\":\"Par\u00f3quia S\u00e3o Miguel Arcanjo\"},\"image\":{\"@id\":\"https:\/\/www.oarcanjo.net\/site\/#\/schema\/logo\/image\/\"},\"sameAs\":[\"https:\/\/www.facebook.com\/OArcanjoNoAr\/\"]},{\"@type\":\"Person\",\"@id\":\"https:\/\/www.oarcanjo.net\/site\/#\/schema\/person\/f7024d007863202483a31326673a0838\",\"name\":\"editor\",\"sameAs\":[\"http:\/\/www.oarcanjo.net\"]}]}<\/script>\n<!-- \/ Yoast SEO plugin. -->","yoast_head_json":{"title":"A liturgia \u00e9 fonte da gra\u00e7a de Deus - O Arcanjo no ar","robots":{"index":"index","follow":"follow","max-snippet":"max-snippet:-1","max-image-preview":"max-image-preview:large","max-video-preview":"max-video-preview:-1"},"canonical":"https:\/\/www.oarcanjo.net\/site\/a-liturgia-e-fonte-da-graca-de-deus\/","og_locale":"pt_BR","og_type":"article","og_title":"A liturgia \u00e9 fonte da gra\u00e7a de Deus - O Arcanjo no ar","og_description":"Dom\u00a0Edmar Peron Encontramos na Constitui\u00e7\u00e3o do Conc\u00edlio Vaticano II, sobre a sagrada liturgia, Sacrosanctum Concilium, a compreens\u00e3o de que a liturgia em geral \u2013 particularmente a celebra\u00e7\u00e3o eucar\u00edstica \u2013 \u00e9 uma fonte da gra\u00e7a de Deus, que jorra sobre n\u00f3s e que nos d\u00e1 a possibilidade de alcan\u00e7armos eficazmente a santidade e, ao mesmo tempo, [&hellip;]","og_url":"https:\/\/www.oarcanjo.net\/site\/a-liturgia-e-fonte-da-graca-de-deus\/","og_site_name":"O Arcanjo no ar","article_publisher":"https:\/\/www.facebook.com\/OArcanjoNoAr\/","article_published_time":"2014-02-11T11:10:14+00:00","article_modified_time":"2014-02-11T11:11:40+00:00","og_image":[{"width":300,"height":300,"url":"https:\/\/www.oarcanjo.net\/site\/wp-content\/uploads\/logo-o-arcanjo-no-ar-facebook.png","type":"image\/png"}],"author":"editor","twitter_card":"summary_large_image","twitter_misc":{"Escrito por":"editor","Est. tempo de leitura":"2 minutos"},"schema":{"@context":"https:\/\/schema.org","@graph":[{"@type":"Article","@id":"https:\/\/www.oarcanjo.net\/site\/a-liturgia-e-fonte-da-graca-de-deus\/#article","isPartOf":{"@id":"https:\/\/www.oarcanjo.net\/site\/a-liturgia-e-fonte-da-graca-de-deus\/"},"author":{"name":"editor","@id":"https:\/\/www.oarcanjo.net\/site\/#\/schema\/person\/f7024d007863202483a31326673a0838"},"headline":"A liturgia \u00e9 fonte da gra\u00e7a de Deus","datePublished":"2014-02-11T11:10:14+00:00","dateModified":"2014-02-11T11:11:40+00:00","mainEntityOfPage":{"@id":"https:\/\/www.oarcanjo.net\/site\/a-liturgia-e-fonte-da-graca-de-deus\/"},"wordCount":477,"commentCount":0,"publisher":{"@id":"https:\/\/www.oarcanjo.net\/site\/#organization"},"keywords":["Conc\u00edlio Vaticano II","convers\u00e3o","Fonte","Liturgia","Sacrosanctum Concilium","Unidade"],"articleSection":["Reflex\u00f5es"],"inLanguage":"pt-BR","potentialAction":[{"@type":"CommentAction","name":"Comment","target":["https:\/\/www.oarcanjo.net\/site\/a-liturgia-e-fonte-da-graca-de-deus\/#respond"]}]},{"@type":"WebPage","@id":"https:\/\/www.oarcanjo.net\/site\/a-liturgia-e-fonte-da-graca-de-deus\/","url":"https:\/\/www.oarcanjo.net\/site\/a-liturgia-e-fonte-da-graca-de-deus\/","name":"A liturgia \u00e9 fonte da gra\u00e7a de Deus - O Arcanjo no ar","isPartOf":{"@id":"https:\/\/www.oarcanjo.net\/site\/#website"},"datePublished":"2014-02-11T11:10:14+00:00","dateModified":"2014-02-11T11:11:40+00:00","breadcrumb":{"@id":"https:\/\/www.oarcanjo.net\/site\/a-liturgia-e-fonte-da-graca-de-deus\/#breadcrumb"},"inLanguage":"pt-BR","potentialAction":[{"@type":"ReadAction","target":["https:\/\/www.oarcanjo.net\/site\/a-liturgia-e-fonte-da-graca-de-deus\/"]}]},{"@type":"BreadcrumbList","@id":"https:\/\/www.oarcanjo.net\/site\/a-liturgia-e-fonte-da-graca-de-deus\/#breadcrumb","itemListElement":[{"@type":"ListItem","position":1,"name":"In\u00edcio","item":"https:\/\/www.oarcanjo.net\/site\/"},{"@type":"ListItem","position":2,"name":"A liturgia \u00e9 fonte da gra\u00e7a de Deus"}]},{"@type":"WebSite","@id":"https:\/\/www.oarcanjo.net\/site\/#website","url":"https:\/\/www.oarcanjo.net\/site\/","name":"O Arcanjo no ar","description":"Site da Par\u00f3quia S\u00e3o Miguel Arcanjo (Arquidiocese de SP)","publisher":{"@id":"https:\/\/www.oarcanjo.net\/site\/#organization"},"potentialAction":[{"@type":"SearchAction","target":{"@type":"EntryPoint","urlTemplate":"https:\/\/www.oarcanjo.net\/site\/?s={search_term_string}"},"query-input":{"@type":"PropertyValueSpecification","valueRequired":true,"valueName":"search_term_string"}}],"inLanguage":"pt-BR"},{"@type":"Organization","@id":"https:\/\/www.oarcanjo.net\/site\/#organization","name":"Par\u00f3quia S\u00e3o Miguel Arcanjo","url":"https:\/\/www.oarcanjo.net\/site\/","logo":{"@type":"ImageObject","inLanguage":"pt-BR","@id":"https:\/\/www.oarcanjo.net\/site\/#\/schema\/logo\/image\/","url":"https:\/\/www.oarcanjo.net\/site\/wp-content\/uploads\/LogoOArcanjo.png","contentUrl":"https:\/\/www.oarcanjo.net\/site\/wp-content\/uploads\/LogoOArcanjo.png","width":319,"height":99,"caption":"Par\u00f3quia S\u00e3o Miguel Arcanjo"},"image":{"@id":"https:\/\/www.oarcanjo.net\/site\/#\/schema\/logo\/image\/"},"sameAs":["https:\/\/www.facebook.com\/OArcanjoNoAr\/"]},{"@type":"Person","@id":"https:\/\/www.oarcanjo.net\/site\/#\/schema\/person\/f7024d007863202483a31326673a0838","name":"editor","sameAs":["http:\/\/www.oarcanjo.net"]}]}},"publishpress_future_action":{"enabled":false,"date":"2026-05-08 22:53:22","action":"category","newStatus":"draft","terms":[],"taxonomy":"category"},"publishpress_future_workflow_manual_trigger":{"enabledWorkflows":[]},"_links":{"self":[{"href":"https:\/\/www.oarcanjo.net\/site\/wp-json\/wp\/v2\/posts\/24294"}],"collection":[{"href":"https:\/\/www.oarcanjo.net\/site\/wp-json\/wp\/v2\/posts"}],"about":[{"href":"https:\/\/www.oarcanjo.net\/site\/wp-json\/wp\/v2\/types\/post"}],"author":[{"embeddable":true,"href":"https:\/\/www.oarcanjo.net\/site\/wp-json\/wp\/v2\/users\/5"}],"replies":[{"embeddable":true,"href":"https:\/\/www.oarcanjo.net\/site\/wp-json\/wp\/v2\/comments?post=24294"}],"version-history":[{"count":0,"href":"https:\/\/www.oarcanjo.net\/site\/wp-json\/wp\/v2\/posts\/24294\/revisions"}],"wp:attachment":[{"href":"https:\/\/www.oarcanjo.net\/site\/wp-json\/wp\/v2\/media?parent=24294"}],"wp:term":[{"taxonomy":"category","embeddable":true,"href":"https:\/\/www.oarcanjo.net\/site\/wp-json\/wp\/v2\/categories?post=24294"},{"taxonomy":"post_tag","embeddable":true,"href":"https:\/\/www.oarcanjo.net\/site\/wp-json\/wp\/v2\/tags?post=24294"}],"curies":[{"name":"wp","href":"https:\/\/api.w.org\/{rel}","templated":true}]}}