
{"id":24297,"date":"2014-02-12T09:17:12","date_gmt":"2014-02-12T11:17:12","guid":{"rendered":"http:\/\/www.oarcanjo.net\/site\/?p=24297"},"modified":"2014-02-12T09:17:12","modified_gmt":"2014-02-12T11:17:12","slug":"onde-vai-ser-o-proximo-onibus","status":"publish","type":"post","link":"https:\/\/www.oarcanjo.net\/site\/onde-vai-ser-o-proximo-onibus\/","title":{"rendered":"Onde vai ser o pr\u00f3ximo \u00f4nibus?"},"content":{"rendered":"<p><em>Cardeal Odilo Pedro Scherer<\/em><\/p>\n<p>Queimaram mais um \u00f4nibus? Onde ser\u00e1 que vai ser o pr\u00f3ximo? Todas as manh\u00e3s, invariavelmente, os notici\u00e1rios falam da queima de mais um \u00f4nibus em alguma parte da extensa cidade de S\u00e3o Paulo. Na capital, j\u00e1 somam mais de 40, s\u00f3 neste ano; d\u00e1 mais de um por dia. Na \u00e1rea metropolitana, h\u00e1 muitos outros casos.<\/p>\n<p>Raramente s\u00e3o identificados os autores da fa\u00e7anha; e quando isso acontece, h\u00e1 sempre a alega\u00e7\u00e3o que se tratou de um protesto ou repres\u00e1lia contra algum outro fato de viol\u00eancia. J\u00e1 virou rotina e nem mais aparece nas p\u00e1ginas da grande imprensa. Tudo integrado na \u201cnormalidade\u201d da vida urbana&#8230; Uma normalidade assustadora, em que a morte de pessoas, chacinas, danos ao patrim\u00f4nio e outros fatos de viol\u00eancia acabam importando pouco, mas deixam a popula\u00e7\u00e3o assustada e ref\u00e9m do crime.<\/p>\n<p>E come\u00e7am a aparecer tentativas de fazer justi\u00e7a com as pr\u00f3prias m\u00e3os, encontrando simpatia e apoio na opini\u00e3o p\u00fablica. Essa \u00e9 uma situa\u00e7\u00e3o perigosa, na qual a popula\u00e7\u00e3o se sente amea\u00e7ada e desprotegida, passando a apostar em \u201cjusticeiros\u201d criminosos, que viram her\u00f3is. \u00c9 a desmoraliza\u00e7\u00e3o da autoridade constitu\u00edda e o in\u00edcio do caos. Que est\u00e1 acontecendo em S\u00e3o Paulo e em outras grandes cidades do Brasil?!<\/p>\n<p>H\u00e1 um mal-estar no meio da popula\u00e7\u00e3o, que se v\u00ea desatendida em quest\u00f5es b\u00e1sicas no conv\u00edvio social, como seguran\u00e7a, sa\u00fade, educa\u00e7\u00e3o, moradia&#8230; Os preparativos da Copa do Mundo foram a ocasi\u00e3o para que se soltassem os gritos de descontentamento de muitas gargantas, que desejariam ver escolas \u201cpadr\u00e3o Fifa\u201d, hospitais, transporte, moradia, tudo \u201cpadr\u00e3o Fifa\u201d&#8230;<\/p>\n<p>Violentos e v\u00e2ndalos \u00e0 parte, muitas pessoas n\u00e3o desejam mais apenas p\u00e3o e circo e reclamam investimentos significativos para a melhoria das suas condi\u00e7\u00f5es de vida e do conv\u00edvio social. Se d\u00e1 para investir enormes somas para preparar um evento esportivo, por qual motivo n\u00e3o se pode fazer mais ainda para superar, de fato, a pobreza humilhante das vastas periferias urbanas em todo o Brasil?!<\/p>\n<p>N\u00e3o h\u00e1 desculpas, menos ainda, aprova\u00e7\u00e3o, para os fatos de viol\u00eancia que marcam a vida de S\u00e3o Paulo e de outras cidades. A viol\u00eancia nunca \u00e9 um meio bom para atingir objetivos honestos. E os fatos de viol\u00eancia n\u00e3o podem ser deixados ao seu curso, pois acabam degenerando em viol\u00eancia sempre maior. Portanto, as autoridades competentes, segundo a tarefa que lhes \u00e9 pr\u00f3pria, precisam agir.<\/p>\n<p>Mas a supera\u00e7\u00e3o da viol\u00eancia n\u00e3o se consegue apenas pela repress\u00e3o e a\u00e7\u00e3o policial, ou pela for\u00e7a da lei. Estamos diante de um grave d\u00e9ficit de educa\u00e7\u00e3o para valores altos e construtivos no conv\u00edvio social. Pouco se ouve falar em valores \u00e9ticos e morais, orientadores para o conv\u00edvio e referenciais para um comportamento social aceit\u00e1vel. Tudo ficou relegado ao subjetivo, e cada um vai tra\u00e7ando o padr\u00e3o de sua conduta, n\u00e3o tendo ningu\u00e9m que interferir nas suas escolhas&#8230;<\/p>\n<p>E se algu\u00e9m tenta propor valores e refer\u00eancias comportamentais v\u00e1lidos para todos no conv\u00edvio social, recebe imediatamente uma saraivada de desaprova\u00e7\u00f5es e \u00e9 acusado de impor a sua \u00e9tica aos outros, ou de interferir na vida privada das pessoas. A \u00e9tica ficou privatizada e, assim, cada um faz a sua. Tamb\u00e9m o violento, o desonesto, o antissocial fazem as suas escolhas subjetivas e acham justificativas para as escolhas que fazem. Vale para todos? Eles acham que vale para eles tamb\u00e9m.<\/p>\n<p>Penso que toda a sociedade tem um dever de casa a fazer: discutir seriamente os referenciais \u00e9ticos do conv\u00edvio social. \u00c9 preciso reconhecer: em \u00e9tica e moral existe, sim, o correto e o n\u00e3o correto, o aceit\u00e1vel e o n\u00e3o aceit\u00e1vel, o certo e o errado. Se existe, ent\u00e3o deve ser assumido e assimilado atrav\u00e9s da educa\u00e7\u00e3o.<\/p>\n<div id=\"themify_builder_content-24297\" data-postid=\"24297\" class=\"themify_builder_content themify_builder_content-24297 themify_builder themify_builder_front\">\n\t<\/div>\n<!-- \/themify_builder_content -->","protected":false},"excerpt":{"rendered":"<p>Cardeal Odilo Pedro Scherer Queimaram mais um \u00f4nibus? Onde ser\u00e1 que vai ser o pr\u00f3ximo? Todas as manh\u00e3s, invariavelmente, os notici\u00e1rios falam da queima de mais um \u00f4nibus em alguma parte da extensa cidade de S\u00e3o Paulo. Na capital, j\u00e1 somam mais de 40, s\u00f3 neste ano; d\u00e1 mais de um por dia. Na \u00e1rea [&hellip;]<\/p>\n","protected":false},"author":5,"featured_media":0,"comment_status":"open","ping_status":"open","sticky":false,"template":"","format":"standard","meta":{"ngg_post_thumbnail":0,"footnotes":""},"categories":[9],"tags":[2978,2979,2980,146,195,250,20],"yoast_head":"<!-- This site is optimized with the Yoast SEO plugin v23.5 - https:\/\/yoast.com\/wordpress\/plugins\/seo\/ -->\n<title>Onde vai ser o pr\u00f3ximo \u00f4nibus? - O Arcanjo no ar<\/title>\n<meta name=\"robots\" content=\"index, follow, max-snippet:-1, max-image-preview:large, max-video-preview:-1\" \/>\n<link rel=\"canonical\" href=\"https:\/\/www.oarcanjo.net\/site\/onde-vai-ser-o-proximo-onibus\/\" \/>\n<meta property=\"og:locale\" content=\"pt_BR\" \/>\n<meta property=\"og:type\" content=\"article\" \/>\n<meta property=\"og:title\" content=\"Onde vai ser o pr\u00f3ximo \u00f4nibus? - O Arcanjo no ar\" \/>\n<meta property=\"og:description\" content=\"Cardeal Odilo Pedro Scherer Queimaram mais um \u00f4nibus? Onde ser\u00e1 que vai ser o pr\u00f3ximo? Todas as manh\u00e3s, invariavelmente, os notici\u00e1rios falam da queima de mais um \u00f4nibus em alguma parte da extensa cidade de S\u00e3o Paulo. Na capital, j\u00e1 somam mais de 40, s\u00f3 neste ano; d\u00e1 mais de um por dia. Na \u00e1rea [&hellip;]\" \/>\n<meta property=\"og:url\" content=\"https:\/\/www.oarcanjo.net\/site\/onde-vai-ser-o-proximo-onibus\/\" \/>\n<meta property=\"og:site_name\" content=\"O Arcanjo no ar\" \/>\n<meta property=\"article:publisher\" content=\"https:\/\/www.facebook.com\/OArcanjoNoAr\/\" \/>\n<meta property=\"article:published_time\" content=\"2014-02-12T11:17:12+00:00\" \/>\n<meta property=\"og:image\" content=\"https:\/\/www.oarcanjo.net\/site\/wp-content\/uploads\/logo-o-arcanjo-no-ar-facebook.png\" \/>\n\t<meta property=\"og:image:width\" content=\"300\" \/>\n\t<meta property=\"og:image:height\" content=\"300\" \/>\n\t<meta property=\"og:image:type\" content=\"image\/png\" \/>\n<meta name=\"author\" content=\"editor\" \/>\n<meta name=\"twitter:card\" content=\"summary_large_image\" \/>\n<meta name=\"twitter:label1\" content=\"Escrito por\" \/>\n\t<meta name=\"twitter:data1\" content=\"editor\" \/>\n\t<meta name=\"twitter:label2\" content=\"Est. tempo de leitura\" \/>\n\t<meta name=\"twitter:data2\" content=\"3 minutos\" \/>\n<script type=\"application\/ld+json\" class=\"yoast-schema-graph\">{\"@context\":\"https:\/\/schema.org\",\"@graph\":[{\"@type\":\"Article\",\"@id\":\"https:\/\/www.oarcanjo.net\/site\/onde-vai-ser-o-proximo-onibus\/#article\",\"isPartOf\":{\"@id\":\"https:\/\/www.oarcanjo.net\/site\/onde-vai-ser-o-proximo-onibus\/\"},\"author\":{\"name\":\"editor\",\"@id\":\"https:\/\/www.oarcanjo.net\/site\/#\/schema\/person\/f7024d007863202483a31326673a0838\"},\"headline\":\"Onde vai ser o pr\u00f3ximo \u00f4nibus?\",\"datePublished\":\"2014-02-12T11:17:12+00:00\",\"dateModified\":\"2014-02-12T11:17:12+00:00\",\"mainEntityOfPage\":{\"@id\":\"https:\/\/www.oarcanjo.net\/site\/onde-vai-ser-o-proximo-onibus\/\"},\"wordCount\":685,\"commentCount\":1,\"publisher\":{\"@id\":\"https:\/\/www.oarcanjo.net\/site\/#organization\"},\"keywords\":[\"Condi\u00e7\u00f5es de vida\",\"Declara\u00e7\u00e3o de Rep\u00fadio \u00e0 Viol\u00eancia\",\"Descontentamento\",\"dignidade\",\"educa\u00e7\u00e3o\",\"mortes\",\"viol\u00eancia\"],\"articleSection\":[\"Reflex\u00f5es\"],\"inLanguage\":\"pt-BR\",\"potentialAction\":[{\"@type\":\"CommentAction\",\"name\":\"Comment\",\"target\":[\"https:\/\/www.oarcanjo.net\/site\/onde-vai-ser-o-proximo-onibus\/#respond\"]}]},{\"@type\":\"WebPage\",\"@id\":\"https:\/\/www.oarcanjo.net\/site\/onde-vai-ser-o-proximo-onibus\/\",\"url\":\"https:\/\/www.oarcanjo.net\/site\/onde-vai-ser-o-proximo-onibus\/\",\"name\":\"Onde vai ser o pr\u00f3ximo \u00f4nibus? - O Arcanjo no ar\",\"isPartOf\":{\"@id\":\"https:\/\/www.oarcanjo.net\/site\/#website\"},\"datePublished\":\"2014-02-12T11:17:12+00:00\",\"dateModified\":\"2014-02-12T11:17:12+00:00\",\"breadcrumb\":{\"@id\":\"https:\/\/www.oarcanjo.net\/site\/onde-vai-ser-o-proximo-onibus\/#breadcrumb\"},\"inLanguage\":\"pt-BR\",\"potentialAction\":[{\"@type\":\"ReadAction\",\"target\":[\"https:\/\/www.oarcanjo.net\/site\/onde-vai-ser-o-proximo-onibus\/\"]}]},{\"@type\":\"BreadcrumbList\",\"@id\":\"https:\/\/www.oarcanjo.net\/site\/onde-vai-ser-o-proximo-onibus\/#breadcrumb\",\"itemListElement\":[{\"@type\":\"ListItem\",\"position\":1,\"name\":\"In\u00edcio\",\"item\":\"https:\/\/www.oarcanjo.net\/site\/\"},{\"@type\":\"ListItem\",\"position\":2,\"name\":\"Onde vai ser o pr\u00f3ximo \u00f4nibus?\"}]},{\"@type\":\"WebSite\",\"@id\":\"https:\/\/www.oarcanjo.net\/site\/#website\",\"url\":\"https:\/\/www.oarcanjo.net\/site\/\",\"name\":\"O Arcanjo no ar\",\"description\":\"Site da Par\u00f3quia S\u00e3o Miguel Arcanjo (Arquidiocese de SP)\",\"publisher\":{\"@id\":\"https:\/\/www.oarcanjo.net\/site\/#organization\"},\"potentialAction\":[{\"@type\":\"SearchAction\",\"target\":{\"@type\":\"EntryPoint\",\"urlTemplate\":\"https:\/\/www.oarcanjo.net\/site\/?s={search_term_string}\"},\"query-input\":{\"@type\":\"PropertyValueSpecification\",\"valueRequired\":true,\"valueName\":\"search_term_string\"}}],\"inLanguage\":\"pt-BR\"},{\"@type\":\"Organization\",\"@id\":\"https:\/\/www.oarcanjo.net\/site\/#organization\",\"name\":\"Par\u00f3quia S\u00e3o Miguel Arcanjo\",\"url\":\"https:\/\/www.oarcanjo.net\/site\/\",\"logo\":{\"@type\":\"ImageObject\",\"inLanguage\":\"pt-BR\",\"@id\":\"https:\/\/www.oarcanjo.net\/site\/#\/schema\/logo\/image\/\",\"url\":\"https:\/\/www.oarcanjo.net\/site\/wp-content\/uploads\/LogoOArcanjo.png\",\"contentUrl\":\"https:\/\/www.oarcanjo.net\/site\/wp-content\/uploads\/LogoOArcanjo.png\",\"width\":319,\"height\":99,\"caption\":\"Par\u00f3quia S\u00e3o Miguel Arcanjo\"},\"image\":{\"@id\":\"https:\/\/www.oarcanjo.net\/site\/#\/schema\/logo\/image\/\"},\"sameAs\":[\"https:\/\/www.facebook.com\/OArcanjoNoAr\/\"]},{\"@type\":\"Person\",\"@id\":\"https:\/\/www.oarcanjo.net\/site\/#\/schema\/person\/f7024d007863202483a31326673a0838\",\"name\":\"editor\",\"sameAs\":[\"http:\/\/www.oarcanjo.net\"]}]}<\/script>\n<!-- \/ Yoast SEO plugin. -->","yoast_head_json":{"title":"Onde vai ser o pr\u00f3ximo \u00f4nibus? - O Arcanjo no ar","robots":{"index":"index","follow":"follow","max-snippet":"max-snippet:-1","max-image-preview":"max-image-preview:large","max-video-preview":"max-video-preview:-1"},"canonical":"https:\/\/www.oarcanjo.net\/site\/onde-vai-ser-o-proximo-onibus\/","og_locale":"pt_BR","og_type":"article","og_title":"Onde vai ser o pr\u00f3ximo \u00f4nibus? - O Arcanjo no ar","og_description":"Cardeal Odilo Pedro Scherer Queimaram mais um \u00f4nibus? Onde ser\u00e1 que vai ser o pr\u00f3ximo? Todas as manh\u00e3s, invariavelmente, os notici\u00e1rios falam da queima de mais um \u00f4nibus em alguma parte da extensa cidade de S\u00e3o Paulo. Na capital, j\u00e1 somam mais de 40, s\u00f3 neste ano; d\u00e1 mais de um por dia. Na \u00e1rea [&hellip;]","og_url":"https:\/\/www.oarcanjo.net\/site\/onde-vai-ser-o-proximo-onibus\/","og_site_name":"O Arcanjo no ar","article_publisher":"https:\/\/www.facebook.com\/OArcanjoNoAr\/","article_published_time":"2014-02-12T11:17:12+00:00","og_image":[{"width":300,"height":300,"url":"https:\/\/www.oarcanjo.net\/site\/wp-content\/uploads\/logo-o-arcanjo-no-ar-facebook.png","type":"image\/png"}],"author":"editor","twitter_card":"summary_large_image","twitter_misc":{"Escrito por":"editor","Est. tempo de leitura":"3 minutos"},"schema":{"@context":"https:\/\/schema.org","@graph":[{"@type":"Article","@id":"https:\/\/www.oarcanjo.net\/site\/onde-vai-ser-o-proximo-onibus\/#article","isPartOf":{"@id":"https:\/\/www.oarcanjo.net\/site\/onde-vai-ser-o-proximo-onibus\/"},"author":{"name":"editor","@id":"https:\/\/www.oarcanjo.net\/site\/#\/schema\/person\/f7024d007863202483a31326673a0838"},"headline":"Onde vai ser o pr\u00f3ximo \u00f4nibus?","datePublished":"2014-02-12T11:17:12+00:00","dateModified":"2014-02-12T11:17:12+00:00","mainEntityOfPage":{"@id":"https:\/\/www.oarcanjo.net\/site\/onde-vai-ser-o-proximo-onibus\/"},"wordCount":685,"commentCount":1,"publisher":{"@id":"https:\/\/www.oarcanjo.net\/site\/#organization"},"keywords":["Condi\u00e7\u00f5es de vida","Declara\u00e7\u00e3o de Rep\u00fadio \u00e0 Viol\u00eancia","Descontentamento","dignidade","educa\u00e7\u00e3o","mortes","viol\u00eancia"],"articleSection":["Reflex\u00f5es"],"inLanguage":"pt-BR","potentialAction":[{"@type":"CommentAction","name":"Comment","target":["https:\/\/www.oarcanjo.net\/site\/onde-vai-ser-o-proximo-onibus\/#respond"]}]},{"@type":"WebPage","@id":"https:\/\/www.oarcanjo.net\/site\/onde-vai-ser-o-proximo-onibus\/","url":"https:\/\/www.oarcanjo.net\/site\/onde-vai-ser-o-proximo-onibus\/","name":"Onde vai ser o pr\u00f3ximo \u00f4nibus? - O Arcanjo no ar","isPartOf":{"@id":"https:\/\/www.oarcanjo.net\/site\/#website"},"datePublished":"2014-02-12T11:17:12+00:00","dateModified":"2014-02-12T11:17:12+00:00","breadcrumb":{"@id":"https:\/\/www.oarcanjo.net\/site\/onde-vai-ser-o-proximo-onibus\/#breadcrumb"},"inLanguage":"pt-BR","potentialAction":[{"@type":"ReadAction","target":["https:\/\/www.oarcanjo.net\/site\/onde-vai-ser-o-proximo-onibus\/"]}]},{"@type":"BreadcrumbList","@id":"https:\/\/www.oarcanjo.net\/site\/onde-vai-ser-o-proximo-onibus\/#breadcrumb","itemListElement":[{"@type":"ListItem","position":1,"name":"In\u00edcio","item":"https:\/\/www.oarcanjo.net\/site\/"},{"@type":"ListItem","position":2,"name":"Onde vai ser o pr\u00f3ximo \u00f4nibus?"}]},{"@type":"WebSite","@id":"https:\/\/www.oarcanjo.net\/site\/#website","url":"https:\/\/www.oarcanjo.net\/site\/","name":"O Arcanjo no ar","description":"Site da Par\u00f3quia S\u00e3o Miguel Arcanjo (Arquidiocese de SP)","publisher":{"@id":"https:\/\/www.oarcanjo.net\/site\/#organization"},"potentialAction":[{"@type":"SearchAction","target":{"@type":"EntryPoint","urlTemplate":"https:\/\/www.oarcanjo.net\/site\/?s={search_term_string}"},"query-input":{"@type":"PropertyValueSpecification","valueRequired":true,"valueName":"search_term_string"}}],"inLanguage":"pt-BR"},{"@type":"Organization","@id":"https:\/\/www.oarcanjo.net\/site\/#organization","name":"Par\u00f3quia S\u00e3o Miguel Arcanjo","url":"https:\/\/www.oarcanjo.net\/site\/","logo":{"@type":"ImageObject","inLanguage":"pt-BR","@id":"https:\/\/www.oarcanjo.net\/site\/#\/schema\/logo\/image\/","url":"https:\/\/www.oarcanjo.net\/site\/wp-content\/uploads\/LogoOArcanjo.png","contentUrl":"https:\/\/www.oarcanjo.net\/site\/wp-content\/uploads\/LogoOArcanjo.png","width":319,"height":99,"caption":"Par\u00f3quia S\u00e3o Miguel Arcanjo"},"image":{"@id":"https:\/\/www.oarcanjo.net\/site\/#\/schema\/logo\/image\/"},"sameAs":["https:\/\/www.facebook.com\/OArcanjoNoAr\/"]},{"@type":"Person","@id":"https:\/\/www.oarcanjo.net\/site\/#\/schema\/person\/f7024d007863202483a31326673a0838","name":"editor","sameAs":["http:\/\/www.oarcanjo.net"]}]}},"publishpress_future_action":{"enabled":false,"date":"2026-05-08 22:53:37","action":"category","newStatus":"draft","terms":[],"taxonomy":"category"},"publishpress_future_workflow_manual_trigger":{"enabledWorkflows":[]},"_links":{"self":[{"href":"https:\/\/www.oarcanjo.net\/site\/wp-json\/wp\/v2\/posts\/24297"}],"collection":[{"href":"https:\/\/www.oarcanjo.net\/site\/wp-json\/wp\/v2\/posts"}],"about":[{"href":"https:\/\/www.oarcanjo.net\/site\/wp-json\/wp\/v2\/types\/post"}],"author":[{"embeddable":true,"href":"https:\/\/www.oarcanjo.net\/site\/wp-json\/wp\/v2\/users\/5"}],"replies":[{"embeddable":true,"href":"https:\/\/www.oarcanjo.net\/site\/wp-json\/wp\/v2\/comments?post=24297"}],"version-history":[{"count":0,"href":"https:\/\/www.oarcanjo.net\/site\/wp-json\/wp\/v2\/posts\/24297\/revisions"}],"wp:attachment":[{"href":"https:\/\/www.oarcanjo.net\/site\/wp-json\/wp\/v2\/media?parent=24297"}],"wp:term":[{"taxonomy":"category","embeddable":true,"href":"https:\/\/www.oarcanjo.net\/site\/wp-json\/wp\/v2\/categories?post=24297"},{"taxonomy":"post_tag","embeddable":true,"href":"https:\/\/www.oarcanjo.net\/site\/wp-json\/wp\/v2\/tags?post=24297"}],"curies":[{"name":"wp","href":"https:\/\/api.w.org\/{rel}","templated":true}]}}