
{"id":24322,"date":"2014-02-17T19:44:58","date_gmt":"2014-02-17T22:44:58","guid":{"rendered":"http:\/\/www.oarcanjo.net\/site\/?p=24322"},"modified":"2014-03-16T21:56:44","modified_gmt":"2014-03-17T00:56:44","slug":"pastoral-de-exequias-faz-reuniao","status":"publish","type":"post","link":"https:\/\/www.oarcanjo.net\/site\/pastoral-de-exequias-faz-reuniao\/","title":{"rendered":"Pastoral de Ex\u00e9quias faz reuni\u00e3o"},"content":{"rendered":"<p>A Pastoral de Ex\u00e9quias das Par\u00f3quias S\u00e3o Paulo Ap\u00f3stolo e S\u00e3o Miguel Arcanjo fizeram neste s\u00e1bado sua reuni\u00e3o de forma\u00e7\u00e3o na Par\u00f3quia S\u00e3o Paulo, sob a orienta\u00e7\u00e3o do Padre Reginaldo Donatoni. O tema foi a Crema\u00e7\u00e3o, motivo de d\u00favida de muitos cat\u00f3licos. Tamb\u00e9m foram abordadas as formas das celebra\u00e7\u00f5es no Cemit\u00e9rio da Quarta Parada, dada a import\u00e2ncia da Pastoral das Ex\u00e9quias, cujos leigos representam a Igreja, especialmente nos momentos mais dif\u00edceis das fam\u00edlias.<\/p>\n<p>No Cemit\u00e9rio da Quarta Parada h\u00e1 um plant\u00e3o com a participa\u00e7\u00e3o de todas as Par\u00f3quias do Setor Bel\u00e9m, havendo nesse momento busca para mais pessoas que venham a integrar as Pastorais das Ex\u00e9quias.<\/p>\n<p>Na foto o detalhe da reuni\u00e3o que ocorreu neste s\u00e1bado, 15\/02\/13 na Par\u00f3quia S\u00e3o Paulo Ap\u00f3stolo.<\/p>\n<p style=\"text-align: justify;\"><a href=\"http:\/\/www.oarcanjo.net\/site\/wp-content\/uploads\/DSC01241.jpg\"><img loading=\"lazy\" decoding=\"async\" class=\"alignleft size-medium wp-image-24323\" alt=\"DSC01241\" src=\"http:\/\/www.oarcanjo.net\/site\/wp-content\/uploads\/DSC01241-300x168.jpg\" width=\"300\" height=\"168\" srcset=\"https:\/\/www.oarcanjo.net\/site\/wp-content\/uploads\/DSC01241-300x168.jpg 300w, https:\/\/www.oarcanjo.net\/site\/wp-content\/uploads\/DSC01241.jpg 645w\" sizes=\"(max-width: 300px) 100vw, 300px\" \/><\/a><\/p>\n<p><span style=\"color: #000000; font-family: Calibri; font-size: medium;\">\u00a0<\/span><\/p>\n<div id=\"themify_builder_content-24322\" data-postid=\"24322\" class=\"themify_builder_content themify_builder_content-24322 themify_builder themify_builder_front\">\n\t<\/div>\n<!-- \/themify_builder_content -->","protected":false},"excerpt":{"rendered":"<p>A Pastoral de Ex\u00e9quias das Par\u00f3quias S\u00e3o Paulo Ap\u00f3stolo e S\u00e3o Miguel Arcanjo fizeram neste s\u00e1bado sua reuni\u00e3o de forma\u00e7\u00e3o na Par\u00f3quia S\u00e3o Paulo, sob a orienta\u00e7\u00e3o do Padre Reginaldo Donatoni. O tema foi a Crema\u00e7\u00e3o, motivo de d\u00favida de muitos cat\u00f3licos. Tamb\u00e9m foram abordadas as formas das celebra\u00e7\u00f5es no Cemit\u00e9rio da Quarta Parada, dada [&hellip;]<\/p>\n","protected":false},"author":10,"featured_media":0,"comment_status":"open","ping_status":"open","sticky":false,"template":"","format":"standard","meta":{"ngg_post_thumbnail":0,"footnotes":""},"categories":[8,7],"tags":[],"yoast_head":"<!-- This site is optimized with the Yoast SEO plugin v23.5 - https:\/\/yoast.com\/wordpress\/plugins\/seo\/ -->\n<title>Pastoral de Ex\u00e9quias faz reuni\u00e3o - O Arcanjo no ar<\/title>\n<meta name=\"robots\" content=\"index, follow, max-snippet:-1, max-image-preview:large, max-video-preview:-1\" \/>\n<link rel=\"canonical\" href=\"https:\/\/www.oarcanjo.net\/site\/pastoral-de-exequias-faz-reuniao\/\" \/>\n<meta property=\"og:locale\" content=\"pt_BR\" \/>\n<meta property=\"og:type\" content=\"article\" \/>\n<meta property=\"og:title\" content=\"Pastoral de Ex\u00e9quias faz reuni\u00e3o - O Arcanjo no ar\" \/>\n<meta property=\"og:description\" content=\"A Pastoral de Ex\u00e9quias das Par\u00f3quias S\u00e3o Paulo Ap\u00f3stolo e S\u00e3o Miguel Arcanjo fizeram neste s\u00e1bado sua reuni\u00e3o de forma\u00e7\u00e3o na Par\u00f3quia S\u00e3o Paulo, sob a orienta\u00e7\u00e3o do Padre Reginaldo Donatoni. O tema foi a Crema\u00e7\u00e3o, motivo de d\u00favida de muitos cat\u00f3licos. Tamb\u00e9m foram abordadas as formas das celebra\u00e7\u00f5es no Cemit\u00e9rio da Quarta Parada, dada [&hellip;]\" \/>\n<meta property=\"og:url\" content=\"https:\/\/www.oarcanjo.net\/site\/pastoral-de-exequias-faz-reuniao\/\" \/>\n<meta property=\"og:site_name\" content=\"O Arcanjo no ar\" \/>\n<meta property=\"article:publisher\" content=\"https:\/\/www.facebook.com\/OArcanjoNoAr\/\" \/>\n<meta property=\"article:published_time\" content=\"2014-02-17T22:44:58+00:00\" \/>\n<meta property=\"article:modified_time\" content=\"2014-03-17T00:56:44+00:00\" \/>\n<meta property=\"og:image\" content=\"http:\/\/www.oarcanjo.net\/site\/wp-content\/uploads\/DSC01241-300x168.jpg\" \/>\n<meta name=\"author\" content=\"carlos\" \/>\n<meta name=\"twitter:card\" content=\"summary_large_image\" \/>\n<meta name=\"twitter:label1\" content=\"Escrito por\" \/>\n\t<meta name=\"twitter:data1\" content=\"carlos\" \/>\n\t<meta name=\"twitter:label2\" content=\"Est. tempo de leitura\" \/>\n\t<meta name=\"twitter:data2\" content=\"1 minuto\" \/>\n<script type=\"application\/ld+json\" class=\"yoast-schema-graph\">{\"@context\":\"https:\/\/schema.org\",\"@graph\":[{\"@type\":\"Article\",\"@id\":\"https:\/\/www.oarcanjo.net\/site\/pastoral-de-exequias-faz-reuniao\/#article\",\"isPartOf\":{\"@id\":\"https:\/\/www.oarcanjo.net\/site\/pastoral-de-exequias-faz-reuniao\/\"},\"author\":{\"name\":\"carlos\",\"@id\":\"https:\/\/www.oarcanjo.net\/site\/#\/schema\/person\/f7870e710d8c8c30673de3a0ac2e451d\"},\"headline\":\"Pastoral de Ex\u00e9quias faz reuni\u00e3o\",\"datePublished\":\"2014-02-17T22:44:58+00:00\",\"dateModified\":\"2014-03-17T00:56:44+00:00\",\"mainEntityOfPage\":{\"@id\":\"https:\/\/www.oarcanjo.net\/site\/pastoral-de-exequias-faz-reuniao\/\"},\"wordCount\":160,\"commentCount\":0,\"publisher\":{\"@id\":\"https:\/\/www.oarcanjo.net\/site\/#organization\"},\"image\":{\"@id\":\"https:\/\/www.oarcanjo.net\/site\/pastoral-de-exequias-faz-reuniao\/#primaryimage\"},\"thumbnailUrl\":\"http:\/\/www.oarcanjo.net\/site\/wp-content\/uploads\/DSC01241-300x168.jpg\",\"articleSection\":[\"Not\u00edcias\",\"Rosto da comunidade\"],\"inLanguage\":\"pt-BR\",\"potentialAction\":[{\"@type\":\"CommentAction\",\"name\":\"Comment\",\"target\":[\"https:\/\/www.oarcanjo.net\/site\/pastoral-de-exequias-faz-reuniao\/#respond\"]}]},{\"@type\":\"WebPage\",\"@id\":\"https:\/\/www.oarcanjo.net\/site\/pastoral-de-exequias-faz-reuniao\/\",\"url\":\"https:\/\/www.oarcanjo.net\/site\/pastoral-de-exequias-faz-reuniao\/\",\"name\":\"Pastoral de Ex\u00e9quias faz reuni\u00e3o - O Arcanjo no ar\",\"isPartOf\":{\"@id\":\"https:\/\/www.oarcanjo.net\/site\/#website\"},\"primaryImageOfPage\":{\"@id\":\"https:\/\/www.oarcanjo.net\/site\/pastoral-de-exequias-faz-reuniao\/#primaryimage\"},\"image\":{\"@id\":\"https:\/\/www.oarcanjo.net\/site\/pastoral-de-exequias-faz-reuniao\/#primaryimage\"},\"thumbnailUrl\":\"http:\/\/www.oarcanjo.net\/site\/wp-content\/uploads\/DSC01241-300x168.jpg\",\"datePublished\":\"2014-02-17T22:44:58+00:00\",\"dateModified\":\"2014-03-17T00:56:44+00:00\",\"breadcrumb\":{\"@id\":\"https:\/\/www.oarcanjo.net\/site\/pastoral-de-exequias-faz-reuniao\/#breadcrumb\"},\"inLanguage\":\"pt-BR\",\"potentialAction\":[{\"@type\":\"ReadAction\",\"target\":[\"https:\/\/www.oarcanjo.net\/site\/pastoral-de-exequias-faz-reuniao\/\"]}]},{\"@type\":\"ImageObject\",\"inLanguage\":\"pt-BR\",\"@id\":\"https:\/\/www.oarcanjo.net\/site\/pastoral-de-exequias-faz-reuniao\/#primaryimage\",\"url\":\"https:\/\/www.oarcanjo.net\/site\/wp-content\/uploads\/DSC01241.jpg\",\"contentUrl\":\"https:\/\/www.oarcanjo.net\/site\/wp-content\/uploads\/DSC01241.jpg\",\"width\":645,\"height\":363},{\"@type\":\"BreadcrumbList\",\"@id\":\"https:\/\/www.oarcanjo.net\/site\/pastoral-de-exequias-faz-reuniao\/#breadcrumb\",\"itemListElement\":[{\"@type\":\"ListItem\",\"position\":1,\"name\":\"In\u00edcio\",\"item\":\"https:\/\/www.oarcanjo.net\/site\/\"},{\"@type\":\"ListItem\",\"position\":2,\"name\":\"Pastoral de Ex\u00e9quias faz reuni\u00e3o\"}]},{\"@type\":\"WebSite\",\"@id\":\"https:\/\/www.oarcanjo.net\/site\/#website\",\"url\":\"https:\/\/www.oarcanjo.net\/site\/\",\"name\":\"O Arcanjo no ar\",\"description\":\"Site da Par\u00f3quia S\u00e3o Miguel Arcanjo (Arquidiocese de SP)\",\"publisher\":{\"@id\":\"https:\/\/www.oarcanjo.net\/site\/#organization\"},\"potentialAction\":[{\"@type\":\"SearchAction\",\"target\":{\"@type\":\"EntryPoint\",\"urlTemplate\":\"https:\/\/www.oarcanjo.net\/site\/?s={search_term_string}\"},\"query-input\":{\"@type\":\"PropertyValueSpecification\",\"valueRequired\":true,\"valueName\":\"search_term_string\"}}],\"inLanguage\":\"pt-BR\"},{\"@type\":\"Organization\",\"@id\":\"https:\/\/www.oarcanjo.net\/site\/#organization\",\"name\":\"Par\u00f3quia S\u00e3o Miguel Arcanjo\",\"url\":\"https:\/\/www.oarcanjo.net\/site\/\",\"logo\":{\"@type\":\"ImageObject\",\"inLanguage\":\"pt-BR\",\"@id\":\"https:\/\/www.oarcanjo.net\/site\/#\/schema\/logo\/image\/\",\"url\":\"https:\/\/www.oarcanjo.net\/site\/wp-content\/uploads\/LogoOArcanjo.png\",\"contentUrl\":\"https:\/\/www.oarcanjo.net\/site\/wp-content\/uploads\/LogoOArcanjo.png\",\"width\":319,\"height\":99,\"caption\":\"Par\u00f3quia S\u00e3o Miguel Arcanjo\"},\"image\":{\"@id\":\"https:\/\/www.oarcanjo.net\/site\/#\/schema\/logo\/image\/\"},\"sameAs\":[\"https:\/\/www.facebook.com\/OArcanjoNoAr\/\"]},{\"@type\":\"Person\",\"@id\":\"https:\/\/www.oarcanjo.net\/site\/#\/schema\/person\/f7870e710d8c8c30673de3a0ac2e451d\",\"name\":\"carlos\"}]}<\/script>\n<!-- \/ Yoast SEO plugin. -->","yoast_head_json":{"title":"Pastoral de Ex\u00e9quias faz reuni\u00e3o - O Arcanjo no ar","robots":{"index":"index","follow":"follow","max-snippet":"max-snippet:-1","max-image-preview":"max-image-preview:large","max-video-preview":"max-video-preview:-1"},"canonical":"https:\/\/www.oarcanjo.net\/site\/pastoral-de-exequias-faz-reuniao\/","og_locale":"pt_BR","og_type":"article","og_title":"Pastoral de Ex\u00e9quias faz reuni\u00e3o - O Arcanjo no ar","og_description":"A Pastoral de Ex\u00e9quias das Par\u00f3quias S\u00e3o Paulo Ap\u00f3stolo e S\u00e3o Miguel Arcanjo fizeram neste s\u00e1bado sua reuni\u00e3o de forma\u00e7\u00e3o na Par\u00f3quia S\u00e3o Paulo, sob a orienta\u00e7\u00e3o do Padre Reginaldo Donatoni. O tema foi a Crema\u00e7\u00e3o, motivo de d\u00favida de muitos cat\u00f3licos. Tamb\u00e9m foram abordadas as formas das celebra\u00e7\u00f5es no Cemit\u00e9rio da Quarta Parada, dada [&hellip;]","og_url":"https:\/\/www.oarcanjo.net\/site\/pastoral-de-exequias-faz-reuniao\/","og_site_name":"O Arcanjo no ar","article_publisher":"https:\/\/www.facebook.com\/OArcanjoNoAr\/","article_published_time":"2014-02-17T22:44:58+00:00","article_modified_time":"2014-03-17T00:56:44+00:00","og_image":[{"url":"http:\/\/www.oarcanjo.net\/site\/wp-content\/uploads\/DSC01241-300x168.jpg"}],"author":"carlos","twitter_card":"summary_large_image","twitter_misc":{"Escrito por":"carlos","Est. tempo de leitura":"1 minuto"},"schema":{"@context":"https:\/\/schema.org","@graph":[{"@type":"Article","@id":"https:\/\/www.oarcanjo.net\/site\/pastoral-de-exequias-faz-reuniao\/#article","isPartOf":{"@id":"https:\/\/www.oarcanjo.net\/site\/pastoral-de-exequias-faz-reuniao\/"},"author":{"name":"carlos","@id":"https:\/\/www.oarcanjo.net\/site\/#\/schema\/person\/f7870e710d8c8c30673de3a0ac2e451d"},"headline":"Pastoral de Ex\u00e9quias faz reuni\u00e3o","datePublished":"2014-02-17T22:44:58+00:00","dateModified":"2014-03-17T00:56:44+00:00","mainEntityOfPage":{"@id":"https:\/\/www.oarcanjo.net\/site\/pastoral-de-exequias-faz-reuniao\/"},"wordCount":160,"commentCount":0,"publisher":{"@id":"https:\/\/www.oarcanjo.net\/site\/#organization"},"image":{"@id":"https:\/\/www.oarcanjo.net\/site\/pastoral-de-exequias-faz-reuniao\/#primaryimage"},"thumbnailUrl":"http:\/\/www.oarcanjo.net\/site\/wp-content\/uploads\/DSC01241-300x168.jpg","articleSection":["Not\u00edcias","Rosto da comunidade"],"inLanguage":"pt-BR","potentialAction":[{"@type":"CommentAction","name":"Comment","target":["https:\/\/www.oarcanjo.net\/site\/pastoral-de-exequias-faz-reuniao\/#respond"]}]},{"@type":"WebPage","@id":"https:\/\/www.oarcanjo.net\/site\/pastoral-de-exequias-faz-reuniao\/","url":"https:\/\/www.oarcanjo.net\/site\/pastoral-de-exequias-faz-reuniao\/","name":"Pastoral de Ex\u00e9quias faz reuni\u00e3o - O Arcanjo no ar","isPartOf":{"@id":"https:\/\/www.oarcanjo.net\/site\/#website"},"primaryImageOfPage":{"@id":"https:\/\/www.oarcanjo.net\/site\/pastoral-de-exequias-faz-reuniao\/#primaryimage"},"image":{"@id":"https:\/\/www.oarcanjo.net\/site\/pastoral-de-exequias-faz-reuniao\/#primaryimage"},"thumbnailUrl":"http:\/\/www.oarcanjo.net\/site\/wp-content\/uploads\/DSC01241-300x168.jpg","datePublished":"2014-02-17T22:44:58+00:00","dateModified":"2014-03-17T00:56:44+00:00","breadcrumb":{"@id":"https:\/\/www.oarcanjo.net\/site\/pastoral-de-exequias-faz-reuniao\/#breadcrumb"},"inLanguage":"pt-BR","potentialAction":[{"@type":"ReadAction","target":["https:\/\/www.oarcanjo.net\/site\/pastoral-de-exequias-faz-reuniao\/"]}]},{"@type":"ImageObject","inLanguage":"pt-BR","@id":"https:\/\/www.oarcanjo.net\/site\/pastoral-de-exequias-faz-reuniao\/#primaryimage","url":"https:\/\/www.oarcanjo.net\/site\/wp-content\/uploads\/DSC01241.jpg","contentUrl":"https:\/\/www.oarcanjo.net\/site\/wp-content\/uploads\/DSC01241.jpg","width":645,"height":363},{"@type":"BreadcrumbList","@id":"https:\/\/www.oarcanjo.net\/site\/pastoral-de-exequias-faz-reuniao\/#breadcrumb","itemListElement":[{"@type":"ListItem","position":1,"name":"In\u00edcio","item":"https:\/\/www.oarcanjo.net\/site\/"},{"@type":"ListItem","position":2,"name":"Pastoral de Ex\u00e9quias faz reuni\u00e3o"}]},{"@type":"WebSite","@id":"https:\/\/www.oarcanjo.net\/site\/#website","url":"https:\/\/www.oarcanjo.net\/site\/","name":"O Arcanjo no ar","description":"Site da Par\u00f3quia S\u00e3o Miguel Arcanjo (Arquidiocese de SP)","publisher":{"@id":"https:\/\/www.oarcanjo.net\/site\/#organization"},"potentialAction":[{"@type":"SearchAction","target":{"@type":"EntryPoint","urlTemplate":"https:\/\/www.oarcanjo.net\/site\/?s={search_term_string}"},"query-input":{"@type":"PropertyValueSpecification","valueRequired":true,"valueName":"search_term_string"}}],"inLanguage":"pt-BR"},{"@type":"Organization","@id":"https:\/\/www.oarcanjo.net\/site\/#organization","name":"Par\u00f3quia S\u00e3o Miguel Arcanjo","url":"https:\/\/www.oarcanjo.net\/site\/","logo":{"@type":"ImageObject","inLanguage":"pt-BR","@id":"https:\/\/www.oarcanjo.net\/site\/#\/schema\/logo\/image\/","url":"https:\/\/www.oarcanjo.net\/site\/wp-content\/uploads\/LogoOArcanjo.png","contentUrl":"https:\/\/www.oarcanjo.net\/site\/wp-content\/uploads\/LogoOArcanjo.png","width":319,"height":99,"caption":"Par\u00f3quia S\u00e3o Miguel Arcanjo"},"image":{"@id":"https:\/\/www.oarcanjo.net\/site\/#\/schema\/logo\/image\/"},"sameAs":["https:\/\/www.facebook.com\/OArcanjoNoAr\/"]},{"@type":"Person","@id":"https:\/\/www.oarcanjo.net\/site\/#\/schema\/person\/f7870e710d8c8c30673de3a0ac2e451d","name":"carlos"}]}},"publishpress_future_action":{"enabled":false,"date":"2026-05-08 21:10:43","action":"category","newStatus":"draft","terms":[],"taxonomy":"category"},"publishpress_future_workflow_manual_trigger":{"enabledWorkflows":[]},"_links":{"self":[{"href":"https:\/\/www.oarcanjo.net\/site\/wp-json\/wp\/v2\/posts\/24322"}],"collection":[{"href":"https:\/\/www.oarcanjo.net\/site\/wp-json\/wp\/v2\/posts"}],"about":[{"href":"https:\/\/www.oarcanjo.net\/site\/wp-json\/wp\/v2\/types\/post"}],"author":[{"embeddable":true,"href":"https:\/\/www.oarcanjo.net\/site\/wp-json\/wp\/v2\/users\/10"}],"replies":[{"embeddable":true,"href":"https:\/\/www.oarcanjo.net\/site\/wp-json\/wp\/v2\/comments?post=24322"}],"version-history":[{"count":0,"href":"https:\/\/www.oarcanjo.net\/site\/wp-json\/wp\/v2\/posts\/24322\/revisions"}],"wp:attachment":[{"href":"https:\/\/www.oarcanjo.net\/site\/wp-json\/wp\/v2\/media?parent=24322"}],"wp:term":[{"taxonomy":"category","embeddable":true,"href":"https:\/\/www.oarcanjo.net\/site\/wp-json\/wp\/v2\/categories?post=24322"},{"taxonomy":"post_tag","embeddable":true,"href":"https:\/\/www.oarcanjo.net\/site\/wp-json\/wp\/v2\/tags?post=24322"}],"curies":[{"name":"wp","href":"https:\/\/api.w.org\/{rel}","templated":true}]}}