
{"id":24328,"date":"2014-02-18T10:42:00","date_gmt":"2014-02-18T13:42:00","guid":{"rendered":"http:\/\/www.oarcanjo.net\/site\/?p=24328"},"modified":"2014-02-18T10:42:29","modified_gmt":"2014-02-18T13:42:29","slug":"bendito-seja-deus-que-nos-reuniu-no-amor-de-cristo","status":"publish","type":"post","link":"https:\/\/www.oarcanjo.net\/site\/bendito-seja-deus-que-nos-reuniu-no-amor-de-cristo\/","title":{"rendered":"Bendito seja Deus que nos reuniu no amor de Cristo!"},"content":{"rendered":"<p><em>Dom\u00a0Edmar Peron<\/em><\/p>\n<p>\u00c9 sempre um prazer recordar que os crist\u00e3os nos alimentamos de um \u00fanico \u201cp\u00e3o da vida\u201d, Jesus Cristo, recebido, por\u00e9m, de duas mesas, da Palavra e da Eucaristia, ambas t\u00e3o unidas que constituem \u201cum s\u00f3 ato de culto\u201d.<\/p>\n<p>Esse \u201cato de culto\u201d uno \u00e9 introduzido pelos Ritos Iniciais (IGMR 46-54): canto de entrada (com prociss\u00e3o dos ministros e venera\u00e7\u00e3o do Altar), sinal-da-cruz e sauda\u00e7\u00e3o, rito penitencial, Kyrie, Gl\u00f3ria<em> <\/em>e Ora\u00e7\u00e3o do dia. Em seu conjunto, esses pequenos ritos t\u00eam por finalidade \u201cfazer com que os fi\u00e9is, reunindo-se em assembleia, constituam uma comunh\u00e3o e se disponham para ouvir atentamente a palavra de Deus e celebrar dignamente a Eucaristia\u201d. Deste modo, \u00e9 como Igreja, comunidade de fi\u00e9is \u2013 ra\u00e7a escolhida, povo sacerdotal, na\u00e7\u00e3o santa (1Pd 2,9) \u2013 que nos dispomos a participar ativamente da Liturgia da Palavra e da Liturgia Eucar\u00edstica.<\/p>\n<p>Consideremos, agora, cada um dos pequenos ritos. O <em>canto de entrada<\/em> promover\u00e1 a comunh\u00e3o, principalmente em sua forma dialogal: a assembleia canta o refr\u00e3o, mais \u201ccondizente com a a\u00e7\u00e3o sagrada e com a \u00edndole do dia ou do tempo\u201d, enquanto que as estrofes (normalmente um Salmo) s\u00e3o cantadas pelo grupo de cantores ou por um(a) solista. A dimens\u00e3o dialogal, realizadora de comunh\u00e3o, prossegue no <em>sinal-da-cruz<\/em> e na <em>sauda\u00e7\u00e3o \u00e0 assembleia<\/em>: uma principal, a b\u00edblico-ritual, e a outra espont\u00e2nea para acolher as pessoas e introduzir a assembleia no mist\u00e9rio do dia. O <em>ato penitencial<\/em> \u00e9 \u201crealizado por toda a assembleia\u201d, atrav\u00e9s de uma das tr\u00eas f\u00f3rmulas presentes no Missal: <em>Confesso&#8230;<\/em>; <em>Tende compaix\u00e3o&#8230;<\/em>; <em>Senhor, que viestes&#8230; <\/em>(h\u00e1 muitas invoca\u00e7\u00f5es alternativas propostas pelo Missal, para os diversos tempos lit\u00fargicos). Rico de car\u00e1ter comunit\u00e1rio \u00e9 o rito de <em>b\u00ean\u00e7\u00e3o e aspers\u00e3o da \u00e1gua, <\/em>mem\u00f3ria do nosso batismo, pr\u00f3prio para o Domingo, no lugar do ato penitencial. Quando a invoca\u00e7\u00e3o cristol\u00f3gica <em>Senhor, tende piedade<\/em> \u2013 o <em>Kyrie <\/em>\u2013 n\u00e3o apareceu no pr\u00f3prio ato penitencial ela dever\u00e1 ser cantada ap\u00f3s o <em>Deus todo-poderoso tenha compaix\u00e3o&#8230; <\/em>Tamb\u00e9m o <em>Gl\u00f3ria<\/em> revela a comunh\u00e3o da assembleia que canta ao Pai e ao Filho, \u201ccongregada no Esp\u00edrito Santo\u201d. E, por \u00faltimo, a <em>Ora\u00e7\u00e3o do dia<\/em> ou <em>coleta<\/em> manifesta a comunh\u00e3o dos fi\u00e9is; antes de ser formulada por quem preside a celebra\u00e7\u00e3o, toda a assembleia, inclusive quem a preside, se conserva em sil\u00eancio e formula interiormente as suas inten\u00e7\u00f5es.<\/p>\n<p>\u00c9 claro que a comunh\u00e3o eclesial, promovida por todos esses ritos do come\u00e7o da missa, \u00e9 ainda inicial; depois de escutarmos juntos a Palavra de Deus, alcan\u00e7aremos o ponto alto de nossa uni\u00e3o na comunh\u00e3o eucar\u00edstica, realizada pelo Esp\u00edrito Santo: \u201cparticipando do Corpo e Sangue de Cristo, sejamos reunidos pelo Esp\u00edrito Santo num s\u00f3 corpo\u201d (<em>Ora\u00e7\u00e3o Eucar\u00edstica II<\/em>). E a assembleia aclama: \u201cFazei de n\u00f3s um s\u00f3 corpo e um s\u00f3 esp\u00edrito\u201d.<\/p>\n<p>Enfim, os ritos iniciais nos ajudam a realizar uma primeira p\u00e1scoa: a passagem da dispers\u00e3o da vida cotidiana \u00e0 uni\u00e3o de uma assembleia convocada pelo pr\u00f3prio Deus, Pai e Filho e Esp\u00edrito Santo, \u201csacramento de unidade\u201d (S\u00e3o Cipriano \u2013 SC 26): <em>Bendito seja Deus que nos reuniu no amor de Cristo!<\/em><\/p>\n<div id=\"themify_builder_content-24328\" data-postid=\"24328\" class=\"themify_builder_content themify_builder_content-24328 themify_builder themify_builder_front\">\n\t<\/div>\n<!-- \/themify_builder_content -->","protected":false},"excerpt":{"rendered":"<p>Dom\u00a0Edmar Peron \u00c9 sempre um prazer recordar que os crist\u00e3os nos alimentamos de um \u00fanico \u201cp\u00e3o da vida\u201d, Jesus Cristo, recebido, por\u00e9m, de duas mesas, da Palavra e da Eucaristia, ambas t\u00e3o unidas que constituem \u201cum s\u00f3 ato de culto\u201d. Esse \u201cato de culto\u201d uno \u00e9 introduzido pelos Ritos Iniciais (IGMR 46-54): canto de entrada [&hellip;]<\/p>\n","protected":false},"author":5,"featured_media":0,"comment_status":"open","ping_status":"open","sticky":false,"template":"","format":"standard","meta":{"ngg_post_thumbnail":0,"footnotes":""},"categories":[9],"tags":[156,2992,462,2993,2994,959,1888],"yoast_head":"<!-- This site is optimized with the Yoast SEO plugin v23.5 - https:\/\/yoast.com\/wordpress\/plugins\/seo\/ -->\n<title>Bendito seja Deus que nos reuniu no amor de Cristo! - O Arcanjo no ar<\/title>\n<meta name=\"robots\" content=\"index, follow, max-snippet:-1, max-image-preview:large, max-video-preview:-1\" \/>\n<link rel=\"canonical\" href=\"https:\/\/www.oarcanjo.net\/site\/bendito-seja-deus-que-nos-reuniu-no-amor-de-cristo\/\" \/>\n<meta property=\"og:locale\" content=\"pt_BR\" \/>\n<meta property=\"og:type\" content=\"article\" \/>\n<meta property=\"og:title\" content=\"Bendito seja Deus que nos reuniu no amor de Cristo! - O Arcanjo no ar\" \/>\n<meta property=\"og:description\" content=\"Dom\u00a0Edmar Peron \u00c9 sempre um prazer recordar que os crist\u00e3os nos alimentamos de um \u00fanico \u201cp\u00e3o da vida\u201d, Jesus Cristo, recebido, por\u00e9m, de duas mesas, da Palavra e da Eucaristia, ambas t\u00e3o unidas que constituem \u201cum s\u00f3 ato de culto\u201d. Esse \u201cato de culto\u201d uno \u00e9 introduzido pelos Ritos Iniciais (IGMR 46-54): canto de entrada [&hellip;]\" \/>\n<meta property=\"og:url\" content=\"https:\/\/www.oarcanjo.net\/site\/bendito-seja-deus-que-nos-reuniu-no-amor-de-cristo\/\" \/>\n<meta property=\"og:site_name\" content=\"O Arcanjo no ar\" \/>\n<meta property=\"article:publisher\" content=\"https:\/\/www.facebook.com\/OArcanjoNoAr\/\" \/>\n<meta property=\"article:published_time\" content=\"2014-02-18T13:42:00+00:00\" \/>\n<meta property=\"article:modified_time\" content=\"2014-02-18T13:42:29+00:00\" \/>\n<meta property=\"og:image\" content=\"https:\/\/www.oarcanjo.net\/site\/wp-content\/uploads\/logo-o-arcanjo-no-ar-facebook.png\" \/>\n\t<meta property=\"og:image:width\" content=\"300\" \/>\n\t<meta property=\"og:image:height\" content=\"300\" \/>\n\t<meta property=\"og:image:type\" content=\"image\/png\" \/>\n<meta name=\"author\" content=\"editor\" \/>\n<meta name=\"twitter:card\" content=\"summary_large_image\" \/>\n<meta name=\"twitter:label1\" content=\"Escrito por\" \/>\n\t<meta name=\"twitter:data1\" content=\"editor\" \/>\n\t<meta name=\"twitter:label2\" content=\"Est. tempo de leitura\" \/>\n\t<meta name=\"twitter:data2\" content=\"3 minutos\" \/>\n<script type=\"application\/ld+json\" class=\"yoast-schema-graph\">{\"@context\":\"https:\/\/schema.org\",\"@graph\":[{\"@type\":\"Article\",\"@id\":\"https:\/\/www.oarcanjo.net\/site\/bendito-seja-deus-que-nos-reuniu-no-amor-de-cristo\/#article\",\"isPartOf\":{\"@id\":\"https:\/\/www.oarcanjo.net\/site\/bendito-seja-deus-que-nos-reuniu-no-amor-de-cristo\/\"},\"author\":{\"name\":\"editor\",\"@id\":\"https:\/\/www.oarcanjo.net\/site\/#\/schema\/person\/f7024d007863202483a31326673a0838\"},\"headline\":\"Bendito seja Deus que nos reuniu no amor de Cristo!\",\"datePublished\":\"2014-02-18T13:42:00+00:00\",\"dateModified\":\"2014-02-18T13:42:29+00:00\",\"mainEntityOfPage\":{\"@id\":\"https:\/\/www.oarcanjo.net\/site\/bendito-seja-deus-que-nos-reuniu-no-amor-de-cristo\/\"},\"wordCount\":571,\"commentCount\":0,\"publisher\":{\"@id\":\"https:\/\/www.oarcanjo.net\/site\/#organization\"},\"keywords\":[\"comunh\u00e3o\",\"Culto\",\"Eucaristia\",\"Liturgia da Palavra\",\"Liturgia Eucar\u00edstica\",\"P\u00c3O da VIDA\",\"ritos iniciais\"],\"articleSection\":[\"Reflex\u00f5es\"],\"inLanguage\":\"pt-BR\",\"potentialAction\":[{\"@type\":\"CommentAction\",\"name\":\"Comment\",\"target\":[\"https:\/\/www.oarcanjo.net\/site\/bendito-seja-deus-que-nos-reuniu-no-amor-de-cristo\/#respond\"]}]},{\"@type\":\"WebPage\",\"@id\":\"https:\/\/www.oarcanjo.net\/site\/bendito-seja-deus-que-nos-reuniu-no-amor-de-cristo\/\",\"url\":\"https:\/\/www.oarcanjo.net\/site\/bendito-seja-deus-que-nos-reuniu-no-amor-de-cristo\/\",\"name\":\"Bendito seja Deus que nos reuniu no amor de Cristo! - O Arcanjo no ar\",\"isPartOf\":{\"@id\":\"https:\/\/www.oarcanjo.net\/site\/#website\"},\"datePublished\":\"2014-02-18T13:42:00+00:00\",\"dateModified\":\"2014-02-18T13:42:29+00:00\",\"breadcrumb\":{\"@id\":\"https:\/\/www.oarcanjo.net\/site\/bendito-seja-deus-que-nos-reuniu-no-amor-de-cristo\/#breadcrumb\"},\"inLanguage\":\"pt-BR\",\"potentialAction\":[{\"@type\":\"ReadAction\",\"target\":[\"https:\/\/www.oarcanjo.net\/site\/bendito-seja-deus-que-nos-reuniu-no-amor-de-cristo\/\"]}]},{\"@type\":\"BreadcrumbList\",\"@id\":\"https:\/\/www.oarcanjo.net\/site\/bendito-seja-deus-que-nos-reuniu-no-amor-de-cristo\/#breadcrumb\",\"itemListElement\":[{\"@type\":\"ListItem\",\"position\":1,\"name\":\"In\u00edcio\",\"item\":\"https:\/\/www.oarcanjo.net\/site\/\"},{\"@type\":\"ListItem\",\"position\":2,\"name\":\"Bendito seja Deus que nos reuniu no amor de Cristo!\"}]},{\"@type\":\"WebSite\",\"@id\":\"https:\/\/www.oarcanjo.net\/site\/#website\",\"url\":\"https:\/\/www.oarcanjo.net\/site\/\",\"name\":\"O Arcanjo no ar\",\"description\":\"Site da Par\u00f3quia S\u00e3o Miguel Arcanjo (Arquidiocese de SP)\",\"publisher\":{\"@id\":\"https:\/\/www.oarcanjo.net\/site\/#organization\"},\"potentialAction\":[{\"@type\":\"SearchAction\",\"target\":{\"@type\":\"EntryPoint\",\"urlTemplate\":\"https:\/\/www.oarcanjo.net\/site\/?s={search_term_string}\"},\"query-input\":{\"@type\":\"PropertyValueSpecification\",\"valueRequired\":true,\"valueName\":\"search_term_string\"}}],\"inLanguage\":\"pt-BR\"},{\"@type\":\"Organization\",\"@id\":\"https:\/\/www.oarcanjo.net\/site\/#organization\",\"name\":\"Par\u00f3quia S\u00e3o Miguel Arcanjo\",\"url\":\"https:\/\/www.oarcanjo.net\/site\/\",\"logo\":{\"@type\":\"ImageObject\",\"inLanguage\":\"pt-BR\",\"@id\":\"https:\/\/www.oarcanjo.net\/site\/#\/schema\/logo\/image\/\",\"url\":\"https:\/\/www.oarcanjo.net\/site\/wp-content\/uploads\/LogoOArcanjo.png\",\"contentUrl\":\"https:\/\/www.oarcanjo.net\/site\/wp-content\/uploads\/LogoOArcanjo.png\",\"width\":319,\"height\":99,\"caption\":\"Par\u00f3quia S\u00e3o Miguel Arcanjo\"},\"image\":{\"@id\":\"https:\/\/www.oarcanjo.net\/site\/#\/schema\/logo\/image\/\"},\"sameAs\":[\"https:\/\/www.facebook.com\/OArcanjoNoAr\/\"]},{\"@type\":\"Person\",\"@id\":\"https:\/\/www.oarcanjo.net\/site\/#\/schema\/person\/f7024d007863202483a31326673a0838\",\"name\":\"editor\",\"sameAs\":[\"http:\/\/www.oarcanjo.net\"]}]}<\/script>\n<!-- \/ Yoast SEO plugin. -->","yoast_head_json":{"title":"Bendito seja Deus que nos reuniu no amor de Cristo! - O Arcanjo no ar","robots":{"index":"index","follow":"follow","max-snippet":"max-snippet:-1","max-image-preview":"max-image-preview:large","max-video-preview":"max-video-preview:-1"},"canonical":"https:\/\/www.oarcanjo.net\/site\/bendito-seja-deus-que-nos-reuniu-no-amor-de-cristo\/","og_locale":"pt_BR","og_type":"article","og_title":"Bendito seja Deus que nos reuniu no amor de Cristo! - O Arcanjo no ar","og_description":"Dom\u00a0Edmar Peron \u00c9 sempre um prazer recordar que os crist\u00e3os nos alimentamos de um \u00fanico \u201cp\u00e3o da vida\u201d, Jesus Cristo, recebido, por\u00e9m, de duas mesas, da Palavra e da Eucaristia, ambas t\u00e3o unidas que constituem \u201cum s\u00f3 ato de culto\u201d. Esse \u201cato de culto\u201d uno \u00e9 introduzido pelos Ritos Iniciais (IGMR 46-54): canto de entrada [&hellip;]","og_url":"https:\/\/www.oarcanjo.net\/site\/bendito-seja-deus-que-nos-reuniu-no-amor-de-cristo\/","og_site_name":"O Arcanjo no ar","article_publisher":"https:\/\/www.facebook.com\/OArcanjoNoAr\/","article_published_time":"2014-02-18T13:42:00+00:00","article_modified_time":"2014-02-18T13:42:29+00:00","og_image":[{"width":300,"height":300,"url":"https:\/\/www.oarcanjo.net\/site\/wp-content\/uploads\/logo-o-arcanjo-no-ar-facebook.png","type":"image\/png"}],"author":"editor","twitter_card":"summary_large_image","twitter_misc":{"Escrito por":"editor","Est. tempo de leitura":"3 minutos"},"schema":{"@context":"https:\/\/schema.org","@graph":[{"@type":"Article","@id":"https:\/\/www.oarcanjo.net\/site\/bendito-seja-deus-que-nos-reuniu-no-amor-de-cristo\/#article","isPartOf":{"@id":"https:\/\/www.oarcanjo.net\/site\/bendito-seja-deus-que-nos-reuniu-no-amor-de-cristo\/"},"author":{"name":"editor","@id":"https:\/\/www.oarcanjo.net\/site\/#\/schema\/person\/f7024d007863202483a31326673a0838"},"headline":"Bendito seja Deus que nos reuniu no amor de Cristo!","datePublished":"2014-02-18T13:42:00+00:00","dateModified":"2014-02-18T13:42:29+00:00","mainEntityOfPage":{"@id":"https:\/\/www.oarcanjo.net\/site\/bendito-seja-deus-que-nos-reuniu-no-amor-de-cristo\/"},"wordCount":571,"commentCount":0,"publisher":{"@id":"https:\/\/www.oarcanjo.net\/site\/#organization"},"keywords":["comunh\u00e3o","Culto","Eucaristia","Liturgia da Palavra","Liturgia Eucar\u00edstica","P\u00c3O da VIDA","ritos iniciais"],"articleSection":["Reflex\u00f5es"],"inLanguage":"pt-BR","potentialAction":[{"@type":"CommentAction","name":"Comment","target":["https:\/\/www.oarcanjo.net\/site\/bendito-seja-deus-que-nos-reuniu-no-amor-de-cristo\/#respond"]}]},{"@type":"WebPage","@id":"https:\/\/www.oarcanjo.net\/site\/bendito-seja-deus-que-nos-reuniu-no-amor-de-cristo\/","url":"https:\/\/www.oarcanjo.net\/site\/bendito-seja-deus-que-nos-reuniu-no-amor-de-cristo\/","name":"Bendito seja Deus que nos reuniu no amor de Cristo! - O Arcanjo no ar","isPartOf":{"@id":"https:\/\/www.oarcanjo.net\/site\/#website"},"datePublished":"2014-02-18T13:42:00+00:00","dateModified":"2014-02-18T13:42:29+00:00","breadcrumb":{"@id":"https:\/\/www.oarcanjo.net\/site\/bendito-seja-deus-que-nos-reuniu-no-amor-de-cristo\/#breadcrumb"},"inLanguage":"pt-BR","potentialAction":[{"@type":"ReadAction","target":["https:\/\/www.oarcanjo.net\/site\/bendito-seja-deus-que-nos-reuniu-no-amor-de-cristo\/"]}]},{"@type":"BreadcrumbList","@id":"https:\/\/www.oarcanjo.net\/site\/bendito-seja-deus-que-nos-reuniu-no-amor-de-cristo\/#breadcrumb","itemListElement":[{"@type":"ListItem","position":1,"name":"In\u00edcio","item":"https:\/\/www.oarcanjo.net\/site\/"},{"@type":"ListItem","position":2,"name":"Bendito seja Deus que nos reuniu no amor de Cristo!"}]},{"@type":"WebSite","@id":"https:\/\/www.oarcanjo.net\/site\/#website","url":"https:\/\/www.oarcanjo.net\/site\/","name":"O Arcanjo no ar","description":"Site da Par\u00f3quia S\u00e3o Miguel Arcanjo (Arquidiocese de SP)","publisher":{"@id":"https:\/\/www.oarcanjo.net\/site\/#organization"},"potentialAction":[{"@type":"SearchAction","target":{"@type":"EntryPoint","urlTemplate":"https:\/\/www.oarcanjo.net\/site\/?s={search_term_string}"},"query-input":{"@type":"PropertyValueSpecification","valueRequired":true,"valueName":"search_term_string"}}],"inLanguage":"pt-BR"},{"@type":"Organization","@id":"https:\/\/www.oarcanjo.net\/site\/#organization","name":"Par\u00f3quia S\u00e3o Miguel Arcanjo","url":"https:\/\/www.oarcanjo.net\/site\/","logo":{"@type":"ImageObject","inLanguage":"pt-BR","@id":"https:\/\/www.oarcanjo.net\/site\/#\/schema\/logo\/image\/","url":"https:\/\/www.oarcanjo.net\/site\/wp-content\/uploads\/LogoOArcanjo.png","contentUrl":"https:\/\/www.oarcanjo.net\/site\/wp-content\/uploads\/LogoOArcanjo.png","width":319,"height":99,"caption":"Par\u00f3quia S\u00e3o Miguel Arcanjo"},"image":{"@id":"https:\/\/www.oarcanjo.net\/site\/#\/schema\/logo\/image\/"},"sameAs":["https:\/\/www.facebook.com\/OArcanjoNoAr\/"]},{"@type":"Person","@id":"https:\/\/www.oarcanjo.net\/site\/#\/schema\/person\/f7024d007863202483a31326673a0838","name":"editor","sameAs":["http:\/\/www.oarcanjo.net"]}]}},"publishpress_future_action":{"enabled":false,"date":"2026-05-08 22:53:22","action":"category","newStatus":"draft","terms":[],"taxonomy":"category"},"publishpress_future_workflow_manual_trigger":{"enabledWorkflows":[]},"_links":{"self":[{"href":"https:\/\/www.oarcanjo.net\/site\/wp-json\/wp\/v2\/posts\/24328"}],"collection":[{"href":"https:\/\/www.oarcanjo.net\/site\/wp-json\/wp\/v2\/posts"}],"about":[{"href":"https:\/\/www.oarcanjo.net\/site\/wp-json\/wp\/v2\/types\/post"}],"author":[{"embeddable":true,"href":"https:\/\/www.oarcanjo.net\/site\/wp-json\/wp\/v2\/users\/5"}],"replies":[{"embeddable":true,"href":"https:\/\/www.oarcanjo.net\/site\/wp-json\/wp\/v2\/comments?post=24328"}],"version-history":[{"count":0,"href":"https:\/\/www.oarcanjo.net\/site\/wp-json\/wp\/v2\/posts\/24328\/revisions"}],"wp:attachment":[{"href":"https:\/\/www.oarcanjo.net\/site\/wp-json\/wp\/v2\/media?parent=24328"}],"wp:term":[{"taxonomy":"category","embeddable":true,"href":"https:\/\/www.oarcanjo.net\/site\/wp-json\/wp\/v2\/categories?post=24328"},{"taxonomy":"post_tag","embeddable":true,"href":"https:\/\/www.oarcanjo.net\/site\/wp-json\/wp\/v2\/tags?post=24328"}],"curies":[{"name":"wp","href":"https:\/\/api.w.org\/{rel}","templated":true}]}}