
{"id":24333,"date":"2014-02-19T20:21:46","date_gmt":"2014-02-19T23:21:46","guid":{"rendered":"http:\/\/www.oarcanjo.net\/site\/?p=24333"},"modified":"2014-02-19T20:21:46","modified_gmt":"2014-02-19T23:21:46","slug":"anchieta-proclamado-santo-pela-igreja","status":"publish","type":"post","link":"https:\/\/www.oarcanjo.net\/site\/anchieta-proclamado-santo-pela-igreja\/","title":{"rendered":"Anchieta, proclamado \u201csanto\u201d pela Igreja?"},"content":{"rendered":"<p><em>Cardeal Odilo Pedro Scherer<\/em><\/p>\n<p>A canoniza\u00e7\u00e3o do bem-aventurado Jos\u00e9 de Anchieta parece estar muito pr\u00f3xima. Al\u00e9m do renovado interesse demonstrado pela Confer\u00eancia Episcopal do Brasil e por v\u00e1rias dioceses, mais relacionadas com a vida e a obra mission\u00e1ria do Padre Anchieta, agora o pr\u00f3prio papa Francisco est\u00e1 pessoalmente interessado nesta causa.<\/p>\n<p>Em breve, poderemos ter a alegria de ver, finalmente, proclamado \u201csanto\u201d aquele que, j\u00e1 no seu funeral, no final do s\u00e9culo 16, foi aclamado por \u00edndios e portugueses como \u201cap\u00f3stolo do Brasil\u201d. Mas por quais motivos Anchieta deveria ser proclamado \u201csanto\u201d pela Igreja?<\/p>\n<p>Conv\u00e9m recordar quem s\u00e3o os santos na Igreja: s\u00e3o as pessoas que vivem a comunh\u00e3o e a sintonia com Deus e recebem do Esp\u00edrito Santo a gra\u00e7a da santidade; Deus \u00e9 O SANTO, por excel\u00eancia, que comunica a santidade a quem se aproxima dele. A santidade n\u00e3o \u00e9 apenas fruto do esfor\u00e7o humano, embora requeira esse mesmo esfor\u00e7o para corresponder com Deus e viver em sintonia com Ele. O santo \u00e9 uma pessoa de Deus e testemunha da Sua \u00a0santidade; testemunha tamb\u00e9m de Jesus Cristo e do seu Evangelho.<\/p>\n<p>Na Igreja, s\u00e3o os crist\u00e3os que correspondem de maneira profunda com a gra\u00e7a santificadora recebida de Deus no Batismo, atrav\u00e9s da f\u00e9, s\u00e3o santos; s\u00e3o aqueles que vivem a \u201cvida nova\u201d, segundo o Evangelho de Cristo, seguindo sua palavra e seu exemplo. Como a gra\u00e7a de Deus \u00e9 multiforme e tamb\u00e9m conta com as qualidades humanas, assim a santidade se expressa de muitas maneiras; h\u00e1 os santos da caridade, da miss\u00e3o, do ensinamento, do testemunho excelso das virtudes humanas e crist\u00e3s, do servi\u00e7o \u00e0 Igreja, da contempla\u00e7\u00e3o, da m\u00edstica, do mart\u00edrio&#8230; Deus \u00e9 admir\u00e1vel nos seus santos!<\/p>\n<p>Por muitos motivos, Anchieta pode ser considerado \u201csanto\u201d pela Igreja. Foi um mission\u00e1rio generoso e extraordin\u00e1rio, dedicando sua vida ao servi\u00e7o dos irm\u00e3os ind\u00edgenas, para lhes levar a alegria e as riquezas do Evangelho de Cristo. Uma vida inteira dedicada \u00e0 miss\u00e3o s\u00f3 \u00e9 poss\u00edvel mediante uma profunda comunh\u00e3o com Deus e com a Igreja. Foi catequista e formador de crist\u00e3os, disc\u00edpulos de Cristo. Sofreu por Cristo e pelo Evangelho&#8230;<\/p>\n<p>Anchieta \u00e9 tamb\u00e9m um dos iniciadores da vida da Igreja no Brasil. Em S\u00e3o Paulo, isto \u00e9 muito claro. Por isso, tem todo sentido dar-lhe o t\u00edtulo de \u201cap\u00f3stolo do Brasil\u201d. Ele continua sendo um exemplo e est\u00edmulo para a vida da Igreja; somos continuadores da obra mission\u00e1ria de Anchieta e dos outros mission\u00e1rios, que entregaram a vida pelo Evangelho nesta \u201cTerra de Santa Cruz\u201d. Anchieta foi m\u00edstico e homem de ora\u00e7\u00e3o e contempla\u00e7\u00e3o, testemunha de Deus no seu modo de ser e agir.<\/p>\n<p>Ainda mais: Anchieta viveu a caridade e outras virtudes de maneira extraordin\u00e1ria. Dedicava imenso amor aos doentes, respeito profundo aos ind\u00edgenas e sua cultura, desejando ajud\u00e1-los a crescer nas suas condi\u00e7\u00f5es humanas e espirituais. Foi um promotor da paz, que n\u00e3o hesitou em entregar-se como ref\u00e9m durante a confedera\u00e7\u00e3o dos Tamoios, mesmo com riscos para a sua vida, querendo dar mostras de sinceridade nos prop\u00f3sitos e no trato com as partes em luta, enquanto seus confrades negociavam a paz.<\/p>\n<p>E os milagres? Deus pode conceder a gra\u00e7a especial do milagre atrav\u00e9s da intercess\u00e3o dos santos. Mas os milagres n\u00e3o s\u00e3o o requisito principal para proclamar um santo e a Igreja pode mesmo dispens\u00e1-los na canoniza\u00e7\u00e3o. O essencial mesmo \u00e9 a vida santa e que o santo tenha sido uma pessoa de Deus, uma testemunha fiel e vigorosa de Cristo e do Evangelho. Anchieta foi tudo isso.<\/p>\n<div id=\"themify_builder_content-24333\" data-postid=\"24333\" class=\"themify_builder_content themify_builder_content-24333 themify_builder themify_builder_front\">\n\t<\/div>\n<!-- \/themify_builder_content -->","protected":false},"excerpt":{"rendered":"<p>Cardeal Odilo Pedro Scherer A canoniza\u00e7\u00e3o do bem-aventurado Jos\u00e9 de Anchieta parece estar muito pr\u00f3xima. Al\u00e9m do renovado interesse demonstrado pela Confer\u00eancia Episcopal do Brasil e por v\u00e1rias dioceses, mais relacionadas com a vida e a obra mission\u00e1ria do Padre Anchieta, agora o pr\u00f3prio papa Francisco est\u00e1 pessoalmente interessado nesta causa. Em breve, poderemos ter [&hellip;]<\/p>\n","protected":false},"author":5,"featured_media":0,"comment_status":"open","ping_status":"open","sticky":false,"template":"","format":"standard","meta":{"ngg_post_thumbnail":0,"footnotes":""},"categories":[9],"tags":[2997,2998,2999,3000,1170,50],"yoast_head":"<!-- This site is optimized with the Yoast SEO plugin v23.5 - https:\/\/yoast.com\/wordpress\/plugins\/seo\/ -->\n<title>Anchieta, proclamado \u201csanto\u201d pela Igreja? - O Arcanjo no ar<\/title>\n<meta name=\"robots\" content=\"index, follow, max-snippet:-1, max-image-preview:large, max-video-preview:-1\" \/>\n<link rel=\"canonical\" href=\"https:\/\/www.oarcanjo.net\/site\/anchieta-proclamado-santo-pela-igreja\/\" \/>\n<meta property=\"og:locale\" content=\"pt_BR\" \/>\n<meta property=\"og:type\" content=\"article\" \/>\n<meta property=\"og:title\" content=\"Anchieta, proclamado \u201csanto\u201d pela Igreja? - O Arcanjo no ar\" \/>\n<meta property=\"og:description\" content=\"Cardeal Odilo Pedro Scherer A canoniza\u00e7\u00e3o do bem-aventurado Jos\u00e9 de Anchieta parece estar muito pr\u00f3xima. Al\u00e9m do renovado interesse demonstrado pela Confer\u00eancia Episcopal do Brasil e por v\u00e1rias dioceses, mais relacionadas com a vida e a obra mission\u00e1ria do Padre Anchieta, agora o pr\u00f3prio papa Francisco est\u00e1 pessoalmente interessado nesta causa. Em breve, poderemos ter [&hellip;]\" \/>\n<meta property=\"og:url\" content=\"https:\/\/www.oarcanjo.net\/site\/anchieta-proclamado-santo-pela-igreja\/\" \/>\n<meta property=\"og:site_name\" content=\"O Arcanjo no ar\" \/>\n<meta property=\"article:publisher\" content=\"https:\/\/www.facebook.com\/OArcanjoNoAr\/\" \/>\n<meta property=\"article:published_time\" content=\"2014-02-19T23:21:46+00:00\" \/>\n<meta property=\"og:image\" content=\"https:\/\/www.oarcanjo.net\/site\/wp-content\/uploads\/logo-o-arcanjo-no-ar-facebook.png\" \/>\n\t<meta property=\"og:image:width\" content=\"300\" \/>\n\t<meta property=\"og:image:height\" content=\"300\" \/>\n\t<meta property=\"og:image:type\" content=\"image\/png\" \/>\n<meta name=\"author\" content=\"editor\" \/>\n<meta name=\"twitter:card\" content=\"summary_large_image\" \/>\n<meta name=\"twitter:label1\" content=\"Escrito por\" \/>\n\t<meta name=\"twitter:data1\" content=\"editor\" \/>\n\t<meta name=\"twitter:label2\" content=\"Est. tempo de leitura\" \/>\n\t<meta name=\"twitter:data2\" content=\"3 minutos\" \/>\n<script type=\"application\/ld+json\" class=\"yoast-schema-graph\">{\"@context\":\"https:\/\/schema.org\",\"@graph\":[{\"@type\":\"Article\",\"@id\":\"https:\/\/www.oarcanjo.net\/site\/anchieta-proclamado-santo-pela-igreja\/#article\",\"isPartOf\":{\"@id\":\"https:\/\/www.oarcanjo.net\/site\/anchieta-proclamado-santo-pela-igreja\/\"},\"author\":{\"name\":\"editor\",\"@id\":\"https:\/\/www.oarcanjo.net\/site\/#\/schema\/person\/f7024d007863202483a31326673a0838\"},\"headline\":\"Anchieta, proclamado \u201csanto\u201d pela Igreja?\",\"datePublished\":\"2014-02-19T23:21:46+00:00\",\"dateModified\":\"2014-02-19T23:21:46+00:00\",\"mainEntityOfPage\":{\"@id\":\"https:\/\/www.oarcanjo.net\/site\/anchieta-proclamado-santo-pela-igreja\/\"},\"wordCount\":643,\"commentCount\":1,\"publisher\":{\"@id\":\"https:\/\/www.oarcanjo.net\/site\/#organization\"},\"keywords\":[\"Anchieta\",\"Ap\u00f3stolo do Brasil\",\"Beato\",\"Bem-aventurado Jos\u00e9 de Anchieta\",\"canoniza\u00e7\u00e3o\",\"Santo\"],\"articleSection\":[\"Reflex\u00f5es\"],\"inLanguage\":\"pt-BR\",\"potentialAction\":[{\"@type\":\"CommentAction\",\"name\":\"Comment\",\"target\":[\"https:\/\/www.oarcanjo.net\/site\/anchieta-proclamado-santo-pela-igreja\/#respond\"]}]},{\"@type\":\"WebPage\",\"@id\":\"https:\/\/www.oarcanjo.net\/site\/anchieta-proclamado-santo-pela-igreja\/\",\"url\":\"https:\/\/www.oarcanjo.net\/site\/anchieta-proclamado-santo-pela-igreja\/\",\"name\":\"Anchieta, proclamado \u201csanto\u201d pela Igreja? - O Arcanjo no ar\",\"isPartOf\":{\"@id\":\"https:\/\/www.oarcanjo.net\/site\/#website\"},\"datePublished\":\"2014-02-19T23:21:46+00:00\",\"dateModified\":\"2014-02-19T23:21:46+00:00\",\"breadcrumb\":{\"@id\":\"https:\/\/www.oarcanjo.net\/site\/anchieta-proclamado-santo-pela-igreja\/#breadcrumb\"},\"inLanguage\":\"pt-BR\",\"potentialAction\":[{\"@type\":\"ReadAction\",\"target\":[\"https:\/\/www.oarcanjo.net\/site\/anchieta-proclamado-santo-pela-igreja\/\"]}]},{\"@type\":\"BreadcrumbList\",\"@id\":\"https:\/\/www.oarcanjo.net\/site\/anchieta-proclamado-santo-pela-igreja\/#breadcrumb\",\"itemListElement\":[{\"@type\":\"ListItem\",\"position\":1,\"name\":\"In\u00edcio\",\"item\":\"https:\/\/www.oarcanjo.net\/site\/\"},{\"@type\":\"ListItem\",\"position\":2,\"name\":\"Anchieta, proclamado \u201csanto\u201d pela Igreja?\"}]},{\"@type\":\"WebSite\",\"@id\":\"https:\/\/www.oarcanjo.net\/site\/#website\",\"url\":\"https:\/\/www.oarcanjo.net\/site\/\",\"name\":\"O Arcanjo no ar\",\"description\":\"Site da Par\u00f3quia S\u00e3o Miguel Arcanjo (Arquidiocese de SP)\",\"publisher\":{\"@id\":\"https:\/\/www.oarcanjo.net\/site\/#organization\"},\"potentialAction\":[{\"@type\":\"SearchAction\",\"target\":{\"@type\":\"EntryPoint\",\"urlTemplate\":\"https:\/\/www.oarcanjo.net\/site\/?s={search_term_string}\"},\"query-input\":{\"@type\":\"PropertyValueSpecification\",\"valueRequired\":true,\"valueName\":\"search_term_string\"}}],\"inLanguage\":\"pt-BR\"},{\"@type\":\"Organization\",\"@id\":\"https:\/\/www.oarcanjo.net\/site\/#organization\",\"name\":\"Par\u00f3quia S\u00e3o Miguel Arcanjo\",\"url\":\"https:\/\/www.oarcanjo.net\/site\/\",\"logo\":{\"@type\":\"ImageObject\",\"inLanguage\":\"pt-BR\",\"@id\":\"https:\/\/www.oarcanjo.net\/site\/#\/schema\/logo\/image\/\",\"url\":\"https:\/\/www.oarcanjo.net\/site\/wp-content\/uploads\/LogoOArcanjo.png\",\"contentUrl\":\"https:\/\/www.oarcanjo.net\/site\/wp-content\/uploads\/LogoOArcanjo.png\",\"width\":319,\"height\":99,\"caption\":\"Par\u00f3quia S\u00e3o Miguel Arcanjo\"},\"image\":{\"@id\":\"https:\/\/www.oarcanjo.net\/site\/#\/schema\/logo\/image\/\"},\"sameAs\":[\"https:\/\/www.facebook.com\/OArcanjoNoAr\/\"]},{\"@type\":\"Person\",\"@id\":\"https:\/\/www.oarcanjo.net\/site\/#\/schema\/person\/f7024d007863202483a31326673a0838\",\"name\":\"editor\",\"sameAs\":[\"http:\/\/www.oarcanjo.net\"]}]}<\/script>\n<!-- \/ Yoast SEO plugin. -->","yoast_head_json":{"title":"Anchieta, proclamado \u201csanto\u201d pela Igreja? - O Arcanjo no ar","robots":{"index":"index","follow":"follow","max-snippet":"max-snippet:-1","max-image-preview":"max-image-preview:large","max-video-preview":"max-video-preview:-1"},"canonical":"https:\/\/www.oarcanjo.net\/site\/anchieta-proclamado-santo-pela-igreja\/","og_locale":"pt_BR","og_type":"article","og_title":"Anchieta, proclamado \u201csanto\u201d pela Igreja? - O Arcanjo no ar","og_description":"Cardeal Odilo Pedro Scherer A canoniza\u00e7\u00e3o do bem-aventurado Jos\u00e9 de Anchieta parece estar muito pr\u00f3xima. Al\u00e9m do renovado interesse demonstrado pela Confer\u00eancia Episcopal do Brasil e por v\u00e1rias dioceses, mais relacionadas com a vida e a obra mission\u00e1ria do Padre Anchieta, agora o pr\u00f3prio papa Francisco est\u00e1 pessoalmente interessado nesta causa. Em breve, poderemos ter [&hellip;]","og_url":"https:\/\/www.oarcanjo.net\/site\/anchieta-proclamado-santo-pela-igreja\/","og_site_name":"O Arcanjo no ar","article_publisher":"https:\/\/www.facebook.com\/OArcanjoNoAr\/","article_published_time":"2014-02-19T23:21:46+00:00","og_image":[{"width":300,"height":300,"url":"https:\/\/www.oarcanjo.net\/site\/wp-content\/uploads\/logo-o-arcanjo-no-ar-facebook.png","type":"image\/png"}],"author":"editor","twitter_card":"summary_large_image","twitter_misc":{"Escrito por":"editor","Est. tempo de leitura":"3 minutos"},"schema":{"@context":"https:\/\/schema.org","@graph":[{"@type":"Article","@id":"https:\/\/www.oarcanjo.net\/site\/anchieta-proclamado-santo-pela-igreja\/#article","isPartOf":{"@id":"https:\/\/www.oarcanjo.net\/site\/anchieta-proclamado-santo-pela-igreja\/"},"author":{"name":"editor","@id":"https:\/\/www.oarcanjo.net\/site\/#\/schema\/person\/f7024d007863202483a31326673a0838"},"headline":"Anchieta, proclamado \u201csanto\u201d pela Igreja?","datePublished":"2014-02-19T23:21:46+00:00","dateModified":"2014-02-19T23:21:46+00:00","mainEntityOfPage":{"@id":"https:\/\/www.oarcanjo.net\/site\/anchieta-proclamado-santo-pela-igreja\/"},"wordCount":643,"commentCount":1,"publisher":{"@id":"https:\/\/www.oarcanjo.net\/site\/#organization"},"keywords":["Anchieta","Ap\u00f3stolo do Brasil","Beato","Bem-aventurado Jos\u00e9 de Anchieta","canoniza\u00e7\u00e3o","Santo"],"articleSection":["Reflex\u00f5es"],"inLanguage":"pt-BR","potentialAction":[{"@type":"CommentAction","name":"Comment","target":["https:\/\/www.oarcanjo.net\/site\/anchieta-proclamado-santo-pela-igreja\/#respond"]}]},{"@type":"WebPage","@id":"https:\/\/www.oarcanjo.net\/site\/anchieta-proclamado-santo-pela-igreja\/","url":"https:\/\/www.oarcanjo.net\/site\/anchieta-proclamado-santo-pela-igreja\/","name":"Anchieta, proclamado \u201csanto\u201d pela Igreja? - O Arcanjo no ar","isPartOf":{"@id":"https:\/\/www.oarcanjo.net\/site\/#website"},"datePublished":"2014-02-19T23:21:46+00:00","dateModified":"2014-02-19T23:21:46+00:00","breadcrumb":{"@id":"https:\/\/www.oarcanjo.net\/site\/anchieta-proclamado-santo-pela-igreja\/#breadcrumb"},"inLanguage":"pt-BR","potentialAction":[{"@type":"ReadAction","target":["https:\/\/www.oarcanjo.net\/site\/anchieta-proclamado-santo-pela-igreja\/"]}]},{"@type":"BreadcrumbList","@id":"https:\/\/www.oarcanjo.net\/site\/anchieta-proclamado-santo-pela-igreja\/#breadcrumb","itemListElement":[{"@type":"ListItem","position":1,"name":"In\u00edcio","item":"https:\/\/www.oarcanjo.net\/site\/"},{"@type":"ListItem","position":2,"name":"Anchieta, proclamado \u201csanto\u201d pela Igreja?"}]},{"@type":"WebSite","@id":"https:\/\/www.oarcanjo.net\/site\/#website","url":"https:\/\/www.oarcanjo.net\/site\/","name":"O Arcanjo no ar","description":"Site da Par\u00f3quia S\u00e3o Miguel Arcanjo (Arquidiocese de SP)","publisher":{"@id":"https:\/\/www.oarcanjo.net\/site\/#organization"},"potentialAction":[{"@type":"SearchAction","target":{"@type":"EntryPoint","urlTemplate":"https:\/\/www.oarcanjo.net\/site\/?s={search_term_string}"},"query-input":{"@type":"PropertyValueSpecification","valueRequired":true,"valueName":"search_term_string"}}],"inLanguage":"pt-BR"},{"@type":"Organization","@id":"https:\/\/www.oarcanjo.net\/site\/#organization","name":"Par\u00f3quia S\u00e3o Miguel Arcanjo","url":"https:\/\/www.oarcanjo.net\/site\/","logo":{"@type":"ImageObject","inLanguage":"pt-BR","@id":"https:\/\/www.oarcanjo.net\/site\/#\/schema\/logo\/image\/","url":"https:\/\/www.oarcanjo.net\/site\/wp-content\/uploads\/LogoOArcanjo.png","contentUrl":"https:\/\/www.oarcanjo.net\/site\/wp-content\/uploads\/LogoOArcanjo.png","width":319,"height":99,"caption":"Par\u00f3quia S\u00e3o Miguel Arcanjo"},"image":{"@id":"https:\/\/www.oarcanjo.net\/site\/#\/schema\/logo\/image\/"},"sameAs":["https:\/\/www.facebook.com\/OArcanjoNoAr\/"]},{"@type":"Person","@id":"https:\/\/www.oarcanjo.net\/site\/#\/schema\/person\/f7024d007863202483a31326673a0838","name":"editor","sameAs":["http:\/\/www.oarcanjo.net"]}]}},"publishpress_future_action":{"enabled":false,"date":"2026-05-08 23:17:00","action":"category","newStatus":"draft","terms":[],"taxonomy":"category"},"publishpress_future_workflow_manual_trigger":{"enabledWorkflows":[]},"_links":{"self":[{"href":"https:\/\/www.oarcanjo.net\/site\/wp-json\/wp\/v2\/posts\/24333"}],"collection":[{"href":"https:\/\/www.oarcanjo.net\/site\/wp-json\/wp\/v2\/posts"}],"about":[{"href":"https:\/\/www.oarcanjo.net\/site\/wp-json\/wp\/v2\/types\/post"}],"author":[{"embeddable":true,"href":"https:\/\/www.oarcanjo.net\/site\/wp-json\/wp\/v2\/users\/5"}],"replies":[{"embeddable":true,"href":"https:\/\/www.oarcanjo.net\/site\/wp-json\/wp\/v2\/comments?post=24333"}],"version-history":[{"count":0,"href":"https:\/\/www.oarcanjo.net\/site\/wp-json\/wp\/v2\/posts\/24333\/revisions"}],"wp:attachment":[{"href":"https:\/\/www.oarcanjo.net\/site\/wp-json\/wp\/v2\/media?parent=24333"}],"wp:term":[{"taxonomy":"category","embeddable":true,"href":"https:\/\/www.oarcanjo.net\/site\/wp-json\/wp\/v2\/categories?post=24333"},{"taxonomy":"post_tag","embeddable":true,"href":"https:\/\/www.oarcanjo.net\/site\/wp-json\/wp\/v2\/tags?post=24333"}],"curies":[{"name":"wp","href":"https:\/\/api.w.org\/{rel}","templated":true}]}}