
{"id":24335,"date":"2014-02-19T20:40:43","date_gmt":"2014-02-19T23:40:43","guid":{"rendered":"http:\/\/www.oarcanjo.net\/site\/?p=24335"},"modified":"2014-02-19T20:45:37","modified_gmt":"2014-02-19T23:45:37","slug":"sugestoes-pastorais-para-a-implementacao-da-iniciacao-a-vida-crista","status":"publish","type":"post","link":"https:\/\/www.oarcanjo.net\/site\/sugestoes-pastorais-para-a-implementacao-da-iniciacao-a-vida-crista\/","title":{"rendered":"Sugest\u00f5es Pastorais para a implementa\u00e7\u00e3o da Inicia\u00e7\u00e3o \u00e0 Vida Crist\u00e3"},"content":{"rendered":"<p><img loading=\"lazy\" decoding=\"async\" class=\" wp-image-24336 alignleft\" style=\"margin: 6px;\" alt=\"Sugest\u00f5es Pastorais para a implementa\u00e7\u00e3o da Inicia\u00e7\u00e3o \u00e0 Vida Crist\u00e3\" src=\"http:\/\/www.oarcanjo.net\/site\/wp-content\/uploads\/capa-subsidio-iniciacao-vida-crista.jpg\" width=\"240\" height=\"284\" srcset=\"https:\/\/www.oarcanjo.net\/site\/wp-content\/uploads\/capa-subsidio-iniciacao-vida-crista.jpg 400w, https:\/\/www.oarcanjo.net\/site\/wp-content\/uploads\/capa-subsidio-iniciacao-vida-crista-253x300.jpg 253w\" sizes=\"(max-width: 240px) 100vw, 240px\" \/>O Setor de Anima\u00e7\u00e3o B\u00edblico-Catequ\u00e9tica da Arquidiocese de S\u00e3o Paulo elaborou e colocou nas m\u00e3os dos catequistas da nossa Arquidiocese as \u201c<a title=\"Sugest\u00f5es Pastorais para a implementa\u00e7\u00e3o da Inicia\u00e7\u00e3o \u00e0 Vida Crist\u00e3\" href=\"http:\/\/www.arquidiocesedesaopaulo.org.br\/sites\/arquidiocesedesaopaulo.pucsp.br\/files\/Sugestoes%2BPastorais%2Bpara%2BIVC-%2Bversao%2B14%2Bde%2Bfevereiro%20%281%29_0.pdf\" target=\"_blank\">Sugest\u00f5es Pastorais para a implementa\u00e7\u00e3o da Inicia\u00e7\u00e3o \u00e0 Vida Crist\u00e3<\/a>\u201d, para ser utilizado como texto de aprofundamento para a Semana da Catequese, prevista para o m\u00eas de fevereiro em todas as comunidades da Arquidiocese.<\/p>\n<p>A \u201cIgreja &#8211; casa da inicia\u00e7\u00e3o \u00e0 vida crist\u00e3\u201d &#8211; \u00e9 a segunda urg\u00eancia do\u00a0<a title=\"11\u00ba Plano de Pastoral\" href=\"http:\/\/www.arquidiocesedesaopaulo.org.br\/pastoral\/plano\" target=\"_blank\">11\u00ba Plano de Pastoral da nossa Arquidiocese<\/a>, que queremos continuar a incrementar em 2014.<\/p>\n<p>No 11\u00ba Plano de Pastoral encontramos, nos par\u00e1grafos 80-85, uma imposta\u00e7\u00e3o r\u00e1pida e consistente desta urg\u00eancia bem como as suas indica\u00e7\u00f5es pastorais, que servem como refer\u00eancia para nossa reflex\u00e3o e respectiva a\u00e7\u00e3o pastoral.<\/p>\n<p>Na mensagem de apresenta\u00e7\u00e3o do subs\u00eddio, o cardeal dom Odilo Pedro Scherer, arcebispo metropolitano, pede que o conte\u00fado seja disseminado em toda Igreja de S\u00e3o Paulo. \u201cPrecisamos encontrar maneiras de ajudar nossos irm\u00e3os batizados a crescerem na f\u00e9, at\u00e9 \u00e0 plena maturidade. Convido, por tanto, todos e todas as inst\u00e2ncias da Igreja em nossa Arquidiocese a se empenharem neste processo de renova\u00e7\u00e3o pastoral, para o qual o Esp\u00edrito Santo nos lan\u00e7a e nos conduz\u201d. Concluiu o cardeal.<\/p>\n<p>Em carta, dom Milton Kenan J\u00fanior, bispo auxiliar de S\u00e3o Paulo e referencial para o Secretariado Arquidiocesano de Pastoral, refor\u00e7a que o texto \u201cSugest\u00f5es Pastorais para a implementa\u00e7\u00e3o da Inicia\u00e7\u00e3o \u00e0 Vida Crist\u00e3\u201d, deve ser objeto de estudo e reflex\u00e3o nos grupos e organismos eclesiais ligados \u00e0s par\u00f3quias. Tamb\u00e9m nas Congrega\u00e7\u00f5es Religiosas masculinas e femininas, e a todos os grupos e Organismos da Arquidiocese com a mesma e urgente recomenda\u00e7\u00e3o.<\/p>\n<p>O Secretariado Arquidiocesano de Pastoral prop\u00f5e que neste momento os grupos, tendo conhecimento do texto, indiquem as experi\u00eancias j\u00e1 existentes, que possam servir de refer\u00eancia neste processo; e apresentem sugest\u00f5es de acr\u00e9scimos e ajustes ao texto que o tornem instrumento apto, de fato, a despertar em nossas comunidades o interesse pela inicia\u00e7\u00e3o \u00e0 vida crist\u00e3 e a sua concretiza\u00e7\u00e3o.<\/p>\n<p>At\u00e9 meados de junho as contribui\u00e7\u00f5es, fruto da reflex\u00e3o e aprofundamento do tema nos referidos grupos, dever\u00e3o ser encaminhadas ao Coordenador Regional de Pastoral da sua Regi\u00e3o Episcopal, no caso das Par\u00f3quias; e, pelos demais grupos e Organismos, diretamente ao Secretariado Arquidiocesano de Pastoral.<\/p>\n<p>Fa\u00e7a o\u00a0<a href=\"http:\/\/www.arquidiocesedesaopaulo.org.br\/sites\/arquidiocesedesaopaulo.pucsp.br\/files\/Sugestoes%2BPastorais%2Bpara%2BIVC-%2Bversao%2B14%2Bde%2Bfevereiro%20%281%29.pdf\" target=\"_blank\"><em>download\u00a0<\/em><\/a>do subs\u00eddio.<\/p>\n<p><em>Fonte: Arquidiocese de S\u00e3o Paulo<\/em><\/p>\n<div id=\"themify_builder_content-24335\" data-postid=\"24335\" class=\"themify_builder_content themify_builder_content-24335 themify_builder themify_builder_front\">\n\t<\/div>\n<!-- \/themify_builder_content -->","protected":false},"excerpt":{"rendered":"<p>O Setor de Anima\u00e7\u00e3o B\u00edblico-Catequ\u00e9tica da Arquidiocese de S\u00e3o Paulo elaborou e colocou nas m\u00e3os dos catequistas da nossa Arquidiocese as \u201cSugest\u00f5es Pastorais para a implementa\u00e7\u00e3o da Inicia\u00e7\u00e3o \u00e0 Vida Crist\u00e3\u201d, para ser utilizado como texto de aprofundamento para a Semana da Catequese, prevista para o m\u00eas de fevereiro em todas as comunidades da Arquidiocese. [&hellip;]<\/p>\n","protected":false},"author":5,"featured_media":0,"comment_status":"open","ping_status":"open","sticky":false,"template":"","format":"standard","meta":{"ngg_post_thumbnail":0,"footnotes":""},"categories":[8],"tags":[2379,3001,239,2289,2500,3002],"yoast_head":"<!-- This site is optimized with the Yoast SEO plugin v23.5 - https:\/\/yoast.com\/wordpress\/plugins\/seo\/ -->\n<title>Sugest\u00f5es Pastorais para a implementa\u00e7\u00e3o da Inicia\u00e7\u00e3o \u00e0 Vida Crist\u00e3 - O Arcanjo no ar<\/title>\n<meta name=\"robots\" content=\"index, follow, max-snippet:-1, max-image-preview:large, max-video-preview:-1\" \/>\n<link rel=\"canonical\" href=\"https:\/\/www.oarcanjo.net\/site\/sugestoes-pastorais-para-a-implementacao-da-iniciacao-a-vida-crista\/\" \/>\n<meta property=\"og:locale\" content=\"pt_BR\" \/>\n<meta property=\"og:type\" content=\"article\" \/>\n<meta property=\"og:title\" content=\"Sugest\u00f5es Pastorais para a implementa\u00e7\u00e3o da Inicia\u00e7\u00e3o \u00e0 Vida Crist\u00e3 - O Arcanjo no ar\" \/>\n<meta property=\"og:description\" content=\"O Setor de Anima\u00e7\u00e3o B\u00edblico-Catequ\u00e9tica da Arquidiocese de S\u00e3o Paulo elaborou e colocou nas m\u00e3os dos catequistas da nossa Arquidiocese as \u201cSugest\u00f5es Pastorais para a implementa\u00e7\u00e3o da Inicia\u00e7\u00e3o \u00e0 Vida Crist\u00e3\u201d, para ser utilizado como texto de aprofundamento para a Semana da Catequese, prevista para o m\u00eas de fevereiro em todas as comunidades da Arquidiocese. [&hellip;]\" \/>\n<meta property=\"og:url\" content=\"https:\/\/www.oarcanjo.net\/site\/sugestoes-pastorais-para-a-implementacao-da-iniciacao-a-vida-crista\/\" \/>\n<meta property=\"og:site_name\" content=\"O Arcanjo no ar\" \/>\n<meta property=\"article:publisher\" content=\"https:\/\/www.facebook.com\/OArcanjoNoAr\/\" \/>\n<meta property=\"article:published_time\" content=\"2014-02-19T23:40:43+00:00\" \/>\n<meta property=\"article:modified_time\" content=\"2014-02-19T23:45:37+00:00\" \/>\n<meta property=\"og:image\" content=\"http:\/\/www.oarcanjo.net\/site\/wp-content\/uploads\/capa-subsidio-iniciacao-vida-crista.jpg\" \/>\n<meta name=\"author\" content=\"editor\" \/>\n<meta name=\"twitter:card\" content=\"summary_large_image\" \/>\n<meta name=\"twitter:label1\" content=\"Escrito por\" \/>\n\t<meta name=\"twitter:data1\" content=\"editor\" \/>\n\t<meta name=\"twitter:label2\" content=\"Est. tempo de leitura\" \/>\n\t<meta name=\"twitter:data2\" content=\"2 minutos\" \/>\n<script type=\"application\/ld+json\" class=\"yoast-schema-graph\">{\"@context\":\"https:\/\/schema.org\",\"@graph\":[{\"@type\":\"Article\",\"@id\":\"https:\/\/www.oarcanjo.net\/site\/sugestoes-pastorais-para-a-implementacao-da-iniciacao-a-vida-crista\/#article\",\"isPartOf\":{\"@id\":\"https:\/\/www.oarcanjo.net\/site\/sugestoes-pastorais-para-a-implementacao-da-iniciacao-a-vida-crista\/\"},\"author\":{\"name\":\"editor\",\"@id\":\"https:\/\/www.oarcanjo.net\/site\/#\/schema\/person\/f7024d007863202483a31326673a0838\"},\"headline\":\"Sugest\u00f5es Pastorais para a implementa\u00e7\u00e3o da Inicia\u00e7\u00e3o \u00e0 Vida Crist\u00e3\",\"datePublished\":\"2014-02-19T23:40:43+00:00\",\"dateModified\":\"2014-02-19T23:45:37+00:00\",\"mainEntityOfPage\":{\"@id\":\"https:\/\/www.oarcanjo.net\/site\/sugestoes-pastorais-para-a-implementacao-da-iniciacao-a-vida-crista\/\"},\"wordCount\":434,\"commentCount\":0,\"publisher\":{\"@id\":\"https:\/\/www.oarcanjo.net\/site\/#organization\"},\"image\":{\"@id\":\"https:\/\/www.oarcanjo.net\/site\/sugestoes-pastorais-para-a-implementacao-da-iniciacao-a-vida-crista\/#primaryimage\"},\"thumbnailUrl\":\"http:\/\/www.oarcanjo.net\/site\/wp-content\/uploads\/capa-subsidio-iniciacao-vida-crista.jpg\",\"keywords\":[\"11\u00ba Plano de Pastoral\",\"Anima\u00e7\u00e3o B\u00edblico-Catequ\u00e9tica\",\"Arquidiocese de S\u00e3o Paulo\",\"Cardeal Dom Odilo Pedro Scherer\",\"Dom Milton Kenan J\u00fanior\",\"Inicia\u00e7\u00e3o \u00e0 Vida Crist\u00e3\"],\"articleSection\":[\"Not\u00edcias\"],\"inLanguage\":\"pt-BR\",\"potentialAction\":[{\"@type\":\"CommentAction\",\"name\":\"Comment\",\"target\":[\"https:\/\/www.oarcanjo.net\/site\/sugestoes-pastorais-para-a-implementacao-da-iniciacao-a-vida-crista\/#respond\"]}]},{\"@type\":\"WebPage\",\"@id\":\"https:\/\/www.oarcanjo.net\/site\/sugestoes-pastorais-para-a-implementacao-da-iniciacao-a-vida-crista\/\",\"url\":\"https:\/\/www.oarcanjo.net\/site\/sugestoes-pastorais-para-a-implementacao-da-iniciacao-a-vida-crista\/\",\"name\":\"Sugest\u00f5es Pastorais para a implementa\u00e7\u00e3o da Inicia\u00e7\u00e3o \u00e0 Vida Crist\u00e3 - O Arcanjo no ar\",\"isPartOf\":{\"@id\":\"https:\/\/www.oarcanjo.net\/site\/#website\"},\"primaryImageOfPage\":{\"@id\":\"https:\/\/www.oarcanjo.net\/site\/sugestoes-pastorais-para-a-implementacao-da-iniciacao-a-vida-crista\/#primaryimage\"},\"image\":{\"@id\":\"https:\/\/www.oarcanjo.net\/site\/sugestoes-pastorais-para-a-implementacao-da-iniciacao-a-vida-crista\/#primaryimage\"},\"thumbnailUrl\":\"http:\/\/www.oarcanjo.net\/site\/wp-content\/uploads\/capa-subsidio-iniciacao-vida-crista.jpg\",\"datePublished\":\"2014-02-19T23:40:43+00:00\",\"dateModified\":\"2014-02-19T23:45:37+00:00\",\"breadcrumb\":{\"@id\":\"https:\/\/www.oarcanjo.net\/site\/sugestoes-pastorais-para-a-implementacao-da-iniciacao-a-vida-crista\/#breadcrumb\"},\"inLanguage\":\"pt-BR\",\"potentialAction\":[{\"@type\":\"ReadAction\",\"target\":[\"https:\/\/www.oarcanjo.net\/site\/sugestoes-pastorais-para-a-implementacao-da-iniciacao-a-vida-crista\/\"]}]},{\"@type\":\"ImageObject\",\"inLanguage\":\"pt-BR\",\"@id\":\"https:\/\/www.oarcanjo.net\/site\/sugestoes-pastorais-para-a-implementacao-da-iniciacao-a-vida-crista\/#primaryimage\",\"url\":\"https:\/\/www.oarcanjo.net\/site\/wp-content\/uploads\/capa-subsidio-iniciacao-vida-crista.jpg\",\"contentUrl\":\"https:\/\/www.oarcanjo.net\/site\/wp-content\/uploads\/capa-subsidio-iniciacao-vida-crista.jpg\",\"width\":400,\"height\":474,\"caption\":\"Sugest\u00f5es Pastorais para a implementa\u00e7\u00e3o da Inicia\u00e7\u00e3o \u00e0 Vida Crist\u00e3\"},{\"@type\":\"BreadcrumbList\",\"@id\":\"https:\/\/www.oarcanjo.net\/site\/sugestoes-pastorais-para-a-implementacao-da-iniciacao-a-vida-crista\/#breadcrumb\",\"itemListElement\":[{\"@type\":\"ListItem\",\"position\":1,\"name\":\"In\u00edcio\",\"item\":\"https:\/\/www.oarcanjo.net\/site\/\"},{\"@type\":\"ListItem\",\"position\":2,\"name\":\"Sugest\u00f5es Pastorais para a implementa\u00e7\u00e3o da Inicia\u00e7\u00e3o \u00e0 Vida Crist\u00e3\"}]},{\"@type\":\"WebSite\",\"@id\":\"https:\/\/www.oarcanjo.net\/site\/#website\",\"url\":\"https:\/\/www.oarcanjo.net\/site\/\",\"name\":\"O Arcanjo no ar\",\"description\":\"Site da Par\u00f3quia S\u00e3o Miguel Arcanjo (Arquidiocese de SP)\",\"publisher\":{\"@id\":\"https:\/\/www.oarcanjo.net\/site\/#organization\"},\"potentialAction\":[{\"@type\":\"SearchAction\",\"target\":{\"@type\":\"EntryPoint\",\"urlTemplate\":\"https:\/\/www.oarcanjo.net\/site\/?s={search_term_string}\"},\"query-input\":{\"@type\":\"PropertyValueSpecification\",\"valueRequired\":true,\"valueName\":\"search_term_string\"}}],\"inLanguage\":\"pt-BR\"},{\"@type\":\"Organization\",\"@id\":\"https:\/\/www.oarcanjo.net\/site\/#organization\",\"name\":\"Par\u00f3quia S\u00e3o Miguel Arcanjo\",\"url\":\"https:\/\/www.oarcanjo.net\/site\/\",\"logo\":{\"@type\":\"ImageObject\",\"inLanguage\":\"pt-BR\",\"@id\":\"https:\/\/www.oarcanjo.net\/site\/#\/schema\/logo\/image\/\",\"url\":\"https:\/\/www.oarcanjo.net\/site\/wp-content\/uploads\/LogoOArcanjo.png\",\"contentUrl\":\"https:\/\/www.oarcanjo.net\/site\/wp-content\/uploads\/LogoOArcanjo.png\",\"width\":319,\"height\":99,\"caption\":\"Par\u00f3quia S\u00e3o Miguel Arcanjo\"},\"image\":{\"@id\":\"https:\/\/www.oarcanjo.net\/site\/#\/schema\/logo\/image\/\"},\"sameAs\":[\"https:\/\/www.facebook.com\/OArcanjoNoAr\/\"]},{\"@type\":\"Person\",\"@id\":\"https:\/\/www.oarcanjo.net\/site\/#\/schema\/person\/f7024d007863202483a31326673a0838\",\"name\":\"editor\",\"sameAs\":[\"http:\/\/www.oarcanjo.net\"]}]}<\/script>\n<!-- \/ Yoast SEO plugin. -->","yoast_head_json":{"title":"Sugest\u00f5es Pastorais para a implementa\u00e7\u00e3o da Inicia\u00e7\u00e3o \u00e0 Vida Crist\u00e3 - O Arcanjo no ar","robots":{"index":"index","follow":"follow","max-snippet":"max-snippet:-1","max-image-preview":"max-image-preview:large","max-video-preview":"max-video-preview:-1"},"canonical":"https:\/\/www.oarcanjo.net\/site\/sugestoes-pastorais-para-a-implementacao-da-iniciacao-a-vida-crista\/","og_locale":"pt_BR","og_type":"article","og_title":"Sugest\u00f5es Pastorais para a implementa\u00e7\u00e3o da Inicia\u00e7\u00e3o \u00e0 Vida Crist\u00e3 - O Arcanjo no ar","og_description":"O Setor de Anima\u00e7\u00e3o B\u00edblico-Catequ\u00e9tica da Arquidiocese de S\u00e3o Paulo elaborou e colocou nas m\u00e3os dos catequistas da nossa Arquidiocese as \u201cSugest\u00f5es Pastorais para a implementa\u00e7\u00e3o da Inicia\u00e7\u00e3o \u00e0 Vida Crist\u00e3\u201d, para ser utilizado como texto de aprofundamento para a Semana da Catequese, prevista para o m\u00eas de fevereiro em todas as comunidades da Arquidiocese. [&hellip;]","og_url":"https:\/\/www.oarcanjo.net\/site\/sugestoes-pastorais-para-a-implementacao-da-iniciacao-a-vida-crista\/","og_site_name":"O Arcanjo no ar","article_publisher":"https:\/\/www.facebook.com\/OArcanjoNoAr\/","article_published_time":"2014-02-19T23:40:43+00:00","article_modified_time":"2014-02-19T23:45:37+00:00","og_image":[{"url":"http:\/\/www.oarcanjo.net\/site\/wp-content\/uploads\/capa-subsidio-iniciacao-vida-crista.jpg"}],"author":"editor","twitter_card":"summary_large_image","twitter_misc":{"Escrito por":"editor","Est. tempo de leitura":"2 minutos"},"schema":{"@context":"https:\/\/schema.org","@graph":[{"@type":"Article","@id":"https:\/\/www.oarcanjo.net\/site\/sugestoes-pastorais-para-a-implementacao-da-iniciacao-a-vida-crista\/#article","isPartOf":{"@id":"https:\/\/www.oarcanjo.net\/site\/sugestoes-pastorais-para-a-implementacao-da-iniciacao-a-vida-crista\/"},"author":{"name":"editor","@id":"https:\/\/www.oarcanjo.net\/site\/#\/schema\/person\/f7024d007863202483a31326673a0838"},"headline":"Sugest\u00f5es Pastorais para a implementa\u00e7\u00e3o da Inicia\u00e7\u00e3o \u00e0 Vida Crist\u00e3","datePublished":"2014-02-19T23:40:43+00:00","dateModified":"2014-02-19T23:45:37+00:00","mainEntityOfPage":{"@id":"https:\/\/www.oarcanjo.net\/site\/sugestoes-pastorais-para-a-implementacao-da-iniciacao-a-vida-crista\/"},"wordCount":434,"commentCount":0,"publisher":{"@id":"https:\/\/www.oarcanjo.net\/site\/#organization"},"image":{"@id":"https:\/\/www.oarcanjo.net\/site\/sugestoes-pastorais-para-a-implementacao-da-iniciacao-a-vida-crista\/#primaryimage"},"thumbnailUrl":"http:\/\/www.oarcanjo.net\/site\/wp-content\/uploads\/capa-subsidio-iniciacao-vida-crista.jpg","keywords":["11\u00ba Plano de Pastoral","Anima\u00e7\u00e3o B\u00edblico-Catequ\u00e9tica","Arquidiocese de S\u00e3o Paulo","Cardeal Dom Odilo Pedro Scherer","Dom Milton Kenan J\u00fanior","Inicia\u00e7\u00e3o \u00e0 Vida Crist\u00e3"],"articleSection":["Not\u00edcias"],"inLanguage":"pt-BR","potentialAction":[{"@type":"CommentAction","name":"Comment","target":["https:\/\/www.oarcanjo.net\/site\/sugestoes-pastorais-para-a-implementacao-da-iniciacao-a-vida-crista\/#respond"]}]},{"@type":"WebPage","@id":"https:\/\/www.oarcanjo.net\/site\/sugestoes-pastorais-para-a-implementacao-da-iniciacao-a-vida-crista\/","url":"https:\/\/www.oarcanjo.net\/site\/sugestoes-pastorais-para-a-implementacao-da-iniciacao-a-vida-crista\/","name":"Sugest\u00f5es Pastorais para a implementa\u00e7\u00e3o da Inicia\u00e7\u00e3o \u00e0 Vida Crist\u00e3 - O Arcanjo no ar","isPartOf":{"@id":"https:\/\/www.oarcanjo.net\/site\/#website"},"primaryImageOfPage":{"@id":"https:\/\/www.oarcanjo.net\/site\/sugestoes-pastorais-para-a-implementacao-da-iniciacao-a-vida-crista\/#primaryimage"},"image":{"@id":"https:\/\/www.oarcanjo.net\/site\/sugestoes-pastorais-para-a-implementacao-da-iniciacao-a-vida-crista\/#primaryimage"},"thumbnailUrl":"http:\/\/www.oarcanjo.net\/site\/wp-content\/uploads\/capa-subsidio-iniciacao-vida-crista.jpg","datePublished":"2014-02-19T23:40:43+00:00","dateModified":"2014-02-19T23:45:37+00:00","breadcrumb":{"@id":"https:\/\/www.oarcanjo.net\/site\/sugestoes-pastorais-para-a-implementacao-da-iniciacao-a-vida-crista\/#breadcrumb"},"inLanguage":"pt-BR","potentialAction":[{"@type":"ReadAction","target":["https:\/\/www.oarcanjo.net\/site\/sugestoes-pastorais-para-a-implementacao-da-iniciacao-a-vida-crista\/"]}]},{"@type":"ImageObject","inLanguage":"pt-BR","@id":"https:\/\/www.oarcanjo.net\/site\/sugestoes-pastorais-para-a-implementacao-da-iniciacao-a-vida-crista\/#primaryimage","url":"https:\/\/www.oarcanjo.net\/site\/wp-content\/uploads\/capa-subsidio-iniciacao-vida-crista.jpg","contentUrl":"https:\/\/www.oarcanjo.net\/site\/wp-content\/uploads\/capa-subsidio-iniciacao-vida-crista.jpg","width":400,"height":474,"caption":"Sugest\u00f5es Pastorais para a implementa\u00e7\u00e3o da Inicia\u00e7\u00e3o \u00e0 Vida Crist\u00e3"},{"@type":"BreadcrumbList","@id":"https:\/\/www.oarcanjo.net\/site\/sugestoes-pastorais-para-a-implementacao-da-iniciacao-a-vida-crista\/#breadcrumb","itemListElement":[{"@type":"ListItem","position":1,"name":"In\u00edcio","item":"https:\/\/www.oarcanjo.net\/site\/"},{"@type":"ListItem","position":2,"name":"Sugest\u00f5es Pastorais para a implementa\u00e7\u00e3o da Inicia\u00e7\u00e3o \u00e0 Vida Crist\u00e3"}]},{"@type":"WebSite","@id":"https:\/\/www.oarcanjo.net\/site\/#website","url":"https:\/\/www.oarcanjo.net\/site\/","name":"O Arcanjo no ar","description":"Site da Par\u00f3quia S\u00e3o Miguel Arcanjo (Arquidiocese de SP)","publisher":{"@id":"https:\/\/www.oarcanjo.net\/site\/#organization"},"potentialAction":[{"@type":"SearchAction","target":{"@type":"EntryPoint","urlTemplate":"https:\/\/www.oarcanjo.net\/site\/?s={search_term_string}"},"query-input":{"@type":"PropertyValueSpecification","valueRequired":true,"valueName":"search_term_string"}}],"inLanguage":"pt-BR"},{"@type":"Organization","@id":"https:\/\/www.oarcanjo.net\/site\/#organization","name":"Par\u00f3quia S\u00e3o Miguel Arcanjo","url":"https:\/\/www.oarcanjo.net\/site\/","logo":{"@type":"ImageObject","inLanguage":"pt-BR","@id":"https:\/\/www.oarcanjo.net\/site\/#\/schema\/logo\/image\/","url":"https:\/\/www.oarcanjo.net\/site\/wp-content\/uploads\/LogoOArcanjo.png","contentUrl":"https:\/\/www.oarcanjo.net\/site\/wp-content\/uploads\/LogoOArcanjo.png","width":319,"height":99,"caption":"Par\u00f3quia S\u00e3o Miguel Arcanjo"},"image":{"@id":"https:\/\/www.oarcanjo.net\/site\/#\/schema\/logo\/image\/"},"sameAs":["https:\/\/www.facebook.com\/OArcanjoNoAr\/"]},{"@type":"Person","@id":"https:\/\/www.oarcanjo.net\/site\/#\/schema\/person\/f7024d007863202483a31326673a0838","name":"editor","sameAs":["http:\/\/www.oarcanjo.net"]}]}},"publishpress_future_action":{"enabled":false,"date":"2026-05-08 18:01:45","action":"category","newStatus":"draft","terms":[],"taxonomy":"category"},"publishpress_future_workflow_manual_trigger":{"enabledWorkflows":[]},"_links":{"self":[{"href":"https:\/\/www.oarcanjo.net\/site\/wp-json\/wp\/v2\/posts\/24335"}],"collection":[{"href":"https:\/\/www.oarcanjo.net\/site\/wp-json\/wp\/v2\/posts"}],"about":[{"href":"https:\/\/www.oarcanjo.net\/site\/wp-json\/wp\/v2\/types\/post"}],"author":[{"embeddable":true,"href":"https:\/\/www.oarcanjo.net\/site\/wp-json\/wp\/v2\/users\/5"}],"replies":[{"embeddable":true,"href":"https:\/\/www.oarcanjo.net\/site\/wp-json\/wp\/v2\/comments?post=24335"}],"version-history":[{"count":0,"href":"https:\/\/www.oarcanjo.net\/site\/wp-json\/wp\/v2\/posts\/24335\/revisions"}],"wp:attachment":[{"href":"https:\/\/www.oarcanjo.net\/site\/wp-json\/wp\/v2\/media?parent=24335"}],"wp:term":[{"taxonomy":"category","embeddable":true,"href":"https:\/\/www.oarcanjo.net\/site\/wp-json\/wp\/v2\/categories?post=24335"},{"taxonomy":"post_tag","embeddable":true,"href":"https:\/\/www.oarcanjo.net\/site\/wp-json\/wp\/v2\/tags?post=24335"}],"curies":[{"name":"wp","href":"https:\/\/api.w.org\/{rel}","templated":true}]}}