
{"id":2434,"date":"2009-03-21T12:36:24","date_gmt":"2009-03-21T15:36:24","guid":{"rendered":"http:\/\/www.oarcanjo.net\/site\/?p=2434"},"modified":"2009-03-21T12:36:24","modified_gmt":"2009-03-21T15:36:24","slug":"deus-ama-o-mundo","status":"publish","type":"post","link":"https:\/\/www.oarcanjo.net\/site\/deus-ama-o-mundo\/","title":{"rendered":"Deus ama o mundo"},"content":{"rendered":"<p>Eclesalia<\/p>\n<p><a href=\"http:\/\/www.adital.com.br\" target=\"_blank\">Adital<\/a> &#8211; Por Jos\u00e9 Antonio Pagola<br \/>\nTradu\u00e7\u00e3o: Antonio Manuel \u00c1lvarez P\u00e9rez <\/p>\n<p>N\u00e3o \u00e9 uma frase mais. Palavras que se poderiam eliminar do Evangelho, sem que nada importante se alterasse. \u00c9 a afirma\u00e7\u00e3o que recolhe o n\u00facleo essencial da f\u00e9 crist\u00e3. &#8220;Tanto amou Deus ao mundo que entregou o Seu \u00fanico Filho&#8221;. Este amor de Deus \u00e9 a origem e o fundamento da nossa esperan\u00e7a.<\/p>\n<p>&#8220;Deus ama o mundo&#8221;. Ama-o tal como \u00e9. Inacabado e incerto. Cheio de conflitos e contradi\u00e7\u00f5es. Capaz do melhor e do pior. Este mundo n\u00e3o percorre o seu caminho s\u00f3, perdido e desamparado. Deus envolve-o com o Seu amor por toda a parte. Este facto tem consequ\u00eancias da m\u00e1xima import\u00e2ncia.<\/p>\n<p>Primeiro, Jesus \u00e9, antes de nada, o &#8220;presente&#8221; que Deus fez ao mundo, n\u00e3o s\u00f3 aos crist\u00e3os. Os investigadores podem discutir sem fim sobre muitos aspectos da Sua figura hist\u00f3rica. Os te\u00f3logos podem continuar a desenvolver as suas teorias mais engenhosas. S\u00f3 quem se aproxima de Jesus Cristo como o grande presente de Deus, pode ir descobrindo em todos os Seus gestos, com emo\u00e7\u00e3o e satisfa\u00e7\u00e3o, a proximidade de Deus a todos os seres humanos.<\/p>\n<p>Segundo. A raz\u00e3o de ser da Igreja, o \u00fanico que justifica a sua presen\u00e7a no mundo \u00e9 recordar o amor de Deus. Foi sublinhado muitas vezes pelo Vaticano II: A Igreja &#8220;\u00e9 enviada por Cristo a manifestar e comunicar o amor de Deus a todos os homens&#8221;. Nada h\u00e1 mais importante. O primeiro \u00e9 comunicar esse amor de Deus a todo o ser humano.<\/p>\n<p>Terceiro. Segundo o evangelista, Deus faz ao mundo esse grande presente que \u00e9 Jesus, &#8220;n\u00e3o para julgar o mundo, mas para que o mundo se salve por ele&#8221;. \u00c9 muito perigoso fazer da den\u00fancia e da condena\u00e7\u00e3o do mundo moderno todo um programa pastoral. S\u00f3 com o cora\u00e7\u00e3o cheio de amor a todos, nos podemos chamar uns aos outros \u00e0 convers\u00e3o. Se as pessoas se sentem condenadas por Deus, n\u00e3o lhes estamos a transmitir a mensagem de Jesus mas outra coisa: tal vez, o nosso ressentimento e desagrado.<\/p>\n<p>Quarto. Nestes momentos em que tudo parece confuso, incerto e desalentador, nada nos impede a cada um de introduzir um pouco de amor no mundo. \u00c9 o que fez Jesus. N\u00e3o h\u00e1 que esperar a ningu\u00e9m. Por que n\u00e3o haver\u00e1 nestes momentos homens e mulheres bons, que introduzam entre n\u00f3s amor, amizade, compaix\u00e3o, justi\u00e7a, sensibilidade e ajuda aos que sofrem\u2026? Estes constroem a Igreja de Jesus, a Igreja do amor.<\/p>\n<div id=\"themify_builder_content-2434\" data-postid=\"2434\" class=\"themify_builder_content themify_builder_content-2434 themify_builder themify_builder_front\">\n\t<\/div>\n<!-- \/themify_builder_content -->","protected":false},"excerpt":{"rendered":"<p>Eclesalia Adital &#8211; Por Jos\u00e9 Antonio Pagola Tradu\u00e7\u00e3o: Antonio Manuel \u00c1lvarez P\u00e9rez N\u00e3o \u00e9 uma frase mais. Palavras que se poderiam eliminar do Evangelho, sem que nada importante se alterasse. \u00c9 a afirma\u00e7\u00e3o que recolhe o n\u00facleo essencial da f\u00e9 crist\u00e3. &#8220;Tanto amou Deus ao mundo que entregou o Seu \u00fanico Filho&#8221;. Este amor de [&hellip;]<\/p>\n","protected":false},"author":5,"featured_media":0,"comment_status":"open","ping_status":"open","sticky":false,"template":"","format":"standard","meta":{"ngg_post_thumbnail":0,"footnotes":""},"categories":[9],"tags":[107,363,99],"yoast_head":"<!-- This site is optimized with the Yoast SEO plugin v23.5 - https:\/\/yoast.com\/wordpress\/plugins\/seo\/ -->\n<title>Deus ama o mundo - O Arcanjo no ar<\/title>\n<meta name=\"robots\" content=\"index, follow, max-snippet:-1, max-image-preview:large, max-video-preview:-1\" \/>\n<link rel=\"canonical\" href=\"https:\/\/www.oarcanjo.net\/site\/deus-ama-o-mundo\/\" \/>\n<meta property=\"og:locale\" content=\"pt_BR\" \/>\n<meta property=\"og:type\" content=\"article\" \/>\n<meta property=\"og:title\" content=\"Deus ama o mundo - O Arcanjo no ar\" \/>\n<meta property=\"og:description\" content=\"Eclesalia Adital &#8211; Por Jos\u00e9 Antonio Pagola Tradu\u00e7\u00e3o: Antonio Manuel \u00c1lvarez P\u00e9rez N\u00e3o \u00e9 uma frase mais. Palavras que se poderiam eliminar do Evangelho, sem que nada importante se alterasse. \u00c9 a afirma\u00e7\u00e3o que recolhe o n\u00facleo essencial da f\u00e9 crist\u00e3. &#8220;Tanto amou Deus ao mundo que entregou o Seu \u00fanico Filho&#8221;. Este amor de [&hellip;]\" \/>\n<meta property=\"og:url\" content=\"https:\/\/www.oarcanjo.net\/site\/deus-ama-o-mundo\/\" \/>\n<meta property=\"og:site_name\" content=\"O Arcanjo no ar\" \/>\n<meta property=\"article:publisher\" content=\"https:\/\/www.facebook.com\/OArcanjoNoAr\/\" \/>\n<meta property=\"article:published_time\" content=\"2009-03-21T15:36:24+00:00\" \/>\n<meta property=\"og:image\" content=\"https:\/\/www.oarcanjo.net\/site\/wp-content\/uploads\/logo-o-arcanjo-no-ar-facebook.png\" \/>\n\t<meta property=\"og:image:width\" content=\"300\" \/>\n\t<meta property=\"og:image:height\" content=\"300\" \/>\n\t<meta property=\"og:image:type\" content=\"image\/png\" \/>\n<meta name=\"author\" content=\"editor\" \/>\n<meta name=\"twitter:card\" content=\"summary_large_image\" \/>\n<meta name=\"twitter:label1\" content=\"Escrito por\" \/>\n\t<meta name=\"twitter:data1\" content=\"editor\" \/>\n\t<meta name=\"twitter:label2\" content=\"Est. tempo de leitura\" \/>\n\t<meta name=\"twitter:data2\" content=\"2 minutos\" \/>\n<script type=\"application\/ld+json\" class=\"yoast-schema-graph\">{\"@context\":\"https:\/\/schema.org\",\"@graph\":[{\"@type\":\"Article\",\"@id\":\"https:\/\/www.oarcanjo.net\/site\/deus-ama-o-mundo\/#article\",\"isPartOf\":{\"@id\":\"https:\/\/www.oarcanjo.net\/site\/deus-ama-o-mundo\/\"},\"author\":{\"name\":\"editor\",\"@id\":\"https:\/\/www.oarcanjo.net\/site\/#\/schema\/person\/f7024d007863202483a31326673a0838\"},\"headline\":\"Deus ama o mundo\",\"datePublished\":\"2009-03-21T15:36:24+00:00\",\"dateModified\":\"2009-03-21T15:36:24+00:00\",\"mainEntityOfPage\":{\"@id\":\"https:\/\/www.oarcanjo.net\/site\/deus-ama-o-mundo\/\"},\"wordCount\":435,\"commentCount\":1,\"publisher\":{\"@id\":\"https:\/\/www.oarcanjo.net\/site\/#organization\"},\"keywords\":[\"amor\",\"Deus\",\"igreja\"],\"articleSection\":[\"Reflex\u00f5es\"],\"inLanguage\":\"pt-BR\",\"potentialAction\":[{\"@type\":\"CommentAction\",\"name\":\"Comment\",\"target\":[\"https:\/\/www.oarcanjo.net\/site\/deus-ama-o-mundo\/#respond\"]}]},{\"@type\":\"WebPage\",\"@id\":\"https:\/\/www.oarcanjo.net\/site\/deus-ama-o-mundo\/\",\"url\":\"https:\/\/www.oarcanjo.net\/site\/deus-ama-o-mundo\/\",\"name\":\"Deus ama o mundo - O Arcanjo no ar\",\"isPartOf\":{\"@id\":\"https:\/\/www.oarcanjo.net\/site\/#website\"},\"datePublished\":\"2009-03-21T15:36:24+00:00\",\"dateModified\":\"2009-03-21T15:36:24+00:00\",\"breadcrumb\":{\"@id\":\"https:\/\/www.oarcanjo.net\/site\/deus-ama-o-mundo\/#breadcrumb\"},\"inLanguage\":\"pt-BR\",\"potentialAction\":[{\"@type\":\"ReadAction\",\"target\":[\"https:\/\/www.oarcanjo.net\/site\/deus-ama-o-mundo\/\"]}]},{\"@type\":\"BreadcrumbList\",\"@id\":\"https:\/\/www.oarcanjo.net\/site\/deus-ama-o-mundo\/#breadcrumb\",\"itemListElement\":[{\"@type\":\"ListItem\",\"position\":1,\"name\":\"In\u00edcio\",\"item\":\"https:\/\/www.oarcanjo.net\/site\/\"},{\"@type\":\"ListItem\",\"position\":2,\"name\":\"Deus ama o mundo\"}]},{\"@type\":\"WebSite\",\"@id\":\"https:\/\/www.oarcanjo.net\/site\/#website\",\"url\":\"https:\/\/www.oarcanjo.net\/site\/\",\"name\":\"O Arcanjo no ar\",\"description\":\"Site da Par\u00f3quia S\u00e3o Miguel Arcanjo (Arquidiocese de SP)\",\"publisher\":{\"@id\":\"https:\/\/www.oarcanjo.net\/site\/#organization\"},\"potentialAction\":[{\"@type\":\"SearchAction\",\"target\":{\"@type\":\"EntryPoint\",\"urlTemplate\":\"https:\/\/www.oarcanjo.net\/site\/?s={search_term_string}\"},\"query-input\":{\"@type\":\"PropertyValueSpecification\",\"valueRequired\":true,\"valueName\":\"search_term_string\"}}],\"inLanguage\":\"pt-BR\"},{\"@type\":\"Organization\",\"@id\":\"https:\/\/www.oarcanjo.net\/site\/#organization\",\"name\":\"Par\u00f3quia S\u00e3o Miguel Arcanjo\",\"url\":\"https:\/\/www.oarcanjo.net\/site\/\",\"logo\":{\"@type\":\"ImageObject\",\"inLanguage\":\"pt-BR\",\"@id\":\"https:\/\/www.oarcanjo.net\/site\/#\/schema\/logo\/image\/\",\"url\":\"https:\/\/www.oarcanjo.net\/site\/wp-content\/uploads\/LogoOArcanjo.png\",\"contentUrl\":\"https:\/\/www.oarcanjo.net\/site\/wp-content\/uploads\/LogoOArcanjo.png\",\"width\":319,\"height\":99,\"caption\":\"Par\u00f3quia S\u00e3o Miguel Arcanjo\"},\"image\":{\"@id\":\"https:\/\/www.oarcanjo.net\/site\/#\/schema\/logo\/image\/\"},\"sameAs\":[\"https:\/\/www.facebook.com\/OArcanjoNoAr\/\"]},{\"@type\":\"Person\",\"@id\":\"https:\/\/www.oarcanjo.net\/site\/#\/schema\/person\/f7024d007863202483a31326673a0838\",\"name\":\"editor\",\"sameAs\":[\"http:\/\/www.oarcanjo.net\"]}]}<\/script>\n<!-- \/ Yoast SEO plugin. -->","yoast_head_json":{"title":"Deus ama o mundo - O Arcanjo no ar","robots":{"index":"index","follow":"follow","max-snippet":"max-snippet:-1","max-image-preview":"max-image-preview:large","max-video-preview":"max-video-preview:-1"},"canonical":"https:\/\/www.oarcanjo.net\/site\/deus-ama-o-mundo\/","og_locale":"pt_BR","og_type":"article","og_title":"Deus ama o mundo - O Arcanjo no ar","og_description":"Eclesalia Adital &#8211; Por Jos\u00e9 Antonio Pagola Tradu\u00e7\u00e3o: Antonio Manuel \u00c1lvarez P\u00e9rez N\u00e3o \u00e9 uma frase mais. Palavras que se poderiam eliminar do Evangelho, sem que nada importante se alterasse. \u00c9 a afirma\u00e7\u00e3o que recolhe o n\u00facleo essencial da f\u00e9 crist\u00e3. &#8220;Tanto amou Deus ao mundo que entregou o Seu \u00fanico Filho&#8221;. Este amor de [&hellip;]","og_url":"https:\/\/www.oarcanjo.net\/site\/deus-ama-o-mundo\/","og_site_name":"O Arcanjo no ar","article_publisher":"https:\/\/www.facebook.com\/OArcanjoNoAr\/","article_published_time":"2009-03-21T15:36:24+00:00","og_image":[{"width":300,"height":300,"url":"https:\/\/www.oarcanjo.net\/site\/wp-content\/uploads\/logo-o-arcanjo-no-ar-facebook.png","type":"image\/png"}],"author":"editor","twitter_card":"summary_large_image","twitter_misc":{"Escrito por":"editor","Est. tempo de leitura":"2 minutos"},"schema":{"@context":"https:\/\/schema.org","@graph":[{"@type":"Article","@id":"https:\/\/www.oarcanjo.net\/site\/deus-ama-o-mundo\/#article","isPartOf":{"@id":"https:\/\/www.oarcanjo.net\/site\/deus-ama-o-mundo\/"},"author":{"name":"editor","@id":"https:\/\/www.oarcanjo.net\/site\/#\/schema\/person\/f7024d007863202483a31326673a0838"},"headline":"Deus ama o mundo","datePublished":"2009-03-21T15:36:24+00:00","dateModified":"2009-03-21T15:36:24+00:00","mainEntityOfPage":{"@id":"https:\/\/www.oarcanjo.net\/site\/deus-ama-o-mundo\/"},"wordCount":435,"commentCount":1,"publisher":{"@id":"https:\/\/www.oarcanjo.net\/site\/#organization"},"keywords":["amor","Deus","igreja"],"articleSection":["Reflex\u00f5es"],"inLanguage":"pt-BR","potentialAction":[{"@type":"CommentAction","name":"Comment","target":["https:\/\/www.oarcanjo.net\/site\/deus-ama-o-mundo\/#respond"]}]},{"@type":"WebPage","@id":"https:\/\/www.oarcanjo.net\/site\/deus-ama-o-mundo\/","url":"https:\/\/www.oarcanjo.net\/site\/deus-ama-o-mundo\/","name":"Deus ama o mundo - O Arcanjo no ar","isPartOf":{"@id":"https:\/\/www.oarcanjo.net\/site\/#website"},"datePublished":"2009-03-21T15:36:24+00:00","dateModified":"2009-03-21T15:36:24+00:00","breadcrumb":{"@id":"https:\/\/www.oarcanjo.net\/site\/deus-ama-o-mundo\/#breadcrumb"},"inLanguage":"pt-BR","potentialAction":[{"@type":"ReadAction","target":["https:\/\/www.oarcanjo.net\/site\/deus-ama-o-mundo\/"]}]},{"@type":"BreadcrumbList","@id":"https:\/\/www.oarcanjo.net\/site\/deus-ama-o-mundo\/#breadcrumb","itemListElement":[{"@type":"ListItem","position":1,"name":"In\u00edcio","item":"https:\/\/www.oarcanjo.net\/site\/"},{"@type":"ListItem","position":2,"name":"Deus ama o mundo"}]},{"@type":"WebSite","@id":"https:\/\/www.oarcanjo.net\/site\/#website","url":"https:\/\/www.oarcanjo.net\/site\/","name":"O Arcanjo no ar","description":"Site da Par\u00f3quia S\u00e3o Miguel Arcanjo (Arquidiocese de SP)","publisher":{"@id":"https:\/\/www.oarcanjo.net\/site\/#organization"},"potentialAction":[{"@type":"SearchAction","target":{"@type":"EntryPoint","urlTemplate":"https:\/\/www.oarcanjo.net\/site\/?s={search_term_string}"},"query-input":{"@type":"PropertyValueSpecification","valueRequired":true,"valueName":"search_term_string"}}],"inLanguage":"pt-BR"},{"@type":"Organization","@id":"https:\/\/www.oarcanjo.net\/site\/#organization","name":"Par\u00f3quia S\u00e3o Miguel Arcanjo","url":"https:\/\/www.oarcanjo.net\/site\/","logo":{"@type":"ImageObject","inLanguage":"pt-BR","@id":"https:\/\/www.oarcanjo.net\/site\/#\/schema\/logo\/image\/","url":"https:\/\/www.oarcanjo.net\/site\/wp-content\/uploads\/LogoOArcanjo.png","contentUrl":"https:\/\/www.oarcanjo.net\/site\/wp-content\/uploads\/LogoOArcanjo.png","width":319,"height":99,"caption":"Par\u00f3quia S\u00e3o Miguel Arcanjo"},"image":{"@id":"https:\/\/www.oarcanjo.net\/site\/#\/schema\/logo\/image\/"},"sameAs":["https:\/\/www.facebook.com\/OArcanjoNoAr\/"]},{"@type":"Person","@id":"https:\/\/www.oarcanjo.net\/site\/#\/schema\/person\/f7024d007863202483a31326673a0838","name":"editor","sameAs":["http:\/\/www.oarcanjo.net"]}]}},"publishpress_future_action":{"enabled":false,"date":"2026-05-09 00:28:53","action":"category","newStatus":"draft","terms":[],"taxonomy":"category"},"publishpress_future_workflow_manual_trigger":{"enabledWorkflows":[]},"_links":{"self":[{"href":"https:\/\/www.oarcanjo.net\/site\/wp-json\/wp\/v2\/posts\/2434"}],"collection":[{"href":"https:\/\/www.oarcanjo.net\/site\/wp-json\/wp\/v2\/posts"}],"about":[{"href":"https:\/\/www.oarcanjo.net\/site\/wp-json\/wp\/v2\/types\/post"}],"author":[{"embeddable":true,"href":"https:\/\/www.oarcanjo.net\/site\/wp-json\/wp\/v2\/users\/5"}],"replies":[{"embeddable":true,"href":"https:\/\/www.oarcanjo.net\/site\/wp-json\/wp\/v2\/comments?post=2434"}],"version-history":[{"count":0,"href":"https:\/\/www.oarcanjo.net\/site\/wp-json\/wp\/v2\/posts\/2434\/revisions"}],"wp:attachment":[{"href":"https:\/\/www.oarcanjo.net\/site\/wp-json\/wp\/v2\/media?parent=2434"}],"wp:term":[{"taxonomy":"category","embeddable":true,"href":"https:\/\/www.oarcanjo.net\/site\/wp-json\/wp\/v2\/categories?post=2434"},{"taxonomy":"post_tag","embeddable":true,"href":"https:\/\/www.oarcanjo.net\/site\/wp-json\/wp\/v2\/tags?post=2434"}],"curies":[{"name":"wp","href":"https:\/\/api.w.org\/{rel}","templated":true}]}}