
{"id":24343,"date":"2014-02-20T12:41:42","date_gmt":"2014-02-20T15:41:42","guid":{"rendered":"http:\/\/www.oarcanjo.net\/site\/?p=24343"},"modified":"2014-02-20T12:41:42","modified_gmt":"2014-02-20T15:41:42","slug":"papa-francisco-inicia-seu-primeiro-consistorio","status":"publish","type":"post","link":"https:\/\/www.oarcanjo.net\/site\/papa-francisco-inicia-seu-primeiro-consistorio\/","title":{"rendered":"Papa Francisco inicia seu primeiro Consist\u00f3rio"},"content":{"rendered":"<p>A fam\u00edlia \u201c\u00e9 c\u00e9lula fundamental da sociedade humana\u201d, disse o papa Francisco na abertura dos trabalhos do Consist\u00f3rio extraordin\u00e1rio, que teve in\u00edcio hoje, 20, no Vaticano.<\/p>\n<p>Est\u00e3o presentes 185 cardeais, com a participa\u00e7\u00e3o dos 19 prelados que ser\u00e3o criados cardeais pelo papa Francisco s\u00e1bado, 22, entre eles o arcebispo do Rio de Janeiro, dom Orani Tempesta.<\/p>\n<p>Em foto divulgada pela R\u00e1dio Vaticano, o arcebispo de Aparecida (SP) e presidente da CNBB, cardeal Raymundo Damasceno Assis, aparece caminhando ao lado do papa Francisco.<\/p>\n<p>O col\u00e9gio cardinal\u00edcio est\u00e1 reunido para refletir sobre temas relacionados \u00e0 Fam\u00edlia. \u201cA nossa reflex\u00e3o ter\u00e1 sempre presente a beleza da fam\u00edlia e do matrim\u00f4nio, a grandeza desta realidade humana, t\u00e3o simples e ao mesmo tempo t\u00e3o rica, feita de alegrias e esperan\u00e7as, de fadigas e sofrimentos, como o \u00e9 toda a vida\u201d, comentou o papa no in\u00edcio da reuni\u00e3o.<\/p>\n<p><strong>Reflex\u00e3o<\/strong><\/p>\n<p>Durante o Consist\u00f3rio ser\u00e3o aprofundadas a teologia da fam\u00edlia e a pastoral que deve ser implementada no contexto atual. O papa Francisco pediu aos cardeais que ajudem a refletir sobre a realidade da fam\u00edlia com profundidade sem cair na \u201ccasu\u00edstica\u201d.<\/p>\n<p>\u201cHoje, a fam\u00edlia \u00e9 desprezada, \u00e9 maltratada, pelo que nos \u00e9 pedido para reconhecermos como \u00e9 belo, verdadeiro e bom formar uma fam\u00edlia, ser fam\u00edlia hoje; reconhecermos como isso \u00e9 indispens\u00e1vel para a vida do mundo, para o futuro da humanidade\u201d, afirmou Francisco.<\/p>\n<p>Concluindo sua fala, o papa lembrou que \u00e9 necess\u00e1rio colocar em evid\u00eancia o plano de Deus para a fam\u00edlia. E disse aos cardeais: \u201cajudemos os esposos a viverem-no com alegria ao longo dos seus dias, acompanhando-os no meio de tantas dificuldades com uma pastoral inteligente, corajosa e amorosa&#8221;.<\/p>\n<p>Ap\u00f3s a coloca\u00e7\u00e3o do papa, o presidente em\u00e9rito do Pontif\u00edcio Conselho para a Unidade dos Crist\u00e3os, o cardeal Walter Kasper, tamb\u00e9m falou aos participantes.<\/p>\n<p>No decorrer da reuni\u00e3o, est\u00e3o previstas outras interven\u00e7\u00f5es sobre a fam\u00edlia que ir\u00e3o contribuir para a prepara\u00e7\u00e3o do pr\u00f3ximo S\u00ednodo dos Bispos, em outubro.<\/p>\n<p><em>Fonte: CNBB<\/em><\/p>\n<div id=\"themify_builder_content-24343\" data-postid=\"24343\" class=\"themify_builder_content themify_builder_content-24343 themify_builder themify_builder_front\">\n\t<\/div>\n<!-- \/themify_builder_content -->","protected":false},"excerpt":{"rendered":"<p>A fam\u00edlia \u201c\u00e9 c\u00e9lula fundamental da sociedade humana\u201d, disse o papa Francisco na abertura dos trabalhos do Consist\u00f3rio extraordin\u00e1rio, que teve in\u00edcio hoje, 20, no Vaticano. Est\u00e3o presentes 185 cardeais, com a participa\u00e7\u00e3o dos 19 prelados que ser\u00e3o criados cardeais pelo papa Francisco s\u00e1bado, 22, entre eles o arcebispo do Rio de Janeiro, dom Orani [&hellip;]<\/p>\n","protected":false},"author":5,"featured_media":0,"comment_status":"open","ping_status":"open","sticky":false,"template":"","format":"standard","meta":{"ngg_post_thumbnail":0,"footnotes":""},"categories":[8],"tags":[2569,63,2759,119,2433,2705],"yoast_head":"<!-- This site is optimized with the Yoast SEO plugin v23.5 - https:\/\/yoast.com\/wordpress\/plugins\/seo\/ -->\n<title>Papa Francisco inicia seu primeiro Consist\u00f3rio - O Arcanjo no ar<\/title>\n<meta name=\"robots\" content=\"index, follow, max-snippet:-1, max-image-preview:large, max-video-preview:-1\" \/>\n<link rel=\"canonical\" href=\"https:\/\/www.oarcanjo.net\/site\/papa-francisco-inicia-seu-primeiro-consistorio\/\" \/>\n<meta property=\"og:locale\" content=\"pt_BR\" \/>\n<meta property=\"og:type\" content=\"article\" \/>\n<meta property=\"og:title\" content=\"Papa Francisco inicia seu primeiro Consist\u00f3rio - O Arcanjo no ar\" \/>\n<meta property=\"og:description\" content=\"A fam\u00edlia \u201c\u00e9 c\u00e9lula fundamental da sociedade humana\u201d, disse o papa Francisco na abertura dos trabalhos do Consist\u00f3rio extraordin\u00e1rio, que teve in\u00edcio hoje, 20, no Vaticano. Est\u00e3o presentes 185 cardeais, com a participa\u00e7\u00e3o dos 19 prelados que ser\u00e3o criados cardeais pelo papa Francisco s\u00e1bado, 22, entre eles o arcebispo do Rio de Janeiro, dom Orani [&hellip;]\" \/>\n<meta property=\"og:url\" content=\"https:\/\/www.oarcanjo.net\/site\/papa-francisco-inicia-seu-primeiro-consistorio\/\" \/>\n<meta property=\"og:site_name\" content=\"O Arcanjo no ar\" \/>\n<meta property=\"article:publisher\" content=\"https:\/\/www.facebook.com\/OArcanjoNoAr\/\" \/>\n<meta property=\"article:published_time\" content=\"2014-02-20T15:41:42+00:00\" \/>\n<meta property=\"og:image\" content=\"https:\/\/www.oarcanjo.net\/site\/wp-content\/uploads\/logo-o-arcanjo-no-ar-facebook.png\" \/>\n\t<meta property=\"og:image:width\" content=\"300\" \/>\n\t<meta property=\"og:image:height\" content=\"300\" \/>\n\t<meta property=\"og:image:type\" content=\"image\/png\" \/>\n<meta name=\"author\" content=\"editor\" \/>\n<meta name=\"twitter:card\" content=\"summary_large_image\" \/>\n<meta name=\"twitter:label1\" content=\"Escrito por\" \/>\n\t<meta name=\"twitter:data1\" content=\"editor\" \/>\n\t<meta name=\"twitter:label2\" content=\"Est. tempo de leitura\" \/>\n\t<meta name=\"twitter:data2\" content=\"2 minutos\" \/>\n<script type=\"application\/ld+json\" class=\"yoast-schema-graph\">{\"@context\":\"https:\/\/schema.org\",\"@graph\":[{\"@type\":\"Article\",\"@id\":\"https:\/\/www.oarcanjo.net\/site\/papa-francisco-inicia-seu-primeiro-consistorio\/#article\",\"isPartOf\":{\"@id\":\"https:\/\/www.oarcanjo.net\/site\/papa-francisco-inicia-seu-primeiro-consistorio\/\"},\"author\":{\"name\":\"editor\",\"@id\":\"https:\/\/www.oarcanjo.net\/site\/#\/schema\/person\/f7024d007863202483a31326673a0838\"},\"headline\":\"Papa Francisco inicia seu primeiro Consist\u00f3rio\",\"datePublished\":\"2014-02-20T15:41:42+00:00\",\"dateModified\":\"2014-02-20T15:41:42+00:00\",\"mainEntityOfPage\":{\"@id\":\"https:\/\/www.oarcanjo.net\/site\/papa-francisco-inicia-seu-primeiro-consistorio\/\"},\"wordCount\":366,\"commentCount\":0,\"publisher\":{\"@id\":\"https:\/\/www.oarcanjo.net\/site\/#organization\"},\"keywords\":[\"Cardeal Raymundo Damasceno Assis\",\"CNBB\",\"Consist\u00f3rio\",\"fam\u00edlia\",\"Papa Francisco\",\"S\u00ednodo dos Bispos\"],\"articleSection\":[\"Not\u00edcias\"],\"inLanguage\":\"pt-BR\",\"potentialAction\":[{\"@type\":\"CommentAction\",\"name\":\"Comment\",\"target\":[\"https:\/\/www.oarcanjo.net\/site\/papa-francisco-inicia-seu-primeiro-consistorio\/#respond\"]}]},{\"@type\":\"WebPage\",\"@id\":\"https:\/\/www.oarcanjo.net\/site\/papa-francisco-inicia-seu-primeiro-consistorio\/\",\"url\":\"https:\/\/www.oarcanjo.net\/site\/papa-francisco-inicia-seu-primeiro-consistorio\/\",\"name\":\"Papa Francisco inicia seu primeiro Consist\u00f3rio - O Arcanjo no ar\",\"isPartOf\":{\"@id\":\"https:\/\/www.oarcanjo.net\/site\/#website\"},\"datePublished\":\"2014-02-20T15:41:42+00:00\",\"dateModified\":\"2014-02-20T15:41:42+00:00\",\"breadcrumb\":{\"@id\":\"https:\/\/www.oarcanjo.net\/site\/papa-francisco-inicia-seu-primeiro-consistorio\/#breadcrumb\"},\"inLanguage\":\"pt-BR\",\"potentialAction\":[{\"@type\":\"ReadAction\",\"target\":[\"https:\/\/www.oarcanjo.net\/site\/papa-francisco-inicia-seu-primeiro-consistorio\/\"]}]},{\"@type\":\"BreadcrumbList\",\"@id\":\"https:\/\/www.oarcanjo.net\/site\/papa-francisco-inicia-seu-primeiro-consistorio\/#breadcrumb\",\"itemListElement\":[{\"@type\":\"ListItem\",\"position\":1,\"name\":\"In\u00edcio\",\"item\":\"https:\/\/www.oarcanjo.net\/site\/\"},{\"@type\":\"ListItem\",\"position\":2,\"name\":\"Papa Francisco inicia seu primeiro Consist\u00f3rio\"}]},{\"@type\":\"WebSite\",\"@id\":\"https:\/\/www.oarcanjo.net\/site\/#website\",\"url\":\"https:\/\/www.oarcanjo.net\/site\/\",\"name\":\"O Arcanjo no ar\",\"description\":\"Site da Par\u00f3quia S\u00e3o Miguel Arcanjo (Arquidiocese de SP)\",\"publisher\":{\"@id\":\"https:\/\/www.oarcanjo.net\/site\/#organization\"},\"potentialAction\":[{\"@type\":\"SearchAction\",\"target\":{\"@type\":\"EntryPoint\",\"urlTemplate\":\"https:\/\/www.oarcanjo.net\/site\/?s={search_term_string}\"},\"query-input\":{\"@type\":\"PropertyValueSpecification\",\"valueRequired\":true,\"valueName\":\"search_term_string\"}}],\"inLanguage\":\"pt-BR\"},{\"@type\":\"Organization\",\"@id\":\"https:\/\/www.oarcanjo.net\/site\/#organization\",\"name\":\"Par\u00f3quia S\u00e3o Miguel Arcanjo\",\"url\":\"https:\/\/www.oarcanjo.net\/site\/\",\"logo\":{\"@type\":\"ImageObject\",\"inLanguage\":\"pt-BR\",\"@id\":\"https:\/\/www.oarcanjo.net\/site\/#\/schema\/logo\/image\/\",\"url\":\"https:\/\/www.oarcanjo.net\/site\/wp-content\/uploads\/LogoOArcanjo.png\",\"contentUrl\":\"https:\/\/www.oarcanjo.net\/site\/wp-content\/uploads\/LogoOArcanjo.png\",\"width\":319,\"height\":99,\"caption\":\"Par\u00f3quia S\u00e3o Miguel Arcanjo\"},\"image\":{\"@id\":\"https:\/\/www.oarcanjo.net\/site\/#\/schema\/logo\/image\/\"},\"sameAs\":[\"https:\/\/www.facebook.com\/OArcanjoNoAr\/\"]},{\"@type\":\"Person\",\"@id\":\"https:\/\/www.oarcanjo.net\/site\/#\/schema\/person\/f7024d007863202483a31326673a0838\",\"name\":\"editor\",\"sameAs\":[\"http:\/\/www.oarcanjo.net\"]}]}<\/script>\n<!-- \/ Yoast SEO plugin. -->","yoast_head_json":{"title":"Papa Francisco inicia seu primeiro Consist\u00f3rio - O Arcanjo no ar","robots":{"index":"index","follow":"follow","max-snippet":"max-snippet:-1","max-image-preview":"max-image-preview:large","max-video-preview":"max-video-preview:-1"},"canonical":"https:\/\/www.oarcanjo.net\/site\/papa-francisco-inicia-seu-primeiro-consistorio\/","og_locale":"pt_BR","og_type":"article","og_title":"Papa Francisco inicia seu primeiro Consist\u00f3rio - O Arcanjo no ar","og_description":"A fam\u00edlia \u201c\u00e9 c\u00e9lula fundamental da sociedade humana\u201d, disse o papa Francisco na abertura dos trabalhos do Consist\u00f3rio extraordin\u00e1rio, que teve in\u00edcio hoje, 20, no Vaticano. Est\u00e3o presentes 185 cardeais, com a participa\u00e7\u00e3o dos 19 prelados que ser\u00e3o criados cardeais pelo papa Francisco s\u00e1bado, 22, entre eles o arcebispo do Rio de Janeiro, dom Orani [&hellip;]","og_url":"https:\/\/www.oarcanjo.net\/site\/papa-francisco-inicia-seu-primeiro-consistorio\/","og_site_name":"O Arcanjo no ar","article_publisher":"https:\/\/www.facebook.com\/OArcanjoNoAr\/","article_published_time":"2014-02-20T15:41:42+00:00","og_image":[{"width":300,"height":300,"url":"https:\/\/www.oarcanjo.net\/site\/wp-content\/uploads\/logo-o-arcanjo-no-ar-facebook.png","type":"image\/png"}],"author":"editor","twitter_card":"summary_large_image","twitter_misc":{"Escrito por":"editor","Est. tempo de leitura":"2 minutos"},"schema":{"@context":"https:\/\/schema.org","@graph":[{"@type":"Article","@id":"https:\/\/www.oarcanjo.net\/site\/papa-francisco-inicia-seu-primeiro-consistorio\/#article","isPartOf":{"@id":"https:\/\/www.oarcanjo.net\/site\/papa-francisco-inicia-seu-primeiro-consistorio\/"},"author":{"name":"editor","@id":"https:\/\/www.oarcanjo.net\/site\/#\/schema\/person\/f7024d007863202483a31326673a0838"},"headline":"Papa Francisco inicia seu primeiro Consist\u00f3rio","datePublished":"2014-02-20T15:41:42+00:00","dateModified":"2014-02-20T15:41:42+00:00","mainEntityOfPage":{"@id":"https:\/\/www.oarcanjo.net\/site\/papa-francisco-inicia-seu-primeiro-consistorio\/"},"wordCount":366,"commentCount":0,"publisher":{"@id":"https:\/\/www.oarcanjo.net\/site\/#organization"},"keywords":["Cardeal Raymundo Damasceno Assis","CNBB","Consist\u00f3rio","fam\u00edlia","Papa Francisco","S\u00ednodo dos Bispos"],"articleSection":["Not\u00edcias"],"inLanguage":"pt-BR","potentialAction":[{"@type":"CommentAction","name":"Comment","target":["https:\/\/www.oarcanjo.net\/site\/papa-francisco-inicia-seu-primeiro-consistorio\/#respond"]}]},{"@type":"WebPage","@id":"https:\/\/www.oarcanjo.net\/site\/papa-francisco-inicia-seu-primeiro-consistorio\/","url":"https:\/\/www.oarcanjo.net\/site\/papa-francisco-inicia-seu-primeiro-consistorio\/","name":"Papa Francisco inicia seu primeiro Consist\u00f3rio - O Arcanjo no ar","isPartOf":{"@id":"https:\/\/www.oarcanjo.net\/site\/#website"},"datePublished":"2014-02-20T15:41:42+00:00","dateModified":"2014-02-20T15:41:42+00:00","breadcrumb":{"@id":"https:\/\/www.oarcanjo.net\/site\/papa-francisco-inicia-seu-primeiro-consistorio\/#breadcrumb"},"inLanguage":"pt-BR","potentialAction":[{"@type":"ReadAction","target":["https:\/\/www.oarcanjo.net\/site\/papa-francisco-inicia-seu-primeiro-consistorio\/"]}]},{"@type":"BreadcrumbList","@id":"https:\/\/www.oarcanjo.net\/site\/papa-francisco-inicia-seu-primeiro-consistorio\/#breadcrumb","itemListElement":[{"@type":"ListItem","position":1,"name":"In\u00edcio","item":"https:\/\/www.oarcanjo.net\/site\/"},{"@type":"ListItem","position":2,"name":"Papa Francisco inicia seu primeiro Consist\u00f3rio"}]},{"@type":"WebSite","@id":"https:\/\/www.oarcanjo.net\/site\/#website","url":"https:\/\/www.oarcanjo.net\/site\/","name":"O Arcanjo no ar","description":"Site da Par\u00f3quia S\u00e3o Miguel Arcanjo (Arquidiocese de SP)","publisher":{"@id":"https:\/\/www.oarcanjo.net\/site\/#organization"},"potentialAction":[{"@type":"SearchAction","target":{"@type":"EntryPoint","urlTemplate":"https:\/\/www.oarcanjo.net\/site\/?s={search_term_string}"},"query-input":{"@type":"PropertyValueSpecification","valueRequired":true,"valueName":"search_term_string"}}],"inLanguage":"pt-BR"},{"@type":"Organization","@id":"https:\/\/www.oarcanjo.net\/site\/#organization","name":"Par\u00f3quia S\u00e3o Miguel Arcanjo","url":"https:\/\/www.oarcanjo.net\/site\/","logo":{"@type":"ImageObject","inLanguage":"pt-BR","@id":"https:\/\/www.oarcanjo.net\/site\/#\/schema\/logo\/image\/","url":"https:\/\/www.oarcanjo.net\/site\/wp-content\/uploads\/LogoOArcanjo.png","contentUrl":"https:\/\/www.oarcanjo.net\/site\/wp-content\/uploads\/LogoOArcanjo.png","width":319,"height":99,"caption":"Par\u00f3quia S\u00e3o Miguel Arcanjo"},"image":{"@id":"https:\/\/www.oarcanjo.net\/site\/#\/schema\/logo\/image\/"},"sameAs":["https:\/\/www.facebook.com\/OArcanjoNoAr\/"]},{"@type":"Person","@id":"https:\/\/www.oarcanjo.net\/site\/#\/schema\/person\/f7024d007863202483a31326673a0838","name":"editor","sameAs":["http:\/\/www.oarcanjo.net"]}]}},"publishpress_future_action":{"enabled":false,"date":"2026-05-08 15:12:04","action":"category","newStatus":"draft","terms":[],"taxonomy":"category"},"publishpress_future_workflow_manual_trigger":{"enabledWorkflows":[]},"_links":{"self":[{"href":"https:\/\/www.oarcanjo.net\/site\/wp-json\/wp\/v2\/posts\/24343"}],"collection":[{"href":"https:\/\/www.oarcanjo.net\/site\/wp-json\/wp\/v2\/posts"}],"about":[{"href":"https:\/\/www.oarcanjo.net\/site\/wp-json\/wp\/v2\/types\/post"}],"author":[{"embeddable":true,"href":"https:\/\/www.oarcanjo.net\/site\/wp-json\/wp\/v2\/users\/5"}],"replies":[{"embeddable":true,"href":"https:\/\/www.oarcanjo.net\/site\/wp-json\/wp\/v2\/comments?post=24343"}],"version-history":[{"count":0,"href":"https:\/\/www.oarcanjo.net\/site\/wp-json\/wp\/v2\/posts\/24343\/revisions"}],"wp:attachment":[{"href":"https:\/\/www.oarcanjo.net\/site\/wp-json\/wp\/v2\/media?parent=24343"}],"wp:term":[{"taxonomy":"category","embeddable":true,"href":"https:\/\/www.oarcanjo.net\/site\/wp-json\/wp\/v2\/categories?post=24343"},{"taxonomy":"post_tag","embeddable":true,"href":"https:\/\/www.oarcanjo.net\/site\/wp-json\/wp\/v2\/tags?post=24343"}],"curies":[{"name":"wp","href":"https:\/\/api.w.org\/{rel}","templated":true}]}}