
{"id":24348,"date":"2014-02-23T23:31:11","date_gmt":"2014-02-24T02:31:11","guid":{"rendered":"http:\/\/www.oarcanjo.net\/site\/?p=24348"},"modified":"2014-03-31T11:57:12","modified_gmt":"2014-03-31T14:57:12","slug":"batizado-de-fevereiro-de-2014","status":"publish","type":"post","link":"https:\/\/www.oarcanjo.net\/site\/batizado-de-fevereiro-de-2014\/","title":{"rendered":"Batizados de Fevereiro de 2014"},"content":{"rendered":"<p>Mais 16 crian\u00e7as foram batizadas neste domingo 23\/02\/2014, na Capela da Universidade S\u00e3o Judas Tadeu. A comunidade S\u00e3o Miguel Arcanjo vai ficando maior.<\/p>\n<p>Assim foram batizados a Alice Rufino Malavazi, Arthur Cascaldi Andrade, Giulia Valentino Maltini, Isabelle Cambero Fernandes, Isabelle Salom\u00e3o Barbosa, Isadora de Almeida Barros, Maria Clara Pereira, Maria Eduarda M. Gomes, Maria J. Lopes de Souza Carvalho, Miguel Vieira Rabelo de Carvalho, Mateus Faria Santos, Nicolas Sgobbi Pressi, Pietro de Souza Abbua, Pietro de Toledo Cal\u00e7olli, Rafaela Lima de Araujo e Rafaella Maria Foltran Rodrigues.<\/p>\n<p>Dia especial para a vov\u00f3 Ana, que todos os domingos se disponibiliza para auxiliar na Liturgia na Capela e, que neste domingo, batizou sua neta Rafaella Maria. Alegria tamb\u00e9m de todos, inclusive com a aspers\u00e3o da \u00e1gua (ao som da m\u00fasica Banhados em Cristo somos uma nova criatura &#8230;), como veremos nas fotos.<\/p>\n<p>Os papais da Alice, Karla Simone Rufino e Bruno Malavazi, receberam o sacramento do matrim\u00f4nio, tamb\u00e9m numa bel\u00edssima celebra\u00e7\u00e3o da legitima\u00e7\u00e3o durante a missa das 10h.<\/p>\n<p>No Evangelho deste domingo (Mt 5,38-48), Jesus nos pede um amor radical e transformador: \u201cNaquele tempo, disse Jesus a seus disc\u00edpulos: \u201cV\u00f3s ouvistes o que foi dito: \u2018Olho por olho e dente por dente!\u2019. Eu, por\u00e9m, vos digo: N\u00e3o enfrenteis quem \u00e9 malvado! Pelo contr\u00e1rio, se algu\u00e9m te d\u00e1 um tapa na face direita, oferece-lhe tamb\u00e9m \u00e0 esquerda!&#8230;<\/p>\n<p>No final da celebra\u00e7\u00e3o foram distribu\u00eddas as c\u00f3pias impressas da mensagem do Papa Francisco para a Quaresma de 2014. O prop\u00f3sito \u00e9 que toda a Comunidade receba uma c\u00f3pia, fa\u00e7a a leitura e reflex\u00e3o e depois repasse para outras pessoas, considerando especialmente o profundo conte\u00fado. O Pe Julio ressaltou alguns pontos, com destaque para que a Igreja saia para as ruas e n\u00e3o fique isolada dentro dela mesma, sendo misericordiosa. Inclusive salientou aquele trecho onde o santo pont\u00edfice diz: \u201cDesconfio da esmola que n\u00e3o custa nem d\u00f3i.\u201d<\/p>\n<p>Vejam as fotos<\/p>\n<p style=\"text-align: justify;\">ngg_shortcode_0_placeholder<\/p>\n<div id=\"themify_builder_content-24348\" data-postid=\"24348\" class=\"themify_builder_content themify_builder_content-24348 themify_builder themify_builder_front\">\n\t<\/div>\n<!-- \/themify_builder_content -->","protected":false},"excerpt":{"rendered":"<p>Mais 16 crian\u00e7as foram batizadas neste domingo 23\/02\/2014, na Capela da Universidade S\u00e3o Judas Tadeu. A comunidade S\u00e3o Miguel Arcanjo vai ficando maior. Assim foram batizados a Alice Rufino Malavazi, Arthur Cascaldi Andrade, Giulia Valentino Maltini, Isabelle Cambero Fernandes, Isabelle Salom\u00e3o Barbosa, Isadora de Almeida Barros, Maria Clara Pereira, Maria Eduarda M. Gomes, Maria J. [&hellip;]<\/p>\n","protected":false},"author":10,"featured_media":0,"comment_status":"open","ping_status":"open","sticky":false,"template":"","format":"standard","meta":{"ngg_post_thumbnail":0,"footnotes":""},"categories":[8],"tags":[3008],"yoast_head":"<!-- This site is optimized with the Yoast SEO plugin v23.5 - https:\/\/yoast.com\/wordpress\/plugins\/seo\/ -->\n<title>Batizados de Fevereiro de 2014 - O Arcanjo no ar<\/title>\n<meta name=\"robots\" content=\"index, follow, max-snippet:-1, max-image-preview:large, max-video-preview:-1\" \/>\n<link rel=\"canonical\" href=\"https:\/\/www.oarcanjo.net\/site\/batizado-de-fevereiro-de-2014\/\" \/>\n<meta property=\"og:locale\" content=\"pt_BR\" \/>\n<meta property=\"og:type\" content=\"article\" \/>\n<meta property=\"og:title\" content=\"Batizados de Fevereiro de 2014 - O Arcanjo no ar\" \/>\n<meta property=\"og:description\" content=\"Mais 16 crian\u00e7as foram batizadas neste domingo 23\/02\/2014, na Capela da Universidade S\u00e3o Judas Tadeu. A comunidade S\u00e3o Miguel Arcanjo vai ficando maior. Assim foram batizados a Alice Rufino Malavazi, Arthur Cascaldi Andrade, Giulia Valentino Maltini, Isabelle Cambero Fernandes, Isabelle Salom\u00e3o Barbosa, Isadora de Almeida Barros, Maria Clara Pereira, Maria Eduarda M. Gomes, Maria J. [&hellip;]\" \/>\n<meta property=\"og:url\" content=\"https:\/\/www.oarcanjo.net\/site\/batizado-de-fevereiro-de-2014\/\" \/>\n<meta property=\"og:site_name\" content=\"O Arcanjo no ar\" \/>\n<meta property=\"article:publisher\" content=\"https:\/\/www.facebook.com\/OArcanjoNoAr\/\" \/>\n<meta property=\"article:published_time\" content=\"2014-02-24T02:31:11+00:00\" \/>\n<meta property=\"article:modified_time\" content=\"2014-03-31T14:57:12+00:00\" \/>\n<meta property=\"og:image\" content=\"https:\/\/www.oarcanjo.net\/site\/wp-content\/uploads\/logo-o-arcanjo-no-ar-facebook.png\" \/>\n\t<meta property=\"og:image:width\" content=\"300\" \/>\n\t<meta property=\"og:image:height\" content=\"300\" \/>\n\t<meta property=\"og:image:type\" content=\"image\/png\" \/>\n<meta name=\"author\" content=\"carlos\" \/>\n<meta name=\"twitter:card\" content=\"summary_large_image\" \/>\n<meta name=\"twitter:label1\" content=\"Escrito por\" \/>\n\t<meta name=\"twitter:data1\" content=\"carlos\" \/>\n\t<meta name=\"twitter:label2\" content=\"Est. tempo de leitura\" \/>\n\t<meta name=\"twitter:data2\" content=\"2 minutos\" \/>\n<script type=\"application\/ld+json\" class=\"yoast-schema-graph\">{\"@context\":\"https:\/\/schema.org\",\"@graph\":[{\"@type\":\"Article\",\"@id\":\"https:\/\/www.oarcanjo.net\/site\/batizado-de-fevereiro-de-2014\/#article\",\"isPartOf\":{\"@id\":\"https:\/\/www.oarcanjo.net\/site\/batizado-de-fevereiro-de-2014\/\"},\"author\":{\"name\":\"carlos\",\"@id\":\"https:\/\/www.oarcanjo.net\/site\/#\/schema\/person\/f7870e710d8c8c30673de3a0ac2e451d\"},\"headline\":\"Batizados de Fevereiro de 2014\",\"datePublished\":\"2014-02-24T02:31:11+00:00\",\"dateModified\":\"2014-03-31T14:57:12+00:00\",\"mainEntityOfPage\":{\"@id\":\"https:\/\/www.oarcanjo.net\/site\/batizado-de-fevereiro-de-2014\/\"},\"wordCount\":345,\"commentCount\":0,\"publisher\":{\"@id\":\"https:\/\/www.oarcanjo.net\/site\/#organization\"},\"keywords\":[\"batizados de fevereiro de 2014\"],\"articleSection\":[\"Not\u00edcias\"],\"inLanguage\":\"pt-BR\",\"potentialAction\":[{\"@type\":\"CommentAction\",\"name\":\"Comment\",\"target\":[\"https:\/\/www.oarcanjo.net\/site\/batizado-de-fevereiro-de-2014\/#respond\"]}]},{\"@type\":\"WebPage\",\"@id\":\"https:\/\/www.oarcanjo.net\/site\/batizado-de-fevereiro-de-2014\/\",\"url\":\"https:\/\/www.oarcanjo.net\/site\/batizado-de-fevereiro-de-2014\/\",\"name\":\"Batizados de Fevereiro de 2014 - O Arcanjo no ar\",\"isPartOf\":{\"@id\":\"https:\/\/www.oarcanjo.net\/site\/#website\"},\"datePublished\":\"2014-02-24T02:31:11+00:00\",\"dateModified\":\"2014-03-31T14:57:12+00:00\",\"breadcrumb\":{\"@id\":\"https:\/\/www.oarcanjo.net\/site\/batizado-de-fevereiro-de-2014\/#breadcrumb\"},\"inLanguage\":\"pt-BR\",\"potentialAction\":[{\"@type\":\"ReadAction\",\"target\":[\"https:\/\/www.oarcanjo.net\/site\/batizado-de-fevereiro-de-2014\/\"]}]},{\"@type\":\"BreadcrumbList\",\"@id\":\"https:\/\/www.oarcanjo.net\/site\/batizado-de-fevereiro-de-2014\/#breadcrumb\",\"itemListElement\":[{\"@type\":\"ListItem\",\"position\":1,\"name\":\"In\u00edcio\",\"item\":\"https:\/\/www.oarcanjo.net\/site\/\"},{\"@type\":\"ListItem\",\"position\":2,\"name\":\"Batizados de Fevereiro de 2014\"}]},{\"@type\":\"WebSite\",\"@id\":\"https:\/\/www.oarcanjo.net\/site\/#website\",\"url\":\"https:\/\/www.oarcanjo.net\/site\/\",\"name\":\"O Arcanjo no ar\",\"description\":\"Site da Par\u00f3quia S\u00e3o Miguel Arcanjo (Arquidiocese de SP)\",\"publisher\":{\"@id\":\"https:\/\/www.oarcanjo.net\/site\/#organization\"},\"potentialAction\":[{\"@type\":\"SearchAction\",\"target\":{\"@type\":\"EntryPoint\",\"urlTemplate\":\"https:\/\/www.oarcanjo.net\/site\/?s={search_term_string}\"},\"query-input\":{\"@type\":\"PropertyValueSpecification\",\"valueRequired\":true,\"valueName\":\"search_term_string\"}}],\"inLanguage\":\"pt-BR\"},{\"@type\":\"Organization\",\"@id\":\"https:\/\/www.oarcanjo.net\/site\/#organization\",\"name\":\"Par\u00f3quia S\u00e3o Miguel Arcanjo\",\"url\":\"https:\/\/www.oarcanjo.net\/site\/\",\"logo\":{\"@type\":\"ImageObject\",\"inLanguage\":\"pt-BR\",\"@id\":\"https:\/\/www.oarcanjo.net\/site\/#\/schema\/logo\/image\/\",\"url\":\"https:\/\/www.oarcanjo.net\/site\/wp-content\/uploads\/LogoOArcanjo.png\",\"contentUrl\":\"https:\/\/www.oarcanjo.net\/site\/wp-content\/uploads\/LogoOArcanjo.png\",\"width\":319,\"height\":99,\"caption\":\"Par\u00f3quia S\u00e3o Miguel Arcanjo\"},\"image\":{\"@id\":\"https:\/\/www.oarcanjo.net\/site\/#\/schema\/logo\/image\/\"},\"sameAs\":[\"https:\/\/www.facebook.com\/OArcanjoNoAr\/\"]},{\"@type\":\"Person\",\"@id\":\"https:\/\/www.oarcanjo.net\/site\/#\/schema\/person\/f7870e710d8c8c30673de3a0ac2e451d\",\"name\":\"carlos\"}]}<\/script>\n<!-- \/ Yoast SEO plugin. -->","yoast_head_json":{"title":"Batizados de Fevereiro de 2014 - O Arcanjo no ar","robots":{"index":"index","follow":"follow","max-snippet":"max-snippet:-1","max-image-preview":"max-image-preview:large","max-video-preview":"max-video-preview:-1"},"canonical":"https:\/\/www.oarcanjo.net\/site\/batizado-de-fevereiro-de-2014\/","og_locale":"pt_BR","og_type":"article","og_title":"Batizados de Fevereiro de 2014 - O Arcanjo no ar","og_description":"Mais 16 crian\u00e7as foram batizadas neste domingo 23\/02\/2014, na Capela da Universidade S\u00e3o Judas Tadeu. A comunidade S\u00e3o Miguel Arcanjo vai ficando maior. Assim foram batizados a Alice Rufino Malavazi, Arthur Cascaldi Andrade, Giulia Valentino Maltini, Isabelle Cambero Fernandes, Isabelle Salom\u00e3o Barbosa, Isadora de Almeida Barros, Maria Clara Pereira, Maria Eduarda M. Gomes, Maria J. [&hellip;]","og_url":"https:\/\/www.oarcanjo.net\/site\/batizado-de-fevereiro-de-2014\/","og_site_name":"O Arcanjo no ar","article_publisher":"https:\/\/www.facebook.com\/OArcanjoNoAr\/","article_published_time":"2014-02-24T02:31:11+00:00","article_modified_time":"2014-03-31T14:57:12+00:00","og_image":[{"width":300,"height":300,"url":"https:\/\/www.oarcanjo.net\/site\/wp-content\/uploads\/logo-o-arcanjo-no-ar-facebook.png","type":"image\/png"}],"author":"carlos","twitter_card":"summary_large_image","twitter_misc":{"Escrito por":"carlos","Est. tempo de leitura":"2 minutos"},"schema":{"@context":"https:\/\/schema.org","@graph":[{"@type":"Article","@id":"https:\/\/www.oarcanjo.net\/site\/batizado-de-fevereiro-de-2014\/#article","isPartOf":{"@id":"https:\/\/www.oarcanjo.net\/site\/batizado-de-fevereiro-de-2014\/"},"author":{"name":"carlos","@id":"https:\/\/www.oarcanjo.net\/site\/#\/schema\/person\/f7870e710d8c8c30673de3a0ac2e451d"},"headline":"Batizados de Fevereiro de 2014","datePublished":"2014-02-24T02:31:11+00:00","dateModified":"2014-03-31T14:57:12+00:00","mainEntityOfPage":{"@id":"https:\/\/www.oarcanjo.net\/site\/batizado-de-fevereiro-de-2014\/"},"wordCount":345,"commentCount":0,"publisher":{"@id":"https:\/\/www.oarcanjo.net\/site\/#organization"},"keywords":["batizados de fevereiro de 2014"],"articleSection":["Not\u00edcias"],"inLanguage":"pt-BR","potentialAction":[{"@type":"CommentAction","name":"Comment","target":["https:\/\/www.oarcanjo.net\/site\/batizado-de-fevereiro-de-2014\/#respond"]}]},{"@type":"WebPage","@id":"https:\/\/www.oarcanjo.net\/site\/batizado-de-fevereiro-de-2014\/","url":"https:\/\/www.oarcanjo.net\/site\/batizado-de-fevereiro-de-2014\/","name":"Batizados de Fevereiro de 2014 - O Arcanjo no ar","isPartOf":{"@id":"https:\/\/www.oarcanjo.net\/site\/#website"},"datePublished":"2014-02-24T02:31:11+00:00","dateModified":"2014-03-31T14:57:12+00:00","breadcrumb":{"@id":"https:\/\/www.oarcanjo.net\/site\/batizado-de-fevereiro-de-2014\/#breadcrumb"},"inLanguage":"pt-BR","potentialAction":[{"@type":"ReadAction","target":["https:\/\/www.oarcanjo.net\/site\/batizado-de-fevereiro-de-2014\/"]}]},{"@type":"BreadcrumbList","@id":"https:\/\/www.oarcanjo.net\/site\/batizado-de-fevereiro-de-2014\/#breadcrumb","itemListElement":[{"@type":"ListItem","position":1,"name":"In\u00edcio","item":"https:\/\/www.oarcanjo.net\/site\/"},{"@type":"ListItem","position":2,"name":"Batizados de Fevereiro de 2014"}]},{"@type":"WebSite","@id":"https:\/\/www.oarcanjo.net\/site\/#website","url":"https:\/\/www.oarcanjo.net\/site\/","name":"O Arcanjo no ar","description":"Site da Par\u00f3quia S\u00e3o Miguel Arcanjo (Arquidiocese de SP)","publisher":{"@id":"https:\/\/www.oarcanjo.net\/site\/#organization"},"potentialAction":[{"@type":"SearchAction","target":{"@type":"EntryPoint","urlTemplate":"https:\/\/www.oarcanjo.net\/site\/?s={search_term_string}"},"query-input":{"@type":"PropertyValueSpecification","valueRequired":true,"valueName":"search_term_string"}}],"inLanguage":"pt-BR"},{"@type":"Organization","@id":"https:\/\/www.oarcanjo.net\/site\/#organization","name":"Par\u00f3quia S\u00e3o Miguel Arcanjo","url":"https:\/\/www.oarcanjo.net\/site\/","logo":{"@type":"ImageObject","inLanguage":"pt-BR","@id":"https:\/\/www.oarcanjo.net\/site\/#\/schema\/logo\/image\/","url":"https:\/\/www.oarcanjo.net\/site\/wp-content\/uploads\/LogoOArcanjo.png","contentUrl":"https:\/\/www.oarcanjo.net\/site\/wp-content\/uploads\/LogoOArcanjo.png","width":319,"height":99,"caption":"Par\u00f3quia S\u00e3o Miguel Arcanjo"},"image":{"@id":"https:\/\/www.oarcanjo.net\/site\/#\/schema\/logo\/image\/"},"sameAs":["https:\/\/www.facebook.com\/OArcanjoNoAr\/"]},{"@type":"Person","@id":"https:\/\/www.oarcanjo.net\/site\/#\/schema\/person\/f7870e710d8c8c30673de3a0ac2e451d","name":"carlos"}]}},"publishpress_future_action":{"enabled":false,"date":"2026-05-08 12:39:21","action":"category","newStatus":"draft","terms":[],"taxonomy":"category"},"publishpress_future_workflow_manual_trigger":{"enabledWorkflows":[]},"_links":{"self":[{"href":"https:\/\/www.oarcanjo.net\/site\/wp-json\/wp\/v2\/posts\/24348"}],"collection":[{"href":"https:\/\/www.oarcanjo.net\/site\/wp-json\/wp\/v2\/posts"}],"about":[{"href":"https:\/\/www.oarcanjo.net\/site\/wp-json\/wp\/v2\/types\/post"}],"author":[{"embeddable":true,"href":"https:\/\/www.oarcanjo.net\/site\/wp-json\/wp\/v2\/users\/10"}],"replies":[{"embeddable":true,"href":"https:\/\/www.oarcanjo.net\/site\/wp-json\/wp\/v2\/comments?post=24348"}],"version-history":[{"count":0,"href":"https:\/\/www.oarcanjo.net\/site\/wp-json\/wp\/v2\/posts\/24348\/revisions"}],"wp:attachment":[{"href":"https:\/\/www.oarcanjo.net\/site\/wp-json\/wp\/v2\/media?parent=24348"}],"wp:term":[{"taxonomy":"category","embeddable":true,"href":"https:\/\/www.oarcanjo.net\/site\/wp-json\/wp\/v2\/categories?post=24348"},{"taxonomy":"post_tag","embeddable":true,"href":"https:\/\/www.oarcanjo.net\/site\/wp-json\/wp\/v2\/tags?post=24348"}],"curies":[{"name":"wp","href":"https:\/\/api.w.org\/{rel}","templated":true}]}}