
{"id":2436,"date":"2009-03-20T12:38:46","date_gmt":"2009-03-20T15:38:46","guid":{"rendered":"http:\/\/www.oarcanjo.net\/site\/?p=2436"},"modified":"2009-03-21T12:43:50","modified_gmt":"2009-03-21T15:43:50","slug":"nao-se-combate-drogas-com-drogas","status":"publish","type":"post","link":"https:\/\/www.oarcanjo.net\/site\/nao-se-combate-drogas-com-drogas\/","title":{"rendered":"N\u00e3o se combate drogas com drogas"},"content":{"rendered":"<p>A Santa S\u00e9 advertiu a comunidade internacional, baseando-se na experi\u00eancia das institui\u00e7\u00f5es cat\u00f3licas de sa\u00fade dos cinco continentes, que n\u00e3o \u00e9 poss\u00edvel combater as drogas com drogas. <\/p>\n<p>Assim explicou o bispo Jos\u00e9 Luis Redrado Marchite, secret\u00e1rio do Conselho Pontif\u00edcio para a Pastoral da Sa\u00fade, em sua interven\u00e7\u00e3o em nome da Santa S\u00e9 na sess\u00e3o da Comiss\u00e3o da ONU contra as drogas, que se realiza de 11 a 20 de mar\u00e7o na capital austr\u00edaca. <\/p>\n<p>&#8220;A atividade capilar das organiza\u00e7\u00f5es e das institui\u00e7\u00f5es da Igreja Cat\u00f3lica que trabalham no setor nos diz que o ter substitu\u00eddo as drogas com as drogas agravou ainda mais a situa\u00e7\u00e3o no curso dos anos, tornando a depend\u00eancia cr\u00f4nica, e sem responder \u00e0 quest\u00e3o do sentido da vida que, segundo nosso parecer, constitui o centro do problema&#8221;, reconheceu o bispo espanhol. <\/p>\n<p>O representante papal aludia \u00e0s campanhas de luta contra as drogas aplicadas em v\u00e1rios pa\u00edses que se basearam na distribui\u00e7\u00e3o de drogas leves, em certas ocasi\u00f5es inclusive subvencionadas. <\/p>\n<p>Pelo contr\u00e1rio, afirmou Dom Redrado, &#8220;uma sociedade livre das drogas exige dos Estados a forte vontade pol\u00edtica de extirpar definitivamente este fen\u00f4meno que alguns consideram uma realidade que j\u00e1 faz parte de nosso viver cotidiano e para a qual simplesmente se poderiam limitar os danos&#8221;. <\/p>\n<p>A Igreja, afirmou, considera que a luta contra as drogas deve basear-se em uma &#8220;estrat\u00e9gia de recupera\u00e7\u00e3o do respeito da vida e da dignidade da pessoa do dependente qu\u00edmico&#8221;. <\/p>\n<p>Isso exige, acrescentou, &#8220;o envolvimento da fam\u00edlia como c\u00e9lula educativa prim\u00e1ria e a contribui\u00e7\u00e3o positiva e multiforme das for\u00e7as, institui\u00e7\u00f5es e associa\u00e7\u00f5es comprometidas na sociedade para acompanhar aos dependentes qu\u00edmicos a que se inspirem nos nobres princ\u00edpios e valores do amor e da solidariedade&#8221;. <\/p>\n<p>O prelado reconheceu que os programas da Igreja na luta e preven\u00e7\u00e3o das drogas tiveram particular \u00eaxito na Espanha, Fran\u00e7a, Irlanda e Portugal. <\/p>\n<p>A chave do \u00eaxito, afirmou, deve-se &#8220;a uma intensa atividade de preven\u00e7\u00e3o e de assist\u00eancia mediante campanhas de sensibiliza\u00e7\u00e3o, semin\u00e1rios, cursos e congressos espec\u00edficos sobre o tema, a desintoxica\u00e7\u00e3o f\u00edsica e a reabilita\u00e7\u00e3o do jovem no \u00e2mbito familiar e social&#8221;. <\/p>\n<p>Para isso, indicou, \u00e9 necess\u00e1rio garantir &#8220;tanto a interven\u00e7\u00e3o m\u00e9dica como a ajuda psicol\u00f3gica e a promo\u00e7\u00e3o entre os jovens adolescentes de um estilo e comportamento de vida que sejam uma garantia favor\u00e1vel para sua sa\u00fade&#8221;. <\/p>\n<p>Agora, concluiu, &#8220;a vontade de libertar o tecido social desta amea\u00e7a insidiosa que gera o crime e a viol\u00eancia e que contribui para a destrui\u00e7\u00e3o f\u00edsica e moral de numerosas pessoas e fam\u00edlias, exige a firme resolu\u00e7\u00e3o pol\u00edtica, a coopera\u00e7\u00e3o internacional e a ajuda de toda a comunidade&#8221;. <\/p>\n<p><em>(fonte: Zenit)<\/em><\/p>\n<div id=\"themify_builder_content-2436\" data-postid=\"2436\" class=\"themify_builder_content themify_builder_content-2436 themify_builder themify_builder_front\">\n\t<\/div>\n<!-- \/themify_builder_content -->","protected":false},"excerpt":{"rendered":"<p>A Santa S\u00e9 advertiu a comunidade internacional, baseando-se na experi\u00eancia das institui\u00e7\u00f5es cat\u00f3licas de sa\u00fade dos cinco continentes, que n\u00e3o \u00e9 poss\u00edvel combater as drogas com drogas. Assim explicou o bispo Jos\u00e9 Luis Redrado Marchite, secret\u00e1rio do Conselho Pontif\u00edcio para a Pastoral da Sa\u00fade, em sua interven\u00e7\u00e3o em nome da Santa S\u00e9 na sess\u00e3o da [&hellip;]<\/p>\n","protected":false},"author":5,"featured_media":0,"comment_status":"open","ping_status":"open","sticky":false,"template":"","format":"standard","meta":{"ngg_post_thumbnail":0,"footnotes":""},"categories":[8],"tags":[364,365,34],"yoast_head":"<!-- This site is optimized with the Yoast SEO plugin v23.5 - https:\/\/yoast.com\/wordpress\/plugins\/seo\/ -->\n<title>N\u00e3o se combate drogas com drogas - O Arcanjo no ar<\/title>\n<meta name=\"robots\" content=\"index, follow, max-snippet:-1, max-image-preview:large, max-video-preview:-1\" \/>\n<link rel=\"canonical\" href=\"https:\/\/www.oarcanjo.net\/site\/nao-se-combate-drogas-com-drogas\/\" \/>\n<meta property=\"og:locale\" content=\"pt_BR\" \/>\n<meta property=\"og:type\" content=\"article\" \/>\n<meta property=\"og:title\" content=\"N\u00e3o se combate drogas com drogas - O Arcanjo no ar\" \/>\n<meta property=\"og:description\" content=\"A Santa S\u00e9 advertiu a comunidade internacional, baseando-se na experi\u00eancia das institui\u00e7\u00f5es cat\u00f3licas de sa\u00fade dos cinco continentes, que n\u00e3o \u00e9 poss\u00edvel combater as drogas com drogas. Assim explicou o bispo Jos\u00e9 Luis Redrado Marchite, secret\u00e1rio do Conselho Pontif\u00edcio para a Pastoral da Sa\u00fade, em sua interven\u00e7\u00e3o em nome da Santa S\u00e9 na sess\u00e3o da [&hellip;]\" \/>\n<meta property=\"og:url\" content=\"https:\/\/www.oarcanjo.net\/site\/nao-se-combate-drogas-com-drogas\/\" \/>\n<meta property=\"og:site_name\" content=\"O Arcanjo no ar\" \/>\n<meta property=\"article:publisher\" content=\"https:\/\/www.facebook.com\/OArcanjoNoAr\/\" \/>\n<meta property=\"article:published_time\" content=\"2009-03-20T15:38:46+00:00\" \/>\n<meta property=\"article:modified_time\" content=\"2009-03-21T15:43:50+00:00\" \/>\n<meta property=\"og:image\" content=\"https:\/\/www.oarcanjo.net\/site\/wp-content\/uploads\/logo-o-arcanjo-no-ar-facebook.png\" \/>\n\t<meta property=\"og:image:width\" content=\"300\" \/>\n\t<meta property=\"og:image:height\" content=\"300\" \/>\n\t<meta property=\"og:image:type\" content=\"image\/png\" \/>\n<meta name=\"author\" content=\"editor\" \/>\n<meta name=\"twitter:card\" content=\"summary_large_image\" \/>\n<meta name=\"twitter:label1\" content=\"Escrito por\" \/>\n\t<meta name=\"twitter:data1\" content=\"editor\" \/>\n\t<meta name=\"twitter:label2\" content=\"Est. tempo de leitura\" \/>\n\t<meta name=\"twitter:data2\" content=\"2 minutos\" \/>\n<script type=\"application\/ld+json\" class=\"yoast-schema-graph\">{\"@context\":\"https:\/\/schema.org\",\"@graph\":[{\"@type\":\"Article\",\"@id\":\"https:\/\/www.oarcanjo.net\/site\/nao-se-combate-drogas-com-drogas\/#article\",\"isPartOf\":{\"@id\":\"https:\/\/www.oarcanjo.net\/site\/nao-se-combate-drogas-com-drogas\/\"},\"author\":{\"name\":\"editor\",\"@id\":\"https:\/\/www.oarcanjo.net\/site\/#\/schema\/person\/f7024d007863202483a31326673a0838\"},\"headline\":\"N\u00e3o se combate drogas com drogas\",\"datePublished\":\"2009-03-20T15:38:46+00:00\",\"dateModified\":\"2009-03-21T15:43:50+00:00\",\"mainEntityOfPage\":{\"@id\":\"https:\/\/www.oarcanjo.net\/site\/nao-se-combate-drogas-com-drogas\/\"},\"wordCount\":497,\"commentCount\":1,\"publisher\":{\"@id\":\"https:\/\/www.oarcanjo.net\/site\/#organization\"},\"keywords\":[\"Drogas\",\"Santa S\u00e9\",\"vaticano\"],\"articleSection\":[\"Not\u00edcias\"],\"inLanguage\":\"pt-BR\",\"potentialAction\":[{\"@type\":\"CommentAction\",\"name\":\"Comment\",\"target\":[\"https:\/\/www.oarcanjo.net\/site\/nao-se-combate-drogas-com-drogas\/#respond\"]}]},{\"@type\":\"WebPage\",\"@id\":\"https:\/\/www.oarcanjo.net\/site\/nao-se-combate-drogas-com-drogas\/\",\"url\":\"https:\/\/www.oarcanjo.net\/site\/nao-se-combate-drogas-com-drogas\/\",\"name\":\"N\u00e3o se combate drogas com drogas - O Arcanjo no ar\",\"isPartOf\":{\"@id\":\"https:\/\/www.oarcanjo.net\/site\/#website\"},\"datePublished\":\"2009-03-20T15:38:46+00:00\",\"dateModified\":\"2009-03-21T15:43:50+00:00\",\"breadcrumb\":{\"@id\":\"https:\/\/www.oarcanjo.net\/site\/nao-se-combate-drogas-com-drogas\/#breadcrumb\"},\"inLanguage\":\"pt-BR\",\"potentialAction\":[{\"@type\":\"ReadAction\",\"target\":[\"https:\/\/www.oarcanjo.net\/site\/nao-se-combate-drogas-com-drogas\/\"]}]},{\"@type\":\"BreadcrumbList\",\"@id\":\"https:\/\/www.oarcanjo.net\/site\/nao-se-combate-drogas-com-drogas\/#breadcrumb\",\"itemListElement\":[{\"@type\":\"ListItem\",\"position\":1,\"name\":\"In\u00edcio\",\"item\":\"https:\/\/www.oarcanjo.net\/site\/\"},{\"@type\":\"ListItem\",\"position\":2,\"name\":\"N\u00e3o se combate drogas com drogas\"}]},{\"@type\":\"WebSite\",\"@id\":\"https:\/\/www.oarcanjo.net\/site\/#website\",\"url\":\"https:\/\/www.oarcanjo.net\/site\/\",\"name\":\"O Arcanjo no ar\",\"description\":\"Site da Par\u00f3quia S\u00e3o Miguel Arcanjo (Arquidiocese de SP)\",\"publisher\":{\"@id\":\"https:\/\/www.oarcanjo.net\/site\/#organization\"},\"potentialAction\":[{\"@type\":\"SearchAction\",\"target\":{\"@type\":\"EntryPoint\",\"urlTemplate\":\"https:\/\/www.oarcanjo.net\/site\/?s={search_term_string}\"},\"query-input\":{\"@type\":\"PropertyValueSpecification\",\"valueRequired\":true,\"valueName\":\"search_term_string\"}}],\"inLanguage\":\"pt-BR\"},{\"@type\":\"Organization\",\"@id\":\"https:\/\/www.oarcanjo.net\/site\/#organization\",\"name\":\"Par\u00f3quia S\u00e3o Miguel Arcanjo\",\"url\":\"https:\/\/www.oarcanjo.net\/site\/\",\"logo\":{\"@type\":\"ImageObject\",\"inLanguage\":\"pt-BR\",\"@id\":\"https:\/\/www.oarcanjo.net\/site\/#\/schema\/logo\/image\/\",\"url\":\"https:\/\/www.oarcanjo.net\/site\/wp-content\/uploads\/LogoOArcanjo.png\",\"contentUrl\":\"https:\/\/www.oarcanjo.net\/site\/wp-content\/uploads\/LogoOArcanjo.png\",\"width\":319,\"height\":99,\"caption\":\"Par\u00f3quia S\u00e3o Miguel Arcanjo\"},\"image\":{\"@id\":\"https:\/\/www.oarcanjo.net\/site\/#\/schema\/logo\/image\/\"},\"sameAs\":[\"https:\/\/www.facebook.com\/OArcanjoNoAr\/\"]},{\"@type\":\"Person\",\"@id\":\"https:\/\/www.oarcanjo.net\/site\/#\/schema\/person\/f7024d007863202483a31326673a0838\",\"name\":\"editor\",\"sameAs\":[\"http:\/\/www.oarcanjo.net\"]}]}<\/script>\n<!-- \/ Yoast SEO plugin. -->","yoast_head_json":{"title":"N\u00e3o se combate drogas com drogas - O Arcanjo no ar","robots":{"index":"index","follow":"follow","max-snippet":"max-snippet:-1","max-image-preview":"max-image-preview:large","max-video-preview":"max-video-preview:-1"},"canonical":"https:\/\/www.oarcanjo.net\/site\/nao-se-combate-drogas-com-drogas\/","og_locale":"pt_BR","og_type":"article","og_title":"N\u00e3o se combate drogas com drogas - O Arcanjo no ar","og_description":"A Santa S\u00e9 advertiu a comunidade internacional, baseando-se na experi\u00eancia das institui\u00e7\u00f5es cat\u00f3licas de sa\u00fade dos cinco continentes, que n\u00e3o \u00e9 poss\u00edvel combater as drogas com drogas. Assim explicou o bispo Jos\u00e9 Luis Redrado Marchite, secret\u00e1rio do Conselho Pontif\u00edcio para a Pastoral da Sa\u00fade, em sua interven\u00e7\u00e3o em nome da Santa S\u00e9 na sess\u00e3o da [&hellip;]","og_url":"https:\/\/www.oarcanjo.net\/site\/nao-se-combate-drogas-com-drogas\/","og_site_name":"O Arcanjo no ar","article_publisher":"https:\/\/www.facebook.com\/OArcanjoNoAr\/","article_published_time":"2009-03-20T15:38:46+00:00","article_modified_time":"2009-03-21T15:43:50+00:00","og_image":[{"width":300,"height":300,"url":"https:\/\/www.oarcanjo.net\/site\/wp-content\/uploads\/logo-o-arcanjo-no-ar-facebook.png","type":"image\/png"}],"author":"editor","twitter_card":"summary_large_image","twitter_misc":{"Escrito por":"editor","Est. tempo de leitura":"2 minutos"},"schema":{"@context":"https:\/\/schema.org","@graph":[{"@type":"Article","@id":"https:\/\/www.oarcanjo.net\/site\/nao-se-combate-drogas-com-drogas\/#article","isPartOf":{"@id":"https:\/\/www.oarcanjo.net\/site\/nao-se-combate-drogas-com-drogas\/"},"author":{"name":"editor","@id":"https:\/\/www.oarcanjo.net\/site\/#\/schema\/person\/f7024d007863202483a31326673a0838"},"headline":"N\u00e3o se combate drogas com drogas","datePublished":"2009-03-20T15:38:46+00:00","dateModified":"2009-03-21T15:43:50+00:00","mainEntityOfPage":{"@id":"https:\/\/www.oarcanjo.net\/site\/nao-se-combate-drogas-com-drogas\/"},"wordCount":497,"commentCount":1,"publisher":{"@id":"https:\/\/www.oarcanjo.net\/site\/#organization"},"keywords":["Drogas","Santa S\u00e9","vaticano"],"articleSection":["Not\u00edcias"],"inLanguage":"pt-BR","potentialAction":[{"@type":"CommentAction","name":"Comment","target":["https:\/\/www.oarcanjo.net\/site\/nao-se-combate-drogas-com-drogas\/#respond"]}]},{"@type":"WebPage","@id":"https:\/\/www.oarcanjo.net\/site\/nao-se-combate-drogas-com-drogas\/","url":"https:\/\/www.oarcanjo.net\/site\/nao-se-combate-drogas-com-drogas\/","name":"N\u00e3o se combate drogas com drogas - O Arcanjo no ar","isPartOf":{"@id":"https:\/\/www.oarcanjo.net\/site\/#website"},"datePublished":"2009-03-20T15:38:46+00:00","dateModified":"2009-03-21T15:43:50+00:00","breadcrumb":{"@id":"https:\/\/www.oarcanjo.net\/site\/nao-se-combate-drogas-com-drogas\/#breadcrumb"},"inLanguage":"pt-BR","potentialAction":[{"@type":"ReadAction","target":["https:\/\/www.oarcanjo.net\/site\/nao-se-combate-drogas-com-drogas\/"]}]},{"@type":"BreadcrumbList","@id":"https:\/\/www.oarcanjo.net\/site\/nao-se-combate-drogas-com-drogas\/#breadcrumb","itemListElement":[{"@type":"ListItem","position":1,"name":"In\u00edcio","item":"https:\/\/www.oarcanjo.net\/site\/"},{"@type":"ListItem","position":2,"name":"N\u00e3o se combate drogas com drogas"}]},{"@type":"WebSite","@id":"https:\/\/www.oarcanjo.net\/site\/#website","url":"https:\/\/www.oarcanjo.net\/site\/","name":"O Arcanjo no ar","description":"Site da Par\u00f3quia S\u00e3o Miguel Arcanjo (Arquidiocese de SP)","publisher":{"@id":"https:\/\/www.oarcanjo.net\/site\/#organization"},"potentialAction":[{"@type":"SearchAction","target":{"@type":"EntryPoint","urlTemplate":"https:\/\/www.oarcanjo.net\/site\/?s={search_term_string}"},"query-input":{"@type":"PropertyValueSpecification","valueRequired":true,"valueName":"search_term_string"}}],"inLanguage":"pt-BR"},{"@type":"Organization","@id":"https:\/\/www.oarcanjo.net\/site\/#organization","name":"Par\u00f3quia S\u00e3o Miguel Arcanjo","url":"https:\/\/www.oarcanjo.net\/site\/","logo":{"@type":"ImageObject","inLanguage":"pt-BR","@id":"https:\/\/www.oarcanjo.net\/site\/#\/schema\/logo\/image\/","url":"https:\/\/www.oarcanjo.net\/site\/wp-content\/uploads\/LogoOArcanjo.png","contentUrl":"https:\/\/www.oarcanjo.net\/site\/wp-content\/uploads\/LogoOArcanjo.png","width":319,"height":99,"caption":"Par\u00f3quia S\u00e3o Miguel Arcanjo"},"image":{"@id":"https:\/\/www.oarcanjo.net\/site\/#\/schema\/logo\/image\/"},"sameAs":["https:\/\/www.facebook.com\/OArcanjoNoAr\/"]},{"@type":"Person","@id":"https:\/\/www.oarcanjo.net\/site\/#\/schema\/person\/f7024d007863202483a31326673a0838","name":"editor","sameAs":["http:\/\/www.oarcanjo.net"]}]}},"publishpress_future_action":{"enabled":false,"date":"2026-05-08 21:00:12","action":"category","newStatus":"draft","terms":[],"taxonomy":"category"},"publishpress_future_workflow_manual_trigger":{"enabledWorkflows":[]},"_links":{"self":[{"href":"https:\/\/www.oarcanjo.net\/site\/wp-json\/wp\/v2\/posts\/2436"}],"collection":[{"href":"https:\/\/www.oarcanjo.net\/site\/wp-json\/wp\/v2\/posts"}],"about":[{"href":"https:\/\/www.oarcanjo.net\/site\/wp-json\/wp\/v2\/types\/post"}],"author":[{"embeddable":true,"href":"https:\/\/www.oarcanjo.net\/site\/wp-json\/wp\/v2\/users\/5"}],"replies":[{"embeddable":true,"href":"https:\/\/www.oarcanjo.net\/site\/wp-json\/wp\/v2\/comments?post=2436"}],"version-history":[{"count":0,"href":"https:\/\/www.oarcanjo.net\/site\/wp-json\/wp\/v2\/posts\/2436\/revisions"}],"wp:attachment":[{"href":"https:\/\/www.oarcanjo.net\/site\/wp-json\/wp\/v2\/media?parent=2436"}],"wp:term":[{"taxonomy":"category","embeddable":true,"href":"https:\/\/www.oarcanjo.net\/site\/wp-json\/wp\/v2\/categories?post=2436"},{"taxonomy":"post_tag","embeddable":true,"href":"https:\/\/www.oarcanjo.net\/site\/wp-json\/wp\/v2\/tags?post=2436"}],"curies":[{"name":"wp","href":"https:\/\/api.w.org\/{rel}","templated":true}]}}