
{"id":24363,"date":"2014-02-24T23:17:02","date_gmt":"2014-02-25T02:17:02","guid":{"rendered":"http:\/\/www.oarcanjo.net\/site\/?p=24363"},"modified":"2014-02-25T09:13:57","modified_gmt":"2014-02-25T12:13:57","slug":"dom-edmar-a-liturgia-da-palavra","status":"publish","type":"post","link":"https:\/\/www.oarcanjo.net\/site\/dom-edmar-a-liturgia-da-palavra\/","title":{"rendered":"Dom Edmar: A Liturgia da Palavra"},"content":{"rendered":"<p>Dom Edmar Peron, bispo auxiliar da Arquidiocese de S\u00e3o Paulo, respons\u00e1vel pela Regi\u00e3o Bel\u00e9m, d\u00e1 continuidade \u00e0 medita\u00e7\u00e3o sobre a <strong>Liturgia da Missa<\/strong> a partir dos textos da <em>Instru\u00e7\u00e3o Geral do Missal Romano<\/em>, abordando nesta s\u00e9rie a <strong>Liturgia da Palavra<\/strong>.<\/p>\n<p><iframe loading=\"lazy\" frameborder=\"0\" height=\"315\" src=\"\/\/www.youtube.com\/embed\/videoseries?list=PLnNjCYl9ANED7Ysh12W-xMdeJni3vcSLi&amp;rel=0\" width=\"560\"><\/iframe><\/p>\n<p>Grava\u00e7\u00e3o realizada nos est\u00fadios da TV S\u00e3o Judas, da Universidade S\u00e3o Judas Tadeu. Realiza\u00e7\u00e3o: <a href=\"http:\/\/www.primaestudio.com.br\" target=\"_blank\">Prima Est\u00fadio<\/a>.<\/p>\n<p>Assista tamb\u00e9m aos v\u00eddeos sobre os <strong><a href=\"http:\/\/www.regiaobelem.org.br\/blog\/destaques\/os-ritos-iniciais-da-missa\/\">ritos iniciais da Missa<\/a><\/strong>.<\/p>\n<div id=\"themify_builder_content-24363\" data-postid=\"24363\" class=\"themify_builder_content themify_builder_content-24363 themify_builder themify_builder_front\">\n\t<\/div>\n<!-- \/themify_builder_content -->","protected":false},"excerpt":{"rendered":"<p>Dom Edmar Peron, bispo auxiliar da Arquidiocese de S\u00e3o Paulo, respons\u00e1vel pela Regi\u00e3o Bel\u00e9m, d\u00e1 continuidade \u00e0 medita\u00e7\u00e3o sobre a Liturgia da Missa a partir dos textos da Instru\u00e7\u00e3o Geral do Missal Romano, abordando nesta s\u00e9rie a Liturgia da Palavra. Grava\u00e7\u00e3o realizada nos est\u00fadios da TV S\u00e3o Judas, da Universidade S\u00e3o Judas Tadeu. Realiza\u00e7\u00e3o: Prima [&hellip;]<\/p>\n","protected":false},"author":5,"featured_media":0,"comment_status":"open","ping_status":"open","sticky":false,"template":"","format":"standard","meta":{"ngg_post_thumbnail":0,"footnotes":""},"categories":[3,8,1657,280],"tags":[3204,85],"yoast_head":"<!-- This site is optimized with the Yoast SEO plugin v23.5 - https:\/\/yoast.com\/wordpress\/plugins\/seo\/ -->\n<title>Dom Edmar: A Liturgia da Palavra - O Arcanjo no ar<\/title>\n<meta name=\"robots\" content=\"index, follow, max-snippet:-1, max-image-preview:large, max-video-preview:-1\" \/>\n<link rel=\"canonical\" href=\"https:\/\/www.oarcanjo.net\/site\/dom-edmar-a-liturgia-da-palavra\/\" \/>\n<meta property=\"og:locale\" content=\"pt_BR\" \/>\n<meta property=\"og:type\" content=\"article\" \/>\n<meta property=\"og:title\" content=\"Dom Edmar: A Liturgia da Palavra - O Arcanjo no ar\" \/>\n<meta property=\"og:description\" content=\"Dom Edmar Peron, bispo auxiliar da Arquidiocese de S\u00e3o Paulo, respons\u00e1vel pela Regi\u00e3o Bel\u00e9m, d\u00e1 continuidade \u00e0 medita\u00e7\u00e3o sobre a Liturgia da Missa a partir dos textos da Instru\u00e7\u00e3o Geral do Missal Romano, abordando nesta s\u00e9rie a Liturgia da Palavra. Grava\u00e7\u00e3o realizada nos est\u00fadios da TV S\u00e3o Judas, da Universidade S\u00e3o Judas Tadeu. Realiza\u00e7\u00e3o: Prima [&hellip;]\" \/>\n<meta property=\"og:url\" content=\"https:\/\/www.oarcanjo.net\/site\/dom-edmar-a-liturgia-da-palavra\/\" \/>\n<meta property=\"og:site_name\" content=\"O Arcanjo no ar\" \/>\n<meta property=\"article:publisher\" content=\"https:\/\/www.facebook.com\/OArcanjoNoAr\/\" \/>\n<meta property=\"article:published_time\" content=\"2014-02-25T02:17:02+00:00\" \/>\n<meta property=\"article:modified_time\" content=\"2014-02-25T12:13:57+00:00\" \/>\n<meta property=\"og:image\" content=\"https:\/\/www.oarcanjo.net\/site\/wp-content\/uploads\/logo-o-arcanjo-no-ar-facebook.png\" \/>\n\t<meta property=\"og:image:width\" content=\"300\" \/>\n\t<meta property=\"og:image:height\" content=\"300\" \/>\n\t<meta property=\"og:image:type\" content=\"image\/png\" \/>\n<meta name=\"author\" content=\"editor\" \/>\n<meta name=\"twitter:card\" content=\"summary_large_image\" \/>\n<meta name=\"twitter:label1\" content=\"Escrito por\" \/>\n\t<meta name=\"twitter:data1\" content=\"editor\" \/>\n<script type=\"application\/ld+json\" class=\"yoast-schema-graph\">{\"@context\":\"https:\/\/schema.org\",\"@graph\":[{\"@type\":\"Article\",\"@id\":\"https:\/\/www.oarcanjo.net\/site\/dom-edmar-a-liturgia-da-palavra\/#article\",\"isPartOf\":{\"@id\":\"https:\/\/www.oarcanjo.net\/site\/dom-edmar-a-liturgia-da-palavra\/\"},\"author\":{\"name\":\"editor\",\"@id\":\"https:\/\/www.oarcanjo.net\/site\/#\/schema\/person\/f7024d007863202483a31326673a0838\"},\"headline\":\"Dom Edmar: A Liturgia da Palavra\",\"datePublished\":\"2014-02-25T02:17:02+00:00\",\"dateModified\":\"2014-02-25T12:13:57+00:00\",\"mainEntityOfPage\":{\"@id\":\"https:\/\/www.oarcanjo.net\/site\/dom-edmar-a-liturgia-da-palavra\/\"},\"wordCount\":86,\"commentCount\":0,\"publisher\":{\"@id\":\"https:\/\/www.oarcanjo.net\/site\/#organization\"},\"keywords\":[\"Liturgia\",\"missa\"],\"articleSection\":[\"Destaques\",\"Not\u00edcias\",\"Orienta\u00e7\u00f5es\",\"V\u00eddeos\"],\"inLanguage\":\"pt-BR\",\"potentialAction\":[{\"@type\":\"CommentAction\",\"name\":\"Comment\",\"target\":[\"https:\/\/www.oarcanjo.net\/site\/dom-edmar-a-liturgia-da-palavra\/#respond\"]}]},{\"@type\":\"WebPage\",\"@id\":\"https:\/\/www.oarcanjo.net\/site\/dom-edmar-a-liturgia-da-palavra\/\",\"url\":\"https:\/\/www.oarcanjo.net\/site\/dom-edmar-a-liturgia-da-palavra\/\",\"name\":\"Dom Edmar: A Liturgia da Palavra - O Arcanjo no ar\",\"isPartOf\":{\"@id\":\"https:\/\/www.oarcanjo.net\/site\/#website\"},\"datePublished\":\"2014-02-25T02:17:02+00:00\",\"dateModified\":\"2014-02-25T12:13:57+00:00\",\"breadcrumb\":{\"@id\":\"https:\/\/www.oarcanjo.net\/site\/dom-edmar-a-liturgia-da-palavra\/#breadcrumb\"},\"inLanguage\":\"pt-BR\",\"potentialAction\":[{\"@type\":\"ReadAction\",\"target\":[\"https:\/\/www.oarcanjo.net\/site\/dom-edmar-a-liturgia-da-palavra\/\"]}]},{\"@type\":\"BreadcrumbList\",\"@id\":\"https:\/\/www.oarcanjo.net\/site\/dom-edmar-a-liturgia-da-palavra\/#breadcrumb\",\"itemListElement\":[{\"@type\":\"ListItem\",\"position\":1,\"name\":\"In\u00edcio\",\"item\":\"https:\/\/www.oarcanjo.net\/site\/\"},{\"@type\":\"ListItem\",\"position\":2,\"name\":\"Dom Edmar: A Liturgia da Palavra\"}]},{\"@type\":\"WebSite\",\"@id\":\"https:\/\/www.oarcanjo.net\/site\/#website\",\"url\":\"https:\/\/www.oarcanjo.net\/site\/\",\"name\":\"O Arcanjo no ar\",\"description\":\"Site da Par\u00f3quia S\u00e3o Miguel Arcanjo (Arquidiocese de SP)\",\"publisher\":{\"@id\":\"https:\/\/www.oarcanjo.net\/site\/#organization\"},\"potentialAction\":[{\"@type\":\"SearchAction\",\"target\":{\"@type\":\"EntryPoint\",\"urlTemplate\":\"https:\/\/www.oarcanjo.net\/site\/?s={search_term_string}\"},\"query-input\":{\"@type\":\"PropertyValueSpecification\",\"valueRequired\":true,\"valueName\":\"search_term_string\"}}],\"inLanguage\":\"pt-BR\"},{\"@type\":\"Organization\",\"@id\":\"https:\/\/www.oarcanjo.net\/site\/#organization\",\"name\":\"Par\u00f3quia S\u00e3o Miguel Arcanjo\",\"url\":\"https:\/\/www.oarcanjo.net\/site\/\",\"logo\":{\"@type\":\"ImageObject\",\"inLanguage\":\"pt-BR\",\"@id\":\"https:\/\/www.oarcanjo.net\/site\/#\/schema\/logo\/image\/\",\"url\":\"https:\/\/www.oarcanjo.net\/site\/wp-content\/uploads\/LogoOArcanjo.png\",\"contentUrl\":\"https:\/\/www.oarcanjo.net\/site\/wp-content\/uploads\/LogoOArcanjo.png\",\"width\":319,\"height\":99,\"caption\":\"Par\u00f3quia S\u00e3o Miguel Arcanjo\"},\"image\":{\"@id\":\"https:\/\/www.oarcanjo.net\/site\/#\/schema\/logo\/image\/\"},\"sameAs\":[\"https:\/\/www.facebook.com\/OArcanjoNoAr\/\"]},{\"@type\":\"Person\",\"@id\":\"https:\/\/www.oarcanjo.net\/site\/#\/schema\/person\/f7024d007863202483a31326673a0838\",\"name\":\"editor\",\"sameAs\":[\"http:\/\/www.oarcanjo.net\"]}]}<\/script>\n<!-- \/ Yoast SEO plugin. -->","yoast_head_json":{"title":"Dom Edmar: A Liturgia da Palavra - O Arcanjo no ar","robots":{"index":"index","follow":"follow","max-snippet":"max-snippet:-1","max-image-preview":"max-image-preview:large","max-video-preview":"max-video-preview:-1"},"canonical":"https:\/\/www.oarcanjo.net\/site\/dom-edmar-a-liturgia-da-palavra\/","og_locale":"pt_BR","og_type":"article","og_title":"Dom Edmar: A Liturgia da Palavra - O Arcanjo no ar","og_description":"Dom Edmar Peron, bispo auxiliar da Arquidiocese de S\u00e3o Paulo, respons\u00e1vel pela Regi\u00e3o Bel\u00e9m, d\u00e1 continuidade \u00e0 medita\u00e7\u00e3o sobre a Liturgia da Missa a partir dos textos da Instru\u00e7\u00e3o Geral do Missal Romano, abordando nesta s\u00e9rie a Liturgia da Palavra. Grava\u00e7\u00e3o realizada nos est\u00fadios da TV S\u00e3o Judas, da Universidade S\u00e3o Judas Tadeu. Realiza\u00e7\u00e3o: Prima [&hellip;]","og_url":"https:\/\/www.oarcanjo.net\/site\/dom-edmar-a-liturgia-da-palavra\/","og_site_name":"O Arcanjo no ar","article_publisher":"https:\/\/www.facebook.com\/OArcanjoNoAr\/","article_published_time":"2014-02-25T02:17:02+00:00","article_modified_time":"2014-02-25T12:13:57+00:00","og_image":[{"width":300,"height":300,"url":"https:\/\/www.oarcanjo.net\/site\/wp-content\/uploads\/logo-o-arcanjo-no-ar-facebook.png","type":"image\/png"}],"author":"editor","twitter_card":"summary_large_image","twitter_misc":{"Escrito por":"editor"},"schema":{"@context":"https:\/\/schema.org","@graph":[{"@type":"Article","@id":"https:\/\/www.oarcanjo.net\/site\/dom-edmar-a-liturgia-da-palavra\/#article","isPartOf":{"@id":"https:\/\/www.oarcanjo.net\/site\/dom-edmar-a-liturgia-da-palavra\/"},"author":{"name":"editor","@id":"https:\/\/www.oarcanjo.net\/site\/#\/schema\/person\/f7024d007863202483a31326673a0838"},"headline":"Dom Edmar: A Liturgia da Palavra","datePublished":"2014-02-25T02:17:02+00:00","dateModified":"2014-02-25T12:13:57+00:00","mainEntityOfPage":{"@id":"https:\/\/www.oarcanjo.net\/site\/dom-edmar-a-liturgia-da-palavra\/"},"wordCount":86,"commentCount":0,"publisher":{"@id":"https:\/\/www.oarcanjo.net\/site\/#organization"},"keywords":["Liturgia","missa"],"articleSection":["Destaques","Not\u00edcias","Orienta\u00e7\u00f5es","V\u00eddeos"],"inLanguage":"pt-BR","potentialAction":[{"@type":"CommentAction","name":"Comment","target":["https:\/\/www.oarcanjo.net\/site\/dom-edmar-a-liturgia-da-palavra\/#respond"]}]},{"@type":"WebPage","@id":"https:\/\/www.oarcanjo.net\/site\/dom-edmar-a-liturgia-da-palavra\/","url":"https:\/\/www.oarcanjo.net\/site\/dom-edmar-a-liturgia-da-palavra\/","name":"Dom Edmar: A Liturgia da Palavra - O Arcanjo no ar","isPartOf":{"@id":"https:\/\/www.oarcanjo.net\/site\/#website"},"datePublished":"2014-02-25T02:17:02+00:00","dateModified":"2014-02-25T12:13:57+00:00","breadcrumb":{"@id":"https:\/\/www.oarcanjo.net\/site\/dom-edmar-a-liturgia-da-palavra\/#breadcrumb"},"inLanguage":"pt-BR","potentialAction":[{"@type":"ReadAction","target":["https:\/\/www.oarcanjo.net\/site\/dom-edmar-a-liturgia-da-palavra\/"]}]},{"@type":"BreadcrumbList","@id":"https:\/\/www.oarcanjo.net\/site\/dom-edmar-a-liturgia-da-palavra\/#breadcrumb","itemListElement":[{"@type":"ListItem","position":1,"name":"In\u00edcio","item":"https:\/\/www.oarcanjo.net\/site\/"},{"@type":"ListItem","position":2,"name":"Dom Edmar: A Liturgia da Palavra"}]},{"@type":"WebSite","@id":"https:\/\/www.oarcanjo.net\/site\/#website","url":"https:\/\/www.oarcanjo.net\/site\/","name":"O Arcanjo no ar","description":"Site da Par\u00f3quia S\u00e3o Miguel Arcanjo (Arquidiocese de SP)","publisher":{"@id":"https:\/\/www.oarcanjo.net\/site\/#organization"},"potentialAction":[{"@type":"SearchAction","target":{"@type":"EntryPoint","urlTemplate":"https:\/\/www.oarcanjo.net\/site\/?s={search_term_string}"},"query-input":{"@type":"PropertyValueSpecification","valueRequired":true,"valueName":"search_term_string"}}],"inLanguage":"pt-BR"},{"@type":"Organization","@id":"https:\/\/www.oarcanjo.net\/site\/#organization","name":"Par\u00f3quia S\u00e3o Miguel Arcanjo","url":"https:\/\/www.oarcanjo.net\/site\/","logo":{"@type":"ImageObject","inLanguage":"pt-BR","@id":"https:\/\/www.oarcanjo.net\/site\/#\/schema\/logo\/image\/","url":"https:\/\/www.oarcanjo.net\/site\/wp-content\/uploads\/LogoOArcanjo.png","contentUrl":"https:\/\/www.oarcanjo.net\/site\/wp-content\/uploads\/LogoOArcanjo.png","width":319,"height":99,"caption":"Par\u00f3quia S\u00e3o Miguel Arcanjo"},"image":{"@id":"https:\/\/www.oarcanjo.net\/site\/#\/schema\/logo\/image\/"},"sameAs":["https:\/\/www.facebook.com\/OArcanjoNoAr\/"]},{"@type":"Person","@id":"https:\/\/www.oarcanjo.net\/site\/#\/schema\/person\/f7024d007863202483a31326673a0838","name":"editor","sameAs":["http:\/\/www.oarcanjo.net"]}]}},"publishpress_future_action":{"enabled":false,"date":"2026-05-08 09:34:39","action":"category","newStatus":"draft","terms":[],"taxonomy":"category"},"publishpress_future_workflow_manual_trigger":{"enabledWorkflows":[]},"_links":{"self":[{"href":"https:\/\/www.oarcanjo.net\/site\/wp-json\/wp\/v2\/posts\/24363"}],"collection":[{"href":"https:\/\/www.oarcanjo.net\/site\/wp-json\/wp\/v2\/posts"}],"about":[{"href":"https:\/\/www.oarcanjo.net\/site\/wp-json\/wp\/v2\/types\/post"}],"author":[{"embeddable":true,"href":"https:\/\/www.oarcanjo.net\/site\/wp-json\/wp\/v2\/users\/5"}],"replies":[{"embeddable":true,"href":"https:\/\/www.oarcanjo.net\/site\/wp-json\/wp\/v2\/comments?post=24363"}],"version-history":[{"count":0,"href":"https:\/\/www.oarcanjo.net\/site\/wp-json\/wp\/v2\/posts\/24363\/revisions"}],"wp:attachment":[{"href":"https:\/\/www.oarcanjo.net\/site\/wp-json\/wp\/v2\/media?parent=24363"}],"wp:term":[{"taxonomy":"category","embeddable":true,"href":"https:\/\/www.oarcanjo.net\/site\/wp-json\/wp\/v2\/categories?post=24363"},{"taxonomy":"post_tag","embeddable":true,"href":"https:\/\/www.oarcanjo.net\/site\/wp-json\/wp\/v2\/tags?post=24363"}],"curies":[{"name":"wp","href":"https:\/\/api.w.org\/{rel}","templated":true}]}}