
{"id":24371,"date":"2014-02-25T10:11:19","date_gmt":"2014-02-25T13:11:19","guid":{"rendered":"http:\/\/www.oarcanjo.net\/site\/?p=24371"},"modified":"2014-02-25T10:11:19","modified_gmt":"2014-02-25T13:11:19","slug":"papa-francisco-hoje-na-casa-santa-marta-quando-os-coracoes-se-afastam-nasce-a-guerra","status":"publish","type":"post","link":"https:\/\/www.oarcanjo.net\/site\/papa-francisco-hoje-na-casa-santa-marta-quando-os-coracoes-se-afastam-nasce-a-guerra\/","title":{"rendered":"Papa Francisco hoje na Casa Santa Marta: quando \u201cos cora\u00e7\u00f5es se afastam, nasce a guerra\u201d"},"content":{"rendered":"<p>Crian\u00e7as famintas nos campos de refugiados, enquanto os fabricantes de armas fazem festa: na missa celebrada esta manh\u00e3 na Casa Santa Marta, o Papa falou da paz e do esc\u00e2ndalo da guerra.<\/p>\n<p>\u201cDe onde v\u00eam as guerras e as lutas entre v\u00f3s?\u201d, este vers\u00edculo da primeira leitura, extra\u00edda da Carta do Ap\u00f3stolo Tiago, inspirou a homilia do Papa, em que os disc\u00edpulos de Jesus brigam para esclarecer quem era o maior entre eles. O Pont\u00edfice evidenciou que quando \u201cos cora\u00e7\u00f5es se afastam, nasce a guerra\u201d. Todos os dias, constatou, \u201cencontramos nos jornais guerras que produzem v\u00edtimas\u201d:<\/p>\n<p>E os mortos parecem fazer parte de uma contabilidade cotidiana. Estamos acostumados a ler essas coisas! E se tiv\u00e9ssemos a paci\u00eancia de contar todas as guerras que neste momento existem no mundo, certamente ter\u00edamos muitas folhas escritas. Parece que o esp\u00edrito da guerra se apoderou de n\u00f3s. Fazem-se atos para comemorar o centen\u00e1rio daquela Grande Guerra, tantos milh\u00f5es de mortos\u2026 E todos escandalizados! Mas hoje \u00e9 a mesma coisa! Ao inv\u00e9s de uma grande guerra, h\u00e1 pequenas guerras em todos os lugares, povos divididos&#8230; E para preservar o pr\u00f3prio interesse, se matam entre si.<\/p>\n<p>\u201cDe onde v\u00eam as guerras e as lutas entre v\u00f3s?\u201d, repetiu o Papa. \u201cAs guerras, o \u00f3dio, a inimizade \u2013 respondeu \u2013 n\u00e3o se compram no mercado: est\u00e3o aqui, no cora\u00e7\u00e3o.\u201d E lembrou que quando crian\u00e7a, no catecismo, \u201cexplicavam a hist\u00f3ria de Caim e Abel e todos ficavam escandalizados\u201d, n\u00e3o se podia aceitar que algu\u00e9m matasse o irm\u00e3o. Hoje, por\u00e9m, \u201ctantos milh\u00f5es se matam entre irm\u00e3os, entre si, mas estamos acostumados\u201d. A Primeira Guerra Mundial, disse ainda, \u201cnos escandaliza, mas esta grande guerra um pouco escondida, em todos os lugares, n\u00e3o! E tantas pessoas morrem por um peda\u00e7o de terra, por uma ambi\u00e7\u00e3o, por \u00f3dio, por ci\u00fame racial. Os prazeres nos levam \u00e0 guerra, ao esp\u00edrito do mundo\u201d:<\/p>\n<p>Habitualmente, mesmo diante de um conflito, nos encontramos numa situa\u00e7\u00e3o curiosa: brigamos para resolv\u00ea-lo. Com a linguagem da guerra. A linguagem de paz n\u00e3o vem antes! E as consequ\u00eancias? Pensem nas crian\u00e7as famintas nos campos de refugiados\u2026 Pensem somente nisto: este \u00e9 o fruto da guerra! E se quiserem, pensem nas festas que fazem os que s\u00e3o os propriet\u00e1rios das ind\u00fastrias das armas, que fabricam as armas, as armas que acabam l\u00e1. A crian\u00e7a doente, faminta, num campo de refugiados e as grandes festas, a vida boa que fazem os que fabricam as armas.<\/p>\n<p>\u201cQue acontece no nosso cora\u00e7\u00e3o?\u201d, insistiu o Papa, que prop\u00f4s o conselho do Ap\u00f3stolo Tiago: \u201cAproximem-se de Deus e Ele se aproximar\u00e1 de voc\u00eas\u201d. E advertiu que \u201cesp\u00edrito de guerra, que nos afasta de Deus, n\u00e3o est\u00e1 distante de n\u00f3s, mas em nossa casa\u201d:<\/p>\n<p>Quantas fam\u00edlias destru\u00eddas porque o pai, a m\u00e3e n\u00e3o s\u00e3o capazes de encontrar o caminho da paz e preferem a guerra, fazer causa\u2026 A guerra destr\u00f3i! \u2018De onde v\u00eam as guerras e as lutas entre v\u00f3s?\u2019. No cora\u00e7\u00e3o! Eu lhes proponho que rezem hoje pela paz, por aquela paz que se tornou somente uma palavra, nada mais. Para que esta palavra tenha a capacidade de agir, sigamos o conselho do Ap\u00f3stolo Tiago: \u2018Reconhe\u00e7ais vossa mis\u00e9ria!\u2019<\/p>\n<p>Aquela mis\u00e9ria da qual prov\u00eam as guerras, explicou Francisco: \u201cAs guerras nas fam\u00edlias, as guerras no bairro, as guerras em todos os lugares\u201d. \u201cQuem de n\u00f3s chora quando l\u00ea um jornal, quando v\u00ea aquelas imagens na tv? Tantos mortos\u201d. Retomando o Ap\u00f3stolo, disse: \u201cTransforme-se o vosso riso em luto e vossa alegria em desalento \u2026\u201d. Isso \u00e9 o que deve fazer hoje, 25 de fevereiro, um crist\u00e3o diante de tantas guerras, em todos os lugares\u201d: \u201cChorar, fazer luto, humilhar-se\u201d. \u201cQue o Senhor nos fa\u00e7a entender isso e nos salve do habituar-nos \u00e0s not\u00edcias de guerra\u201d.<\/p>\n<p><em>Fonte: News.VA<\/em><\/p>\n<div id=\"themify_builder_content-24371\" data-postid=\"24371\" class=\"themify_builder_content themify_builder_content-24371 themify_builder themify_builder_front\">\n\t<\/div>\n<!-- \/themify_builder_content -->","protected":false},"excerpt":{"rendered":"<p>Crian\u00e7as famintas nos campos de refugiados, enquanto os fabricantes de armas fazem festa: na missa celebrada esta manh\u00e3 na Casa Santa Marta, o Papa falou da paz e do esc\u00e2ndalo da guerra. \u201cDe onde v\u00eam as guerras e as lutas entre v\u00f3s?\u201d, este vers\u00edculo da primeira leitura, extra\u00edda da Carta do Ap\u00f3stolo Tiago, inspirou a [&hellip;]<\/p>\n","protected":false},"author":5,"featured_media":0,"comment_status":"open","ping_status":"open","sticky":false,"template":"","format":"standard","meta":{"ngg_post_thumbnail":0,"footnotes":""},"categories":[8],"tags":[1184,1540,38,177,2433,167,1178],"yoast_head":"<!-- This site is optimized with the Yoast SEO plugin v23.5 - https:\/\/yoast.com\/wordpress\/plugins\/seo\/ -->\n<title>Papa Francisco hoje na Casa Santa Marta: quando \u201cos cora\u00e7\u00f5es se afastam, nasce a guerra\u201d - O Arcanjo no ar<\/title>\n<meta name=\"robots\" content=\"index, follow, max-snippet:-1, max-image-preview:large, max-video-preview:-1\" \/>\n<link rel=\"canonical\" href=\"https:\/\/www.oarcanjo.net\/site\/papa-francisco-hoje-na-casa-santa-marta-quando-os-coracoes-se-afastam-nasce-a-guerra\/\" \/>\n<meta property=\"og:locale\" content=\"pt_BR\" \/>\n<meta property=\"og:type\" content=\"article\" \/>\n<meta property=\"og:title\" content=\"Papa Francisco hoje na Casa Santa Marta: quando \u201cos cora\u00e7\u00f5es se afastam, nasce a guerra\u201d - O Arcanjo no ar\" \/>\n<meta property=\"og:description\" content=\"Crian\u00e7as famintas nos campos de refugiados, enquanto os fabricantes de armas fazem festa: na missa celebrada esta manh\u00e3 na Casa Santa Marta, o Papa falou da paz e do esc\u00e2ndalo da guerra. \u201cDe onde v\u00eam as guerras e as lutas entre v\u00f3s?\u201d, este vers\u00edculo da primeira leitura, extra\u00edda da Carta do Ap\u00f3stolo Tiago, inspirou a [&hellip;]\" \/>\n<meta property=\"og:url\" content=\"https:\/\/www.oarcanjo.net\/site\/papa-francisco-hoje-na-casa-santa-marta-quando-os-coracoes-se-afastam-nasce-a-guerra\/\" \/>\n<meta property=\"og:site_name\" content=\"O Arcanjo no ar\" \/>\n<meta property=\"article:publisher\" content=\"https:\/\/www.facebook.com\/OArcanjoNoAr\/\" \/>\n<meta property=\"article:published_time\" content=\"2014-02-25T13:11:19+00:00\" \/>\n<meta property=\"og:image\" content=\"https:\/\/www.oarcanjo.net\/site\/wp-content\/uploads\/logo-o-arcanjo-no-ar-facebook.png\" \/>\n\t<meta property=\"og:image:width\" content=\"300\" \/>\n\t<meta property=\"og:image:height\" content=\"300\" \/>\n\t<meta property=\"og:image:type\" content=\"image\/png\" \/>\n<meta name=\"author\" content=\"editor\" \/>\n<meta name=\"twitter:card\" content=\"summary_large_image\" \/>\n<meta name=\"twitter:label1\" content=\"Escrito por\" \/>\n\t<meta name=\"twitter:data1\" content=\"editor\" \/>\n\t<meta name=\"twitter:label2\" content=\"Est. tempo de leitura\" \/>\n\t<meta name=\"twitter:data2\" content=\"3 minutos\" \/>\n<script type=\"application\/ld+json\" class=\"yoast-schema-graph\">{\"@context\":\"https:\/\/schema.org\",\"@graph\":[{\"@type\":\"Article\",\"@id\":\"https:\/\/www.oarcanjo.net\/site\/papa-francisco-hoje-na-casa-santa-marta-quando-os-coracoes-se-afastam-nasce-a-guerra\/#article\",\"isPartOf\":{\"@id\":\"https:\/\/www.oarcanjo.net\/site\/papa-francisco-hoje-na-casa-santa-marta-quando-os-coracoes-se-afastam-nasce-a-guerra\/\"},\"author\":{\"name\":\"editor\",\"@id\":\"https:\/\/www.oarcanjo.net\/site\/#\/schema\/person\/f7024d007863202483a31326673a0838\"},\"headline\":\"Papa Francisco hoje na Casa Santa Marta: quando \u201cos cora\u00e7\u00f5es se afastam, nasce a guerra\u201d\",\"datePublished\":\"2014-02-25T13:11:19+00:00\",\"dateModified\":\"2014-02-25T13:11:19+00:00\",\"mainEntityOfPage\":{\"@id\":\"https:\/\/www.oarcanjo.net\/site\/papa-francisco-hoje-na-casa-santa-marta-quando-os-coracoes-se-afastam-nasce-a-guerra\/\"},\"wordCount\":701,\"commentCount\":1,\"publisher\":{\"@id\":\"https:\/\/www.oarcanjo.net\/site\/#organization\"},\"keywords\":[\"armas\",\"conflito\",\"fome\",\"guerra\",\"Papa Francisco\",\"paz\",\"poder\"],\"articleSection\":[\"Not\u00edcias\"],\"inLanguage\":\"pt-BR\",\"potentialAction\":[{\"@type\":\"CommentAction\",\"name\":\"Comment\",\"target\":[\"https:\/\/www.oarcanjo.net\/site\/papa-francisco-hoje-na-casa-santa-marta-quando-os-coracoes-se-afastam-nasce-a-guerra\/#respond\"]}]},{\"@type\":\"WebPage\",\"@id\":\"https:\/\/www.oarcanjo.net\/site\/papa-francisco-hoje-na-casa-santa-marta-quando-os-coracoes-se-afastam-nasce-a-guerra\/\",\"url\":\"https:\/\/www.oarcanjo.net\/site\/papa-francisco-hoje-na-casa-santa-marta-quando-os-coracoes-se-afastam-nasce-a-guerra\/\",\"name\":\"Papa Francisco hoje na Casa Santa Marta: quando \u201cos cora\u00e7\u00f5es se afastam, nasce a guerra\u201d - O Arcanjo no ar\",\"isPartOf\":{\"@id\":\"https:\/\/www.oarcanjo.net\/site\/#website\"},\"datePublished\":\"2014-02-25T13:11:19+00:00\",\"dateModified\":\"2014-02-25T13:11:19+00:00\",\"breadcrumb\":{\"@id\":\"https:\/\/www.oarcanjo.net\/site\/papa-francisco-hoje-na-casa-santa-marta-quando-os-coracoes-se-afastam-nasce-a-guerra\/#breadcrumb\"},\"inLanguage\":\"pt-BR\",\"potentialAction\":[{\"@type\":\"ReadAction\",\"target\":[\"https:\/\/www.oarcanjo.net\/site\/papa-francisco-hoje-na-casa-santa-marta-quando-os-coracoes-se-afastam-nasce-a-guerra\/\"]}]},{\"@type\":\"BreadcrumbList\",\"@id\":\"https:\/\/www.oarcanjo.net\/site\/papa-francisco-hoje-na-casa-santa-marta-quando-os-coracoes-se-afastam-nasce-a-guerra\/#breadcrumb\",\"itemListElement\":[{\"@type\":\"ListItem\",\"position\":1,\"name\":\"In\u00edcio\",\"item\":\"https:\/\/www.oarcanjo.net\/site\/\"},{\"@type\":\"ListItem\",\"position\":2,\"name\":\"Papa Francisco hoje na Casa Santa Marta: quando \u201cos cora\u00e7\u00f5es se afastam, nasce a guerra\u201d\"}]},{\"@type\":\"WebSite\",\"@id\":\"https:\/\/www.oarcanjo.net\/site\/#website\",\"url\":\"https:\/\/www.oarcanjo.net\/site\/\",\"name\":\"O Arcanjo no ar\",\"description\":\"Site da Par\u00f3quia S\u00e3o Miguel Arcanjo (Arquidiocese de SP)\",\"publisher\":{\"@id\":\"https:\/\/www.oarcanjo.net\/site\/#organization\"},\"potentialAction\":[{\"@type\":\"SearchAction\",\"target\":{\"@type\":\"EntryPoint\",\"urlTemplate\":\"https:\/\/www.oarcanjo.net\/site\/?s={search_term_string}\"},\"query-input\":{\"@type\":\"PropertyValueSpecification\",\"valueRequired\":true,\"valueName\":\"search_term_string\"}}],\"inLanguage\":\"pt-BR\"},{\"@type\":\"Organization\",\"@id\":\"https:\/\/www.oarcanjo.net\/site\/#organization\",\"name\":\"Par\u00f3quia S\u00e3o Miguel Arcanjo\",\"url\":\"https:\/\/www.oarcanjo.net\/site\/\",\"logo\":{\"@type\":\"ImageObject\",\"inLanguage\":\"pt-BR\",\"@id\":\"https:\/\/www.oarcanjo.net\/site\/#\/schema\/logo\/image\/\",\"url\":\"https:\/\/www.oarcanjo.net\/site\/wp-content\/uploads\/LogoOArcanjo.png\",\"contentUrl\":\"https:\/\/www.oarcanjo.net\/site\/wp-content\/uploads\/LogoOArcanjo.png\",\"width\":319,\"height\":99,\"caption\":\"Par\u00f3quia S\u00e3o Miguel Arcanjo\"},\"image\":{\"@id\":\"https:\/\/www.oarcanjo.net\/site\/#\/schema\/logo\/image\/\"},\"sameAs\":[\"https:\/\/www.facebook.com\/OArcanjoNoAr\/\"]},{\"@type\":\"Person\",\"@id\":\"https:\/\/www.oarcanjo.net\/site\/#\/schema\/person\/f7024d007863202483a31326673a0838\",\"name\":\"editor\",\"sameAs\":[\"http:\/\/www.oarcanjo.net\"]}]}<\/script>\n<!-- \/ Yoast SEO plugin. -->","yoast_head_json":{"title":"Papa Francisco hoje na Casa Santa Marta: quando \u201cos cora\u00e7\u00f5es se afastam, nasce a guerra\u201d - O Arcanjo no ar","robots":{"index":"index","follow":"follow","max-snippet":"max-snippet:-1","max-image-preview":"max-image-preview:large","max-video-preview":"max-video-preview:-1"},"canonical":"https:\/\/www.oarcanjo.net\/site\/papa-francisco-hoje-na-casa-santa-marta-quando-os-coracoes-se-afastam-nasce-a-guerra\/","og_locale":"pt_BR","og_type":"article","og_title":"Papa Francisco hoje na Casa Santa Marta: quando \u201cos cora\u00e7\u00f5es se afastam, nasce a guerra\u201d - O Arcanjo no ar","og_description":"Crian\u00e7as famintas nos campos de refugiados, enquanto os fabricantes de armas fazem festa: na missa celebrada esta manh\u00e3 na Casa Santa Marta, o Papa falou da paz e do esc\u00e2ndalo da guerra. \u201cDe onde v\u00eam as guerras e as lutas entre v\u00f3s?\u201d, este vers\u00edculo da primeira leitura, extra\u00edda da Carta do Ap\u00f3stolo Tiago, inspirou a [&hellip;]","og_url":"https:\/\/www.oarcanjo.net\/site\/papa-francisco-hoje-na-casa-santa-marta-quando-os-coracoes-se-afastam-nasce-a-guerra\/","og_site_name":"O Arcanjo no ar","article_publisher":"https:\/\/www.facebook.com\/OArcanjoNoAr\/","article_published_time":"2014-02-25T13:11:19+00:00","og_image":[{"width":300,"height":300,"url":"https:\/\/www.oarcanjo.net\/site\/wp-content\/uploads\/logo-o-arcanjo-no-ar-facebook.png","type":"image\/png"}],"author":"editor","twitter_card":"summary_large_image","twitter_misc":{"Escrito por":"editor","Est. tempo de leitura":"3 minutos"},"schema":{"@context":"https:\/\/schema.org","@graph":[{"@type":"Article","@id":"https:\/\/www.oarcanjo.net\/site\/papa-francisco-hoje-na-casa-santa-marta-quando-os-coracoes-se-afastam-nasce-a-guerra\/#article","isPartOf":{"@id":"https:\/\/www.oarcanjo.net\/site\/papa-francisco-hoje-na-casa-santa-marta-quando-os-coracoes-se-afastam-nasce-a-guerra\/"},"author":{"name":"editor","@id":"https:\/\/www.oarcanjo.net\/site\/#\/schema\/person\/f7024d007863202483a31326673a0838"},"headline":"Papa Francisco hoje na Casa Santa Marta: quando \u201cos cora\u00e7\u00f5es se afastam, nasce a guerra\u201d","datePublished":"2014-02-25T13:11:19+00:00","dateModified":"2014-02-25T13:11:19+00:00","mainEntityOfPage":{"@id":"https:\/\/www.oarcanjo.net\/site\/papa-francisco-hoje-na-casa-santa-marta-quando-os-coracoes-se-afastam-nasce-a-guerra\/"},"wordCount":701,"commentCount":1,"publisher":{"@id":"https:\/\/www.oarcanjo.net\/site\/#organization"},"keywords":["armas","conflito","fome","guerra","Papa Francisco","paz","poder"],"articleSection":["Not\u00edcias"],"inLanguage":"pt-BR","potentialAction":[{"@type":"CommentAction","name":"Comment","target":["https:\/\/www.oarcanjo.net\/site\/papa-francisco-hoje-na-casa-santa-marta-quando-os-coracoes-se-afastam-nasce-a-guerra\/#respond"]}]},{"@type":"WebPage","@id":"https:\/\/www.oarcanjo.net\/site\/papa-francisco-hoje-na-casa-santa-marta-quando-os-coracoes-se-afastam-nasce-a-guerra\/","url":"https:\/\/www.oarcanjo.net\/site\/papa-francisco-hoje-na-casa-santa-marta-quando-os-coracoes-se-afastam-nasce-a-guerra\/","name":"Papa Francisco hoje na Casa Santa Marta: quando \u201cos cora\u00e7\u00f5es se afastam, nasce a guerra\u201d - O Arcanjo no ar","isPartOf":{"@id":"https:\/\/www.oarcanjo.net\/site\/#website"},"datePublished":"2014-02-25T13:11:19+00:00","dateModified":"2014-02-25T13:11:19+00:00","breadcrumb":{"@id":"https:\/\/www.oarcanjo.net\/site\/papa-francisco-hoje-na-casa-santa-marta-quando-os-coracoes-se-afastam-nasce-a-guerra\/#breadcrumb"},"inLanguage":"pt-BR","potentialAction":[{"@type":"ReadAction","target":["https:\/\/www.oarcanjo.net\/site\/papa-francisco-hoje-na-casa-santa-marta-quando-os-coracoes-se-afastam-nasce-a-guerra\/"]}]},{"@type":"BreadcrumbList","@id":"https:\/\/www.oarcanjo.net\/site\/papa-francisco-hoje-na-casa-santa-marta-quando-os-coracoes-se-afastam-nasce-a-guerra\/#breadcrumb","itemListElement":[{"@type":"ListItem","position":1,"name":"In\u00edcio","item":"https:\/\/www.oarcanjo.net\/site\/"},{"@type":"ListItem","position":2,"name":"Papa Francisco hoje na Casa Santa Marta: quando \u201cos cora\u00e7\u00f5es se afastam, nasce a guerra\u201d"}]},{"@type":"WebSite","@id":"https:\/\/www.oarcanjo.net\/site\/#website","url":"https:\/\/www.oarcanjo.net\/site\/","name":"O Arcanjo no ar","description":"Site da Par\u00f3quia S\u00e3o Miguel Arcanjo (Arquidiocese de SP)","publisher":{"@id":"https:\/\/www.oarcanjo.net\/site\/#organization"},"potentialAction":[{"@type":"SearchAction","target":{"@type":"EntryPoint","urlTemplate":"https:\/\/www.oarcanjo.net\/site\/?s={search_term_string}"},"query-input":{"@type":"PropertyValueSpecification","valueRequired":true,"valueName":"search_term_string"}}],"inLanguage":"pt-BR"},{"@type":"Organization","@id":"https:\/\/www.oarcanjo.net\/site\/#organization","name":"Par\u00f3quia S\u00e3o Miguel Arcanjo","url":"https:\/\/www.oarcanjo.net\/site\/","logo":{"@type":"ImageObject","inLanguage":"pt-BR","@id":"https:\/\/www.oarcanjo.net\/site\/#\/schema\/logo\/image\/","url":"https:\/\/www.oarcanjo.net\/site\/wp-content\/uploads\/LogoOArcanjo.png","contentUrl":"https:\/\/www.oarcanjo.net\/site\/wp-content\/uploads\/LogoOArcanjo.png","width":319,"height":99,"caption":"Par\u00f3quia S\u00e3o Miguel Arcanjo"},"image":{"@id":"https:\/\/www.oarcanjo.net\/site\/#\/schema\/logo\/image\/"},"sameAs":["https:\/\/www.facebook.com\/OArcanjoNoAr\/"]},{"@type":"Person","@id":"https:\/\/www.oarcanjo.net\/site\/#\/schema\/person\/f7024d007863202483a31326673a0838","name":"editor","sameAs":["http:\/\/www.oarcanjo.net"]}]}},"publishpress_future_action":{"enabled":false,"date":"2026-05-08 14:15:52","action":"category","newStatus":"draft","terms":[],"taxonomy":"category"},"publishpress_future_workflow_manual_trigger":{"enabledWorkflows":[]},"_links":{"self":[{"href":"https:\/\/www.oarcanjo.net\/site\/wp-json\/wp\/v2\/posts\/24371"}],"collection":[{"href":"https:\/\/www.oarcanjo.net\/site\/wp-json\/wp\/v2\/posts"}],"about":[{"href":"https:\/\/www.oarcanjo.net\/site\/wp-json\/wp\/v2\/types\/post"}],"author":[{"embeddable":true,"href":"https:\/\/www.oarcanjo.net\/site\/wp-json\/wp\/v2\/users\/5"}],"replies":[{"embeddable":true,"href":"https:\/\/www.oarcanjo.net\/site\/wp-json\/wp\/v2\/comments?post=24371"}],"version-history":[{"count":0,"href":"https:\/\/www.oarcanjo.net\/site\/wp-json\/wp\/v2\/posts\/24371\/revisions"}],"wp:attachment":[{"href":"https:\/\/www.oarcanjo.net\/site\/wp-json\/wp\/v2\/media?parent=24371"}],"wp:term":[{"taxonomy":"category","embeddable":true,"href":"https:\/\/www.oarcanjo.net\/site\/wp-json\/wp\/v2\/categories?post=24371"},{"taxonomy":"post_tag","embeddable":true,"href":"https:\/\/www.oarcanjo.net\/site\/wp-json\/wp\/v2\/tags?post=24371"}],"curies":[{"name":"wp","href":"https:\/\/api.w.org\/{rel}","templated":true}]}}