
{"id":24374,"date":"2014-02-26T08:20:58","date_gmt":"2014-02-26T11:20:58","guid":{"rendered":"http:\/\/www.oarcanjo.net\/site\/?p=24374"},"modified":"2014-02-26T08:24:16","modified_gmt":"2014-02-26T11:24:16","slug":"o-que-deus-quer-da-familia","status":"publish","type":"post","link":"https:\/\/www.oarcanjo.net\/site\/o-que-deus-quer-da-familia\/","title":{"rendered":"O que Deus quer da fam\u00edlia?"},"content":{"rendered":"<p><em>Cardeal Odilo Pedro Scherer<\/em><\/p>\n<p>A fam\u00edlia continua dando o que falar. H\u00e1 quem mostre seus problemas para, talvez, passar a ideia de que ela \u00e9 uma institui\u00e7\u00e3o falida, que seria melhor abandon\u00e1-la; h\u00e1 quem fa\u00e7a novela sobre a fam\u00edlia para passar a ideia de que tudo mudou e que h\u00e1 muitos modelos de fam\u00edlia, todos com igual direito ao reconhecimento da sociedade; nestes tempos de exacerba\u00e7\u00e3o da individualidade e da subjetividade, tamb\u00e9m a realidade fam\u00edlia dependeria da criatividade de cada um e j\u00e1 n\u00e3o existiria mais um referencial comum de fam\u00edlia, v\u00e1lido para todos&#8230;<\/p>\n<p>N\u00e3o h\u00e1 d\u00favida de que a fam\u00edlia enfrenta hoje uma crise cultural profunda, como bem observa o papa Francisco na <em>Evangelii Gaudium<\/em> (n\u00ba 66), que n\u00e3o deixa intactas nem mesmo a identidade e a miss\u00e3o fundamental da fam\u00edlia. E esse estado de \u00e2nimo tomou conta de setores da pr\u00f3pria Igreja e de crist\u00e3os, que j\u00e1 n\u00e3o sentem mais seguran\u00e7a sobre o que afirmar a respeito da fam\u00edlia e sua miss\u00e3o, apesar dos ensinamentos claros do Magist\u00e9rio da Igreja.<\/p>\n<p>Mas a mesma Igreja n\u00e3o se desencoraja diante das dificuldades e crises enfrentadas pela fam\u00edlia e continua a se interrogar sobre qual \u00e9 o des\u00edgnio divino sobre a fam\u00edlia e sobre como ajud\u00e1-la a conhecer melhor a vontade de Deus e a corresponder com a voca\u00e7\u00e3o da fam\u00edlia. Afinal, na sua f\u00e9, baseada na Palavra de Deus, a Igreja tem a convic\u00e7\u00e3o de que a fam\u00edlia n\u00e3o \u00e9 produto apenas de projetos humanos, mas faz parte de um plano amoroso de Deus em rela\u00e7\u00e3o ao homem e ao mundo.<\/p>\n<p>Foi com esse objetivo que o papa Francisco anunciou a realiza\u00e7\u00e3o da assembleia extraordin\u00e1ria do S\u00ednodo dos Bispos de outubro de 2014, para tratar das situa\u00e7\u00f5es atuais da fam\u00edlia que interpelam a Igreja e desafiam a evangeliza\u00e7\u00e3o. Para preparar esse S\u00ednodo extraordin\u00e1rio, j\u00e1 foi feita uma consulta ampla, atrav\u00e9s das Confer\u00eancias Episcopais de todo o mundo, para ter uma vis\u00e3o sobre a situa\u00e7\u00e3o da fam\u00edlia nos mais diversos cantos do mundo e sobre as quest\u00f5es mais desafiadoras para a miss\u00e3o da Igreja.<\/p>\n<p>A Secretaria Geral do S\u00ednodo dos Bispos recebeu uma imensidade de respostas e est\u00e1 trabalhando na prepara\u00e7\u00e3o do instrumento de trabalho para o S\u00ednodo de outubro. O levantamento procurou ser muito realista, n\u00e3o se furtando nem mesmo \u00e0s quest\u00f5es mais espinhosas vividas pelas fam\u00edlias.<\/p>\n<p>Com o mesmo objetivo, o papa Francisco j\u00e1 quis ouvir os membros do Col\u00e9gio Cardinal\u00edcio, reunidos com ele nos dias 20 e 21 de fevereiro passado. Cerca de 150 cardeais refletiram sobre o \u201cEvangelho da fam\u00edlia\u201d: o que Deus quis da fam\u00edlia \u201cdesde o princ\u00edpio\u201d, ao criar o homem e a mulher um para o outro? Como o pecado atingiu a realidade e a vida da fam\u00edlia? Como o plano de reden\u00e7\u00e3o, que Deus realizou em Jesus Cristo em favor da humanidade, envolve tamb\u00e9m a fam\u00edlia? Qual \u00e9 o lugar da fam\u00edlia no conjunto da vida e da miss\u00e3o da Igreja?<\/p>\n<p>Foram dois dias fecundos, de reflex\u00f5es e testemunhos muito enriquecedores sobre as realidades familiares nos diversos continentes e pa\u00edses; deu para perceber que a problem\u00e1tica da fam\u00edlia n\u00e3o \u00e9 a mesma em toda parte e que os problemas s\u00e3o mais acentuados nos pa\u00edses ditos \u201cocidentais\u201d, onde a crise cultural \u00e9 mais profunda. N\u00e3o se deixou de refletir sobre as situa\u00e7\u00f5es, sempre mais frequentes, dos casais que vivem uma segunda ou terceira uni\u00e3o, depois de desfeito o casamento. H\u00e1 sincero desejo da Igreja de ajudar esses casais a viverem na Igreja e a perseverarem na f\u00e9, mesmo quando n\u00e3o lhes \u00e9 poss\u00edvel receberem a santa comunh\u00e3o. As quest\u00f5es a enfrentar, por\u00e9m, s\u00e3o complexas e n\u00e3o se deve esperar respostas simplistas.<\/p>\n<p>O papa Francisco convidou a Igreja a viver o \u201ccaminho sinodal\u201d dos pr\u00f3ximos dois anos com interesse, confian\u00e7a e muita ora\u00e7\u00e3o, para discernir com serenidade o que Deus est\u00e1 pedindo \u00e0 sua Igreja neste momento de sua hist\u00f3ria.<\/p>\n<div id=\"themify_builder_content-24374\" data-postid=\"24374\" class=\"themify_builder_content themify_builder_content-24374 themify_builder themify_builder_front\">\n\t<\/div>\n<!-- \/themify_builder_content -->","protected":false},"excerpt":{"rendered":"<p>Cardeal Odilo Pedro Scherer A fam\u00edlia continua dando o que falar. H\u00e1 quem mostre seus problemas para, talvez, passar a ideia de que ela \u00e9 uma institui\u00e7\u00e3o falida, que seria melhor abandon\u00e1-la; h\u00e1 quem fa\u00e7a novela sobre a fam\u00edlia para passar a ideia de que tudo mudou e que h\u00e1 muitos modelos de fam\u00edlia, todos [&hellip;]<\/p>\n","protected":false},"author":5,"featured_media":0,"comment_status":"open","ping_status":"open","sticky":false,"template":"","format":"standard","meta":{"ngg_post_thumbnail":0,"footnotes":""},"categories":[9],"tags":[119,2433,32],"yoast_head":"<!-- This site is optimized with the Yoast SEO plugin v23.5 - https:\/\/yoast.com\/wordpress\/plugins\/seo\/ -->\n<title>O que Deus quer da fam\u00edlia? - O Arcanjo no ar<\/title>\n<meta name=\"robots\" content=\"index, follow, max-snippet:-1, max-image-preview:large, max-video-preview:-1\" \/>\n<link rel=\"canonical\" href=\"https:\/\/www.oarcanjo.net\/site\/o-que-deus-quer-da-familia\/\" \/>\n<meta property=\"og:locale\" content=\"pt_BR\" \/>\n<meta property=\"og:type\" content=\"article\" \/>\n<meta property=\"og:title\" content=\"O que Deus quer da fam\u00edlia? - O Arcanjo no ar\" \/>\n<meta property=\"og:description\" content=\"Cardeal Odilo Pedro Scherer A fam\u00edlia continua dando o que falar. H\u00e1 quem mostre seus problemas para, talvez, passar a ideia de que ela \u00e9 uma institui\u00e7\u00e3o falida, que seria melhor abandon\u00e1-la; h\u00e1 quem fa\u00e7a novela sobre a fam\u00edlia para passar a ideia de que tudo mudou e que h\u00e1 muitos modelos de fam\u00edlia, todos [&hellip;]\" \/>\n<meta property=\"og:url\" content=\"https:\/\/www.oarcanjo.net\/site\/o-que-deus-quer-da-familia\/\" \/>\n<meta property=\"og:site_name\" content=\"O Arcanjo no ar\" \/>\n<meta property=\"article:publisher\" content=\"https:\/\/www.facebook.com\/OArcanjoNoAr\/\" \/>\n<meta property=\"article:published_time\" content=\"2014-02-26T11:20:58+00:00\" \/>\n<meta property=\"article:modified_time\" content=\"2014-02-26T11:24:16+00:00\" \/>\n<meta property=\"og:image\" content=\"https:\/\/www.oarcanjo.net\/site\/wp-content\/uploads\/logo-o-arcanjo-no-ar-facebook.png\" \/>\n\t<meta property=\"og:image:width\" content=\"300\" \/>\n\t<meta property=\"og:image:height\" content=\"300\" \/>\n\t<meta property=\"og:image:type\" content=\"image\/png\" \/>\n<meta name=\"author\" content=\"editor\" \/>\n<meta name=\"twitter:card\" content=\"summary_large_image\" \/>\n<meta name=\"twitter:label1\" content=\"Escrito por\" \/>\n\t<meta name=\"twitter:data1\" content=\"editor\" \/>\n\t<meta name=\"twitter:label2\" content=\"Est. tempo de leitura\" \/>\n\t<meta name=\"twitter:data2\" content=\"4 minutos\" \/>\n<script type=\"application\/ld+json\" class=\"yoast-schema-graph\">{\"@context\":\"https:\/\/schema.org\",\"@graph\":[{\"@type\":\"Article\",\"@id\":\"https:\/\/www.oarcanjo.net\/site\/o-que-deus-quer-da-familia\/#article\",\"isPartOf\":{\"@id\":\"https:\/\/www.oarcanjo.net\/site\/o-que-deus-quer-da-familia\/\"},\"author\":{\"name\":\"editor\",\"@id\":\"https:\/\/www.oarcanjo.net\/site\/#\/schema\/person\/f7024d007863202483a31326673a0838\"},\"headline\":\"O que Deus quer da fam\u00edlia?\",\"datePublished\":\"2014-02-26T11:20:58+00:00\",\"dateModified\":\"2014-02-26T11:24:16+00:00\",\"mainEntityOfPage\":{\"@id\":\"https:\/\/www.oarcanjo.net\/site\/o-que-deus-quer-da-familia\/\"},\"wordCount\":728,\"commentCount\":0,\"publisher\":{\"@id\":\"https:\/\/www.oarcanjo.net\/site\/#organization\"},\"keywords\":[\"fam\u00edlia\",\"Papa Francisco\",\"s\u00ednodo\"],\"articleSection\":[\"Reflex\u00f5es\"],\"inLanguage\":\"pt-BR\",\"potentialAction\":[{\"@type\":\"CommentAction\",\"name\":\"Comment\",\"target\":[\"https:\/\/www.oarcanjo.net\/site\/o-que-deus-quer-da-familia\/#respond\"]}]},{\"@type\":\"WebPage\",\"@id\":\"https:\/\/www.oarcanjo.net\/site\/o-que-deus-quer-da-familia\/\",\"url\":\"https:\/\/www.oarcanjo.net\/site\/o-que-deus-quer-da-familia\/\",\"name\":\"O que Deus quer da fam\u00edlia? - O Arcanjo no ar\",\"isPartOf\":{\"@id\":\"https:\/\/www.oarcanjo.net\/site\/#website\"},\"datePublished\":\"2014-02-26T11:20:58+00:00\",\"dateModified\":\"2014-02-26T11:24:16+00:00\",\"breadcrumb\":{\"@id\":\"https:\/\/www.oarcanjo.net\/site\/o-que-deus-quer-da-familia\/#breadcrumb\"},\"inLanguage\":\"pt-BR\",\"potentialAction\":[{\"@type\":\"ReadAction\",\"target\":[\"https:\/\/www.oarcanjo.net\/site\/o-que-deus-quer-da-familia\/\"]}]},{\"@type\":\"BreadcrumbList\",\"@id\":\"https:\/\/www.oarcanjo.net\/site\/o-que-deus-quer-da-familia\/#breadcrumb\",\"itemListElement\":[{\"@type\":\"ListItem\",\"position\":1,\"name\":\"In\u00edcio\",\"item\":\"https:\/\/www.oarcanjo.net\/site\/\"},{\"@type\":\"ListItem\",\"position\":2,\"name\":\"O que Deus quer da fam\u00edlia?\"}]},{\"@type\":\"WebSite\",\"@id\":\"https:\/\/www.oarcanjo.net\/site\/#website\",\"url\":\"https:\/\/www.oarcanjo.net\/site\/\",\"name\":\"O Arcanjo no ar\",\"description\":\"Site da Par\u00f3quia S\u00e3o Miguel Arcanjo (Arquidiocese de SP)\",\"publisher\":{\"@id\":\"https:\/\/www.oarcanjo.net\/site\/#organization\"},\"potentialAction\":[{\"@type\":\"SearchAction\",\"target\":{\"@type\":\"EntryPoint\",\"urlTemplate\":\"https:\/\/www.oarcanjo.net\/site\/?s={search_term_string}\"},\"query-input\":{\"@type\":\"PropertyValueSpecification\",\"valueRequired\":true,\"valueName\":\"search_term_string\"}}],\"inLanguage\":\"pt-BR\"},{\"@type\":\"Organization\",\"@id\":\"https:\/\/www.oarcanjo.net\/site\/#organization\",\"name\":\"Par\u00f3quia S\u00e3o Miguel Arcanjo\",\"url\":\"https:\/\/www.oarcanjo.net\/site\/\",\"logo\":{\"@type\":\"ImageObject\",\"inLanguage\":\"pt-BR\",\"@id\":\"https:\/\/www.oarcanjo.net\/site\/#\/schema\/logo\/image\/\",\"url\":\"https:\/\/www.oarcanjo.net\/site\/wp-content\/uploads\/LogoOArcanjo.png\",\"contentUrl\":\"https:\/\/www.oarcanjo.net\/site\/wp-content\/uploads\/LogoOArcanjo.png\",\"width\":319,\"height\":99,\"caption\":\"Par\u00f3quia S\u00e3o Miguel Arcanjo\"},\"image\":{\"@id\":\"https:\/\/www.oarcanjo.net\/site\/#\/schema\/logo\/image\/\"},\"sameAs\":[\"https:\/\/www.facebook.com\/OArcanjoNoAr\/\"]},{\"@type\":\"Person\",\"@id\":\"https:\/\/www.oarcanjo.net\/site\/#\/schema\/person\/f7024d007863202483a31326673a0838\",\"name\":\"editor\",\"sameAs\":[\"http:\/\/www.oarcanjo.net\"]}]}<\/script>\n<!-- \/ Yoast SEO plugin. -->","yoast_head_json":{"title":"O que Deus quer da fam\u00edlia? - O Arcanjo no ar","robots":{"index":"index","follow":"follow","max-snippet":"max-snippet:-1","max-image-preview":"max-image-preview:large","max-video-preview":"max-video-preview:-1"},"canonical":"https:\/\/www.oarcanjo.net\/site\/o-que-deus-quer-da-familia\/","og_locale":"pt_BR","og_type":"article","og_title":"O que Deus quer da fam\u00edlia? - O Arcanjo no ar","og_description":"Cardeal Odilo Pedro Scherer A fam\u00edlia continua dando o que falar. H\u00e1 quem mostre seus problemas para, talvez, passar a ideia de que ela \u00e9 uma institui\u00e7\u00e3o falida, que seria melhor abandon\u00e1-la; h\u00e1 quem fa\u00e7a novela sobre a fam\u00edlia para passar a ideia de que tudo mudou e que h\u00e1 muitos modelos de fam\u00edlia, todos [&hellip;]","og_url":"https:\/\/www.oarcanjo.net\/site\/o-que-deus-quer-da-familia\/","og_site_name":"O Arcanjo no ar","article_publisher":"https:\/\/www.facebook.com\/OArcanjoNoAr\/","article_published_time":"2014-02-26T11:20:58+00:00","article_modified_time":"2014-02-26T11:24:16+00:00","og_image":[{"width":300,"height":300,"url":"https:\/\/www.oarcanjo.net\/site\/wp-content\/uploads\/logo-o-arcanjo-no-ar-facebook.png","type":"image\/png"}],"author":"editor","twitter_card":"summary_large_image","twitter_misc":{"Escrito por":"editor","Est. tempo de leitura":"4 minutos"},"schema":{"@context":"https:\/\/schema.org","@graph":[{"@type":"Article","@id":"https:\/\/www.oarcanjo.net\/site\/o-que-deus-quer-da-familia\/#article","isPartOf":{"@id":"https:\/\/www.oarcanjo.net\/site\/o-que-deus-quer-da-familia\/"},"author":{"name":"editor","@id":"https:\/\/www.oarcanjo.net\/site\/#\/schema\/person\/f7024d007863202483a31326673a0838"},"headline":"O que Deus quer da fam\u00edlia?","datePublished":"2014-02-26T11:20:58+00:00","dateModified":"2014-02-26T11:24:16+00:00","mainEntityOfPage":{"@id":"https:\/\/www.oarcanjo.net\/site\/o-que-deus-quer-da-familia\/"},"wordCount":728,"commentCount":0,"publisher":{"@id":"https:\/\/www.oarcanjo.net\/site\/#organization"},"keywords":["fam\u00edlia","Papa Francisco","s\u00ednodo"],"articleSection":["Reflex\u00f5es"],"inLanguage":"pt-BR","potentialAction":[{"@type":"CommentAction","name":"Comment","target":["https:\/\/www.oarcanjo.net\/site\/o-que-deus-quer-da-familia\/#respond"]}]},{"@type":"WebPage","@id":"https:\/\/www.oarcanjo.net\/site\/o-que-deus-quer-da-familia\/","url":"https:\/\/www.oarcanjo.net\/site\/o-que-deus-quer-da-familia\/","name":"O que Deus quer da fam\u00edlia? - O Arcanjo no ar","isPartOf":{"@id":"https:\/\/www.oarcanjo.net\/site\/#website"},"datePublished":"2014-02-26T11:20:58+00:00","dateModified":"2014-02-26T11:24:16+00:00","breadcrumb":{"@id":"https:\/\/www.oarcanjo.net\/site\/o-que-deus-quer-da-familia\/#breadcrumb"},"inLanguage":"pt-BR","potentialAction":[{"@type":"ReadAction","target":["https:\/\/www.oarcanjo.net\/site\/o-que-deus-quer-da-familia\/"]}]},{"@type":"BreadcrumbList","@id":"https:\/\/www.oarcanjo.net\/site\/o-que-deus-quer-da-familia\/#breadcrumb","itemListElement":[{"@type":"ListItem","position":1,"name":"In\u00edcio","item":"https:\/\/www.oarcanjo.net\/site\/"},{"@type":"ListItem","position":2,"name":"O que Deus quer da fam\u00edlia?"}]},{"@type":"WebSite","@id":"https:\/\/www.oarcanjo.net\/site\/#website","url":"https:\/\/www.oarcanjo.net\/site\/","name":"O Arcanjo no ar","description":"Site da Par\u00f3quia S\u00e3o Miguel Arcanjo (Arquidiocese de SP)","publisher":{"@id":"https:\/\/www.oarcanjo.net\/site\/#organization"},"potentialAction":[{"@type":"SearchAction","target":{"@type":"EntryPoint","urlTemplate":"https:\/\/www.oarcanjo.net\/site\/?s={search_term_string}"},"query-input":{"@type":"PropertyValueSpecification","valueRequired":true,"valueName":"search_term_string"}}],"inLanguage":"pt-BR"},{"@type":"Organization","@id":"https:\/\/www.oarcanjo.net\/site\/#organization","name":"Par\u00f3quia S\u00e3o Miguel Arcanjo","url":"https:\/\/www.oarcanjo.net\/site\/","logo":{"@type":"ImageObject","inLanguage":"pt-BR","@id":"https:\/\/www.oarcanjo.net\/site\/#\/schema\/logo\/image\/","url":"https:\/\/www.oarcanjo.net\/site\/wp-content\/uploads\/LogoOArcanjo.png","contentUrl":"https:\/\/www.oarcanjo.net\/site\/wp-content\/uploads\/LogoOArcanjo.png","width":319,"height":99,"caption":"Par\u00f3quia S\u00e3o Miguel Arcanjo"},"image":{"@id":"https:\/\/www.oarcanjo.net\/site\/#\/schema\/logo\/image\/"},"sameAs":["https:\/\/www.facebook.com\/OArcanjoNoAr\/"]},{"@type":"Person","@id":"https:\/\/www.oarcanjo.net\/site\/#\/schema\/person\/f7024d007863202483a31326673a0838","name":"editor","sameAs":["http:\/\/www.oarcanjo.net"]}]}},"publishpress_future_action":{"enabled":false,"date":"2026-05-08 21:43:52","action":"category","newStatus":"draft","terms":[],"taxonomy":"category"},"publishpress_future_workflow_manual_trigger":{"enabledWorkflows":[]},"_links":{"self":[{"href":"https:\/\/www.oarcanjo.net\/site\/wp-json\/wp\/v2\/posts\/24374"}],"collection":[{"href":"https:\/\/www.oarcanjo.net\/site\/wp-json\/wp\/v2\/posts"}],"about":[{"href":"https:\/\/www.oarcanjo.net\/site\/wp-json\/wp\/v2\/types\/post"}],"author":[{"embeddable":true,"href":"https:\/\/www.oarcanjo.net\/site\/wp-json\/wp\/v2\/users\/5"}],"replies":[{"embeddable":true,"href":"https:\/\/www.oarcanjo.net\/site\/wp-json\/wp\/v2\/comments?post=24374"}],"version-history":[{"count":0,"href":"https:\/\/www.oarcanjo.net\/site\/wp-json\/wp\/v2\/posts\/24374\/revisions"}],"wp:attachment":[{"href":"https:\/\/www.oarcanjo.net\/site\/wp-json\/wp\/v2\/media?parent=24374"}],"wp:term":[{"taxonomy":"category","embeddable":true,"href":"https:\/\/www.oarcanjo.net\/site\/wp-json\/wp\/v2\/categories?post=24374"},{"taxonomy":"post_tag","embeddable":true,"href":"https:\/\/www.oarcanjo.net\/site\/wp-json\/wp\/v2\/tags?post=24374"}],"curies":[{"name":"wp","href":"https:\/\/api.w.org\/{rel}","templated":true}]}}