
{"id":2438,"date":"2009-03-21T12:50:02","date_gmt":"2009-03-21T15:50:02","guid":{"rendered":"http:\/\/www.oarcanjo.net\/site\/?p=2438"},"modified":"2009-03-21T12:51:11","modified_gmt":"2009-03-21T15:51:11","slug":"francois-houtart-nunca-houve-tanta-riqueza-e-tantos-pobres-como-agora","status":"publish","type":"post","link":"https:\/\/www.oarcanjo.net\/site\/francois-houtart-nunca-houve-tanta-riqueza-e-tantos-pobres-como-agora\/","title":{"rendered":"Fran\u00e7ois Houtart: \u2018&#8230;nunca houve tanta riqueza e tantos pobres como agora\u2019"},"content":{"rendered":"<p>Foro Diamantino<br \/>\nTradu\u00e7\u00e3o: <a href=\"http:\/\/www.adital.com.br\" target=\"_blank\">Adital<\/a><\/p>\n<p><em>O soci\u00f3logo belga Fran\u00e7ois Houtart (Bruxelas, 1925), uma das vozes mais radicais do movimento antiglobaliza\u00e7\u00e3o crist\u00e3o, inaugurou o curso do Centro Mediterr\u00e2neo da Universidade de Granada \u2018O caminho que estamos vivendo\u2019, no qual participam destacados intelectuais, como Federico Mayor Zaragoza, Carlos Tablada, Joaqu\u00edn Estefan\u00eda, Jos\u00e9 Vidal-Beneyto e Riccardo Petrella. Houtart, delegado especial do presidente da Assembl\u00e9ia Geral das Na\u00e7\u00f5es Unidas para a Reforma do sistema Financeiro e Monet\u00e1rio, fundador do Centro Tricontinental da Universidade Cat\u00f3lica de Lovaina.<\/em><\/p>\n<p>&#8211; Como v\u00ea a crise atual?<\/p>\n<p>&#8211; Fala-se muito de crise financeira; por\u00e9m, ela \u00e9 um epifen\u00f4meno de um problema muito mais grave que \u00e9 a l\u00f3gica da organiza\u00e7\u00e3o econ\u00f4mica mundial. H\u00e1 uma converg\u00eancia de diversas crises: alimentar, energ\u00e9tica, clim\u00e1tica, social, humanit\u00e1ria, ecol\u00f3gica&#8230;<\/p>\n<p>&#8211; Como ser\u00e1 essa \u2018sociedade do futuro\u2019 da qual o senhor fala no curso?<\/p>\n<p>&#8211; A sociedade do futuro tem que ser p\u00f3s-capitalista e somente pode ser constru\u00edda sobre quatro grandes eixos. Primeiro, uma rela\u00e7\u00e3o de respeito e n\u00e3o de explora\u00e7\u00e3o com a natureza. Na pr\u00e1tica, significa declarar a \u00e1gua e as sementes patrim\u00f4nio universal e n\u00e3o permitir sua privatiza\u00e7\u00e3o. O segundo eixo \u00e9 privilegiar o valor de uso sobre o valor de troca, o que significa que os produtos e os servi\u00e7os teriam que ser desenvolvidos em fun\u00e7\u00e3o das necessidades e n\u00e3o do usufruto. Estamos em uma situa\u00e7\u00e3o absurda: nunca houve tanta riqueza e tantos pobres. Para a acumula\u00e7\u00e3o do capital \u00e9 mais interessante desenvolver de maneira espetacular 20% da popula\u00e7\u00e3o mundial do que produzir bens e servi\u00e7os para os demais 80% que n\u00e3o t\u00eam poder de compra. O terceiro eixo \u00e9 a democratiza\u00e7\u00e3o da sociedade, n\u00e3o somente no campo pol\u00edtico, mas em todas as rela\u00e7\u00f5es sociais coletivas: na economia, nas institui\u00e7\u00f5es da sa\u00fade, da educa\u00e7\u00e3o, no esporte e na religi\u00e3o, entre homens e mulheres&#8230; E o quarto eixo \u00e9 a multiculturalidade: a possibilidade de que todos os saberes, filosofias e religi\u00f5es contribuam para a constru\u00e7\u00e3o social coletiva. At\u00e9 agora, identificamos desenvolvimento com ocidentaliza\u00e7\u00e3o e os saberes tradicionais t\u00eam sido marginalizados.<\/p>\n<p>&#8211; Como acredita que ser\u00e1 a transi\u00e7\u00e3o de um sistema para outro?<\/p>\n<p>&#8211; S\u00e3o necess\u00e1rios atores que construam uma nova rela\u00e7\u00e3o de for\u00e7a -o qual n\u00e3o significa necessariamente viol\u00eancia-, porque o sistema n\u00e3o vai mudar por si mesmo. No s\u00e9culo XIX e XX o ator que se opunha ao capitalismo era a classe oper\u00e1ria; por\u00e9m, hoje, com as mudan\u00e7as no trabalho, com a debilidade das organiza\u00e7\u00f5es oper\u00e1rias e com a globaliza\u00e7\u00e3o, os atores s\u00e3o todos os grupos sociais subalternos atingidos pela lei do capital: os camponeses sem terra, os ind\u00edgenas, as mulheres, os estudantes&#8230; O novo ator hist\u00f3rico \u00e9 global. Somente a converg\u00eancia dessas lutas pode transformar as coisas. O problema \u00e9 que s\u00e3o resist\u00eancias um tanto isoladas. Para ter uma for\u00e7a real necessitam da dimens\u00e3o pol\u00edtica, e isso \u00e9 ainda muito solto. S\u00f3 na Am\u00e9rica Latina se v\u00ea os primeiros passos de alternativas que v\u00e3o contra a l\u00f3gica do sistema dominante: na Venezuela, na Bol\u00edvia, no Paraguai, no Equador&#8230; Por exemplo, foi a converg\u00eancia de ONGs, movimentos sociais, igrejas e alguns governos que impediu o tratado de livre com\u00e9rcio entre EUA, Canad\u00e1 e Am\u00e9rica Latina, e est\u00e1 tentando outro tipo de integra\u00e7\u00e3o latinoamericana atrav\u00e9s da ALBA.<\/p>\n<p>&#8211; O senhor afirma que \u00e9 necess\u00e1rio construir o socialismo. Por\u00e9m, que socialismo: o de Zapatero ou o de Fidel?<\/p>\n<p>&#8211; O p\u00f3s-capitalismo pode chamar-se socialismo; por\u00e9m, deve ser definido por seu conte\u00fado. Do contr\u00e1rio, \u00e9 uma palavra amb\u00edgua: pode ser Pol Pot, Stal\u00edn, Tony Blair&#8230; Para mim, o socialismo se define em fun\u00e7\u00e3o dos quatro eixos que citei anteriormente.<\/p>\n<p>&#8211; Cr\u00ea que Cuba \u00e9 um bom exemplo de constru\u00e7\u00e3o socialista?<\/p>\n<p>&#8211; Cuba \u00e9 um ensaio que tem tido \u00eaxitos -especialmente no plano da sa\u00fade, da educa\u00e7\u00e3o, do esporte e da cultura-; por\u00e9m, tamb\u00e9m teve o obst\u00e1culo da domina\u00e7\u00e3o da URSS durante vinte anos, que reorientou o modelo original e do qual Cuba est\u00e1 tentando sair desde o fim dos anos oitenta. Em Cuba, como nos demais pa\u00edses, a constru\u00e7\u00e3o do socialismo teve que ser feita nas piores condi\u00e7\u00f5es, guerras, embargos, a queda da URSS&#8230;<\/p>\n<p>&#8211; O socialismo \u00e9 incompat\u00edvel com a democracia?<\/p>\n<p>&#8211; N\u00e3o, de nenhuma maneira. Por\u00e9m, n\u00e3o podemos dizer que n\u00e3o existe democracia em Cuba. Esse \u00e9 o argumento habitual dos ataques a Cuba. H\u00e1 um desejo de mais democracia, mais agilidade, menos rigidez no sistema burocr\u00e1tico e pol\u00edtico, mais participa\u00e7\u00e3o, apesar de que l\u00e1 existe muito mais democracia do que em qualquer outro pa\u00eds da Am\u00e9rica Latina&#8230; A forte rea\u00e7\u00e3o do mundo capitalista teve como consequ\u00eancia em Cuba a rigidez do sistema, a militariza\u00e7\u00e3o, para defender-se. Por\u00e9m, n\u00e3o s\u00e3o as press\u00f5es do exterior que v\u00e3o conseguir maior democratiza\u00e7\u00e3o em Cuba; ao contr\u00e1rio: quanto mais press\u00f5es, mais resist\u00eancia.<\/p>\n<p>&#8211; Cr\u00ea que o triunfo de Barack Obama \u00e9 um motivo para a esperan\u00e7a?<\/p>\n<p>&#8211; Foi um sinal de esperan\u00e7a porque \u00e9 a primeira vez que um negro ou um \u2018quase negro\u2019 chega ao poder em um pa\u00eds como os Estados Unidos. Isso, simbolicamente, \u00e9 muito importante e assim foi sentido na \u00c1frica, na Am\u00e9rica Latina e nos EUA. Por\u00e9m, da\u00ed a pensar que Obama n\u00e3o ser\u00e1 o presidente de um imp\u00e9rio \u00e9 outra coisa. N\u00e3o somente pela for\u00e7a das estruturas, mas tamb\u00e9m porque ele \u00e9 um homem do \u2018stabilishment\u2019. Tem posi\u00e7\u00f5es mais abertas em rela\u00e7\u00e3o a Kyoto e temos que aplaudi-lo; por\u00e9m, no fundo, a l\u00f3gica n\u00e3o mudou. Como dizem os cubanos: t\u00eam que acostumar-se a ter um imperador negro.<\/p>\n<p>&#8211; A autoridade de Roma, o que resta da Teologia da Liberta\u00e7\u00e3o depois de tantos anos de conservadorismo do vaticano?<\/p>\n<p>&#8211; A Teologia da Liberta\u00e7\u00e3o n\u00e3o est\u00e1 morta; por\u00e9m, sim, sofreu um enorme golpe porque a institui\u00e7\u00e3o eclesi\u00e1stica cat\u00f3lica cortou todos os canais de difus\u00e3o: seus te\u00f3logos foram eliminados de todas as faculdades e centros de pastoral controlados pela Santa S\u00e9. Ao mesmo tempo, conheceu uma certa extens\u00e3o tem\u00e1tica nos \u00faltimos vinte anos: feminista, ecol\u00f3gica, dos povos ind\u00edgenas&#8230; E, al\u00e9m disso, desenvolveu-se nas universidades leigas e nas comunidades de base (CEBs). Devemos confessar, no entanto, que sim, a pol\u00edtica de restaura\u00e7\u00e3o da autoridade de Roma tem sido muito negativa para esse projeto de pensamento e de a\u00e7\u00e3o.<\/p>\n<p>&#8211; A sociedade espanhola \u00e9 cada vez menos cat\u00f3lica; por\u00e9m, os bispos est\u00e3o sempre em primeiro plano falando do aborto, da eutan\u00e1sia, da investiga\u00e7\u00e3o cient\u00edfica&#8230; Por qu\u00ea?<\/p>\n<p>&#8211; A cultura e a \u00e9tica est\u00e3o em plena evolu\u00e7\u00e3o sobre esses e outros temas. O fato de que a hierarquia eclesi\u00e1stica tenha tomado posi\u00e7\u00f5es extremamente conservadoras e reacion\u00e1rias frente a essa evolu\u00e7\u00e3o choca com coisas que s\u00e3o consideradas de sentido comum, como a dignidade da vida, a dignidade da morte, o problema da limita\u00e7\u00e3o de nascimentos, etc&#8230; E essa imposi\u00e7\u00e3o \u00e9 not\u00edcia. A raz\u00e3o dessa atitude me parece muito ligada \u00e0 concep\u00e7\u00e3o da autoridade eclesi\u00e1stica, mais do que a uma quest\u00e3o de doutrina: quem sabe o fa\u00e7am com boa inten\u00e7\u00e3o; por\u00e9m, \u00e9 uma concep\u00e7\u00e3o totalmente equivocada do ser humano, um reducionismo aos fatores puramente biol\u00f3gicos, uma concep\u00e7\u00e3o puramente materialista que n\u00e3o considera a cultura, o que deveria ser o papel de uma inst\u00e2ncia religiosa.<\/p>\n<p>&#8211; O senhor \u00e9 sacerdote. Algum dia pensou em realizar seu trabalho intelectual fora da Igreja Cat\u00f3lica?<\/p>\n<p>&#8211; Praticamente \u00e9 o que estou fazendo! N\u00e3o estou fora do Evangelho, nem fora da igreja como Povo de Deus; por\u00e9m, n\u00e3o estou em converg\u00eancia com a institui\u00e7\u00e3o central, isso est\u00e1 claro.<\/p>\n<div id=\"themify_builder_content-2438\" data-postid=\"2438\" class=\"themify_builder_content themify_builder_content-2438 themify_builder themify_builder_front\">\n\t<\/div>\n<!-- \/themify_builder_content -->","protected":false},"excerpt":{"rendered":"<p>Foro Diamantino Tradu\u00e7\u00e3o: Adital O soci\u00f3logo belga Fran\u00e7ois Houtart (Bruxelas, 1925), uma das vozes mais radicais do movimento antiglobaliza\u00e7\u00e3o crist\u00e3o, inaugurou o curso do Centro Mediterr\u00e2neo da Universidade de Granada \u2018O caminho que estamos vivendo\u2019, no qual participam destacados intelectuais, como Federico Mayor Zaragoza, Carlos Tablada, Joaqu\u00edn Estefan\u00eda, Jos\u00e9 Vidal-Beneyto e Riccardo Petrella. Houtart, delegado [&hellip;]<\/p>\n","protected":false},"author":5,"featured_media":0,"comment_status":"open","ping_status":"open","sticky":false,"template":"","format":"standard","meta":{"ngg_post_thumbnail":0,"footnotes":""},"categories":[9],"tags":[36,369,367,171,370,37,368,366,190],"yoast_head":"<!-- This site is optimized with the Yoast SEO plugin v23.5 - https:\/\/yoast.com\/wordpress\/plugins\/seo\/ -->\n<title>Fran\u00e7ois Houtart: \u2018...nunca houve tanta riqueza e tantos pobres como agora\u2019 - O Arcanjo no ar<\/title>\n<meta name=\"robots\" content=\"index, follow, max-snippet:-1, max-image-preview:large, max-video-preview:-1\" \/>\n<link rel=\"canonical\" href=\"https:\/\/www.oarcanjo.net\/site\/francois-houtart-nunca-houve-tanta-riqueza-e-tantos-pobres-como-agora\/\" \/>\n<meta property=\"og:locale\" content=\"pt_BR\" \/>\n<meta property=\"og:type\" content=\"article\" \/>\n<meta property=\"og:title\" content=\"Fran\u00e7ois Houtart: \u2018...nunca houve tanta riqueza e tantos pobres como agora\u2019 - O Arcanjo no ar\" \/>\n<meta property=\"og:description\" content=\"Foro Diamantino Tradu\u00e7\u00e3o: Adital O soci\u00f3logo belga Fran\u00e7ois Houtart (Bruxelas, 1925), uma das vozes mais radicais do movimento antiglobaliza\u00e7\u00e3o crist\u00e3o, inaugurou o curso do Centro Mediterr\u00e2neo da Universidade de Granada \u2018O caminho que estamos vivendo\u2019, no qual participam destacados intelectuais, como Federico Mayor Zaragoza, Carlos Tablada, Joaqu\u00edn Estefan\u00eda, Jos\u00e9 Vidal-Beneyto e Riccardo Petrella. Houtart, delegado [&hellip;]\" \/>\n<meta property=\"og:url\" content=\"https:\/\/www.oarcanjo.net\/site\/francois-houtart-nunca-houve-tanta-riqueza-e-tantos-pobres-como-agora\/\" \/>\n<meta property=\"og:site_name\" content=\"O Arcanjo no ar\" \/>\n<meta property=\"article:publisher\" content=\"https:\/\/www.facebook.com\/OArcanjoNoAr\/\" \/>\n<meta property=\"article:published_time\" content=\"2009-03-21T15:50:02+00:00\" \/>\n<meta property=\"article:modified_time\" content=\"2009-03-21T15:51:11+00:00\" \/>\n<meta property=\"og:image\" content=\"https:\/\/www.oarcanjo.net\/site\/wp-content\/uploads\/logo-o-arcanjo-no-ar-facebook.png\" \/>\n\t<meta property=\"og:image:width\" content=\"300\" \/>\n\t<meta property=\"og:image:height\" content=\"300\" \/>\n\t<meta property=\"og:image:type\" content=\"image\/png\" \/>\n<meta name=\"author\" content=\"editor\" \/>\n<meta name=\"twitter:card\" content=\"summary_large_image\" \/>\n<meta name=\"twitter:label1\" content=\"Escrito por\" \/>\n\t<meta name=\"twitter:data1\" content=\"editor\" \/>\n\t<meta name=\"twitter:label2\" content=\"Est. tempo de leitura\" \/>\n\t<meta name=\"twitter:data2\" content=\"7 minutos\" \/>\n<script type=\"application\/ld+json\" class=\"yoast-schema-graph\">{\"@context\":\"https:\/\/schema.org\",\"@graph\":[{\"@type\":\"Article\",\"@id\":\"https:\/\/www.oarcanjo.net\/site\/francois-houtart-nunca-houve-tanta-riqueza-e-tantos-pobres-como-agora\/#article\",\"isPartOf\":{\"@id\":\"https:\/\/www.oarcanjo.net\/site\/francois-houtart-nunca-houve-tanta-riqueza-e-tantos-pobres-como-agora\/\"},\"author\":{\"name\":\"editor\",\"@id\":\"https:\/\/www.oarcanjo.net\/site\/#\/schema\/person\/f7024d007863202483a31326673a0838\"},\"headline\":\"Fran\u00e7ois Houtart: \u2018&#8230;nunca houve tanta riqueza e tantos pobres como agora\u2019\",\"datePublished\":\"2009-03-21T15:50:02+00:00\",\"dateModified\":\"2009-03-21T15:51:11+00:00\",\"mainEntityOfPage\":{\"@id\":\"https:\/\/www.oarcanjo.net\/site\/francois-houtart-nunca-houve-tanta-riqueza-e-tantos-pobres-como-agora\/\"},\"wordCount\":1399,\"commentCount\":0,\"publisher\":{\"@id\":\"https:\/\/www.oarcanjo.net\/site\/#organization\"},\"keywords\":[\"crise\",\"Cuba\",\"democratiza\u00e7\u00e3o\",\"natureza\",\"Obama\",\"pobreza\",\"socialismo\",\"sociedade do futuro\",\"teologia da liberta\u00e7\u00e3o\"],\"articleSection\":[\"Reflex\u00f5es\"],\"inLanguage\":\"pt-BR\",\"potentialAction\":[{\"@type\":\"CommentAction\",\"name\":\"Comment\",\"target\":[\"https:\/\/www.oarcanjo.net\/site\/francois-houtart-nunca-houve-tanta-riqueza-e-tantos-pobres-como-agora\/#respond\"]}]},{\"@type\":\"WebPage\",\"@id\":\"https:\/\/www.oarcanjo.net\/site\/francois-houtart-nunca-houve-tanta-riqueza-e-tantos-pobres-como-agora\/\",\"url\":\"https:\/\/www.oarcanjo.net\/site\/francois-houtart-nunca-houve-tanta-riqueza-e-tantos-pobres-como-agora\/\",\"name\":\"Fran\u00e7ois Houtart: \u2018...nunca houve tanta riqueza e tantos pobres como agora\u2019 - O Arcanjo no ar\",\"isPartOf\":{\"@id\":\"https:\/\/www.oarcanjo.net\/site\/#website\"},\"datePublished\":\"2009-03-21T15:50:02+00:00\",\"dateModified\":\"2009-03-21T15:51:11+00:00\",\"breadcrumb\":{\"@id\":\"https:\/\/www.oarcanjo.net\/site\/francois-houtart-nunca-houve-tanta-riqueza-e-tantos-pobres-como-agora\/#breadcrumb\"},\"inLanguage\":\"pt-BR\",\"potentialAction\":[{\"@type\":\"ReadAction\",\"target\":[\"https:\/\/www.oarcanjo.net\/site\/francois-houtart-nunca-houve-tanta-riqueza-e-tantos-pobres-como-agora\/\"]}]},{\"@type\":\"BreadcrumbList\",\"@id\":\"https:\/\/www.oarcanjo.net\/site\/francois-houtart-nunca-houve-tanta-riqueza-e-tantos-pobres-como-agora\/#breadcrumb\",\"itemListElement\":[{\"@type\":\"ListItem\",\"position\":1,\"name\":\"In\u00edcio\",\"item\":\"https:\/\/www.oarcanjo.net\/site\/\"},{\"@type\":\"ListItem\",\"position\":2,\"name\":\"Fran\u00e7ois Houtart: \u2018&#8230;nunca houve tanta riqueza e tantos pobres como agora\u2019\"}]},{\"@type\":\"WebSite\",\"@id\":\"https:\/\/www.oarcanjo.net\/site\/#website\",\"url\":\"https:\/\/www.oarcanjo.net\/site\/\",\"name\":\"O Arcanjo no ar\",\"description\":\"Site da Par\u00f3quia S\u00e3o Miguel Arcanjo (Arquidiocese de SP)\",\"publisher\":{\"@id\":\"https:\/\/www.oarcanjo.net\/site\/#organization\"},\"potentialAction\":[{\"@type\":\"SearchAction\",\"target\":{\"@type\":\"EntryPoint\",\"urlTemplate\":\"https:\/\/www.oarcanjo.net\/site\/?s={search_term_string}\"},\"query-input\":{\"@type\":\"PropertyValueSpecification\",\"valueRequired\":true,\"valueName\":\"search_term_string\"}}],\"inLanguage\":\"pt-BR\"},{\"@type\":\"Organization\",\"@id\":\"https:\/\/www.oarcanjo.net\/site\/#organization\",\"name\":\"Par\u00f3quia S\u00e3o Miguel Arcanjo\",\"url\":\"https:\/\/www.oarcanjo.net\/site\/\",\"logo\":{\"@type\":\"ImageObject\",\"inLanguage\":\"pt-BR\",\"@id\":\"https:\/\/www.oarcanjo.net\/site\/#\/schema\/logo\/image\/\",\"url\":\"https:\/\/www.oarcanjo.net\/site\/wp-content\/uploads\/LogoOArcanjo.png\",\"contentUrl\":\"https:\/\/www.oarcanjo.net\/site\/wp-content\/uploads\/LogoOArcanjo.png\",\"width\":319,\"height\":99,\"caption\":\"Par\u00f3quia S\u00e3o Miguel Arcanjo\"},\"image\":{\"@id\":\"https:\/\/www.oarcanjo.net\/site\/#\/schema\/logo\/image\/\"},\"sameAs\":[\"https:\/\/www.facebook.com\/OArcanjoNoAr\/\"]},{\"@type\":\"Person\",\"@id\":\"https:\/\/www.oarcanjo.net\/site\/#\/schema\/person\/f7024d007863202483a31326673a0838\",\"name\":\"editor\",\"sameAs\":[\"http:\/\/www.oarcanjo.net\"]}]}<\/script>\n<!-- \/ Yoast SEO plugin. -->","yoast_head_json":{"title":"Fran\u00e7ois Houtart: \u2018...nunca houve tanta riqueza e tantos pobres como agora\u2019 - O Arcanjo no ar","robots":{"index":"index","follow":"follow","max-snippet":"max-snippet:-1","max-image-preview":"max-image-preview:large","max-video-preview":"max-video-preview:-1"},"canonical":"https:\/\/www.oarcanjo.net\/site\/francois-houtart-nunca-houve-tanta-riqueza-e-tantos-pobres-como-agora\/","og_locale":"pt_BR","og_type":"article","og_title":"Fran\u00e7ois Houtart: \u2018...nunca houve tanta riqueza e tantos pobres como agora\u2019 - O Arcanjo no ar","og_description":"Foro Diamantino Tradu\u00e7\u00e3o: Adital O soci\u00f3logo belga Fran\u00e7ois Houtart (Bruxelas, 1925), uma das vozes mais radicais do movimento antiglobaliza\u00e7\u00e3o crist\u00e3o, inaugurou o curso do Centro Mediterr\u00e2neo da Universidade de Granada \u2018O caminho que estamos vivendo\u2019, no qual participam destacados intelectuais, como Federico Mayor Zaragoza, Carlos Tablada, Joaqu\u00edn Estefan\u00eda, Jos\u00e9 Vidal-Beneyto e Riccardo Petrella. Houtart, delegado [&hellip;]","og_url":"https:\/\/www.oarcanjo.net\/site\/francois-houtart-nunca-houve-tanta-riqueza-e-tantos-pobres-como-agora\/","og_site_name":"O Arcanjo no ar","article_publisher":"https:\/\/www.facebook.com\/OArcanjoNoAr\/","article_published_time":"2009-03-21T15:50:02+00:00","article_modified_time":"2009-03-21T15:51:11+00:00","og_image":[{"width":300,"height":300,"url":"https:\/\/www.oarcanjo.net\/site\/wp-content\/uploads\/logo-o-arcanjo-no-ar-facebook.png","type":"image\/png"}],"author":"editor","twitter_card":"summary_large_image","twitter_misc":{"Escrito por":"editor","Est. tempo de leitura":"7 minutos"},"schema":{"@context":"https:\/\/schema.org","@graph":[{"@type":"Article","@id":"https:\/\/www.oarcanjo.net\/site\/francois-houtart-nunca-houve-tanta-riqueza-e-tantos-pobres-como-agora\/#article","isPartOf":{"@id":"https:\/\/www.oarcanjo.net\/site\/francois-houtart-nunca-houve-tanta-riqueza-e-tantos-pobres-como-agora\/"},"author":{"name":"editor","@id":"https:\/\/www.oarcanjo.net\/site\/#\/schema\/person\/f7024d007863202483a31326673a0838"},"headline":"Fran\u00e7ois Houtart: \u2018&#8230;nunca houve tanta riqueza e tantos pobres como agora\u2019","datePublished":"2009-03-21T15:50:02+00:00","dateModified":"2009-03-21T15:51:11+00:00","mainEntityOfPage":{"@id":"https:\/\/www.oarcanjo.net\/site\/francois-houtart-nunca-houve-tanta-riqueza-e-tantos-pobres-como-agora\/"},"wordCount":1399,"commentCount":0,"publisher":{"@id":"https:\/\/www.oarcanjo.net\/site\/#organization"},"keywords":["crise","Cuba","democratiza\u00e7\u00e3o","natureza","Obama","pobreza","socialismo","sociedade do futuro","teologia da liberta\u00e7\u00e3o"],"articleSection":["Reflex\u00f5es"],"inLanguage":"pt-BR","potentialAction":[{"@type":"CommentAction","name":"Comment","target":["https:\/\/www.oarcanjo.net\/site\/francois-houtart-nunca-houve-tanta-riqueza-e-tantos-pobres-como-agora\/#respond"]}]},{"@type":"WebPage","@id":"https:\/\/www.oarcanjo.net\/site\/francois-houtart-nunca-houve-tanta-riqueza-e-tantos-pobres-como-agora\/","url":"https:\/\/www.oarcanjo.net\/site\/francois-houtart-nunca-houve-tanta-riqueza-e-tantos-pobres-como-agora\/","name":"Fran\u00e7ois Houtart: \u2018...nunca houve tanta riqueza e tantos pobres como agora\u2019 - O Arcanjo no ar","isPartOf":{"@id":"https:\/\/www.oarcanjo.net\/site\/#website"},"datePublished":"2009-03-21T15:50:02+00:00","dateModified":"2009-03-21T15:51:11+00:00","breadcrumb":{"@id":"https:\/\/www.oarcanjo.net\/site\/francois-houtart-nunca-houve-tanta-riqueza-e-tantos-pobres-como-agora\/#breadcrumb"},"inLanguage":"pt-BR","potentialAction":[{"@type":"ReadAction","target":["https:\/\/www.oarcanjo.net\/site\/francois-houtart-nunca-houve-tanta-riqueza-e-tantos-pobres-como-agora\/"]}]},{"@type":"BreadcrumbList","@id":"https:\/\/www.oarcanjo.net\/site\/francois-houtart-nunca-houve-tanta-riqueza-e-tantos-pobres-como-agora\/#breadcrumb","itemListElement":[{"@type":"ListItem","position":1,"name":"In\u00edcio","item":"https:\/\/www.oarcanjo.net\/site\/"},{"@type":"ListItem","position":2,"name":"Fran\u00e7ois Houtart: \u2018&#8230;nunca houve tanta riqueza e tantos pobres como agora\u2019"}]},{"@type":"WebSite","@id":"https:\/\/www.oarcanjo.net\/site\/#website","url":"https:\/\/www.oarcanjo.net\/site\/","name":"O Arcanjo no ar","description":"Site da Par\u00f3quia S\u00e3o Miguel Arcanjo (Arquidiocese de SP)","publisher":{"@id":"https:\/\/www.oarcanjo.net\/site\/#organization"},"potentialAction":[{"@type":"SearchAction","target":{"@type":"EntryPoint","urlTemplate":"https:\/\/www.oarcanjo.net\/site\/?s={search_term_string}"},"query-input":{"@type":"PropertyValueSpecification","valueRequired":true,"valueName":"search_term_string"}}],"inLanguage":"pt-BR"},{"@type":"Organization","@id":"https:\/\/www.oarcanjo.net\/site\/#organization","name":"Par\u00f3quia S\u00e3o Miguel Arcanjo","url":"https:\/\/www.oarcanjo.net\/site\/","logo":{"@type":"ImageObject","inLanguage":"pt-BR","@id":"https:\/\/www.oarcanjo.net\/site\/#\/schema\/logo\/image\/","url":"https:\/\/www.oarcanjo.net\/site\/wp-content\/uploads\/LogoOArcanjo.png","contentUrl":"https:\/\/www.oarcanjo.net\/site\/wp-content\/uploads\/LogoOArcanjo.png","width":319,"height":99,"caption":"Par\u00f3quia S\u00e3o Miguel Arcanjo"},"image":{"@id":"https:\/\/www.oarcanjo.net\/site\/#\/schema\/logo\/image\/"},"sameAs":["https:\/\/www.facebook.com\/OArcanjoNoAr\/"]},{"@type":"Person","@id":"https:\/\/www.oarcanjo.net\/site\/#\/schema\/person\/f7024d007863202483a31326673a0838","name":"editor","sameAs":["http:\/\/www.oarcanjo.net"]}]}},"publishpress_future_action":{"enabled":false,"date":"2026-05-09 00:28:53","action":"category","newStatus":"draft","terms":[],"taxonomy":"category"},"publishpress_future_workflow_manual_trigger":{"enabledWorkflows":[]},"_links":{"self":[{"href":"https:\/\/www.oarcanjo.net\/site\/wp-json\/wp\/v2\/posts\/2438"}],"collection":[{"href":"https:\/\/www.oarcanjo.net\/site\/wp-json\/wp\/v2\/posts"}],"about":[{"href":"https:\/\/www.oarcanjo.net\/site\/wp-json\/wp\/v2\/types\/post"}],"author":[{"embeddable":true,"href":"https:\/\/www.oarcanjo.net\/site\/wp-json\/wp\/v2\/users\/5"}],"replies":[{"embeddable":true,"href":"https:\/\/www.oarcanjo.net\/site\/wp-json\/wp\/v2\/comments?post=2438"}],"version-history":[{"count":0,"href":"https:\/\/www.oarcanjo.net\/site\/wp-json\/wp\/v2\/posts\/2438\/revisions"}],"wp:attachment":[{"href":"https:\/\/www.oarcanjo.net\/site\/wp-json\/wp\/v2\/media?parent=2438"}],"wp:term":[{"taxonomy":"category","embeddable":true,"href":"https:\/\/www.oarcanjo.net\/site\/wp-json\/wp\/v2\/categories?post=2438"},{"taxonomy":"post_tag","embeddable":true,"href":"https:\/\/www.oarcanjo.net\/site\/wp-json\/wp\/v2\/tags?post=2438"}],"curies":[{"name":"wp","href":"https:\/\/api.w.org\/{rel}","templated":true}]}}