
{"id":24380,"date":"2014-03-03T21:37:48","date_gmt":"2014-03-04T00:37:48","guid":{"rendered":"http:\/\/www.oarcanjo.net\/site\/?p=24380"},"modified":"2014-03-03T21:37:48","modified_gmt":"2014-03-04T00:37:48","slug":"quaresma-tempo-de-retornar-ao-abraco-do-pai","status":"publish","type":"post","link":"https:\/\/www.oarcanjo.net\/site\/quaresma-tempo-de-retornar-ao-abraco-do-pai\/","title":{"rendered":"Quaresma: tempo de retornar ao abra\u00e7o do Pai!"},"content":{"rendered":"<p><em>Dom Edmar Peron<\/em><\/p>\n<p>Esses dias, enquanto dirigia, ouvi uma m\u00fasica que, parece-me, pode nos ajudar a entrar no mist\u00e9rio da Quaresma. Ela dizia: \u201cO melhor lugar no mundo \u00e9 dentro de um abra\u00e7o. Tudo que a gente sofre, num abra\u00e7o se dissolve. Tudo que se espera ou sonha, num abra\u00e7o a gente encontra\u201d (Jota Quest). Assim, como o filho pr\u00f3digo, no tempo da Quaresma, desejamos reencontar a Deus, o Pai cheio de bondade, que Jesus nos revelou. Ele \u00e9 o Pai que nos aguarda e que, vendo-nos voltar, \u201ccorre\u201d ao nosso encontro e nos acolhe (Lc 15,20); n\u00e3o pergunta o que fizemos, mas, no abra\u00e7o dele, \u201ctudo o que a gente sofre (&#8230;) se dissolve\u201d. \u00c9 (re)encontro, \u00e9 festa, \u00e9 P\u00e1scoa!<\/p>\n<p>Seguindo o ritmo do ano lit\u00fargico, \u00e9 dada para n\u00f3s, de novo, a gra\u00e7a de entrar no Tempo da Quaresma, o qual tem por finalidade \u201cpreparar os fi\u00e9is para a celebra\u00e7\u00e3o da P\u00e1scoa\u201d (SC 109). A liturgia desse per\u00edodo quaresmal, com efeito, prepara para a celebra\u00e7\u00e3o do mist\u00e9rio pascal os que se preparam para o batismo e todos os fi\u00e9is; aqueles, conduzindo-os \u00e0s \u00e1guas batismais, e esses, \u00e0s \u00e1guas da penit\u00eancia, bebidas no Sacramento da Penit\u00eancia e nas muitas atitudes penitenciais, necess\u00e1rias \u00e0 convers\u00e3o. O Conc\u00edlio nos recorda, ainda, que essa prepara\u00e7\u00e3o para a P\u00e1scoa, buscando uma vida nova, se d\u00e1 por uma escuta \u201cmais\u201d frequente da Palavra de Deus e pela entrega \u201c\u00e0 ora\u00e7\u00e3o com mais insist\u00eancia\u201d. Palavra e Ora\u00e7\u00e3o: eis o caminho que nos (re)conduzem ao abra\u00e7o do Pai.<\/p>\n<p>O Tempo da Quaresma vai da Quarta-feira de Cinzas at\u00e9 a tarde do dia em que celebramos a Missa da Ceia do Senhor (a Quinta-feira Santa, como a chamamos). Assim, quando a Semana Santa (que vai do Domingo de Ramos at\u00e9 quinta-feira \u00e0 tarde) se inicia, ainda estamos no tempo da Quaresma.<\/p>\n<p>Mas, como insiste a Palavra de Deus, o amor a Deus n\u00e3o \u00e9 desvinculado do amor aos irm\u00e3os. Assim, no Brasil, a cada ano, no per\u00edodo quaresmal, desde 1964, a Igreja realiza uma <em>Campanha da Fraternidade<\/em>, desejosa de que os crist\u00e3os se comprometam cada vez mais na \u201cbusca do bem comum\u201d, sejam educados \u201cpara a vida em fraternidade\u201d e se renove \u201ca consci\u00eancia da responsabilidade de todos pela a\u00e7\u00e3o da Igreja na evangeliza\u00e7\u00e3o, na promo\u00e7\u00e3o humana, em vista de uma sociedade justa e solid\u00e1ria\u201d (Objetivos Permanentes da Campanha da Fraternidade). Neste ano, a realidade gritante que pede o comprometimento de nossas comunidades \u00e9 o tr\u00e1fico humano. Com o tema <em>Fraternidade e Tr\u00e1fico Humano, <\/em>o lema desta Campanha \u00e9 <em>Para a liberdade que Cristo nos libertou (Gl 5,1).<\/em><\/p>\n<p>Aproveitemos desses sagrados dias da Quaresma para voltar ao \u201cabra\u00e7o\u201d do Pai, estendendo \u201ca m\u00e3o\u201d aos irm\u00e3os e \u00e0s irm\u00e3s que sofrem: \u201cAmar\u00e1s o Senhor teu Deus de todo o teu cora\u00e7\u00e3o&#8230; e amar\u00e1s a teu pr\u00f3ximo como a ti mesmo\u201d (Mc 12,3-31); dediquemo-nos ainda mais \u00e0 escuta da Palavra de Deus e \u00e0 Ora\u00e7\u00e3o.<\/p>\n<div id=\"themify_builder_content-24380\" data-postid=\"24380\" class=\"themify_builder_content themify_builder_content-24380 themify_builder themify_builder_front\">\n\t<\/div>\n<!-- \/themify_builder_content -->","protected":false},"excerpt":{"rendered":"<p>Dom Edmar Peron Esses dias, enquanto dirigia, ouvi uma m\u00fasica que, parece-me, pode nos ajudar a entrar no mist\u00e9rio da Quaresma. Ela dizia: \u201cO melhor lugar no mundo \u00e9 dentro de um abra\u00e7o. Tudo que a gente sofre, num abra\u00e7o se dissolve. Tudo que se espera ou sonha, num abra\u00e7o a gente encontra\u201d (Jota Quest). [&hellip;]<\/p>\n","protected":false},"author":5,"featured_media":0,"comment_status":"open","ping_status":"open","sticky":false,"template":"","format":"standard","meta":{"ngg_post_thumbnail":0,"footnotes":""},"categories":[9],"tags":[3011,229,275,2662,968,3012,242,2879,227,397],"yoast_head":"<!-- This site is optimized with the Yoast SEO plugin v23.5 - https:\/\/yoast.com\/wordpress\/plugins\/seo\/ -->\n<title>Quaresma: tempo de retornar ao abra\u00e7o do Pai! - O Arcanjo no ar<\/title>\n<meta name=\"robots\" content=\"index, follow, max-snippet:-1, max-image-preview:large, max-video-preview:-1\" \/>\n<link rel=\"canonical\" href=\"https:\/\/www.oarcanjo.net\/site\/quaresma-tempo-de-retornar-ao-abraco-do-pai\/\" \/>\n<meta property=\"og:locale\" content=\"pt_BR\" \/>\n<meta property=\"og:type\" content=\"article\" \/>\n<meta property=\"og:title\" content=\"Quaresma: tempo de retornar ao abra\u00e7o do Pai! - O Arcanjo no ar\" \/>\n<meta property=\"og:description\" content=\"Dom Edmar Peron Esses dias, enquanto dirigia, ouvi uma m\u00fasica que, parece-me, pode nos ajudar a entrar no mist\u00e9rio da Quaresma. Ela dizia: \u201cO melhor lugar no mundo \u00e9 dentro de um abra\u00e7o. Tudo que a gente sofre, num abra\u00e7o se dissolve. Tudo que se espera ou sonha, num abra\u00e7o a gente encontra\u201d (Jota Quest). [&hellip;]\" \/>\n<meta property=\"og:url\" content=\"https:\/\/www.oarcanjo.net\/site\/quaresma-tempo-de-retornar-ao-abraco-do-pai\/\" \/>\n<meta property=\"og:site_name\" content=\"O Arcanjo no ar\" \/>\n<meta property=\"article:publisher\" content=\"https:\/\/www.facebook.com\/OArcanjoNoAr\/\" \/>\n<meta property=\"article:published_time\" content=\"2014-03-04T00:37:48+00:00\" \/>\n<meta property=\"og:image\" content=\"https:\/\/www.oarcanjo.net\/site\/wp-content\/uploads\/logo-o-arcanjo-no-ar-facebook.png\" \/>\n\t<meta property=\"og:image:width\" content=\"300\" \/>\n\t<meta property=\"og:image:height\" content=\"300\" \/>\n\t<meta property=\"og:image:type\" content=\"image\/png\" \/>\n<meta name=\"author\" content=\"editor\" \/>\n<meta name=\"twitter:card\" content=\"summary_large_image\" \/>\n<meta name=\"twitter:label1\" content=\"Escrito por\" \/>\n\t<meta name=\"twitter:data1\" content=\"editor\" \/>\n\t<meta name=\"twitter:label2\" content=\"Est. tempo de leitura\" \/>\n\t<meta name=\"twitter:data2\" content=\"3 minutos\" \/>\n<script type=\"application\/ld+json\" class=\"yoast-schema-graph\">{\"@context\":\"https:\/\/schema.org\",\"@graph\":[{\"@type\":\"Article\",\"@id\":\"https:\/\/www.oarcanjo.net\/site\/quaresma-tempo-de-retornar-ao-abraco-do-pai\/#article\",\"isPartOf\":{\"@id\":\"https:\/\/www.oarcanjo.net\/site\/quaresma-tempo-de-retornar-ao-abraco-do-pai\/\"},\"author\":{\"name\":\"editor\",\"@id\":\"https:\/\/www.oarcanjo.net\/site\/#\/schema\/person\/f7024d007863202483a31326673a0838\"},\"headline\":\"Quaresma: tempo de retornar ao abra\u00e7o do Pai!\",\"datePublished\":\"2014-03-04T00:37:48+00:00\",\"dateModified\":\"2014-03-04T00:37:48+00:00\",\"mainEntityOfPage\":{\"@id\":\"https:\/\/www.oarcanjo.net\/site\/quaresma-tempo-de-retornar-ao-abraco-do-pai\/\"},\"wordCount\":528,\"commentCount\":0,\"publisher\":{\"@id\":\"https:\/\/www.oarcanjo.net\/site\/#organization\"},\"keywords\":[\"Abra\u00e7o\",\"Campanha da Fraternidade\",\"cinzas\",\"Fraternidade e Tr\u00e1fico Humano\",\"Pai\",\"Para a liberdade que Cristo nos libertou\",\"P\u00e1scoa\",\"Prepara\u00e7\u00e3o\",\"Quaresma\",\"Semana Santa\"],\"articleSection\":[\"Reflex\u00f5es\"],\"inLanguage\":\"pt-BR\",\"potentialAction\":[{\"@type\":\"CommentAction\",\"name\":\"Comment\",\"target\":[\"https:\/\/www.oarcanjo.net\/site\/quaresma-tempo-de-retornar-ao-abraco-do-pai\/#respond\"]}]},{\"@type\":\"WebPage\",\"@id\":\"https:\/\/www.oarcanjo.net\/site\/quaresma-tempo-de-retornar-ao-abraco-do-pai\/\",\"url\":\"https:\/\/www.oarcanjo.net\/site\/quaresma-tempo-de-retornar-ao-abraco-do-pai\/\",\"name\":\"Quaresma: tempo de retornar ao abra\u00e7o do Pai! - O Arcanjo no ar\",\"isPartOf\":{\"@id\":\"https:\/\/www.oarcanjo.net\/site\/#website\"},\"datePublished\":\"2014-03-04T00:37:48+00:00\",\"dateModified\":\"2014-03-04T00:37:48+00:00\",\"breadcrumb\":{\"@id\":\"https:\/\/www.oarcanjo.net\/site\/quaresma-tempo-de-retornar-ao-abraco-do-pai\/#breadcrumb\"},\"inLanguage\":\"pt-BR\",\"potentialAction\":[{\"@type\":\"ReadAction\",\"target\":[\"https:\/\/www.oarcanjo.net\/site\/quaresma-tempo-de-retornar-ao-abraco-do-pai\/\"]}]},{\"@type\":\"BreadcrumbList\",\"@id\":\"https:\/\/www.oarcanjo.net\/site\/quaresma-tempo-de-retornar-ao-abraco-do-pai\/#breadcrumb\",\"itemListElement\":[{\"@type\":\"ListItem\",\"position\":1,\"name\":\"In\u00edcio\",\"item\":\"https:\/\/www.oarcanjo.net\/site\/\"},{\"@type\":\"ListItem\",\"position\":2,\"name\":\"Quaresma: tempo de retornar ao abra\u00e7o do Pai!\"}]},{\"@type\":\"WebSite\",\"@id\":\"https:\/\/www.oarcanjo.net\/site\/#website\",\"url\":\"https:\/\/www.oarcanjo.net\/site\/\",\"name\":\"O Arcanjo no ar\",\"description\":\"Site da Par\u00f3quia S\u00e3o Miguel Arcanjo (Arquidiocese de SP)\",\"publisher\":{\"@id\":\"https:\/\/www.oarcanjo.net\/site\/#organization\"},\"potentialAction\":[{\"@type\":\"SearchAction\",\"target\":{\"@type\":\"EntryPoint\",\"urlTemplate\":\"https:\/\/www.oarcanjo.net\/site\/?s={search_term_string}\"},\"query-input\":{\"@type\":\"PropertyValueSpecification\",\"valueRequired\":true,\"valueName\":\"search_term_string\"}}],\"inLanguage\":\"pt-BR\"},{\"@type\":\"Organization\",\"@id\":\"https:\/\/www.oarcanjo.net\/site\/#organization\",\"name\":\"Par\u00f3quia S\u00e3o Miguel Arcanjo\",\"url\":\"https:\/\/www.oarcanjo.net\/site\/\",\"logo\":{\"@type\":\"ImageObject\",\"inLanguage\":\"pt-BR\",\"@id\":\"https:\/\/www.oarcanjo.net\/site\/#\/schema\/logo\/image\/\",\"url\":\"https:\/\/www.oarcanjo.net\/site\/wp-content\/uploads\/LogoOArcanjo.png\",\"contentUrl\":\"https:\/\/www.oarcanjo.net\/site\/wp-content\/uploads\/LogoOArcanjo.png\",\"width\":319,\"height\":99,\"caption\":\"Par\u00f3quia S\u00e3o Miguel Arcanjo\"},\"image\":{\"@id\":\"https:\/\/www.oarcanjo.net\/site\/#\/schema\/logo\/image\/\"},\"sameAs\":[\"https:\/\/www.facebook.com\/OArcanjoNoAr\/\"]},{\"@type\":\"Person\",\"@id\":\"https:\/\/www.oarcanjo.net\/site\/#\/schema\/person\/f7024d007863202483a31326673a0838\",\"name\":\"editor\",\"sameAs\":[\"http:\/\/www.oarcanjo.net\"]}]}<\/script>\n<!-- \/ Yoast SEO plugin. -->","yoast_head_json":{"title":"Quaresma: tempo de retornar ao abra\u00e7o do Pai! - O Arcanjo no ar","robots":{"index":"index","follow":"follow","max-snippet":"max-snippet:-1","max-image-preview":"max-image-preview:large","max-video-preview":"max-video-preview:-1"},"canonical":"https:\/\/www.oarcanjo.net\/site\/quaresma-tempo-de-retornar-ao-abraco-do-pai\/","og_locale":"pt_BR","og_type":"article","og_title":"Quaresma: tempo de retornar ao abra\u00e7o do Pai! - O Arcanjo no ar","og_description":"Dom Edmar Peron Esses dias, enquanto dirigia, ouvi uma m\u00fasica que, parece-me, pode nos ajudar a entrar no mist\u00e9rio da Quaresma. Ela dizia: \u201cO melhor lugar no mundo \u00e9 dentro de um abra\u00e7o. Tudo que a gente sofre, num abra\u00e7o se dissolve. Tudo que se espera ou sonha, num abra\u00e7o a gente encontra\u201d (Jota Quest). [&hellip;]","og_url":"https:\/\/www.oarcanjo.net\/site\/quaresma-tempo-de-retornar-ao-abraco-do-pai\/","og_site_name":"O Arcanjo no ar","article_publisher":"https:\/\/www.facebook.com\/OArcanjoNoAr\/","article_published_time":"2014-03-04T00:37:48+00:00","og_image":[{"width":300,"height":300,"url":"https:\/\/www.oarcanjo.net\/site\/wp-content\/uploads\/logo-o-arcanjo-no-ar-facebook.png","type":"image\/png"}],"author":"editor","twitter_card":"summary_large_image","twitter_misc":{"Escrito por":"editor","Est. tempo de leitura":"3 minutos"},"schema":{"@context":"https:\/\/schema.org","@graph":[{"@type":"Article","@id":"https:\/\/www.oarcanjo.net\/site\/quaresma-tempo-de-retornar-ao-abraco-do-pai\/#article","isPartOf":{"@id":"https:\/\/www.oarcanjo.net\/site\/quaresma-tempo-de-retornar-ao-abraco-do-pai\/"},"author":{"name":"editor","@id":"https:\/\/www.oarcanjo.net\/site\/#\/schema\/person\/f7024d007863202483a31326673a0838"},"headline":"Quaresma: tempo de retornar ao abra\u00e7o do Pai!","datePublished":"2014-03-04T00:37:48+00:00","dateModified":"2014-03-04T00:37:48+00:00","mainEntityOfPage":{"@id":"https:\/\/www.oarcanjo.net\/site\/quaresma-tempo-de-retornar-ao-abraco-do-pai\/"},"wordCount":528,"commentCount":0,"publisher":{"@id":"https:\/\/www.oarcanjo.net\/site\/#organization"},"keywords":["Abra\u00e7o","Campanha da Fraternidade","cinzas","Fraternidade e Tr\u00e1fico Humano","Pai","Para a liberdade que Cristo nos libertou","P\u00e1scoa","Prepara\u00e7\u00e3o","Quaresma","Semana Santa"],"articleSection":["Reflex\u00f5es"],"inLanguage":"pt-BR","potentialAction":[{"@type":"CommentAction","name":"Comment","target":["https:\/\/www.oarcanjo.net\/site\/quaresma-tempo-de-retornar-ao-abraco-do-pai\/#respond"]}]},{"@type":"WebPage","@id":"https:\/\/www.oarcanjo.net\/site\/quaresma-tempo-de-retornar-ao-abraco-do-pai\/","url":"https:\/\/www.oarcanjo.net\/site\/quaresma-tempo-de-retornar-ao-abraco-do-pai\/","name":"Quaresma: tempo de retornar ao abra\u00e7o do Pai! - O Arcanjo no ar","isPartOf":{"@id":"https:\/\/www.oarcanjo.net\/site\/#website"},"datePublished":"2014-03-04T00:37:48+00:00","dateModified":"2014-03-04T00:37:48+00:00","breadcrumb":{"@id":"https:\/\/www.oarcanjo.net\/site\/quaresma-tempo-de-retornar-ao-abraco-do-pai\/#breadcrumb"},"inLanguage":"pt-BR","potentialAction":[{"@type":"ReadAction","target":["https:\/\/www.oarcanjo.net\/site\/quaresma-tempo-de-retornar-ao-abraco-do-pai\/"]}]},{"@type":"BreadcrumbList","@id":"https:\/\/www.oarcanjo.net\/site\/quaresma-tempo-de-retornar-ao-abraco-do-pai\/#breadcrumb","itemListElement":[{"@type":"ListItem","position":1,"name":"In\u00edcio","item":"https:\/\/www.oarcanjo.net\/site\/"},{"@type":"ListItem","position":2,"name":"Quaresma: tempo de retornar ao abra\u00e7o do Pai!"}]},{"@type":"WebSite","@id":"https:\/\/www.oarcanjo.net\/site\/#website","url":"https:\/\/www.oarcanjo.net\/site\/","name":"O Arcanjo no ar","description":"Site da Par\u00f3quia S\u00e3o Miguel Arcanjo (Arquidiocese de SP)","publisher":{"@id":"https:\/\/www.oarcanjo.net\/site\/#organization"},"potentialAction":[{"@type":"SearchAction","target":{"@type":"EntryPoint","urlTemplate":"https:\/\/www.oarcanjo.net\/site\/?s={search_term_string}"},"query-input":{"@type":"PropertyValueSpecification","valueRequired":true,"valueName":"search_term_string"}}],"inLanguage":"pt-BR"},{"@type":"Organization","@id":"https:\/\/www.oarcanjo.net\/site\/#organization","name":"Par\u00f3quia S\u00e3o Miguel Arcanjo","url":"https:\/\/www.oarcanjo.net\/site\/","logo":{"@type":"ImageObject","inLanguage":"pt-BR","@id":"https:\/\/www.oarcanjo.net\/site\/#\/schema\/logo\/image\/","url":"https:\/\/www.oarcanjo.net\/site\/wp-content\/uploads\/LogoOArcanjo.png","contentUrl":"https:\/\/www.oarcanjo.net\/site\/wp-content\/uploads\/LogoOArcanjo.png","width":319,"height":99,"caption":"Par\u00f3quia S\u00e3o Miguel Arcanjo"},"image":{"@id":"https:\/\/www.oarcanjo.net\/site\/#\/schema\/logo\/image\/"},"sameAs":["https:\/\/www.facebook.com\/OArcanjoNoAr\/"]},{"@type":"Person","@id":"https:\/\/www.oarcanjo.net\/site\/#\/schema\/person\/f7024d007863202483a31326673a0838","name":"editor","sameAs":["http:\/\/www.oarcanjo.net"]}]}},"publishpress_future_action":{"enabled":false,"date":"2026-05-08 21:52:45","action":"category","newStatus":"draft","terms":[],"taxonomy":"category"},"publishpress_future_workflow_manual_trigger":{"enabledWorkflows":[]},"_links":{"self":[{"href":"https:\/\/www.oarcanjo.net\/site\/wp-json\/wp\/v2\/posts\/24380"}],"collection":[{"href":"https:\/\/www.oarcanjo.net\/site\/wp-json\/wp\/v2\/posts"}],"about":[{"href":"https:\/\/www.oarcanjo.net\/site\/wp-json\/wp\/v2\/types\/post"}],"author":[{"embeddable":true,"href":"https:\/\/www.oarcanjo.net\/site\/wp-json\/wp\/v2\/users\/5"}],"replies":[{"embeddable":true,"href":"https:\/\/www.oarcanjo.net\/site\/wp-json\/wp\/v2\/comments?post=24380"}],"version-history":[{"count":0,"href":"https:\/\/www.oarcanjo.net\/site\/wp-json\/wp\/v2\/posts\/24380\/revisions"}],"wp:attachment":[{"href":"https:\/\/www.oarcanjo.net\/site\/wp-json\/wp\/v2\/media?parent=24380"}],"wp:term":[{"taxonomy":"category","embeddable":true,"href":"https:\/\/www.oarcanjo.net\/site\/wp-json\/wp\/v2\/categories?post=24380"},{"taxonomy":"post_tag","embeddable":true,"href":"https:\/\/www.oarcanjo.net\/site\/wp-json\/wp\/v2\/tags?post=24380"}],"curies":[{"name":"wp","href":"https:\/\/api.w.org\/{rel}","templated":true}]}}