
{"id":24389,"date":"2014-03-05T19:54:58","date_gmt":"2014-03-05T22:54:58","guid":{"rendered":"http:\/\/www.oarcanjo.net\/site\/?p=24389"},"modified":"2014-03-05T19:55:24","modified_gmt":"2014-03-05T22:55:24","slug":"mensagem-do-papa-francisco-para-a-cf-2014","status":"publish","type":"post","link":"https:\/\/www.oarcanjo.net\/site\/mensagem-do-papa-francisco-para-a-cf-2014\/","title":{"rendered":"Mensagem do Papa Francisco para a CF 2014"},"content":{"rendered":"<p>O Vaticano divulgou nesta quarta-feira de cinzas, 5, a mensagem do Papa Francisco para a Campanha da Fraternidade, que em 2014 tem como tema \u201cFraternidade e Tr\u00e1fico Humano\u201d e o lema: \u201c\u00c9 para liberdade que Cristo nos libertou\u201d (Gl 5, 1).<\/p>\n<p>O cardeal dom Odilo Pedro Scherer, arcebispo de S\u00e3o Paulo, presidiu nesta quarta-feira de cinzas, 5, \u00e0s 15h, na Catedral da S\u00e9, a\u00a0Santa Missa, que deu in\u00edcio ao tempo da Quaresma. A celebra\u00e7\u00e3o \u00e9 ocasi\u00e3o tamb\u00e9m para o lan\u00e7amento da Campanha Fraternidade.<\/p>\n<p>Em 13 de abril haver\u00e1 Coleta Nacional da Solidariedade em prol da CF 2014.<\/p>\n<p>A Confer\u00eancia Nacional\u00a0dos Bispos do Brasil (CNBB) lan\u00e7ou hoje, quarta-feira de cinzas, \u00e0s 14h, em Bras\u00edlia, a Campanha da Fraternidade 2014.<\/p>\n<p>Leia abaixo a \u00edntegra da mensagem do Papa para a CF 2014, divulgada pela Secretaria de Estado do Vaticano:<\/p>\n<p style=\"padding-left: 30px;\"><strong>Queridos brasileiros<\/strong>,<\/p>\n<p style=\"padding-left: 30px;\">Sempre lembrado do cora\u00e7\u00e3o grande e da acolhida calorosa com que me estenderam os bra\u00e7os na visita de fins de julho passado, pe\u00e7o agora licen\u00e7a para ser companheiro em seu caminho quaresmal, que se inicia no dia 5 de mar\u00e7o, falando-lhes da Campanha da Fraternidade que lhes recorda a vit\u00f3ria da P\u00e1scoa: \u00ab\u00c9 para a liberdade que Cristo nos libertou\u00bb (Gal 5,1). Com a sua Paix\u00e3o, Morte e Ressurrei\u00e7\u00e3o, Jesus Cristo, libertou a humanidade das amarras da morte e do pecado. Durante os pr\u00f3ximos quarenta dias, procuraremos conscientizar-nos mais e mais da miseric\u00f3rdia infinita que Deus usou para conosco e logo nos pediu para faz\u00ea-la transbordar para os outros, sobretudo aqueles que mais sofrem: \u00abEst\u00e1s livre! Vai e ajuda os teus irm\u00e3os a serem livres!\u00bb. Neste sentido, visando mobilizar os crist\u00e3os e pessoas de boa vontade da sociedade brasileira para uma chaga social qual \u00e9 o tr\u00e1fico de seres humanos, os nossos irm\u00e3os bispos do Brasil lhes prop\u00f5em este ano o tema \u201cFraternidade e Tr\u00e1fico Humano\u201d.<\/p>\n<p style=\"padding-left: 30px;\">N\u00e3o \u00e9 poss\u00edvel ficar impass\u00edvel, sabendo que existem seres humanos\u00a0tratados como mercadoria! Pense-se em ado\u00e7\u00f5es de crian\u00e7a para remo\u00e7\u00e3o de \u00f3rg\u00e3os, em mulheres enganadas e obrigadas a prostituir-se, em trabalhadores explorados, sem direitos nem voz, etc. Isso \u00e9 tr\u00e1fico humano! \u00abA este n\u00edvel, h\u00e1 necessidade de um profundo exame de consci\u00eancia: de fato, quantas vezes toleramos que um ser humano seja considerado como um objeto, exposto para vender um produto ou para satisfazer desejos imorais? A pessoa humana n\u00e3o se deveria vender e comprar como uma mercadoria. Quem a usa e explora, mesmo indiretamente, torna-se c\u00famplice desta prepot\u00eancia\u00bb (Discurso aos novos Embaixadores, 12\/XII\/2013). Se, depois, descemos ao n\u00edvel familiar e entramos em casa, quantas vezes a\u00ed reina a prepot\u00eancia! Pais que escravizam os filhos, filhos que escravizam os pais; esposos que, esquecidos de seu chamado para o dom, se exploram como se fossem um produto descart\u00e1vel, que se usa e se joga fora; idosos sem lugar, crian\u00e7as e adolescentes sem voz. Quantos ataques aos valores basilares do tecido familiar e da pr\u00f3pria conviv\u00eancia social! Sim, h\u00e1 necessidade de um profundo exame de consci\u00eancia. Como se pode anunciar a alegria da P\u00e1scoa, sem se solidarizar com aqueles cuja liberdade aqui na terra \u00e9 negada?<\/p>\n<p style=\"padding-left: 30px;\">Queridos brasileiros, tenhamos a certeza: Eu s\u00f3 ofendo a dignidade humana do outro, porque antes vendi a minha. A troco de qu\u00ea? De poder, de fama, de bens materiais\u2026 E isso \u2013 pasmem! \u2013 a troco da minha dignidade de filho e filha de Deus, resgatada a pre\u00e7o do sangue de Cristo na Cruz e garantida pelo Esp\u00edrito Santo que clama dentro de n\u00f3s: \u00abAbb\u00e1, Pai!\u00bb (cf. Gal 4,6). A dignidade humana \u00e9 igual em todo o ser humano: quando piso-a no outro, estou pisando a minha. Foi para a liberdade que Cristo nos libertou! No ano passado, quando estive junto de voc\u00eas afirmei que o povo brasileiro dava uma grande li\u00e7\u00e3o de solidariedade; certo disso, fa\u00e7o votos de que os crist\u00e3os e as pessoas de boa vontade possam comprometer-se para que mais nenhum homem ou mulher, jovem ou crian\u00e7a, seja v\u00edtima do tr\u00e1fico humano! E a base mais eficaz para restabelecer a dignidade humana \u00e9 anunciar o Evangelho de Cristo nos campos e nas cidades, pois Jesus quer derramar por todo o lado vida em abund\u00e2ncia (cf. Evangelii gaudium, 75).<\/p>\n<p style=\"padding-left: 30px;\">Com estes ausp\u00edcios, invoco a prote\u00e7\u00e3o do Alt\u00edssimo sobre todos os brasileiros, para que a vida nova em Cristo lhes alcance, na mais perfeita liberdade dos filhos de Deus (cf. Rm 8,21), despertando em cada cora\u00e7\u00e3o sentimentos de ternura e compaix\u00e3o por seu irm\u00e3o e irm\u00e3 necessitados de liberdade, enquanto de bom grado lhes envio uma propiciadora B\u00ean\u00e7\u00e3o Apost\u00f3lica.<\/p>\n<p style=\"padding-left: 30px;\">Vaticano, 25 de fevereiro de 2014.<\/p>\n<p style=\"padding-left: 30px;\">[Franciscus PP.]<\/p>\n<p><em>Fonte: Arquidiocese de S\u00e3o Paulo<\/em><\/p>\n<div id=\"themify_builder_content-24389\" data-postid=\"24389\" class=\"themify_builder_content themify_builder_content-24389 themify_builder themify_builder_front\">\n\t<\/div>\n<!-- \/themify_builder_content -->","protected":false},"excerpt":{"rendered":"<p>O Vaticano divulgou nesta quarta-feira de cinzas, 5, a mensagem do Papa Francisco para a Campanha da Fraternidade, que em 2014 tem como tema \u201cFraternidade e Tr\u00e1fico Humano\u201d e o lema: \u201c\u00c9 para liberdade que Cristo nos libertou\u201d (Gl 5, 1). O cardeal dom Odilo Pedro Scherer, arcebispo de S\u00e3o Paulo, presidiu nesta quarta-feira de [&hellip;]<\/p>\n","protected":false},"author":5,"featured_media":0,"comment_status":"open","ping_status":"open","sticky":false,"template":"","format":"standard","meta":{"ngg_post_thumbnail":0,"footnotes":""},"categories":[8],"tags":[2659,2289,2433,227],"yoast_head":"<!-- This site is optimized with the Yoast SEO plugin v23.5 - https:\/\/yoast.com\/wordpress\/plugins\/seo\/ -->\n<title>Mensagem do Papa Francisco para a CF 2014 - O Arcanjo no ar<\/title>\n<meta name=\"robots\" content=\"index, follow, max-snippet:-1, max-image-preview:large, max-video-preview:-1\" \/>\n<link rel=\"canonical\" href=\"https:\/\/www.oarcanjo.net\/site\/mensagem-do-papa-francisco-para-a-cf-2014\/\" \/>\n<meta property=\"og:locale\" content=\"pt_BR\" \/>\n<meta property=\"og:type\" content=\"article\" \/>\n<meta property=\"og:title\" content=\"Mensagem do Papa Francisco para a CF 2014 - O Arcanjo no ar\" \/>\n<meta property=\"og:description\" content=\"O Vaticano divulgou nesta quarta-feira de cinzas, 5, a mensagem do Papa Francisco para a Campanha da Fraternidade, que em 2014 tem como tema \u201cFraternidade e Tr\u00e1fico Humano\u201d e o lema: \u201c\u00c9 para liberdade que Cristo nos libertou\u201d (Gl 5, 1). O cardeal dom Odilo Pedro Scherer, arcebispo de S\u00e3o Paulo, presidiu nesta quarta-feira de [&hellip;]\" \/>\n<meta property=\"og:url\" content=\"https:\/\/www.oarcanjo.net\/site\/mensagem-do-papa-francisco-para-a-cf-2014\/\" \/>\n<meta property=\"og:site_name\" content=\"O Arcanjo no ar\" \/>\n<meta property=\"article:publisher\" content=\"https:\/\/www.facebook.com\/OArcanjoNoAr\/\" \/>\n<meta property=\"article:published_time\" content=\"2014-03-05T22:54:58+00:00\" \/>\n<meta property=\"article:modified_time\" content=\"2014-03-05T22:55:24+00:00\" \/>\n<meta property=\"og:image\" content=\"https:\/\/www.oarcanjo.net\/site\/wp-content\/uploads\/logo-o-arcanjo-no-ar-facebook.png\" \/>\n\t<meta property=\"og:image:width\" content=\"300\" \/>\n\t<meta property=\"og:image:height\" content=\"300\" \/>\n\t<meta property=\"og:image:type\" content=\"image\/png\" \/>\n<meta name=\"author\" content=\"editor\" \/>\n<meta name=\"twitter:card\" content=\"summary_large_image\" \/>\n<meta name=\"twitter:label1\" content=\"Escrito por\" \/>\n\t<meta name=\"twitter:data1\" content=\"editor\" \/>\n\t<meta name=\"twitter:label2\" content=\"Est. tempo de leitura\" \/>\n\t<meta name=\"twitter:data2\" content=\"4 minutos\" \/>\n<script type=\"application\/ld+json\" class=\"yoast-schema-graph\">{\"@context\":\"https:\/\/schema.org\",\"@graph\":[{\"@type\":\"Article\",\"@id\":\"https:\/\/www.oarcanjo.net\/site\/mensagem-do-papa-francisco-para-a-cf-2014\/#article\",\"isPartOf\":{\"@id\":\"https:\/\/www.oarcanjo.net\/site\/mensagem-do-papa-francisco-para-a-cf-2014\/\"},\"author\":{\"name\":\"editor\",\"@id\":\"https:\/\/www.oarcanjo.net\/site\/#\/schema\/person\/f7024d007863202483a31326673a0838\"},\"headline\":\"Mensagem do Papa Francisco para a CF 2014\",\"datePublished\":\"2014-03-05T22:54:58+00:00\",\"dateModified\":\"2014-03-05T22:55:24+00:00\",\"mainEntityOfPage\":{\"@id\":\"https:\/\/www.oarcanjo.net\/site\/mensagem-do-papa-francisco-para-a-cf-2014\/\"},\"wordCount\":815,\"commentCount\":0,\"publisher\":{\"@id\":\"https:\/\/www.oarcanjo.net\/site\/#organization\"},\"keywords\":[\"Campanha da Fraternidade 2014\",\"Cardeal Dom Odilo Pedro Scherer\",\"Papa Francisco\",\"Quaresma\"],\"articleSection\":[\"Not\u00edcias\"],\"inLanguage\":\"pt-BR\",\"potentialAction\":[{\"@type\":\"CommentAction\",\"name\":\"Comment\",\"target\":[\"https:\/\/www.oarcanjo.net\/site\/mensagem-do-papa-francisco-para-a-cf-2014\/#respond\"]}]},{\"@type\":\"WebPage\",\"@id\":\"https:\/\/www.oarcanjo.net\/site\/mensagem-do-papa-francisco-para-a-cf-2014\/\",\"url\":\"https:\/\/www.oarcanjo.net\/site\/mensagem-do-papa-francisco-para-a-cf-2014\/\",\"name\":\"Mensagem do Papa Francisco para a CF 2014 - O Arcanjo no ar\",\"isPartOf\":{\"@id\":\"https:\/\/www.oarcanjo.net\/site\/#website\"},\"datePublished\":\"2014-03-05T22:54:58+00:00\",\"dateModified\":\"2014-03-05T22:55:24+00:00\",\"breadcrumb\":{\"@id\":\"https:\/\/www.oarcanjo.net\/site\/mensagem-do-papa-francisco-para-a-cf-2014\/#breadcrumb\"},\"inLanguage\":\"pt-BR\",\"potentialAction\":[{\"@type\":\"ReadAction\",\"target\":[\"https:\/\/www.oarcanjo.net\/site\/mensagem-do-papa-francisco-para-a-cf-2014\/\"]}]},{\"@type\":\"BreadcrumbList\",\"@id\":\"https:\/\/www.oarcanjo.net\/site\/mensagem-do-papa-francisco-para-a-cf-2014\/#breadcrumb\",\"itemListElement\":[{\"@type\":\"ListItem\",\"position\":1,\"name\":\"In\u00edcio\",\"item\":\"https:\/\/www.oarcanjo.net\/site\/\"},{\"@type\":\"ListItem\",\"position\":2,\"name\":\"Mensagem do Papa Francisco para a CF 2014\"}]},{\"@type\":\"WebSite\",\"@id\":\"https:\/\/www.oarcanjo.net\/site\/#website\",\"url\":\"https:\/\/www.oarcanjo.net\/site\/\",\"name\":\"O Arcanjo no ar\",\"description\":\"Site da Par\u00f3quia S\u00e3o Miguel Arcanjo (Arquidiocese de SP)\",\"publisher\":{\"@id\":\"https:\/\/www.oarcanjo.net\/site\/#organization\"},\"potentialAction\":[{\"@type\":\"SearchAction\",\"target\":{\"@type\":\"EntryPoint\",\"urlTemplate\":\"https:\/\/www.oarcanjo.net\/site\/?s={search_term_string}\"},\"query-input\":{\"@type\":\"PropertyValueSpecification\",\"valueRequired\":true,\"valueName\":\"search_term_string\"}}],\"inLanguage\":\"pt-BR\"},{\"@type\":\"Organization\",\"@id\":\"https:\/\/www.oarcanjo.net\/site\/#organization\",\"name\":\"Par\u00f3quia S\u00e3o Miguel Arcanjo\",\"url\":\"https:\/\/www.oarcanjo.net\/site\/\",\"logo\":{\"@type\":\"ImageObject\",\"inLanguage\":\"pt-BR\",\"@id\":\"https:\/\/www.oarcanjo.net\/site\/#\/schema\/logo\/image\/\",\"url\":\"https:\/\/www.oarcanjo.net\/site\/wp-content\/uploads\/LogoOArcanjo.png\",\"contentUrl\":\"https:\/\/www.oarcanjo.net\/site\/wp-content\/uploads\/LogoOArcanjo.png\",\"width\":319,\"height\":99,\"caption\":\"Par\u00f3quia S\u00e3o Miguel Arcanjo\"},\"image\":{\"@id\":\"https:\/\/www.oarcanjo.net\/site\/#\/schema\/logo\/image\/\"},\"sameAs\":[\"https:\/\/www.facebook.com\/OArcanjoNoAr\/\"]},{\"@type\":\"Person\",\"@id\":\"https:\/\/www.oarcanjo.net\/site\/#\/schema\/person\/f7024d007863202483a31326673a0838\",\"name\":\"editor\",\"sameAs\":[\"http:\/\/www.oarcanjo.net\"]}]}<\/script>\n<!-- \/ Yoast SEO plugin. -->","yoast_head_json":{"title":"Mensagem do Papa Francisco para a CF 2014 - O Arcanjo no ar","robots":{"index":"index","follow":"follow","max-snippet":"max-snippet:-1","max-image-preview":"max-image-preview:large","max-video-preview":"max-video-preview:-1"},"canonical":"https:\/\/www.oarcanjo.net\/site\/mensagem-do-papa-francisco-para-a-cf-2014\/","og_locale":"pt_BR","og_type":"article","og_title":"Mensagem do Papa Francisco para a CF 2014 - O Arcanjo no ar","og_description":"O Vaticano divulgou nesta quarta-feira de cinzas, 5, a mensagem do Papa Francisco para a Campanha da Fraternidade, que em 2014 tem como tema \u201cFraternidade e Tr\u00e1fico Humano\u201d e o lema: \u201c\u00c9 para liberdade que Cristo nos libertou\u201d (Gl 5, 1). O cardeal dom Odilo Pedro Scherer, arcebispo de S\u00e3o Paulo, presidiu nesta quarta-feira de [&hellip;]","og_url":"https:\/\/www.oarcanjo.net\/site\/mensagem-do-papa-francisco-para-a-cf-2014\/","og_site_name":"O Arcanjo no ar","article_publisher":"https:\/\/www.facebook.com\/OArcanjoNoAr\/","article_published_time":"2014-03-05T22:54:58+00:00","article_modified_time":"2014-03-05T22:55:24+00:00","og_image":[{"width":300,"height":300,"url":"https:\/\/www.oarcanjo.net\/site\/wp-content\/uploads\/logo-o-arcanjo-no-ar-facebook.png","type":"image\/png"}],"author":"editor","twitter_card":"summary_large_image","twitter_misc":{"Escrito por":"editor","Est. tempo de leitura":"4 minutos"},"schema":{"@context":"https:\/\/schema.org","@graph":[{"@type":"Article","@id":"https:\/\/www.oarcanjo.net\/site\/mensagem-do-papa-francisco-para-a-cf-2014\/#article","isPartOf":{"@id":"https:\/\/www.oarcanjo.net\/site\/mensagem-do-papa-francisco-para-a-cf-2014\/"},"author":{"name":"editor","@id":"https:\/\/www.oarcanjo.net\/site\/#\/schema\/person\/f7024d007863202483a31326673a0838"},"headline":"Mensagem do Papa Francisco para a CF 2014","datePublished":"2014-03-05T22:54:58+00:00","dateModified":"2014-03-05T22:55:24+00:00","mainEntityOfPage":{"@id":"https:\/\/www.oarcanjo.net\/site\/mensagem-do-papa-francisco-para-a-cf-2014\/"},"wordCount":815,"commentCount":0,"publisher":{"@id":"https:\/\/www.oarcanjo.net\/site\/#organization"},"keywords":["Campanha da Fraternidade 2014","Cardeal Dom Odilo Pedro Scherer","Papa Francisco","Quaresma"],"articleSection":["Not\u00edcias"],"inLanguage":"pt-BR","potentialAction":[{"@type":"CommentAction","name":"Comment","target":["https:\/\/www.oarcanjo.net\/site\/mensagem-do-papa-francisco-para-a-cf-2014\/#respond"]}]},{"@type":"WebPage","@id":"https:\/\/www.oarcanjo.net\/site\/mensagem-do-papa-francisco-para-a-cf-2014\/","url":"https:\/\/www.oarcanjo.net\/site\/mensagem-do-papa-francisco-para-a-cf-2014\/","name":"Mensagem do Papa Francisco para a CF 2014 - O Arcanjo no ar","isPartOf":{"@id":"https:\/\/www.oarcanjo.net\/site\/#website"},"datePublished":"2014-03-05T22:54:58+00:00","dateModified":"2014-03-05T22:55:24+00:00","breadcrumb":{"@id":"https:\/\/www.oarcanjo.net\/site\/mensagem-do-papa-francisco-para-a-cf-2014\/#breadcrumb"},"inLanguage":"pt-BR","potentialAction":[{"@type":"ReadAction","target":["https:\/\/www.oarcanjo.net\/site\/mensagem-do-papa-francisco-para-a-cf-2014\/"]}]},{"@type":"BreadcrumbList","@id":"https:\/\/www.oarcanjo.net\/site\/mensagem-do-papa-francisco-para-a-cf-2014\/#breadcrumb","itemListElement":[{"@type":"ListItem","position":1,"name":"In\u00edcio","item":"https:\/\/www.oarcanjo.net\/site\/"},{"@type":"ListItem","position":2,"name":"Mensagem do Papa Francisco para a CF 2014"}]},{"@type":"WebSite","@id":"https:\/\/www.oarcanjo.net\/site\/#website","url":"https:\/\/www.oarcanjo.net\/site\/","name":"O Arcanjo no ar","description":"Site da Par\u00f3quia S\u00e3o Miguel Arcanjo (Arquidiocese de SP)","publisher":{"@id":"https:\/\/www.oarcanjo.net\/site\/#organization"},"potentialAction":[{"@type":"SearchAction","target":{"@type":"EntryPoint","urlTemplate":"https:\/\/www.oarcanjo.net\/site\/?s={search_term_string}"},"query-input":{"@type":"PropertyValueSpecification","valueRequired":true,"valueName":"search_term_string"}}],"inLanguage":"pt-BR"},{"@type":"Organization","@id":"https:\/\/www.oarcanjo.net\/site\/#organization","name":"Par\u00f3quia S\u00e3o Miguel Arcanjo","url":"https:\/\/www.oarcanjo.net\/site\/","logo":{"@type":"ImageObject","inLanguage":"pt-BR","@id":"https:\/\/www.oarcanjo.net\/site\/#\/schema\/logo\/image\/","url":"https:\/\/www.oarcanjo.net\/site\/wp-content\/uploads\/LogoOArcanjo.png","contentUrl":"https:\/\/www.oarcanjo.net\/site\/wp-content\/uploads\/LogoOArcanjo.png","width":319,"height":99,"caption":"Par\u00f3quia S\u00e3o Miguel Arcanjo"},"image":{"@id":"https:\/\/www.oarcanjo.net\/site\/#\/schema\/logo\/image\/"},"sameAs":["https:\/\/www.facebook.com\/OArcanjoNoAr\/"]},{"@type":"Person","@id":"https:\/\/www.oarcanjo.net\/site\/#\/schema\/person\/f7024d007863202483a31326673a0838","name":"editor","sameAs":["http:\/\/www.oarcanjo.net"]}]}},"publishpress_future_action":{"enabled":false,"date":"2026-05-08 15:37:56","action":"category","newStatus":"draft","terms":[],"taxonomy":"category"},"publishpress_future_workflow_manual_trigger":{"enabledWorkflows":[]},"_links":{"self":[{"href":"https:\/\/www.oarcanjo.net\/site\/wp-json\/wp\/v2\/posts\/24389"}],"collection":[{"href":"https:\/\/www.oarcanjo.net\/site\/wp-json\/wp\/v2\/posts"}],"about":[{"href":"https:\/\/www.oarcanjo.net\/site\/wp-json\/wp\/v2\/types\/post"}],"author":[{"embeddable":true,"href":"https:\/\/www.oarcanjo.net\/site\/wp-json\/wp\/v2\/users\/5"}],"replies":[{"embeddable":true,"href":"https:\/\/www.oarcanjo.net\/site\/wp-json\/wp\/v2\/comments?post=24389"}],"version-history":[{"count":0,"href":"https:\/\/www.oarcanjo.net\/site\/wp-json\/wp\/v2\/posts\/24389\/revisions"}],"wp:attachment":[{"href":"https:\/\/www.oarcanjo.net\/site\/wp-json\/wp\/v2\/media?parent=24389"}],"wp:term":[{"taxonomy":"category","embeddable":true,"href":"https:\/\/www.oarcanjo.net\/site\/wp-json\/wp\/v2\/categories?post=24389"},{"taxonomy":"post_tag","embeddable":true,"href":"https:\/\/www.oarcanjo.net\/site\/wp-json\/wp\/v2\/tags?post=24389"}],"curies":[{"name":"wp","href":"https:\/\/api.w.org\/{rel}","templated":true}]}}