
{"id":24392,"date":"2014-03-06T13:06:34","date_gmt":"2014-03-06T16:06:34","guid":{"rendered":"http:\/\/www.oarcanjo.net\/site\/?p=24392"},"modified":"2014-03-06T13:06:34","modified_gmt":"2014-03-06T16:06:34","slug":"tem-inicio-a-campanha-da-fraternidade-2014","status":"publish","type":"post","link":"https:\/\/www.oarcanjo.net\/site\/tem-inicio-a-campanha-da-fraternidade-2014\/","title":{"rendered":"Tem in\u00edcio a Campanha da Fraternidade 2014"},"content":{"rendered":"<p>A Confer\u00eancia Nacional dos Bispos do Brasil (CNBB) abriu oficialmente a Campanha da Fraternidade de 2014 nesta Quarta-feira de Cinzas, dia 5 de mar\u00e7o, em sua sede em Bras\u00edlia (DF). Este ano, a campanha aborda o tema \u201cFraternidade e Tr\u00e1fico Humano\u201d e o lema \u201c\u00c9 para a liberdade que Cristo nos libertou\u201d (Gl 5,1).<\/p>\n<p>Representantes do governo e entidades da sociedade civil marcaram presen\u00e7a na solenidade, entre eles: o ministro da Justi\u00e7a, Jos\u00e9 Eduardo Cardoso; o representante da Ordem dos Advogados do Brasil (OAB), Marcello Laverene Machado; e a secret\u00e1ria executiva do Conselho Nacional de Igrejas Crist\u00e3s (Conic), pastora Romi M\u00e1rcia Bencke.<\/p>\n<p>O bispo auxiliar de Bras\u00edlia e secret\u00e1rio geral da CNBB, dom Leonardo Ulrich Steiner, presidiu a cerim\u00f4nia. Segundo dom Leonardo, a Igreja inicia um \u201ctempo de convers\u00e3o\u201d em se tratando da Quaresma. No Brasil, a Confer\u00eancia dos Bispos apresenta a Campanha da Fraternidade \u201ccomo itiner\u00e1rio de liberta\u00e7\u00e3o pessoal, comunit\u00e1ria e social\u201d.<\/p>\n<p>Para dom Leonardo Steiner, a CF 2014 quer contribuir na identifica\u00e7\u00e3o das pr\u00e1ticas do tr\u00e1fico humano em suas v\u00e1rias formas. \u201cO tr\u00e1fico humano de hoje \u00e9, certamente, fruto da cultura que vivemos. A Campanha da Fraternidade, ao trazer \u00e0 luz um verdadeiro drama humano deseja despertar a sensibilidade de todas as pessoas de boa vontade\u201d, explicou.<\/p>\n<p>O ministro da Justi\u00e7a, Jos\u00e9 Eduardo Cardoso, disse que o governo se une \u00e0 CNBB e \u00e0s demais entidades na luta contra o tr\u00e1fico de pessoas. Para o ministro, o Estado deve reagir frente a essa realidade. \u201c\u00c9 inaceit\u00e1vel um crime como o tr\u00e1fico humano e que pessoas sejam tratadas como objetos, como escravos. N\u00e3o importa a modalidade deste crime. Ele tem que ser objeto de uma rea\u00e7\u00e3o muito forte da sociedade moderna, do Estado moderno\u201d, disse.<\/p>\n<p><strong>Mensagem do papa<\/strong><\/p>\n<p>O papa Francisco enviou mensagem por ocasi\u00e3o da abertura da campanha no Brasil. O texto foi lido pelo secret\u00e1rio executivo da CF 2014, padre Luiz Carlos Dias.<\/p>\n<p>De acordo com o papa, n\u00e3o \u00e9 poss\u00edvel ficar impass\u00edvel, sabendo que existem seres humanos tratados como mercadoria. \u00a0&#8220;Pense-se em ado\u00e7\u00f5es de crian\u00e7a para remo\u00e7\u00e3o de \u00f3rg\u00e3os, em mulheres enganadas e obrigadas a prostituir-se, em trabalhadores explorados, sem direitos nem voz, etc\u201d, disse. \u00a0O papa se dirigiu aos fi\u00e9is, exortando sobre a problem\u00e1tica do tr\u00e1fico de pessoas. \u201cQueridos brasileiros, tenhamos a certeza: Eu s\u00f3 ofendo a dignidade humana do outro, porque antes vendi a minha\u201d, lembrou o papa.<\/p>\n<p><strong>Dignidade humana<\/strong><\/p>\n<p>Para a secret\u00e1ria executiva do Conselho Nacional de Igrejas Crist\u00e3s (Conic), pastora Romi M\u00e1rcia Bencke, \u00e9 necess\u00e1rio debater a tem\u00e1tica do tr\u00e1fico humano de forma aberta e coerente. \u201cA Campanha da Fraternidade nos coloca um grande desafio de falar honestamente das hierarquias econ\u00f4micas, sociais e culturais, que acabam legitimando esse tipo de explora\u00e7\u00e3o humana\u201d, apontou a pastora.<\/p>\n<p>O representante da Ordem dos Advogados do Brasil (OAB), Marcello Laverene Machado, destacou que a OAB reconhece a CNBB como uma parceira de lutas em defesa da dignidade humana. \u201cA Campanha da Fraternidade vai chamar a aten\u00e7\u00e3o para essa grande chaga que \u00e9 a opress\u00e3o, o abandono, em uma sociedade estruturada sob bases injustas, visando apenas o consumismo e o capitalismo. Que cada brasileiro nesta campanha, lute pelo desaparecimento do tr\u00e1fico humano\u201d, concluiu.<\/p>\n<p><em>Fonte: CNBB<\/em><\/p>\n<div id=\"themify_builder_content-24392\" data-postid=\"24392\" class=\"themify_builder_content themify_builder_content-24392 themify_builder themify_builder_front\">\n\t<\/div>\n<!-- \/themify_builder_content -->","protected":false},"excerpt":{"rendered":"<p>A Confer\u00eancia Nacional dos Bispos do Brasil (CNBB) abriu oficialmente a Campanha da Fraternidade de 2014 nesta Quarta-feira de Cinzas, dia 5 de mar\u00e7o, em sua sede em Bras\u00edlia (DF). Este ano, a campanha aborda o tema \u201cFraternidade e Tr\u00e1fico Humano\u201d e o lema \u201c\u00c9 para a liberdade que Cristo nos libertou\u201d (Gl 5,1). Representantes [&hellip;]<\/p>\n","protected":false},"author":5,"featured_media":0,"comment_status":"open","ping_status":"open","sticky":false,"template":"","format":"standard","meta":{"ngg_post_thumbnail":0,"footnotes":""},"categories":[241,8],"tags":[3013,63,2374,2519,2520],"yoast_head":"<!-- This site is optimized with the Yoast SEO plugin v23.5 - https:\/\/yoast.com\/wordpress\/plugins\/seo\/ -->\n<title>Tem in\u00edcio a Campanha da Fraternidade 2014 - O Arcanjo no ar<\/title>\n<meta name=\"robots\" content=\"index, follow, max-snippet:-1, max-image-preview:large, max-video-preview:-1\" \/>\n<link rel=\"canonical\" href=\"https:\/\/www.oarcanjo.net\/site\/tem-inicio-a-campanha-da-fraternidade-2014\/\" \/>\n<meta property=\"og:locale\" content=\"pt_BR\" \/>\n<meta property=\"og:type\" content=\"article\" \/>\n<meta property=\"og:title\" content=\"Tem in\u00edcio a Campanha da Fraternidade 2014 - O Arcanjo no ar\" \/>\n<meta property=\"og:description\" content=\"A Confer\u00eancia Nacional dos Bispos do Brasil (CNBB) abriu oficialmente a Campanha da Fraternidade de 2014 nesta Quarta-feira de Cinzas, dia 5 de mar\u00e7o, em sua sede em Bras\u00edlia (DF). Este ano, a campanha aborda o tema \u201cFraternidade e Tr\u00e1fico Humano\u201d e o lema \u201c\u00c9 para a liberdade que Cristo nos libertou\u201d (Gl 5,1). Representantes [&hellip;]\" \/>\n<meta property=\"og:url\" content=\"https:\/\/www.oarcanjo.net\/site\/tem-inicio-a-campanha-da-fraternidade-2014\/\" \/>\n<meta property=\"og:site_name\" content=\"O Arcanjo no ar\" \/>\n<meta property=\"article:publisher\" content=\"https:\/\/www.facebook.com\/OArcanjoNoAr\/\" \/>\n<meta property=\"article:published_time\" content=\"2014-03-06T16:06:34+00:00\" \/>\n<meta property=\"og:image\" content=\"https:\/\/www.oarcanjo.net\/site\/wp-content\/uploads\/logo-o-arcanjo-no-ar-facebook.png\" \/>\n\t<meta property=\"og:image:width\" content=\"300\" \/>\n\t<meta property=\"og:image:height\" content=\"300\" \/>\n\t<meta property=\"og:image:type\" content=\"image\/png\" \/>\n<meta name=\"author\" content=\"editor\" \/>\n<meta name=\"twitter:card\" content=\"summary_large_image\" \/>\n<meta name=\"twitter:label1\" content=\"Escrito por\" \/>\n\t<meta name=\"twitter:data1\" content=\"editor\" \/>\n\t<meta name=\"twitter:label2\" content=\"Est. tempo de leitura\" \/>\n\t<meta name=\"twitter:data2\" content=\"3 minutos\" \/>\n<script type=\"application\/ld+json\" class=\"yoast-schema-graph\">{\"@context\":\"https:\/\/schema.org\",\"@graph\":[{\"@type\":\"Article\",\"@id\":\"https:\/\/www.oarcanjo.net\/site\/tem-inicio-a-campanha-da-fraternidade-2014\/#article\",\"isPartOf\":{\"@id\":\"https:\/\/www.oarcanjo.net\/site\/tem-inicio-a-campanha-da-fraternidade-2014\/\"},\"author\":{\"name\":\"editor\",\"@id\":\"https:\/\/www.oarcanjo.net\/site\/#\/schema\/person\/f7024d007863202483a31326673a0838\"},\"headline\":\"Tem in\u00edcio a Campanha da Fraternidade 2014\",\"datePublished\":\"2014-03-06T16:06:34+00:00\",\"dateModified\":\"2014-03-06T16:06:34+00:00\",\"mainEntityOfPage\":{\"@id\":\"https:\/\/www.oarcanjo.net\/site\/tem-inicio-a-campanha-da-fraternidade-2014\/\"},\"wordCount\":573,\"commentCount\":0,\"publisher\":{\"@id\":\"https:\/\/www.oarcanjo.net\/site\/#organization\"},\"keywords\":[\"Campanha da Fraternidade de 2014\",\"CNBB\",\"Confer\u00eancia Nacional dos Bispos do Brasil\",\"OAB\",\"Ordem dos Advogados do Brasil\"],\"articleSection\":[\"CF\",\"Not\u00edcias\"],\"inLanguage\":\"pt-BR\",\"potentialAction\":[{\"@type\":\"CommentAction\",\"name\":\"Comment\",\"target\":[\"https:\/\/www.oarcanjo.net\/site\/tem-inicio-a-campanha-da-fraternidade-2014\/#respond\"]}]},{\"@type\":\"WebPage\",\"@id\":\"https:\/\/www.oarcanjo.net\/site\/tem-inicio-a-campanha-da-fraternidade-2014\/\",\"url\":\"https:\/\/www.oarcanjo.net\/site\/tem-inicio-a-campanha-da-fraternidade-2014\/\",\"name\":\"Tem in\u00edcio a Campanha da Fraternidade 2014 - O Arcanjo no ar\",\"isPartOf\":{\"@id\":\"https:\/\/www.oarcanjo.net\/site\/#website\"},\"datePublished\":\"2014-03-06T16:06:34+00:00\",\"dateModified\":\"2014-03-06T16:06:34+00:00\",\"breadcrumb\":{\"@id\":\"https:\/\/www.oarcanjo.net\/site\/tem-inicio-a-campanha-da-fraternidade-2014\/#breadcrumb\"},\"inLanguage\":\"pt-BR\",\"potentialAction\":[{\"@type\":\"ReadAction\",\"target\":[\"https:\/\/www.oarcanjo.net\/site\/tem-inicio-a-campanha-da-fraternidade-2014\/\"]}]},{\"@type\":\"BreadcrumbList\",\"@id\":\"https:\/\/www.oarcanjo.net\/site\/tem-inicio-a-campanha-da-fraternidade-2014\/#breadcrumb\",\"itemListElement\":[{\"@type\":\"ListItem\",\"position\":1,\"name\":\"In\u00edcio\",\"item\":\"https:\/\/www.oarcanjo.net\/site\/\"},{\"@type\":\"ListItem\",\"position\":2,\"name\":\"Tem in\u00edcio a Campanha da Fraternidade 2014\"}]},{\"@type\":\"WebSite\",\"@id\":\"https:\/\/www.oarcanjo.net\/site\/#website\",\"url\":\"https:\/\/www.oarcanjo.net\/site\/\",\"name\":\"O Arcanjo no ar\",\"description\":\"Site da Par\u00f3quia S\u00e3o Miguel Arcanjo (Arquidiocese de SP)\",\"publisher\":{\"@id\":\"https:\/\/www.oarcanjo.net\/site\/#organization\"},\"potentialAction\":[{\"@type\":\"SearchAction\",\"target\":{\"@type\":\"EntryPoint\",\"urlTemplate\":\"https:\/\/www.oarcanjo.net\/site\/?s={search_term_string}\"},\"query-input\":{\"@type\":\"PropertyValueSpecification\",\"valueRequired\":true,\"valueName\":\"search_term_string\"}}],\"inLanguage\":\"pt-BR\"},{\"@type\":\"Organization\",\"@id\":\"https:\/\/www.oarcanjo.net\/site\/#organization\",\"name\":\"Par\u00f3quia S\u00e3o Miguel Arcanjo\",\"url\":\"https:\/\/www.oarcanjo.net\/site\/\",\"logo\":{\"@type\":\"ImageObject\",\"inLanguage\":\"pt-BR\",\"@id\":\"https:\/\/www.oarcanjo.net\/site\/#\/schema\/logo\/image\/\",\"url\":\"https:\/\/www.oarcanjo.net\/site\/wp-content\/uploads\/LogoOArcanjo.png\",\"contentUrl\":\"https:\/\/www.oarcanjo.net\/site\/wp-content\/uploads\/LogoOArcanjo.png\",\"width\":319,\"height\":99,\"caption\":\"Par\u00f3quia S\u00e3o Miguel Arcanjo\"},\"image\":{\"@id\":\"https:\/\/www.oarcanjo.net\/site\/#\/schema\/logo\/image\/\"},\"sameAs\":[\"https:\/\/www.facebook.com\/OArcanjoNoAr\/\"]},{\"@type\":\"Person\",\"@id\":\"https:\/\/www.oarcanjo.net\/site\/#\/schema\/person\/f7024d007863202483a31326673a0838\",\"name\":\"editor\",\"sameAs\":[\"http:\/\/www.oarcanjo.net\"]}]}<\/script>\n<!-- \/ Yoast SEO plugin. -->","yoast_head_json":{"title":"Tem in\u00edcio a Campanha da Fraternidade 2014 - O Arcanjo no ar","robots":{"index":"index","follow":"follow","max-snippet":"max-snippet:-1","max-image-preview":"max-image-preview:large","max-video-preview":"max-video-preview:-1"},"canonical":"https:\/\/www.oarcanjo.net\/site\/tem-inicio-a-campanha-da-fraternidade-2014\/","og_locale":"pt_BR","og_type":"article","og_title":"Tem in\u00edcio a Campanha da Fraternidade 2014 - O Arcanjo no ar","og_description":"A Confer\u00eancia Nacional dos Bispos do Brasil (CNBB) abriu oficialmente a Campanha da Fraternidade de 2014 nesta Quarta-feira de Cinzas, dia 5 de mar\u00e7o, em sua sede em Bras\u00edlia (DF). Este ano, a campanha aborda o tema \u201cFraternidade e Tr\u00e1fico Humano\u201d e o lema \u201c\u00c9 para a liberdade que Cristo nos libertou\u201d (Gl 5,1). Representantes [&hellip;]","og_url":"https:\/\/www.oarcanjo.net\/site\/tem-inicio-a-campanha-da-fraternidade-2014\/","og_site_name":"O Arcanjo no ar","article_publisher":"https:\/\/www.facebook.com\/OArcanjoNoAr\/","article_published_time":"2014-03-06T16:06:34+00:00","og_image":[{"width":300,"height":300,"url":"https:\/\/www.oarcanjo.net\/site\/wp-content\/uploads\/logo-o-arcanjo-no-ar-facebook.png","type":"image\/png"}],"author":"editor","twitter_card":"summary_large_image","twitter_misc":{"Escrito por":"editor","Est. tempo de leitura":"3 minutos"},"schema":{"@context":"https:\/\/schema.org","@graph":[{"@type":"Article","@id":"https:\/\/www.oarcanjo.net\/site\/tem-inicio-a-campanha-da-fraternidade-2014\/#article","isPartOf":{"@id":"https:\/\/www.oarcanjo.net\/site\/tem-inicio-a-campanha-da-fraternidade-2014\/"},"author":{"name":"editor","@id":"https:\/\/www.oarcanjo.net\/site\/#\/schema\/person\/f7024d007863202483a31326673a0838"},"headline":"Tem in\u00edcio a Campanha da Fraternidade 2014","datePublished":"2014-03-06T16:06:34+00:00","dateModified":"2014-03-06T16:06:34+00:00","mainEntityOfPage":{"@id":"https:\/\/www.oarcanjo.net\/site\/tem-inicio-a-campanha-da-fraternidade-2014\/"},"wordCount":573,"commentCount":0,"publisher":{"@id":"https:\/\/www.oarcanjo.net\/site\/#organization"},"keywords":["Campanha da Fraternidade de 2014","CNBB","Confer\u00eancia Nacional dos Bispos do Brasil","OAB","Ordem dos Advogados do Brasil"],"articleSection":["CF","Not\u00edcias"],"inLanguage":"pt-BR","potentialAction":[{"@type":"CommentAction","name":"Comment","target":["https:\/\/www.oarcanjo.net\/site\/tem-inicio-a-campanha-da-fraternidade-2014\/#respond"]}]},{"@type":"WebPage","@id":"https:\/\/www.oarcanjo.net\/site\/tem-inicio-a-campanha-da-fraternidade-2014\/","url":"https:\/\/www.oarcanjo.net\/site\/tem-inicio-a-campanha-da-fraternidade-2014\/","name":"Tem in\u00edcio a Campanha da Fraternidade 2014 - O Arcanjo no ar","isPartOf":{"@id":"https:\/\/www.oarcanjo.net\/site\/#website"},"datePublished":"2014-03-06T16:06:34+00:00","dateModified":"2014-03-06T16:06:34+00:00","breadcrumb":{"@id":"https:\/\/www.oarcanjo.net\/site\/tem-inicio-a-campanha-da-fraternidade-2014\/#breadcrumb"},"inLanguage":"pt-BR","potentialAction":[{"@type":"ReadAction","target":["https:\/\/www.oarcanjo.net\/site\/tem-inicio-a-campanha-da-fraternidade-2014\/"]}]},{"@type":"BreadcrumbList","@id":"https:\/\/www.oarcanjo.net\/site\/tem-inicio-a-campanha-da-fraternidade-2014\/#breadcrumb","itemListElement":[{"@type":"ListItem","position":1,"name":"In\u00edcio","item":"https:\/\/www.oarcanjo.net\/site\/"},{"@type":"ListItem","position":2,"name":"Tem in\u00edcio a Campanha da Fraternidade 2014"}]},{"@type":"WebSite","@id":"https:\/\/www.oarcanjo.net\/site\/#website","url":"https:\/\/www.oarcanjo.net\/site\/","name":"O Arcanjo no ar","description":"Site da Par\u00f3quia S\u00e3o Miguel Arcanjo (Arquidiocese de SP)","publisher":{"@id":"https:\/\/www.oarcanjo.net\/site\/#organization"},"potentialAction":[{"@type":"SearchAction","target":{"@type":"EntryPoint","urlTemplate":"https:\/\/www.oarcanjo.net\/site\/?s={search_term_string}"},"query-input":{"@type":"PropertyValueSpecification","valueRequired":true,"valueName":"search_term_string"}}],"inLanguage":"pt-BR"},{"@type":"Organization","@id":"https:\/\/www.oarcanjo.net\/site\/#organization","name":"Par\u00f3quia S\u00e3o Miguel Arcanjo","url":"https:\/\/www.oarcanjo.net\/site\/","logo":{"@type":"ImageObject","inLanguage":"pt-BR","@id":"https:\/\/www.oarcanjo.net\/site\/#\/schema\/logo\/image\/","url":"https:\/\/www.oarcanjo.net\/site\/wp-content\/uploads\/LogoOArcanjo.png","contentUrl":"https:\/\/www.oarcanjo.net\/site\/wp-content\/uploads\/LogoOArcanjo.png","width":319,"height":99,"caption":"Par\u00f3quia S\u00e3o Miguel Arcanjo"},"image":{"@id":"https:\/\/www.oarcanjo.net\/site\/#\/schema\/logo\/image\/"},"sameAs":["https:\/\/www.facebook.com\/OArcanjoNoAr\/"]},{"@type":"Person","@id":"https:\/\/www.oarcanjo.net\/site\/#\/schema\/person\/f7024d007863202483a31326673a0838","name":"editor","sameAs":["http:\/\/www.oarcanjo.net"]}]}},"publishpress_future_action":{"enabled":false,"date":"2026-05-08 15:48:13","action":"category","newStatus":"draft","terms":[],"taxonomy":"category"},"publishpress_future_workflow_manual_trigger":{"enabledWorkflows":[]},"_links":{"self":[{"href":"https:\/\/www.oarcanjo.net\/site\/wp-json\/wp\/v2\/posts\/24392"}],"collection":[{"href":"https:\/\/www.oarcanjo.net\/site\/wp-json\/wp\/v2\/posts"}],"about":[{"href":"https:\/\/www.oarcanjo.net\/site\/wp-json\/wp\/v2\/types\/post"}],"author":[{"embeddable":true,"href":"https:\/\/www.oarcanjo.net\/site\/wp-json\/wp\/v2\/users\/5"}],"replies":[{"embeddable":true,"href":"https:\/\/www.oarcanjo.net\/site\/wp-json\/wp\/v2\/comments?post=24392"}],"version-history":[{"count":0,"href":"https:\/\/www.oarcanjo.net\/site\/wp-json\/wp\/v2\/posts\/24392\/revisions"}],"wp:attachment":[{"href":"https:\/\/www.oarcanjo.net\/site\/wp-json\/wp\/v2\/media?parent=24392"}],"wp:term":[{"taxonomy":"category","embeddable":true,"href":"https:\/\/www.oarcanjo.net\/site\/wp-json\/wp\/v2\/categories?post=24392"},{"taxonomy":"post_tag","embeddable":true,"href":"https:\/\/www.oarcanjo.net\/site\/wp-json\/wp\/v2\/tags?post=24392"}],"curies":[{"name":"wp","href":"https:\/\/api.w.org\/{rel}","templated":true}]}}