
{"id":24400,"date":"2014-03-11T06:30:47","date_gmt":"2014-03-11T09:30:47","guid":{"rendered":"http:\/\/www.oarcanjo.net\/site\/?p=24400"},"modified":"2014-03-10T09:50:34","modified_gmt":"2014-03-10T12:50:34","slug":"quaresma-para-celebrar-a-pascoa-de-coracao-purificado","status":"publish","type":"post","link":"https:\/\/www.oarcanjo.net\/site\/quaresma-para-celebrar-a-pascoa-de-coracao-purificado\/","title":{"rendered":"Quaresma para celebrar a P\u00e1scoa de cora\u00e7\u00e3o purificado"},"content":{"rendered":"<p><em>Dom Edmar Peron<\/em><\/p>\n<p>H\u00e1 poucos dias, participamos do significativo rito da imposi\u00e7\u00e3o das cinzas sobre nossas cabe\u00e7as; suplic\u00e1vamos a Deus que, como pai, ouvisse nossas s\u00faplicas e nos desse a gra\u00e7a de prosseguir na \u201cobserv\u00e2ncia da Quaresma\u201d a fim de celebrarmos \u201cde cora\u00e7\u00e3o purificado o mist\u00e9rio pascal\u201d de Jesus Cristo, vivendo uma \u201cvida nova, \u00e0 semelhan\u00e7a do Cristo ressuscitado\u201d. Desse modo, as ora\u00e7\u00f5es de b\u00ean\u00e7\u00e3o das cinzas j\u00e1 nos indicavam que celebramos a Quaresma por causa da P\u00e1scoa. Essa compreens\u00e3o aparece em diferentes textos do Missal Romano. Vejamos!<\/p>\n<p>O tempo da Quaresma, bem vivido, nos prepara \u2013 catec\u00famenos e fi\u00e9is \u2013 para a celebra\u00e7\u00e3o do mist\u00e9rio pascal: \u201cA observ\u00e2ncia anual da Quaresma \u00e9 tempo favor\u00e1vel pelo qual se sobe ao monte santo da P\u00e1scoa\u201d (<em>Cerimonial dos Bispos, <\/em>n. 249). As ora\u00e7\u00f5es desses dias nos ajudam a louvar a Deus, \u201cPai santo, rico em miseric\u00f3rdia\u201d e bendizer o seu nome \u201cenquanto caminhamos para a P\u00e1scoa, seguindo as pegadas de Jesus Cristo\u201d: ele mesmo, durante a Quaresma, reabre para a Igreja \u201ca estrada do \u00caxodo, para que ela humildemente tome consci\u00eancia de sua voca\u00e7\u00e3o de povo da alian\u00e7a\u201d (<em>Pref\u00e1cio da Quaresma, V)<\/em>; ele \u00e9 quem concede \u201caos crist\u00e3os esperar com alegria, cada ano, a festa da P\u00e1scoa\u201d (<em>Pref\u00e1cio da Quaresma, I<\/em>); \u00e9 a ele que suplicamos a gra\u00e7a de que \u201co nosso cora\u00e7\u00e3o corresponda\u201d \u00e0s oferendas colocadas sobre o altar da Eucaristia, \u201ccom as quais iniciamos nossa caminhada para a P\u00e1scoa\u201d (<em>Primeiro Domingo da Quaresma, Ora\u00e7\u00e3o Sobre as Oferendas<\/em>).<\/p>\n<p>Contudo, andaremos pelo caminho quaresmal conscientes de nossa fraqueza. Por isso, nesses dias, tamb\u00e9m rezamos a Deus para que \u201ca penit\u00eancia nos fortale\u00e7a no combate contra o esp\u00edrito do mal\u201d (<em>Quarta-feira de Cinzas, Ora\u00e7\u00e3o do Dia<\/em>); que ele, Deus, inspire nossas a\u00e7\u00f5es e nos ajude a realiz\u00e1-las para que nele \u201ccomece e termine tudo aquilo que fizermos\u201d (<em>Quinta-feira depois das Cinzas, Ora\u00e7\u00e3o do Dia<\/em>); que ele nos auxilie com sua bondade \u201cpara que vivamos interiormente as pr\u00e1ticas externas da Quaresma\u201d (<em>Sexta-feira depois das Cinzas, Ora\u00e7\u00e3o do Dia<\/em>).<\/p>\n<p>Um dos poderosos aux\u00edlios que Deus nos oferece \u00e9 a sua Palavra, contida no Livro Santo, a B\u00edblia: ela conduziu no caminho do Reino de Deus, homens e mulheres, que hoje s\u00e3o para n\u00f3s grandes testemunhas, os Santos e as Santas; ela nos alimenta, pois \u201cn\u00e3o s\u00f3 de p\u00e3o vive o homem, mas de toda palavra que sai da boca de Deus\u201d (Mt 4,4: Dt 8,3); ela desarma \u201cas ciladas do antigo inimigo\u201d (<em>Primeiro Domingo da Quaresma, Pref\u00e1cio<\/em>); se ela, a Palavra, permanecer em n\u00f3s, conheceremos a verdade e seremos livres (Jo 8,32) e venceremos o Mal (1Jo 2,14).<\/p>\n<p>Organizemos nosso tempo ao longo da Quaresma e nos empenhemos ainda mais \u00e0 leitura, medita\u00e7\u00e3o e pr\u00e1tica da Palavra de Deus, contida na B\u00edblia. Assim, alcan\u00e7aremos o que pedimos na Quarta-feira de Cinzas: \u201ccelebrar de cora\u00e7\u00e3o purificado o mist\u00e9rio pascal\u201d de Jesus Cristo.<\/p>\n<div id=\"themify_builder_content-24400\" data-postid=\"24400\" class=\"themify_builder_content themify_builder_content-24400 themify_builder themify_builder_front\">\n\t<\/div>\n<!-- \/themify_builder_content -->","protected":false},"excerpt":{"rendered":"<p>Dom Edmar Peron H\u00e1 poucos dias, participamos do significativo rito da imposi\u00e7\u00e3o das cinzas sobre nossas cabe\u00e7as; suplic\u00e1vamos a Deus que, como pai, ouvisse nossas s\u00faplicas e nos desse a gra\u00e7a de prosseguir na \u201cobserv\u00e2ncia da Quaresma\u201d a fim de celebrarmos \u201cde cora\u00e7\u00e3o purificado o mist\u00e9rio pascal\u201d de Jesus Cristo, vivendo uma \u201cvida nova, \u00e0 [&hellip;]<\/p>\n","protected":false},"author":5,"featured_media":0,"comment_status":"open","ping_status":"open","sticky":false,"template":"","format":"standard","meta":{"ngg_post_thumbnail":0,"footnotes":""},"categories":[9],"tags":[93,275,3016,296,3017,242,227],"yoast_head":"<!-- This site is optimized with the Yoast SEO plugin v23.5 - https:\/\/yoast.com\/wordpress\/plugins\/seo\/ -->\n<title>Quaresma para celebrar a P\u00e1scoa de cora\u00e7\u00e3o purificado - O Arcanjo no ar<\/title>\n<meta name=\"robots\" content=\"index, follow, max-snippet:-1, max-image-preview:large, max-video-preview:-1\" \/>\n<link rel=\"canonical\" href=\"https:\/\/www.oarcanjo.net\/site\/quaresma-para-celebrar-a-pascoa-de-coracao-purificado\/\" \/>\n<meta property=\"og:locale\" content=\"pt_BR\" \/>\n<meta property=\"og:type\" content=\"article\" \/>\n<meta property=\"og:title\" content=\"Quaresma para celebrar a P\u00e1scoa de cora\u00e7\u00e3o purificado - O Arcanjo no ar\" \/>\n<meta property=\"og:description\" content=\"Dom Edmar Peron H\u00e1 poucos dias, participamos do significativo rito da imposi\u00e7\u00e3o das cinzas sobre nossas cabe\u00e7as; suplic\u00e1vamos a Deus que, como pai, ouvisse nossas s\u00faplicas e nos desse a gra\u00e7a de prosseguir na \u201cobserv\u00e2ncia da Quaresma\u201d a fim de celebrarmos \u201cde cora\u00e7\u00e3o purificado o mist\u00e9rio pascal\u201d de Jesus Cristo, vivendo uma \u201cvida nova, \u00e0 [&hellip;]\" \/>\n<meta property=\"og:url\" content=\"https:\/\/www.oarcanjo.net\/site\/quaresma-para-celebrar-a-pascoa-de-coracao-purificado\/\" \/>\n<meta property=\"og:site_name\" content=\"O Arcanjo no ar\" \/>\n<meta property=\"article:publisher\" content=\"https:\/\/www.facebook.com\/OArcanjoNoAr\/\" \/>\n<meta property=\"article:published_time\" content=\"2014-03-11T09:30:47+00:00\" \/>\n<meta property=\"article:modified_time\" content=\"2014-03-10T12:50:34+00:00\" \/>\n<meta property=\"og:image\" content=\"https:\/\/www.oarcanjo.net\/site\/wp-content\/uploads\/logo-o-arcanjo-no-ar-facebook.png\" \/>\n\t<meta property=\"og:image:width\" content=\"300\" \/>\n\t<meta property=\"og:image:height\" content=\"300\" \/>\n\t<meta property=\"og:image:type\" content=\"image\/png\" \/>\n<meta name=\"author\" content=\"editor\" \/>\n<meta name=\"twitter:card\" content=\"summary_large_image\" \/>\n<meta name=\"twitter:label1\" content=\"Escrito por\" \/>\n\t<meta name=\"twitter:data1\" content=\"editor\" \/>\n\t<meta name=\"twitter:label2\" content=\"Est. tempo de leitura\" \/>\n\t<meta name=\"twitter:data2\" content=\"3 minutos\" \/>\n<script type=\"application\/ld+json\" class=\"yoast-schema-graph\">{\"@context\":\"https:\/\/schema.org\",\"@graph\":[{\"@type\":\"Article\",\"@id\":\"https:\/\/www.oarcanjo.net\/site\/quaresma-para-celebrar-a-pascoa-de-coracao-purificado\/#article\",\"isPartOf\":{\"@id\":\"https:\/\/www.oarcanjo.net\/site\/quaresma-para-celebrar-a-pascoa-de-coracao-purificado\/\"},\"author\":{\"name\":\"editor\",\"@id\":\"https:\/\/www.oarcanjo.net\/site\/#\/schema\/person\/f7024d007863202483a31326673a0838\"},\"headline\":\"Quaresma para celebrar a P\u00e1scoa de cora\u00e7\u00e3o purificado\",\"datePublished\":\"2014-03-11T09:30:47+00:00\",\"dateModified\":\"2014-03-10T12:50:34+00:00\",\"mainEntityOfPage\":{\"@id\":\"https:\/\/www.oarcanjo.net\/site\/quaresma-para-celebrar-a-pascoa-de-coracao-purificado\/\"},\"wordCount\":532,\"commentCount\":1,\"publisher\":{\"@id\":\"https:\/\/www.oarcanjo.net\/site\/#organization\"},\"keywords\":[\"B\u00edblia\",\"cinzas\",\"Cora\u00e7\u00e3o purificado\",\"\u00eaxodo\",\"Palavra\",\"P\u00e1scoa\",\"Quaresma\"],\"articleSection\":[\"Reflex\u00f5es\"],\"inLanguage\":\"pt-BR\",\"potentialAction\":[{\"@type\":\"CommentAction\",\"name\":\"Comment\",\"target\":[\"https:\/\/www.oarcanjo.net\/site\/quaresma-para-celebrar-a-pascoa-de-coracao-purificado\/#respond\"]}]},{\"@type\":\"WebPage\",\"@id\":\"https:\/\/www.oarcanjo.net\/site\/quaresma-para-celebrar-a-pascoa-de-coracao-purificado\/\",\"url\":\"https:\/\/www.oarcanjo.net\/site\/quaresma-para-celebrar-a-pascoa-de-coracao-purificado\/\",\"name\":\"Quaresma para celebrar a P\u00e1scoa de cora\u00e7\u00e3o purificado - O Arcanjo no ar\",\"isPartOf\":{\"@id\":\"https:\/\/www.oarcanjo.net\/site\/#website\"},\"datePublished\":\"2014-03-11T09:30:47+00:00\",\"dateModified\":\"2014-03-10T12:50:34+00:00\",\"breadcrumb\":{\"@id\":\"https:\/\/www.oarcanjo.net\/site\/quaresma-para-celebrar-a-pascoa-de-coracao-purificado\/#breadcrumb\"},\"inLanguage\":\"pt-BR\",\"potentialAction\":[{\"@type\":\"ReadAction\",\"target\":[\"https:\/\/www.oarcanjo.net\/site\/quaresma-para-celebrar-a-pascoa-de-coracao-purificado\/\"]}]},{\"@type\":\"BreadcrumbList\",\"@id\":\"https:\/\/www.oarcanjo.net\/site\/quaresma-para-celebrar-a-pascoa-de-coracao-purificado\/#breadcrumb\",\"itemListElement\":[{\"@type\":\"ListItem\",\"position\":1,\"name\":\"In\u00edcio\",\"item\":\"https:\/\/www.oarcanjo.net\/site\/\"},{\"@type\":\"ListItem\",\"position\":2,\"name\":\"Quaresma para celebrar a P\u00e1scoa de cora\u00e7\u00e3o purificado\"}]},{\"@type\":\"WebSite\",\"@id\":\"https:\/\/www.oarcanjo.net\/site\/#website\",\"url\":\"https:\/\/www.oarcanjo.net\/site\/\",\"name\":\"O Arcanjo no ar\",\"description\":\"Site da Par\u00f3quia S\u00e3o Miguel Arcanjo (Arquidiocese de SP)\",\"publisher\":{\"@id\":\"https:\/\/www.oarcanjo.net\/site\/#organization\"},\"potentialAction\":[{\"@type\":\"SearchAction\",\"target\":{\"@type\":\"EntryPoint\",\"urlTemplate\":\"https:\/\/www.oarcanjo.net\/site\/?s={search_term_string}\"},\"query-input\":{\"@type\":\"PropertyValueSpecification\",\"valueRequired\":true,\"valueName\":\"search_term_string\"}}],\"inLanguage\":\"pt-BR\"},{\"@type\":\"Organization\",\"@id\":\"https:\/\/www.oarcanjo.net\/site\/#organization\",\"name\":\"Par\u00f3quia S\u00e3o Miguel Arcanjo\",\"url\":\"https:\/\/www.oarcanjo.net\/site\/\",\"logo\":{\"@type\":\"ImageObject\",\"inLanguage\":\"pt-BR\",\"@id\":\"https:\/\/www.oarcanjo.net\/site\/#\/schema\/logo\/image\/\",\"url\":\"https:\/\/www.oarcanjo.net\/site\/wp-content\/uploads\/LogoOArcanjo.png\",\"contentUrl\":\"https:\/\/www.oarcanjo.net\/site\/wp-content\/uploads\/LogoOArcanjo.png\",\"width\":319,\"height\":99,\"caption\":\"Par\u00f3quia S\u00e3o Miguel Arcanjo\"},\"image\":{\"@id\":\"https:\/\/www.oarcanjo.net\/site\/#\/schema\/logo\/image\/\"},\"sameAs\":[\"https:\/\/www.facebook.com\/OArcanjoNoAr\/\"]},{\"@type\":\"Person\",\"@id\":\"https:\/\/www.oarcanjo.net\/site\/#\/schema\/person\/f7024d007863202483a31326673a0838\",\"name\":\"editor\",\"sameAs\":[\"http:\/\/www.oarcanjo.net\"]}]}<\/script>\n<!-- \/ Yoast SEO plugin. -->","yoast_head_json":{"title":"Quaresma para celebrar a P\u00e1scoa de cora\u00e7\u00e3o purificado - O Arcanjo no ar","robots":{"index":"index","follow":"follow","max-snippet":"max-snippet:-1","max-image-preview":"max-image-preview:large","max-video-preview":"max-video-preview:-1"},"canonical":"https:\/\/www.oarcanjo.net\/site\/quaresma-para-celebrar-a-pascoa-de-coracao-purificado\/","og_locale":"pt_BR","og_type":"article","og_title":"Quaresma para celebrar a P\u00e1scoa de cora\u00e7\u00e3o purificado - O Arcanjo no ar","og_description":"Dom Edmar Peron H\u00e1 poucos dias, participamos do significativo rito da imposi\u00e7\u00e3o das cinzas sobre nossas cabe\u00e7as; suplic\u00e1vamos a Deus que, como pai, ouvisse nossas s\u00faplicas e nos desse a gra\u00e7a de prosseguir na \u201cobserv\u00e2ncia da Quaresma\u201d a fim de celebrarmos \u201cde cora\u00e7\u00e3o purificado o mist\u00e9rio pascal\u201d de Jesus Cristo, vivendo uma \u201cvida nova, \u00e0 [&hellip;]","og_url":"https:\/\/www.oarcanjo.net\/site\/quaresma-para-celebrar-a-pascoa-de-coracao-purificado\/","og_site_name":"O Arcanjo no ar","article_publisher":"https:\/\/www.facebook.com\/OArcanjoNoAr\/","article_published_time":"2014-03-11T09:30:47+00:00","article_modified_time":"2014-03-10T12:50:34+00:00","og_image":[{"width":300,"height":300,"url":"https:\/\/www.oarcanjo.net\/site\/wp-content\/uploads\/logo-o-arcanjo-no-ar-facebook.png","type":"image\/png"}],"author":"editor","twitter_card":"summary_large_image","twitter_misc":{"Escrito por":"editor","Est. tempo de leitura":"3 minutos"},"schema":{"@context":"https:\/\/schema.org","@graph":[{"@type":"Article","@id":"https:\/\/www.oarcanjo.net\/site\/quaresma-para-celebrar-a-pascoa-de-coracao-purificado\/#article","isPartOf":{"@id":"https:\/\/www.oarcanjo.net\/site\/quaresma-para-celebrar-a-pascoa-de-coracao-purificado\/"},"author":{"name":"editor","@id":"https:\/\/www.oarcanjo.net\/site\/#\/schema\/person\/f7024d007863202483a31326673a0838"},"headline":"Quaresma para celebrar a P\u00e1scoa de cora\u00e7\u00e3o purificado","datePublished":"2014-03-11T09:30:47+00:00","dateModified":"2014-03-10T12:50:34+00:00","mainEntityOfPage":{"@id":"https:\/\/www.oarcanjo.net\/site\/quaresma-para-celebrar-a-pascoa-de-coracao-purificado\/"},"wordCount":532,"commentCount":1,"publisher":{"@id":"https:\/\/www.oarcanjo.net\/site\/#organization"},"keywords":["B\u00edblia","cinzas","Cora\u00e7\u00e3o purificado","\u00eaxodo","Palavra","P\u00e1scoa","Quaresma"],"articleSection":["Reflex\u00f5es"],"inLanguage":"pt-BR","potentialAction":[{"@type":"CommentAction","name":"Comment","target":["https:\/\/www.oarcanjo.net\/site\/quaresma-para-celebrar-a-pascoa-de-coracao-purificado\/#respond"]}]},{"@type":"WebPage","@id":"https:\/\/www.oarcanjo.net\/site\/quaresma-para-celebrar-a-pascoa-de-coracao-purificado\/","url":"https:\/\/www.oarcanjo.net\/site\/quaresma-para-celebrar-a-pascoa-de-coracao-purificado\/","name":"Quaresma para celebrar a P\u00e1scoa de cora\u00e7\u00e3o purificado - O Arcanjo no ar","isPartOf":{"@id":"https:\/\/www.oarcanjo.net\/site\/#website"},"datePublished":"2014-03-11T09:30:47+00:00","dateModified":"2014-03-10T12:50:34+00:00","breadcrumb":{"@id":"https:\/\/www.oarcanjo.net\/site\/quaresma-para-celebrar-a-pascoa-de-coracao-purificado\/#breadcrumb"},"inLanguage":"pt-BR","potentialAction":[{"@type":"ReadAction","target":["https:\/\/www.oarcanjo.net\/site\/quaresma-para-celebrar-a-pascoa-de-coracao-purificado\/"]}]},{"@type":"BreadcrumbList","@id":"https:\/\/www.oarcanjo.net\/site\/quaresma-para-celebrar-a-pascoa-de-coracao-purificado\/#breadcrumb","itemListElement":[{"@type":"ListItem","position":1,"name":"In\u00edcio","item":"https:\/\/www.oarcanjo.net\/site\/"},{"@type":"ListItem","position":2,"name":"Quaresma para celebrar a P\u00e1scoa de cora\u00e7\u00e3o purificado"}]},{"@type":"WebSite","@id":"https:\/\/www.oarcanjo.net\/site\/#website","url":"https:\/\/www.oarcanjo.net\/site\/","name":"O Arcanjo no ar","description":"Site da Par\u00f3quia S\u00e3o Miguel Arcanjo (Arquidiocese de SP)","publisher":{"@id":"https:\/\/www.oarcanjo.net\/site\/#organization"},"potentialAction":[{"@type":"SearchAction","target":{"@type":"EntryPoint","urlTemplate":"https:\/\/www.oarcanjo.net\/site\/?s={search_term_string}"},"query-input":{"@type":"PropertyValueSpecification","valueRequired":true,"valueName":"search_term_string"}}],"inLanguage":"pt-BR"},{"@type":"Organization","@id":"https:\/\/www.oarcanjo.net\/site\/#organization","name":"Par\u00f3quia S\u00e3o Miguel Arcanjo","url":"https:\/\/www.oarcanjo.net\/site\/","logo":{"@type":"ImageObject","inLanguage":"pt-BR","@id":"https:\/\/www.oarcanjo.net\/site\/#\/schema\/logo\/image\/","url":"https:\/\/www.oarcanjo.net\/site\/wp-content\/uploads\/LogoOArcanjo.png","contentUrl":"https:\/\/www.oarcanjo.net\/site\/wp-content\/uploads\/LogoOArcanjo.png","width":319,"height":99,"caption":"Par\u00f3quia S\u00e3o Miguel Arcanjo"},"image":{"@id":"https:\/\/www.oarcanjo.net\/site\/#\/schema\/logo\/image\/"},"sameAs":["https:\/\/www.facebook.com\/OArcanjoNoAr\/"]},{"@type":"Person","@id":"https:\/\/www.oarcanjo.net\/site\/#\/schema\/person\/f7024d007863202483a31326673a0838","name":"editor","sameAs":["http:\/\/www.oarcanjo.net"]}]}},"publishpress_future_action":{"enabled":false,"date":"2026-05-08 22:08:13","action":"category","newStatus":"draft","terms":[],"taxonomy":"category"},"publishpress_future_workflow_manual_trigger":{"enabledWorkflows":[]},"_links":{"self":[{"href":"https:\/\/www.oarcanjo.net\/site\/wp-json\/wp\/v2\/posts\/24400"}],"collection":[{"href":"https:\/\/www.oarcanjo.net\/site\/wp-json\/wp\/v2\/posts"}],"about":[{"href":"https:\/\/www.oarcanjo.net\/site\/wp-json\/wp\/v2\/types\/post"}],"author":[{"embeddable":true,"href":"https:\/\/www.oarcanjo.net\/site\/wp-json\/wp\/v2\/users\/5"}],"replies":[{"embeddable":true,"href":"https:\/\/www.oarcanjo.net\/site\/wp-json\/wp\/v2\/comments?post=24400"}],"version-history":[{"count":0,"href":"https:\/\/www.oarcanjo.net\/site\/wp-json\/wp\/v2\/posts\/24400\/revisions"}],"wp:attachment":[{"href":"https:\/\/www.oarcanjo.net\/site\/wp-json\/wp\/v2\/media?parent=24400"}],"wp:term":[{"taxonomy":"category","embeddable":true,"href":"https:\/\/www.oarcanjo.net\/site\/wp-json\/wp\/v2\/categories?post=24400"},{"taxonomy":"post_tag","embeddable":true,"href":"https:\/\/www.oarcanjo.net\/site\/wp-json\/wp\/v2\/tags?post=24400"}],"curies":[{"name":"wp","href":"https:\/\/api.w.org\/{rel}","templated":true}]}}