
{"id":2442,"date":"2009-03-19T12:54:21","date_gmt":"2009-03-19T15:54:21","guid":{"rendered":"http:\/\/www.oarcanjo.net\/site\/?p=2442"},"modified":"2009-03-21T12:57:05","modified_gmt":"2009-03-21T15:57:05","slug":"inseguranca-publica-em-santa-catarina","status":"publish","type":"post","link":"https:\/\/www.oarcanjo.net\/site\/inseguranca-publica-em-santa-catarina\/","title":{"rendered":"Inseguran\u00e7a P\u00fablica em Santa Catarina"},"content":{"rendered":"<p>Pe. C\u00e9lio S. Ribeiro *<\/p>\n<p>Atualmente h\u00e1 12 mil pessoas encarceradas em Santa Catarina onde h\u00e1 vagas para 7000, desconsiderando totalmente o art 88, b da LEP7210\/84, que limita 6m\u00b2 para cada preso cumprir pena. Al\u00e9m disso, \u00e9 comum que presos provis\u00f3rios em regime fechado estejam junto com presos condenados, confirmando a infra\u00e7\u00e3o do art 84 da mesma lei.<\/p>\n<p>Segundo a Pastoral Carcer\u00e1ria da CNBB do Regional Sul IV, em Santa Catarina, a superlota\u00e7\u00e3o nos pres\u00eddios do Estado d\u00e1 conta de que os presos est\u00e3o l\u00e1 porque infligiram a lei. Mas permitir que a superlota\u00e7\u00e3o ultrapasse seu limite tamb\u00e9m \u00e9 violar a lei. Superlota\u00e7\u00e3o \u00e9 viola\u00e7\u00e3o de direitos humanos e dos direitos previstos na Lei de Execu\u00e7\u00e3o Penal 7210\/84.<\/p>\n<p>O argumento de que n\u00e3o h\u00e1 vagas para transfer\u00eancias \u00e9 verdadeiro, mas tamb\u00e9m \u00e9 confirmar que a Secretaria de Seguran\u00e7a P\u00fablica n\u00e3o tem planejamento para o Sistema Prisional Catarinense, gerando inseguran\u00e7a \u00e0 popula\u00e7\u00e3o.<\/p>\n<p>A Constitui\u00e7\u00e3o Federal, em seu artigo 5\u00ba, inciso XLIX, assegura aos presos o respeito \u00e0 dignidade f\u00edsica e moral. (&#8230;) D\u00favida n\u00e3o resta, portanto, de que \u00e9 do Estado o dever de manter condi\u00e7\u00f5es minimamente aceit\u00e1veis de encarceramento, obriga\u00e7\u00e3o essa que n\u00e3o vem sendo respeitada em Santa Catarina.<\/p>\n<p>Destarte, Santa Catarina \u00e9 o \u00fanico Estado no Brasil que ainda n\u00e3o implantou a Defensoria P\u00fablica&#8230; por isso, torna-se justo e necess\u00e1rio romper com a sistem\u00e1tica da  Defensoria Dativa, que nada faz diante do descaso da superlota\u00e7\u00e3o nas Unidades Prisionais. Permitir tal situa\u00e7\u00e3o \u00e9 negar direitos aos encarcerados.<\/p>\n<p>A Defensoria P\u00fablica \u00e9 uma das institui\u00e7\u00f5es jur\u00eddicas garantidas pela Constitui\u00e7\u00e3o Federal de 1988 e cuja fun\u00e7\u00e3o vai al\u00e9m de prestar assist\u00eancia judicial aos encarcerados. A Defensoria P\u00fablica atua de forma conciliadora, auxiliando a reduzir demandas desnecess\u00e1rias ao judici\u00e1rio. A Defensoria P\u00fablica \u00e9 considerada, ao lado do Minist\u00e9rio P\u00fablico e da Advocacia P\u00fablica, essencial \u00e0 Justi\u00e7a, devendo orientar e defender, em todos os n\u00edveis e situa\u00e7\u00f5es, os menos favorecidos, conforme disp\u00f5e o art 134 da Constitui\u00e7\u00e3o Federal.<\/p>\n<p>Diferente da Defensoria Dativa, em que o Estado disponibiliza o advogado para acompanhar o cidad\u00e3o durante o processo, na Defensoria P\u00fablica este acompanhamento acontece desde o princ\u00edpio da quest\u00e3o, de modo preventivo e tamb\u00e9m na busca pelos direitos do cidad\u00e3o. Al\u00e9m disso, a Defensoria P\u00fablica deve ser um \u00f3rg\u00e3o empenhado em promover programas de cidadania e educa\u00e7\u00e3o de direitos.<\/p>\n<p>Equivocadamente, a Constitui\u00e7\u00e3o do Estado de Santa Catarina regulou a Defensoria P\u00fablica como sendo a exercida pela advocacia dativa (advogados gratuitos da OAB\/SC) e assist\u00eancia judici\u00e1ria, conforme seu artigo 104.<\/p>\n<p>Na Defensoria P\u00fablica os profissionais envolvidos dever\u00e3o ser compromissados com a prote\u00e7\u00e3o e promo\u00e7\u00e3o dos direitos fundamentais como educa\u00e7\u00e3o, moradia, sa\u00fade, justi\u00e7a, etc. Os defensores, habilitados, concursados e com dedica\u00e7\u00e3o integral poder\u00e3o defender os interesses difusos e coletivos das pessoas; assessorar grupos e entidades n\u00e3o governamentais que est\u00e3o a servi\u00e7o da defesa dos direitos da crian\u00e7a, do adolescente, das mulheres, dos idosos, encarcerados e menos favorecidos.<\/p>\n<p>Este \u00e9 um assunto complexo, mas que a Campanha da Fraternidade estar\u00e1 debatendo durante o ano de 2009 com o tema &#8220;Fraternidade e Seguran\u00e7a P\u00fablica&#8221; e com o lema &#8220;A Paz \u00e9 furto da Justi\u00e7a&#8221; (Is 32:17). E o acontecer da Justi\u00e7a, ventre f\u00e9rtil para a Paz em Santa Catarina, ser\u00e1 poss\u00edvel com a implanta\u00e7\u00e3o da Defensoria P\u00fablica, direito de todos e dever do Estado.<\/p>\n<p>* Coordenador da Pastoral Carcer\u00e1ria &#8211; CNBB\/SUL IV<\/p>\n<div id=\"themify_builder_content-2442\" data-postid=\"2442\" class=\"themify_builder_content themify_builder_content-2442 themify_builder themify_builder_front\">\n\t<\/div>\n<!-- \/themify_builder_content -->","protected":false},"excerpt":{"rendered":"<p>Pe. C\u00e9lio S. Ribeiro * Atualmente h\u00e1 12 mil pessoas encarceradas em Santa Catarina onde h\u00e1 vagas para 7000, desconsiderando totalmente o art 88, b da LEP7210\/84, que limita 6m\u00b2 para cada preso cumprir pena. Al\u00e9m disso, \u00e9 comum que presos provis\u00f3rios em regime fechado estejam junto com presos condenados, confirmando a infra\u00e7\u00e3o do art [&hellip;]<\/p>\n","protected":false},"author":5,"featured_media":0,"comment_status":"open","ping_status":"open","sticky":false,"template":"","format":"standard","meta":{"ngg_post_thumbnail":0,"footnotes":""},"categories":[241],"tags":[229,230,231,371,20],"yoast_head":"<!-- This site is optimized with the Yoast SEO plugin v23.5 - https:\/\/yoast.com\/wordpress\/plugins\/seo\/ -->\n<title>Inseguran\u00e7a P\u00fablica em Santa Catarina - O Arcanjo no ar<\/title>\n<meta name=\"robots\" content=\"index, follow, max-snippet:-1, max-image-preview:large, max-video-preview:-1\" \/>\n<link rel=\"canonical\" href=\"https:\/\/www.oarcanjo.net\/site\/inseguranca-publica-em-santa-catarina\/\" \/>\n<meta property=\"og:locale\" content=\"pt_BR\" \/>\n<meta property=\"og:type\" content=\"article\" \/>\n<meta property=\"og:title\" content=\"Inseguran\u00e7a P\u00fablica em Santa Catarina - O Arcanjo no ar\" \/>\n<meta property=\"og:description\" content=\"Pe. C\u00e9lio S. Ribeiro * Atualmente h\u00e1 12 mil pessoas encarceradas em Santa Catarina onde h\u00e1 vagas para 7000, desconsiderando totalmente o art 88, b da LEP7210\/84, que limita 6m\u00b2 para cada preso cumprir pena. Al\u00e9m disso, \u00e9 comum que presos provis\u00f3rios em regime fechado estejam junto com presos condenados, confirmando a infra\u00e7\u00e3o do art [&hellip;]\" \/>\n<meta property=\"og:url\" content=\"https:\/\/www.oarcanjo.net\/site\/inseguranca-publica-em-santa-catarina\/\" \/>\n<meta property=\"og:site_name\" content=\"O Arcanjo no ar\" \/>\n<meta property=\"article:publisher\" content=\"https:\/\/www.facebook.com\/OArcanjoNoAr\/\" \/>\n<meta property=\"article:published_time\" content=\"2009-03-19T15:54:21+00:00\" \/>\n<meta property=\"article:modified_time\" content=\"2009-03-21T15:57:05+00:00\" \/>\n<meta property=\"og:image\" content=\"https:\/\/www.oarcanjo.net\/site\/wp-content\/uploads\/logo-o-arcanjo-no-ar-facebook.png\" \/>\n\t<meta property=\"og:image:width\" content=\"300\" \/>\n\t<meta property=\"og:image:height\" content=\"300\" \/>\n\t<meta property=\"og:image:type\" content=\"image\/png\" \/>\n<meta name=\"author\" content=\"editor\" \/>\n<meta name=\"twitter:card\" content=\"summary_large_image\" \/>\n<meta name=\"twitter:label1\" content=\"Escrito por\" \/>\n\t<meta name=\"twitter:data1\" content=\"editor\" \/>\n\t<meta name=\"twitter:label2\" content=\"Est. tempo de leitura\" \/>\n\t<meta name=\"twitter:data2\" content=\"3 minutos\" \/>\n<script type=\"application\/ld+json\" class=\"yoast-schema-graph\">{\"@context\":\"https:\/\/schema.org\",\"@graph\":[{\"@type\":\"Article\",\"@id\":\"https:\/\/www.oarcanjo.net\/site\/inseguranca-publica-em-santa-catarina\/#article\",\"isPartOf\":{\"@id\":\"https:\/\/www.oarcanjo.net\/site\/inseguranca-publica-em-santa-catarina\/\"},\"author\":{\"name\":\"editor\",\"@id\":\"https:\/\/www.oarcanjo.net\/site\/#\/schema\/person\/f7024d007863202483a31326673a0838\"},\"headline\":\"Inseguran\u00e7a P\u00fablica em Santa Catarina\",\"datePublished\":\"2009-03-19T15:54:21+00:00\",\"dateModified\":\"2009-03-21T15:57:05+00:00\",\"mainEntityOfPage\":{\"@id\":\"https:\/\/www.oarcanjo.net\/site\/inseguranca-publica-em-santa-catarina\/\"},\"wordCount\":623,\"commentCount\":0,\"publisher\":{\"@id\":\"https:\/\/www.oarcanjo.net\/site\/#organization\"},\"keywords\":[\"Campanha da Fraternidade\",\"justi\u00e7a\",\"seguran\u00e7a\",\"sistema penitenci\u00e1rio\",\"viol\u00eancia\"],\"articleSection\":[\"CF\"],\"inLanguage\":\"pt-BR\",\"potentialAction\":[{\"@type\":\"CommentAction\",\"name\":\"Comment\",\"target\":[\"https:\/\/www.oarcanjo.net\/site\/inseguranca-publica-em-santa-catarina\/#respond\"]}]},{\"@type\":\"WebPage\",\"@id\":\"https:\/\/www.oarcanjo.net\/site\/inseguranca-publica-em-santa-catarina\/\",\"url\":\"https:\/\/www.oarcanjo.net\/site\/inseguranca-publica-em-santa-catarina\/\",\"name\":\"Inseguran\u00e7a P\u00fablica em Santa Catarina - O Arcanjo no ar\",\"isPartOf\":{\"@id\":\"https:\/\/www.oarcanjo.net\/site\/#website\"},\"datePublished\":\"2009-03-19T15:54:21+00:00\",\"dateModified\":\"2009-03-21T15:57:05+00:00\",\"breadcrumb\":{\"@id\":\"https:\/\/www.oarcanjo.net\/site\/inseguranca-publica-em-santa-catarina\/#breadcrumb\"},\"inLanguage\":\"pt-BR\",\"potentialAction\":[{\"@type\":\"ReadAction\",\"target\":[\"https:\/\/www.oarcanjo.net\/site\/inseguranca-publica-em-santa-catarina\/\"]}]},{\"@type\":\"BreadcrumbList\",\"@id\":\"https:\/\/www.oarcanjo.net\/site\/inseguranca-publica-em-santa-catarina\/#breadcrumb\",\"itemListElement\":[{\"@type\":\"ListItem\",\"position\":1,\"name\":\"In\u00edcio\",\"item\":\"https:\/\/www.oarcanjo.net\/site\/\"},{\"@type\":\"ListItem\",\"position\":2,\"name\":\"Inseguran\u00e7a P\u00fablica em Santa Catarina\"}]},{\"@type\":\"WebSite\",\"@id\":\"https:\/\/www.oarcanjo.net\/site\/#website\",\"url\":\"https:\/\/www.oarcanjo.net\/site\/\",\"name\":\"O Arcanjo no ar\",\"description\":\"Site da Par\u00f3quia S\u00e3o Miguel Arcanjo (Arquidiocese de SP)\",\"publisher\":{\"@id\":\"https:\/\/www.oarcanjo.net\/site\/#organization\"},\"potentialAction\":[{\"@type\":\"SearchAction\",\"target\":{\"@type\":\"EntryPoint\",\"urlTemplate\":\"https:\/\/www.oarcanjo.net\/site\/?s={search_term_string}\"},\"query-input\":{\"@type\":\"PropertyValueSpecification\",\"valueRequired\":true,\"valueName\":\"search_term_string\"}}],\"inLanguage\":\"pt-BR\"},{\"@type\":\"Organization\",\"@id\":\"https:\/\/www.oarcanjo.net\/site\/#organization\",\"name\":\"Par\u00f3quia S\u00e3o Miguel Arcanjo\",\"url\":\"https:\/\/www.oarcanjo.net\/site\/\",\"logo\":{\"@type\":\"ImageObject\",\"inLanguage\":\"pt-BR\",\"@id\":\"https:\/\/www.oarcanjo.net\/site\/#\/schema\/logo\/image\/\",\"url\":\"https:\/\/www.oarcanjo.net\/site\/wp-content\/uploads\/LogoOArcanjo.png\",\"contentUrl\":\"https:\/\/www.oarcanjo.net\/site\/wp-content\/uploads\/LogoOArcanjo.png\",\"width\":319,\"height\":99,\"caption\":\"Par\u00f3quia S\u00e3o Miguel Arcanjo\"},\"image\":{\"@id\":\"https:\/\/www.oarcanjo.net\/site\/#\/schema\/logo\/image\/\"},\"sameAs\":[\"https:\/\/www.facebook.com\/OArcanjoNoAr\/\"]},{\"@type\":\"Person\",\"@id\":\"https:\/\/www.oarcanjo.net\/site\/#\/schema\/person\/f7024d007863202483a31326673a0838\",\"name\":\"editor\",\"sameAs\":[\"http:\/\/www.oarcanjo.net\"]}]}<\/script>\n<!-- \/ Yoast SEO plugin. -->","yoast_head_json":{"title":"Inseguran\u00e7a P\u00fablica em Santa Catarina - O Arcanjo no ar","robots":{"index":"index","follow":"follow","max-snippet":"max-snippet:-1","max-image-preview":"max-image-preview:large","max-video-preview":"max-video-preview:-1"},"canonical":"https:\/\/www.oarcanjo.net\/site\/inseguranca-publica-em-santa-catarina\/","og_locale":"pt_BR","og_type":"article","og_title":"Inseguran\u00e7a P\u00fablica em Santa Catarina - O Arcanjo no ar","og_description":"Pe. C\u00e9lio S. Ribeiro * Atualmente h\u00e1 12 mil pessoas encarceradas em Santa Catarina onde h\u00e1 vagas para 7000, desconsiderando totalmente o art 88, b da LEP7210\/84, que limita 6m\u00b2 para cada preso cumprir pena. Al\u00e9m disso, \u00e9 comum que presos provis\u00f3rios em regime fechado estejam junto com presos condenados, confirmando a infra\u00e7\u00e3o do art [&hellip;]","og_url":"https:\/\/www.oarcanjo.net\/site\/inseguranca-publica-em-santa-catarina\/","og_site_name":"O Arcanjo no ar","article_publisher":"https:\/\/www.facebook.com\/OArcanjoNoAr\/","article_published_time":"2009-03-19T15:54:21+00:00","article_modified_time":"2009-03-21T15:57:05+00:00","og_image":[{"width":300,"height":300,"url":"https:\/\/www.oarcanjo.net\/site\/wp-content\/uploads\/logo-o-arcanjo-no-ar-facebook.png","type":"image\/png"}],"author":"editor","twitter_card":"summary_large_image","twitter_misc":{"Escrito por":"editor","Est. tempo de leitura":"3 minutos"},"schema":{"@context":"https:\/\/schema.org","@graph":[{"@type":"Article","@id":"https:\/\/www.oarcanjo.net\/site\/inseguranca-publica-em-santa-catarina\/#article","isPartOf":{"@id":"https:\/\/www.oarcanjo.net\/site\/inseguranca-publica-em-santa-catarina\/"},"author":{"name":"editor","@id":"https:\/\/www.oarcanjo.net\/site\/#\/schema\/person\/f7024d007863202483a31326673a0838"},"headline":"Inseguran\u00e7a P\u00fablica em Santa Catarina","datePublished":"2009-03-19T15:54:21+00:00","dateModified":"2009-03-21T15:57:05+00:00","mainEntityOfPage":{"@id":"https:\/\/www.oarcanjo.net\/site\/inseguranca-publica-em-santa-catarina\/"},"wordCount":623,"commentCount":0,"publisher":{"@id":"https:\/\/www.oarcanjo.net\/site\/#organization"},"keywords":["Campanha da Fraternidade","justi\u00e7a","seguran\u00e7a","sistema penitenci\u00e1rio","viol\u00eancia"],"articleSection":["CF"],"inLanguage":"pt-BR","potentialAction":[{"@type":"CommentAction","name":"Comment","target":["https:\/\/www.oarcanjo.net\/site\/inseguranca-publica-em-santa-catarina\/#respond"]}]},{"@type":"WebPage","@id":"https:\/\/www.oarcanjo.net\/site\/inseguranca-publica-em-santa-catarina\/","url":"https:\/\/www.oarcanjo.net\/site\/inseguranca-publica-em-santa-catarina\/","name":"Inseguran\u00e7a P\u00fablica em Santa Catarina - O Arcanjo no ar","isPartOf":{"@id":"https:\/\/www.oarcanjo.net\/site\/#website"},"datePublished":"2009-03-19T15:54:21+00:00","dateModified":"2009-03-21T15:57:05+00:00","breadcrumb":{"@id":"https:\/\/www.oarcanjo.net\/site\/inseguranca-publica-em-santa-catarina\/#breadcrumb"},"inLanguage":"pt-BR","potentialAction":[{"@type":"ReadAction","target":["https:\/\/www.oarcanjo.net\/site\/inseguranca-publica-em-santa-catarina\/"]}]},{"@type":"BreadcrumbList","@id":"https:\/\/www.oarcanjo.net\/site\/inseguranca-publica-em-santa-catarina\/#breadcrumb","itemListElement":[{"@type":"ListItem","position":1,"name":"In\u00edcio","item":"https:\/\/www.oarcanjo.net\/site\/"},{"@type":"ListItem","position":2,"name":"Inseguran\u00e7a P\u00fablica em Santa Catarina"}]},{"@type":"WebSite","@id":"https:\/\/www.oarcanjo.net\/site\/#website","url":"https:\/\/www.oarcanjo.net\/site\/","name":"O Arcanjo no ar","description":"Site da Par\u00f3quia S\u00e3o Miguel Arcanjo (Arquidiocese de SP)","publisher":{"@id":"https:\/\/www.oarcanjo.net\/site\/#organization"},"potentialAction":[{"@type":"SearchAction","target":{"@type":"EntryPoint","urlTemplate":"https:\/\/www.oarcanjo.net\/site\/?s={search_term_string}"},"query-input":{"@type":"PropertyValueSpecification","valueRequired":true,"valueName":"search_term_string"}}],"inLanguage":"pt-BR"},{"@type":"Organization","@id":"https:\/\/www.oarcanjo.net\/site\/#organization","name":"Par\u00f3quia S\u00e3o Miguel Arcanjo","url":"https:\/\/www.oarcanjo.net\/site\/","logo":{"@type":"ImageObject","inLanguage":"pt-BR","@id":"https:\/\/www.oarcanjo.net\/site\/#\/schema\/logo\/image\/","url":"https:\/\/www.oarcanjo.net\/site\/wp-content\/uploads\/LogoOArcanjo.png","contentUrl":"https:\/\/www.oarcanjo.net\/site\/wp-content\/uploads\/LogoOArcanjo.png","width":319,"height":99,"caption":"Par\u00f3quia S\u00e3o Miguel Arcanjo"},"image":{"@id":"https:\/\/www.oarcanjo.net\/site\/#\/schema\/logo\/image\/"},"sameAs":["https:\/\/www.facebook.com\/OArcanjoNoAr\/"]},{"@type":"Person","@id":"https:\/\/www.oarcanjo.net\/site\/#\/schema\/person\/f7024d007863202483a31326673a0838","name":"editor","sameAs":["http:\/\/www.oarcanjo.net"]}]}},"publishpress_future_action":{"enabled":false,"date":"2026-05-08 11:08:45","action":"category","newStatus":"draft","terms":[],"taxonomy":"category"},"publishpress_future_workflow_manual_trigger":{"enabledWorkflows":[]},"_links":{"self":[{"href":"https:\/\/www.oarcanjo.net\/site\/wp-json\/wp\/v2\/posts\/2442"}],"collection":[{"href":"https:\/\/www.oarcanjo.net\/site\/wp-json\/wp\/v2\/posts"}],"about":[{"href":"https:\/\/www.oarcanjo.net\/site\/wp-json\/wp\/v2\/types\/post"}],"author":[{"embeddable":true,"href":"https:\/\/www.oarcanjo.net\/site\/wp-json\/wp\/v2\/users\/5"}],"replies":[{"embeddable":true,"href":"https:\/\/www.oarcanjo.net\/site\/wp-json\/wp\/v2\/comments?post=2442"}],"version-history":[{"count":0,"href":"https:\/\/www.oarcanjo.net\/site\/wp-json\/wp\/v2\/posts\/2442\/revisions"}],"wp:attachment":[{"href":"https:\/\/www.oarcanjo.net\/site\/wp-json\/wp\/v2\/media?parent=2442"}],"wp:term":[{"taxonomy":"category","embeddable":true,"href":"https:\/\/www.oarcanjo.net\/site\/wp-json\/wp\/v2\/categories?post=2442"},{"taxonomy":"post_tag","embeddable":true,"href":"https:\/\/www.oarcanjo.net\/site\/wp-json\/wp\/v2\/tags?post=2442"}],"curies":[{"name":"wp","href":"https:\/\/api.w.org\/{rel}","templated":true}]}}