
{"id":2447,"date":"2009-03-21T13:00:20","date_gmt":"2009-03-21T16:00:20","guid":{"rendered":"http:\/\/www.oarcanjo.net\/site\/?p=2447"},"modified":"2009-03-21T13:00:20","modified_gmt":"2009-03-21T16:00:20","slug":"papa-africa-e-a-manifestacao-do-amor-de-deus-na-opcao-pelos-pobres","status":"publish","type":"post","link":"https:\/\/www.oarcanjo.net\/site\/papa-africa-e-a-manifestacao-do-amor-de-deus-na-opcao-pelos-pobres\/","title":{"rendered":"Papa, \u00c1frica e a manifesta\u00e7\u00e3o do amor de Deus na op\u00e7\u00e3o pelos pobres"},"content":{"rendered":"<p>Jung Mo Sung<\/p>\n<p>No encontro com os bispos da Rep\u00fablica dos Camar\u00f5es, no dia 18\/03\/2009, o papa Bento XVI recordou da &#8220;da urgente necessidade de anunciar o Evangelho a todos. Este mandato, que a Igreja recebeu de Cristo, permanece uma prioridade, porque s\u00e3o ainda numerosas as pessoas que aguardam pela mensagem de esperan\u00e7a e amor que lhes permitir\u00e1 \u2018participar, livremente, da gl\u00f3ria dos filhos de Deus\u2019 (Rom 8, 21).&#8221;. <\/p>\n<p>Com essas palavras, o papa reafirma que a prioridade da Igreja Cat\u00f3lica &#8211; que tamb\u00e9m pode ser estendida a todas outras Igrejas crist\u00e3s &#8211; \u00e9 anunciar o evangelho, que \u00e9 a mensagem de amor e esperan\u00e7a, para que todas as pessoas possam viver livremente a condi\u00e7\u00e3o de filhos e filhas de Deus. Para que a prega\u00e7\u00e3o da Igreja seja realmente an\u00fancio da boa-nova de Jesus \u00e9 preciso que ela seja marcada por e desperte nas pessoas o amor e a esperan\u00e7a. Para isso, esse crit\u00e9rio geral de &#8220;amor e esperan\u00e7a&#8221; precisa ser encarnado em situa\u00e7\u00f5es concretas das vidas das pessoas e dos povos atrav\u00e9s de palavras e a\u00e7\u00f5es que modifiquem a realidade no \u00e2mbito pessoal e social.<\/p>\n<p>E hoje em dia n\u00e3o \u00e9 poss\u00edvel anunciar palavras de amor e esperan\u00e7a na \u00c1frica subsaariana sem enfrentar os terr\u00edveis problemas pobreza e viol\u00eancia que afligem a vida de milh\u00f5es de pessoas. Por isso, o papa afirma que &#8220;No contexto da globaliza\u00e7\u00e3o que bem conhecemos, a Igreja nutre um interesse particular pelas pessoas mais necessitadas. A miss\u00e3o do Bispo impele-o a ser o principal defensor dos direitos dos pobres, a suscitar e favorecer o exerc\u00edcio da caridade, manifesta\u00e7\u00e3o do amor do Senhor pelos humildes. [&#8230;] a Igreja quer, atrav\u00e9s da sua doutrina social, despertar a esperan\u00e7a nos cora\u00e7\u00f5es dos marginalizados. Dever dos crist\u00e3os, sobretudo dos leigos que t\u00eam responsabilidades sociais, econ\u00f4micas, pol\u00edticas, \u00e9 tamb\u00e9m deixar-se guiar pela doutrina social da Igreja, a fim de contribu\u00edrem para a edifica\u00e7\u00e3o dum mundo mais justo onde cada um possa viver com dignidade&#8221;.<\/p>\n<p>Dessa afirma\u00e7\u00e3o do papa, podemos tirar algumas reflex\u00f5es importantes.<\/p>\n<p>1) O &#8220;interesse particular pelas pessoas mais necessitadas&#8221;, uma outra forma de dizer &#8220;op\u00e7\u00e3o pelos pobres&#8221;, deve levar a Igreja e os crist\u00e3os a a\u00e7\u00f5es que melhorem a vida desses pobres, a\u00e7\u00f5es essas que s\u00e3o a &#8220;manifesta\u00e7\u00e3o do amor do Senhor pelos humildes&#8221;. Isto \u00e9, o an\u00fancio do evangelho, que como vimos acima deve ser mensagem de amor e esperan\u00e7a, deve ser suscitadora de a\u00e7\u00f5es em defesa de uma vida mais digna para pessoas necessitadas. Nesse sentido, a prioridade da evangeliza\u00e7\u00e3o deve se materializar e se encarnar tamb\u00e9m atrav\u00e9s da defesa dos direitos dos pobres. Assim, n\u00e3o h\u00e1 (ou n\u00e3o deveria haver) separa\u00e7\u00e3o entre a evangeliza\u00e7\u00e3o e o que as Igrejas chamam de a\u00e7\u00e3o social. Essas n\u00e3o s\u00e3o duas a\u00e7\u00f5es que se complementam. A evangeliza\u00e7\u00e3o s\u00f3 \u00e9 an\u00fancio\/pr\u00e1tica da boa-nova de amor e esperan\u00e7a na medida em que transforma concretamente a vida das pessoas pobres.<\/p>\n<p>2) Para o papa, os bispos devem ser aqueles que lideram, na Igreja, essa luta pela defesa dos direitos dos pobres. Portanto, para ele, os bispos que n\u00e3o se dedicam muito a essa tarefa porque a consideram uma tarefa menor ou alheia \u00e0 sua miss\u00e3o de evangeliza\u00e7\u00e3o n\u00e3o est\u00e3o cumprindo com a sua miss\u00e3o.<\/p>\n<p>3) Na luta pela defesa dos direitos dos pobres, para que todos e todas possam &#8220;participar, livremente, da gl\u00f3ria dos\/as filhos\/as de Deus&#8221;, devemos ser capazes de manifestar o amor de Deus. Nessas lutas, situa\u00e7\u00f5es dram\u00e1ticas e injusti\u00e7as sociais gritantes causam tanta indigna\u00e7\u00e3o que, muitas vezes, nos deixamos levar pela raiva que nasce da compaix\u00e3o dos sofrimentos do povo e do cinismo dos insens\u00edveis, e nos tornamos amargos e dedicamos toda nossa energia a den\u00fancias. A nossa luta, seja pelo an\u00fancio da Palavra ou da a\u00e7\u00e3o concreta, precisa ser suscitadora do amor e esperan\u00e7a, especialmente nas pessoas mais sofridas. <\/p>\n<p>Suscitar esperan\u00e7a em situa\u00e7\u00f5es dif\u00edceis n\u00e3o \u00e9 uma tarefa f\u00e1cil; assim como n\u00e3o \u00e9 f\u00e1cil tornar o amor presente nas rela\u00e7\u00f5es humanas e sociais marcadas pela injusti\u00e7a, viol\u00eancia, insensibilidade e cinismo. Mas, se fossem tarefas f\u00e1ceis n\u00e3o precisar\u00edamos da f\u00e9, da ora\u00e7\u00e3o e da gra\u00e7a de Deus.<\/p>\n<p>A miss\u00e3o das Igrejas crist\u00e3s \u00e9 exatamente anunciar e testemunhar a boa-nova de que Deus fez a sua morada entre n\u00f3s. A f\u00e9 nos faz ver que a esperan\u00e7a e o amor que se manifestam na luta solid\u00e1ria para com e entre os\/as mais necessitados\/as s\u00e3o manifesta\u00e7\u00f5es da presen\u00e7a de Deus no meio de n\u00f3s. <\/p>\n<div id=\"themify_builder_content-2447\" data-postid=\"2447\" class=\"themify_builder_content themify_builder_content-2447 themify_builder themify_builder_front\">\n\t<\/div>\n<!-- \/themify_builder_content -->","protected":false},"excerpt":{"rendered":"<p>Jung Mo Sung No encontro com os bispos da Rep\u00fablica dos Camar\u00f5es, no dia 18\/03\/2009, o papa Bento XVI recordou da &#8220;da urgente necessidade de anunciar o Evangelho a todos. Este mandato, que a Igreja recebeu de Cristo, permanece uma prioridade, porque s\u00e3o ainda numerosas as pessoas que aguardam pela mensagem de esperan\u00e7a e amor [&hellip;]<\/p>\n","protected":false},"author":5,"featured_media":0,"comment_status":"open","ping_status":"open","sticky":false,"template":"","format":"standard","meta":{"ngg_post_thumbnail":0,"footnotes":""},"categories":[9],"tags":[373,273,101,374,360,157],"yoast_head":"<!-- This site is optimized with the Yoast SEO plugin v23.5 - https:\/\/yoast.com\/wordpress\/plugins\/seo\/ -->\n<title>Papa, \u00c1frica e a manifesta\u00e7\u00e3o do amor de Deus na op\u00e7\u00e3o pelos pobres - O Arcanjo no ar<\/title>\n<meta name=\"robots\" content=\"index, follow, max-snippet:-1, max-image-preview:large, max-video-preview:-1\" \/>\n<link rel=\"canonical\" href=\"https:\/\/www.oarcanjo.net\/site\/papa-africa-e-a-manifestacao-do-amor-de-deus-na-opcao-pelos-pobres\/\" \/>\n<meta property=\"og:locale\" content=\"pt_BR\" \/>\n<meta property=\"og:type\" content=\"article\" \/>\n<meta property=\"og:title\" content=\"Papa, \u00c1frica e a manifesta\u00e7\u00e3o do amor de Deus na op\u00e7\u00e3o pelos pobres - O Arcanjo no ar\" \/>\n<meta property=\"og:description\" content=\"Jung Mo Sung No encontro com os bispos da Rep\u00fablica dos Camar\u00f5es, no dia 18\/03\/2009, o papa Bento XVI recordou da &#8220;da urgente necessidade de anunciar o Evangelho a todos. Este mandato, que a Igreja recebeu de Cristo, permanece uma prioridade, porque s\u00e3o ainda numerosas as pessoas que aguardam pela mensagem de esperan\u00e7a e amor [&hellip;]\" \/>\n<meta property=\"og:url\" content=\"https:\/\/www.oarcanjo.net\/site\/papa-africa-e-a-manifestacao-do-amor-de-deus-na-opcao-pelos-pobres\/\" \/>\n<meta property=\"og:site_name\" content=\"O Arcanjo no ar\" \/>\n<meta property=\"article:publisher\" content=\"https:\/\/www.facebook.com\/OArcanjoNoAr\/\" \/>\n<meta property=\"article:published_time\" content=\"2009-03-21T16:00:20+00:00\" \/>\n<meta property=\"og:image\" content=\"https:\/\/www.oarcanjo.net\/site\/wp-content\/uploads\/logo-o-arcanjo-no-ar-facebook.png\" \/>\n\t<meta property=\"og:image:width\" content=\"300\" \/>\n\t<meta property=\"og:image:height\" content=\"300\" \/>\n\t<meta property=\"og:image:type\" content=\"image\/png\" \/>\n<meta name=\"author\" content=\"editor\" \/>\n<meta name=\"twitter:card\" content=\"summary_large_image\" \/>\n<meta name=\"twitter:label1\" content=\"Escrito por\" \/>\n\t<meta name=\"twitter:data1\" content=\"editor\" \/>\n\t<meta name=\"twitter:label2\" content=\"Est. tempo de leitura\" \/>\n\t<meta name=\"twitter:data2\" content=\"4 minutos\" \/>\n<script type=\"application\/ld+json\" class=\"yoast-schema-graph\">{\"@context\":\"https:\/\/schema.org\",\"@graph\":[{\"@type\":\"Article\",\"@id\":\"https:\/\/www.oarcanjo.net\/site\/papa-africa-e-a-manifestacao-do-amor-de-deus-na-opcao-pelos-pobres\/#article\",\"isPartOf\":{\"@id\":\"https:\/\/www.oarcanjo.net\/site\/papa-africa-e-a-manifestacao-do-amor-de-deus-na-opcao-pelos-pobres\/\"},\"author\":{\"name\":\"editor\",\"@id\":\"https:\/\/www.oarcanjo.net\/site\/#\/schema\/person\/f7024d007863202483a31326673a0838\"},\"headline\":\"Papa, \u00c1frica e a manifesta\u00e7\u00e3o do amor de Deus na op\u00e7\u00e3o pelos pobres\",\"datePublished\":\"2009-03-21T16:00:20+00:00\",\"dateModified\":\"2009-03-21T16:00:20+00:00\",\"mainEntityOfPage\":{\"@id\":\"https:\/\/www.oarcanjo.net\/site\/papa-africa-e-a-manifestacao-do-amor-de-deus-na-opcao-pelos-pobres\/\"},\"wordCount\":841,\"commentCount\":0,\"publisher\":{\"@id\":\"https:\/\/www.oarcanjo.net\/site\/#organization\"},\"keywords\":[\"Doutrina Social da Igreja\",\"evangelho\",\"Igreja cat\u00f3lica\",\"miss\u00e3o pastoral\",\"op\u00e7\u00e3o pelos pobres\",\"papa\"],\"articleSection\":[\"Reflex\u00f5es\"],\"inLanguage\":\"pt-BR\",\"potentialAction\":[{\"@type\":\"CommentAction\",\"name\":\"Comment\",\"target\":[\"https:\/\/www.oarcanjo.net\/site\/papa-africa-e-a-manifestacao-do-amor-de-deus-na-opcao-pelos-pobres\/#respond\"]}]},{\"@type\":\"WebPage\",\"@id\":\"https:\/\/www.oarcanjo.net\/site\/papa-africa-e-a-manifestacao-do-amor-de-deus-na-opcao-pelos-pobres\/\",\"url\":\"https:\/\/www.oarcanjo.net\/site\/papa-africa-e-a-manifestacao-do-amor-de-deus-na-opcao-pelos-pobres\/\",\"name\":\"Papa, \u00c1frica e a manifesta\u00e7\u00e3o do amor de Deus na op\u00e7\u00e3o pelos pobres - O Arcanjo no ar\",\"isPartOf\":{\"@id\":\"https:\/\/www.oarcanjo.net\/site\/#website\"},\"datePublished\":\"2009-03-21T16:00:20+00:00\",\"dateModified\":\"2009-03-21T16:00:20+00:00\",\"breadcrumb\":{\"@id\":\"https:\/\/www.oarcanjo.net\/site\/papa-africa-e-a-manifestacao-do-amor-de-deus-na-opcao-pelos-pobres\/#breadcrumb\"},\"inLanguage\":\"pt-BR\",\"potentialAction\":[{\"@type\":\"ReadAction\",\"target\":[\"https:\/\/www.oarcanjo.net\/site\/papa-africa-e-a-manifestacao-do-amor-de-deus-na-opcao-pelos-pobres\/\"]}]},{\"@type\":\"BreadcrumbList\",\"@id\":\"https:\/\/www.oarcanjo.net\/site\/papa-africa-e-a-manifestacao-do-amor-de-deus-na-opcao-pelos-pobres\/#breadcrumb\",\"itemListElement\":[{\"@type\":\"ListItem\",\"position\":1,\"name\":\"In\u00edcio\",\"item\":\"https:\/\/www.oarcanjo.net\/site\/\"},{\"@type\":\"ListItem\",\"position\":2,\"name\":\"Papa, \u00c1frica e a manifesta\u00e7\u00e3o do amor de Deus na op\u00e7\u00e3o pelos pobres\"}]},{\"@type\":\"WebSite\",\"@id\":\"https:\/\/www.oarcanjo.net\/site\/#website\",\"url\":\"https:\/\/www.oarcanjo.net\/site\/\",\"name\":\"O Arcanjo no ar\",\"description\":\"Site da Par\u00f3quia S\u00e3o Miguel Arcanjo (Arquidiocese de SP)\",\"publisher\":{\"@id\":\"https:\/\/www.oarcanjo.net\/site\/#organization\"},\"potentialAction\":[{\"@type\":\"SearchAction\",\"target\":{\"@type\":\"EntryPoint\",\"urlTemplate\":\"https:\/\/www.oarcanjo.net\/site\/?s={search_term_string}\"},\"query-input\":{\"@type\":\"PropertyValueSpecification\",\"valueRequired\":true,\"valueName\":\"search_term_string\"}}],\"inLanguage\":\"pt-BR\"},{\"@type\":\"Organization\",\"@id\":\"https:\/\/www.oarcanjo.net\/site\/#organization\",\"name\":\"Par\u00f3quia S\u00e3o Miguel Arcanjo\",\"url\":\"https:\/\/www.oarcanjo.net\/site\/\",\"logo\":{\"@type\":\"ImageObject\",\"inLanguage\":\"pt-BR\",\"@id\":\"https:\/\/www.oarcanjo.net\/site\/#\/schema\/logo\/image\/\",\"url\":\"https:\/\/www.oarcanjo.net\/site\/wp-content\/uploads\/LogoOArcanjo.png\",\"contentUrl\":\"https:\/\/www.oarcanjo.net\/site\/wp-content\/uploads\/LogoOArcanjo.png\",\"width\":319,\"height\":99,\"caption\":\"Par\u00f3quia S\u00e3o Miguel Arcanjo\"},\"image\":{\"@id\":\"https:\/\/www.oarcanjo.net\/site\/#\/schema\/logo\/image\/\"},\"sameAs\":[\"https:\/\/www.facebook.com\/OArcanjoNoAr\/\"]},{\"@type\":\"Person\",\"@id\":\"https:\/\/www.oarcanjo.net\/site\/#\/schema\/person\/f7024d007863202483a31326673a0838\",\"name\":\"editor\",\"sameAs\":[\"http:\/\/www.oarcanjo.net\"]}]}<\/script>\n<!-- \/ Yoast SEO plugin. -->","yoast_head_json":{"title":"Papa, \u00c1frica e a manifesta\u00e7\u00e3o do amor de Deus na op\u00e7\u00e3o pelos pobres - O Arcanjo no ar","robots":{"index":"index","follow":"follow","max-snippet":"max-snippet:-1","max-image-preview":"max-image-preview:large","max-video-preview":"max-video-preview:-1"},"canonical":"https:\/\/www.oarcanjo.net\/site\/papa-africa-e-a-manifestacao-do-amor-de-deus-na-opcao-pelos-pobres\/","og_locale":"pt_BR","og_type":"article","og_title":"Papa, \u00c1frica e a manifesta\u00e7\u00e3o do amor de Deus na op\u00e7\u00e3o pelos pobres - O Arcanjo no ar","og_description":"Jung Mo Sung No encontro com os bispos da Rep\u00fablica dos Camar\u00f5es, no dia 18\/03\/2009, o papa Bento XVI recordou da &#8220;da urgente necessidade de anunciar o Evangelho a todos. Este mandato, que a Igreja recebeu de Cristo, permanece uma prioridade, porque s\u00e3o ainda numerosas as pessoas que aguardam pela mensagem de esperan\u00e7a e amor [&hellip;]","og_url":"https:\/\/www.oarcanjo.net\/site\/papa-africa-e-a-manifestacao-do-amor-de-deus-na-opcao-pelos-pobres\/","og_site_name":"O Arcanjo no ar","article_publisher":"https:\/\/www.facebook.com\/OArcanjoNoAr\/","article_published_time":"2009-03-21T16:00:20+00:00","og_image":[{"width":300,"height":300,"url":"https:\/\/www.oarcanjo.net\/site\/wp-content\/uploads\/logo-o-arcanjo-no-ar-facebook.png","type":"image\/png"}],"author":"editor","twitter_card":"summary_large_image","twitter_misc":{"Escrito por":"editor","Est. tempo de leitura":"4 minutos"},"schema":{"@context":"https:\/\/schema.org","@graph":[{"@type":"Article","@id":"https:\/\/www.oarcanjo.net\/site\/papa-africa-e-a-manifestacao-do-amor-de-deus-na-opcao-pelos-pobres\/#article","isPartOf":{"@id":"https:\/\/www.oarcanjo.net\/site\/papa-africa-e-a-manifestacao-do-amor-de-deus-na-opcao-pelos-pobres\/"},"author":{"name":"editor","@id":"https:\/\/www.oarcanjo.net\/site\/#\/schema\/person\/f7024d007863202483a31326673a0838"},"headline":"Papa, \u00c1frica e a manifesta\u00e7\u00e3o do amor de Deus na op\u00e7\u00e3o pelos pobres","datePublished":"2009-03-21T16:00:20+00:00","dateModified":"2009-03-21T16:00:20+00:00","mainEntityOfPage":{"@id":"https:\/\/www.oarcanjo.net\/site\/papa-africa-e-a-manifestacao-do-amor-de-deus-na-opcao-pelos-pobres\/"},"wordCount":841,"commentCount":0,"publisher":{"@id":"https:\/\/www.oarcanjo.net\/site\/#organization"},"keywords":["Doutrina Social da Igreja","evangelho","Igreja cat\u00f3lica","miss\u00e3o pastoral","op\u00e7\u00e3o pelos pobres","papa"],"articleSection":["Reflex\u00f5es"],"inLanguage":"pt-BR","potentialAction":[{"@type":"CommentAction","name":"Comment","target":["https:\/\/www.oarcanjo.net\/site\/papa-africa-e-a-manifestacao-do-amor-de-deus-na-opcao-pelos-pobres\/#respond"]}]},{"@type":"WebPage","@id":"https:\/\/www.oarcanjo.net\/site\/papa-africa-e-a-manifestacao-do-amor-de-deus-na-opcao-pelos-pobres\/","url":"https:\/\/www.oarcanjo.net\/site\/papa-africa-e-a-manifestacao-do-amor-de-deus-na-opcao-pelos-pobres\/","name":"Papa, \u00c1frica e a manifesta\u00e7\u00e3o do amor de Deus na op\u00e7\u00e3o pelos pobres - O Arcanjo no ar","isPartOf":{"@id":"https:\/\/www.oarcanjo.net\/site\/#website"},"datePublished":"2009-03-21T16:00:20+00:00","dateModified":"2009-03-21T16:00:20+00:00","breadcrumb":{"@id":"https:\/\/www.oarcanjo.net\/site\/papa-africa-e-a-manifestacao-do-amor-de-deus-na-opcao-pelos-pobres\/#breadcrumb"},"inLanguage":"pt-BR","potentialAction":[{"@type":"ReadAction","target":["https:\/\/www.oarcanjo.net\/site\/papa-africa-e-a-manifestacao-do-amor-de-deus-na-opcao-pelos-pobres\/"]}]},{"@type":"BreadcrumbList","@id":"https:\/\/www.oarcanjo.net\/site\/papa-africa-e-a-manifestacao-do-amor-de-deus-na-opcao-pelos-pobres\/#breadcrumb","itemListElement":[{"@type":"ListItem","position":1,"name":"In\u00edcio","item":"https:\/\/www.oarcanjo.net\/site\/"},{"@type":"ListItem","position":2,"name":"Papa, \u00c1frica e a manifesta\u00e7\u00e3o do amor de Deus na op\u00e7\u00e3o pelos pobres"}]},{"@type":"WebSite","@id":"https:\/\/www.oarcanjo.net\/site\/#website","url":"https:\/\/www.oarcanjo.net\/site\/","name":"O Arcanjo no ar","description":"Site da Par\u00f3quia S\u00e3o Miguel Arcanjo (Arquidiocese de SP)","publisher":{"@id":"https:\/\/www.oarcanjo.net\/site\/#organization"},"potentialAction":[{"@type":"SearchAction","target":{"@type":"EntryPoint","urlTemplate":"https:\/\/www.oarcanjo.net\/site\/?s={search_term_string}"},"query-input":{"@type":"PropertyValueSpecification","valueRequired":true,"valueName":"search_term_string"}}],"inLanguage":"pt-BR"},{"@type":"Organization","@id":"https:\/\/www.oarcanjo.net\/site\/#organization","name":"Par\u00f3quia S\u00e3o Miguel Arcanjo","url":"https:\/\/www.oarcanjo.net\/site\/","logo":{"@type":"ImageObject","inLanguage":"pt-BR","@id":"https:\/\/www.oarcanjo.net\/site\/#\/schema\/logo\/image\/","url":"https:\/\/www.oarcanjo.net\/site\/wp-content\/uploads\/LogoOArcanjo.png","contentUrl":"https:\/\/www.oarcanjo.net\/site\/wp-content\/uploads\/LogoOArcanjo.png","width":319,"height":99,"caption":"Par\u00f3quia S\u00e3o Miguel Arcanjo"},"image":{"@id":"https:\/\/www.oarcanjo.net\/site\/#\/schema\/logo\/image\/"},"sameAs":["https:\/\/www.facebook.com\/OArcanjoNoAr\/"]},{"@type":"Person","@id":"https:\/\/www.oarcanjo.net\/site\/#\/schema\/person\/f7024d007863202483a31326673a0838","name":"editor","sameAs":["http:\/\/www.oarcanjo.net"]}]}},"publishpress_future_action":{"enabled":false,"date":"2026-05-09 00:28:51","action":"category","newStatus":"draft","terms":[],"taxonomy":"category"},"publishpress_future_workflow_manual_trigger":{"enabledWorkflows":[]},"_links":{"self":[{"href":"https:\/\/www.oarcanjo.net\/site\/wp-json\/wp\/v2\/posts\/2447"}],"collection":[{"href":"https:\/\/www.oarcanjo.net\/site\/wp-json\/wp\/v2\/posts"}],"about":[{"href":"https:\/\/www.oarcanjo.net\/site\/wp-json\/wp\/v2\/types\/post"}],"author":[{"embeddable":true,"href":"https:\/\/www.oarcanjo.net\/site\/wp-json\/wp\/v2\/users\/5"}],"replies":[{"embeddable":true,"href":"https:\/\/www.oarcanjo.net\/site\/wp-json\/wp\/v2\/comments?post=2447"}],"version-history":[{"count":0,"href":"https:\/\/www.oarcanjo.net\/site\/wp-json\/wp\/v2\/posts\/2447\/revisions"}],"wp:attachment":[{"href":"https:\/\/www.oarcanjo.net\/site\/wp-json\/wp\/v2\/media?parent=2447"}],"wp:term":[{"taxonomy":"category","embeddable":true,"href":"https:\/\/www.oarcanjo.net\/site\/wp-json\/wp\/v2\/categories?post=2447"},{"taxonomy":"post_tag","embeddable":true,"href":"https:\/\/www.oarcanjo.net\/site\/wp-json\/wp\/v2\/tags?post=2447"}],"curies":[{"name":"wp","href":"https:\/\/api.w.org\/{rel}","templated":true}]}}