
{"id":24480,"date":"2014-03-12T08:21:55","date_gmt":"2014-03-12T11:21:55","guid":{"rendered":"http:\/\/www.oarcanjo.net\/site\/?p=24480"},"modified":"2014-03-12T08:25:00","modified_gmt":"2014-03-12T11:25:00","slug":"coragem-papa-francisco-coragem","status":"publish","type":"post","link":"https:\/\/www.oarcanjo.net\/site\/coragem-papa-francisco-coragem\/","title":{"rendered":"Coragem, papa Francisco, coragem!"},"content":{"rendered":"<p><em>Cardeal Odilo Pedro Scherer<\/em><\/p>\n<p>Completa-se o primeiro ano de Pontificado do papa Francisco. A fuma\u00e7a branca da Capela Sistina, na noite chuvosa e fria de 13 de mar\u00e7o de 2013, preparou a multid\u00e3o ansiosa da pra\u00e7a de S\u00e3o Pedro uma bela surpresa: o novo Bispo de Roma e Sucessor do ap\u00f3stolo Pedro, colocado no centro da Igreja Cat\u00f3lica, era um cardeal que vinha \u201cquase do fim do mundo\u201d! Jorge M\u00e1rio Bergoglio, arcebispo de Buenos Aires, que escolheu para si o nome de Francisco.<\/p>\n<p>Passados os primeiros momentos de encantamento, o papa Francisco come\u00e7ou logo a mostrar seu estilo, seu jeito latino-americano, seu desejo de servir a Igreja Cat\u00f3lica e a humanidade de corpo e alma. Tantos detalhes chamaram a aten\u00e7\u00e3o, como a moradia na Casa Santa Marta, em vez do pal\u00e1cio apost\u00f3lico; a dispensa de muitos protocolos; seu jeito de pastor de almas; a forma direta e simples de falar&#8230;<\/p>\n<p>Mas tudo isso, embora significativo, ainda n\u00e3o diz tudo sobre a novidade do primeiro papa n\u00e3o europeu, depois de muitos s\u00e9culos, primeiro latino-americano, primeiro papa jesu\u00edta, com jeito de franciscano&#8230; Francisco tem clareza sobre sua miss\u00e3o mais urgente, na condi\u00e7\u00e3o de Sucessor de Pedro: confirmar os irm\u00e3os na f\u00e9, reanim\u00e1-los, dar-lhes novamente certeza e seguran\u00e7a interior, superar certo desalento e baixa auto-estima na Igreja, restituir ao povo cat\u00f3lico a alegria do Evangelho, a identifica\u00e7\u00e3o com a pr\u00f3pria Igreja e o senso de perten\u00e7a a ela.<\/p>\n<p>Sabe que sua miss\u00e3o \u00e9 resgatar a credibilidade da Igreja, ferida por muitos esc\u00e2ndalos decorrentes de pecados, fraquezas daqueles que deveriam ser reconhecidos como testemunhas fidedignas do Evangelho da vida e da esperan\u00e7a diante do mundo&#8230; Francisco sabe que esta credibilidade s\u00f3 \u00e9 recuperada com a retid\u00e3o de inten\u00e7\u00f5es e atitudes, amor \u00e0 verdade e sincera humildade. E ele convidou todos os membros da Igreja a fazerem isso, empreendendo um verdadeiro caminho de convers\u00e3o a Cristo e seu Evangelho.<\/p>\n<p>Muitos, talvez, esperavam imediatas e at\u00e9 espetaculares reformas na C\u00faria Romana e nos organismos de governo, que ajudam o Papa em sua miss\u00e3o universal. Francisco come\u00e7ou pedindo reformas nas atitudes e nas disposi\u00e7\u00f5es de todos os filhos da Igreja; as reformas administrativas da Santa S\u00e9 chegam aos poucos e as da C\u00faria romana ainda devem chegar. Ningu\u00e9m tenha a ilus\u00e3o de que, na Igreja, tudo depende s\u00f3 da C\u00faria romana; Francisco tem falado mais vezes da necess\u00e1ria participa\u00e7\u00e3o de todos e que cada membro da Igreja fa\u00e7a bem a sua parte, em vista da sa\u00fade do corpo inteiro.<\/p>\n<p>Francisco quer uma Igreja que n\u00e3o seja auto-referencial, nem fechada sobre si mesma, mas disc\u00edpula de Cristo e servidora do Evangelho para o mundo. Na Exorta\u00e7\u00e3o Apost\u00f3lica Evangelii Gaudium (\u201cA Alegria do Evangelho\u201d), ele apresentou as prioridades da miss\u00e3o evangelizadora no mundo atual: cat\u00f3licos felizes e agradecidos pela f\u00e9, percebida como dom precioso a ser compartilhado generosamente; uma Igreja que se faz mission\u00e1ria e se coloca em estado permanente de miss\u00e3o; a convers\u00e3o constante ao aut\u00eantico esp\u00edrito do Evangelho e a supera\u00e7\u00e3o do \u201cesp\u00edrito mundano\u201d, constante tenta\u00e7\u00e3o para os crist\u00e3os e a Igreja; a sa\u00edda para as periferias humanas e sociais e a solidariedade concreta em rela\u00e7\u00e3o aos pobres.<\/p>\n<p>H\u00e1 muito para se fazer! Coragem, Papa Francisco, coragem! Deus o ilumine e guarde! E n\u00f3s, al\u00e9m da admira\u00e7\u00e3o pelo Papa vindo da Am\u00e9rica Latina, tamb\u00e9m o acompanhemos neste esfor\u00e7o. Coragem, povo de Deus, coragem!<\/p>\n<div id=\"themify_builder_content-24480\" data-postid=\"24480\" class=\"themify_builder_content themify_builder_content-24480 themify_builder themify_builder_front\">\n\t<\/div>\n<!-- \/themify_builder_content -->","protected":false},"excerpt":{"rendered":"<p>Cardeal Odilo Pedro Scherer Completa-se o primeiro ano de Pontificado do papa Francisco. A fuma\u00e7a branca da Capela Sistina, na noite chuvosa e fria de 13 de mar\u00e7o de 2013, preparou a multid\u00e3o ansiosa da pra\u00e7a de S\u00e3o Pedro uma bela surpresa: o novo Bispo de Roma e Sucessor do ap\u00f3stolo Pedro, colocado no centro [&hellip;]<\/p>\n","protected":false},"author":5,"featured_media":0,"comment_status":"open","ping_status":"open","sticky":false,"template":"","format":"standard","meta":{"ngg_post_thumbnail":0,"footnotes":""},"categories":[9],"tags":[2859,2902,129,2073,2425,2433,3018],"yoast_head":"<!-- This site is optimized with the Yoast SEO plugin v23.5 - https:\/\/yoast.com\/wordpress\/plugins\/seo\/ -->\n<title>Coragem, papa Francisco, coragem! - O Arcanjo no ar<\/title>\n<meta name=\"robots\" content=\"index, follow, max-snippet:-1, max-image-preview:large, max-video-preview:-1\" \/>\n<link rel=\"canonical\" href=\"https:\/\/www.oarcanjo.net\/site\/coragem-papa-francisco-coragem\/\" \/>\n<meta property=\"og:locale\" content=\"pt_BR\" \/>\n<meta property=\"og:type\" content=\"article\" \/>\n<meta property=\"og:title\" content=\"Coragem, papa Francisco, coragem! - O Arcanjo no ar\" \/>\n<meta property=\"og:description\" content=\"Cardeal Odilo Pedro Scherer Completa-se o primeiro ano de Pontificado do papa Francisco. A fuma\u00e7a branca da Capela Sistina, na noite chuvosa e fria de 13 de mar\u00e7o de 2013, preparou a multid\u00e3o ansiosa da pra\u00e7a de S\u00e3o Pedro uma bela surpresa: o novo Bispo de Roma e Sucessor do ap\u00f3stolo Pedro, colocado no centro [&hellip;]\" \/>\n<meta property=\"og:url\" content=\"https:\/\/www.oarcanjo.net\/site\/coragem-papa-francisco-coragem\/\" \/>\n<meta property=\"og:site_name\" content=\"O Arcanjo no ar\" \/>\n<meta property=\"article:publisher\" content=\"https:\/\/www.facebook.com\/OArcanjoNoAr\/\" \/>\n<meta property=\"article:published_time\" content=\"2014-03-12T11:21:55+00:00\" \/>\n<meta property=\"article:modified_time\" content=\"2014-03-12T11:25:00+00:00\" \/>\n<meta property=\"og:image\" content=\"https:\/\/www.oarcanjo.net\/site\/wp-content\/uploads\/logo-o-arcanjo-no-ar-facebook.png\" \/>\n\t<meta property=\"og:image:width\" content=\"300\" \/>\n\t<meta property=\"og:image:height\" content=\"300\" \/>\n\t<meta property=\"og:image:type\" content=\"image\/png\" \/>\n<meta name=\"author\" content=\"editor\" \/>\n<meta name=\"twitter:card\" content=\"summary_large_image\" \/>\n<meta name=\"twitter:label1\" content=\"Escrito por\" \/>\n\t<meta name=\"twitter:data1\" content=\"editor\" \/>\n\t<meta name=\"twitter:label2\" content=\"Est. tempo de leitura\" \/>\n\t<meta name=\"twitter:data2\" content=\"3 minutos\" \/>\n<script type=\"application\/ld+json\" class=\"yoast-schema-graph\">{\"@context\":\"https:\/\/schema.org\",\"@graph\":[{\"@type\":\"Article\",\"@id\":\"https:\/\/www.oarcanjo.net\/site\/coragem-papa-francisco-coragem\/#article\",\"isPartOf\":{\"@id\":\"https:\/\/www.oarcanjo.net\/site\/coragem-papa-francisco-coragem\/\"},\"author\":{\"name\":\"editor\",\"@id\":\"https:\/\/www.oarcanjo.net\/site\/#\/schema\/person\/f7024d007863202483a31326673a0838\"},\"headline\":\"Coragem, papa Francisco, coragem!\",\"datePublished\":\"2014-03-12T11:21:55+00:00\",\"dateModified\":\"2014-03-12T11:25:00+00:00\",\"mainEntityOfPage\":{\"@id\":\"https:\/\/www.oarcanjo.net\/site\/coragem-papa-francisco-coragem\/\"},\"wordCount\":622,\"commentCount\":0,\"publisher\":{\"@id\":\"https:\/\/www.oarcanjo.net\/site\/#organization\"},\"keywords\":[\"A Alegria do Evangelho\",\"Alegria do Evangelho\",\"anivers\u00e1rio\",\"coragem\",\"Jorge M\u00e1rio Bergoglio\",\"Papa Francisco\",\"Pontificado\"],\"articleSection\":[\"Reflex\u00f5es\"],\"inLanguage\":\"pt-BR\",\"potentialAction\":[{\"@type\":\"CommentAction\",\"name\":\"Comment\",\"target\":[\"https:\/\/www.oarcanjo.net\/site\/coragem-papa-francisco-coragem\/#respond\"]}]},{\"@type\":\"WebPage\",\"@id\":\"https:\/\/www.oarcanjo.net\/site\/coragem-papa-francisco-coragem\/\",\"url\":\"https:\/\/www.oarcanjo.net\/site\/coragem-papa-francisco-coragem\/\",\"name\":\"Coragem, papa Francisco, coragem! - O Arcanjo no ar\",\"isPartOf\":{\"@id\":\"https:\/\/www.oarcanjo.net\/site\/#website\"},\"datePublished\":\"2014-03-12T11:21:55+00:00\",\"dateModified\":\"2014-03-12T11:25:00+00:00\",\"breadcrumb\":{\"@id\":\"https:\/\/www.oarcanjo.net\/site\/coragem-papa-francisco-coragem\/#breadcrumb\"},\"inLanguage\":\"pt-BR\",\"potentialAction\":[{\"@type\":\"ReadAction\",\"target\":[\"https:\/\/www.oarcanjo.net\/site\/coragem-papa-francisco-coragem\/\"]}]},{\"@type\":\"BreadcrumbList\",\"@id\":\"https:\/\/www.oarcanjo.net\/site\/coragem-papa-francisco-coragem\/#breadcrumb\",\"itemListElement\":[{\"@type\":\"ListItem\",\"position\":1,\"name\":\"In\u00edcio\",\"item\":\"https:\/\/www.oarcanjo.net\/site\/\"},{\"@type\":\"ListItem\",\"position\":2,\"name\":\"Coragem, papa Francisco, coragem!\"}]},{\"@type\":\"WebSite\",\"@id\":\"https:\/\/www.oarcanjo.net\/site\/#website\",\"url\":\"https:\/\/www.oarcanjo.net\/site\/\",\"name\":\"O Arcanjo no ar\",\"description\":\"Site da Par\u00f3quia S\u00e3o Miguel Arcanjo (Arquidiocese de SP)\",\"publisher\":{\"@id\":\"https:\/\/www.oarcanjo.net\/site\/#organization\"},\"potentialAction\":[{\"@type\":\"SearchAction\",\"target\":{\"@type\":\"EntryPoint\",\"urlTemplate\":\"https:\/\/www.oarcanjo.net\/site\/?s={search_term_string}\"},\"query-input\":{\"@type\":\"PropertyValueSpecification\",\"valueRequired\":true,\"valueName\":\"search_term_string\"}}],\"inLanguage\":\"pt-BR\"},{\"@type\":\"Organization\",\"@id\":\"https:\/\/www.oarcanjo.net\/site\/#organization\",\"name\":\"Par\u00f3quia S\u00e3o Miguel Arcanjo\",\"url\":\"https:\/\/www.oarcanjo.net\/site\/\",\"logo\":{\"@type\":\"ImageObject\",\"inLanguage\":\"pt-BR\",\"@id\":\"https:\/\/www.oarcanjo.net\/site\/#\/schema\/logo\/image\/\",\"url\":\"https:\/\/www.oarcanjo.net\/site\/wp-content\/uploads\/LogoOArcanjo.png\",\"contentUrl\":\"https:\/\/www.oarcanjo.net\/site\/wp-content\/uploads\/LogoOArcanjo.png\",\"width\":319,\"height\":99,\"caption\":\"Par\u00f3quia S\u00e3o Miguel Arcanjo\"},\"image\":{\"@id\":\"https:\/\/www.oarcanjo.net\/site\/#\/schema\/logo\/image\/\"},\"sameAs\":[\"https:\/\/www.facebook.com\/OArcanjoNoAr\/\"]},{\"@type\":\"Person\",\"@id\":\"https:\/\/www.oarcanjo.net\/site\/#\/schema\/person\/f7024d007863202483a31326673a0838\",\"name\":\"editor\",\"sameAs\":[\"http:\/\/www.oarcanjo.net\"]}]}<\/script>\n<!-- \/ Yoast SEO plugin. -->","yoast_head_json":{"title":"Coragem, papa Francisco, coragem! - O Arcanjo no ar","robots":{"index":"index","follow":"follow","max-snippet":"max-snippet:-1","max-image-preview":"max-image-preview:large","max-video-preview":"max-video-preview:-1"},"canonical":"https:\/\/www.oarcanjo.net\/site\/coragem-papa-francisco-coragem\/","og_locale":"pt_BR","og_type":"article","og_title":"Coragem, papa Francisco, coragem! - O Arcanjo no ar","og_description":"Cardeal Odilo Pedro Scherer Completa-se o primeiro ano de Pontificado do papa Francisco. A fuma\u00e7a branca da Capela Sistina, na noite chuvosa e fria de 13 de mar\u00e7o de 2013, preparou a multid\u00e3o ansiosa da pra\u00e7a de S\u00e3o Pedro uma bela surpresa: o novo Bispo de Roma e Sucessor do ap\u00f3stolo Pedro, colocado no centro [&hellip;]","og_url":"https:\/\/www.oarcanjo.net\/site\/coragem-papa-francisco-coragem\/","og_site_name":"O Arcanjo no ar","article_publisher":"https:\/\/www.facebook.com\/OArcanjoNoAr\/","article_published_time":"2014-03-12T11:21:55+00:00","article_modified_time":"2014-03-12T11:25:00+00:00","og_image":[{"width":300,"height":300,"url":"https:\/\/www.oarcanjo.net\/site\/wp-content\/uploads\/logo-o-arcanjo-no-ar-facebook.png","type":"image\/png"}],"author":"editor","twitter_card":"summary_large_image","twitter_misc":{"Escrito por":"editor","Est. tempo de leitura":"3 minutos"},"schema":{"@context":"https:\/\/schema.org","@graph":[{"@type":"Article","@id":"https:\/\/www.oarcanjo.net\/site\/coragem-papa-francisco-coragem\/#article","isPartOf":{"@id":"https:\/\/www.oarcanjo.net\/site\/coragem-papa-francisco-coragem\/"},"author":{"name":"editor","@id":"https:\/\/www.oarcanjo.net\/site\/#\/schema\/person\/f7024d007863202483a31326673a0838"},"headline":"Coragem, papa Francisco, coragem!","datePublished":"2014-03-12T11:21:55+00:00","dateModified":"2014-03-12T11:25:00+00:00","mainEntityOfPage":{"@id":"https:\/\/www.oarcanjo.net\/site\/coragem-papa-francisco-coragem\/"},"wordCount":622,"commentCount":0,"publisher":{"@id":"https:\/\/www.oarcanjo.net\/site\/#organization"},"keywords":["A Alegria do Evangelho","Alegria do Evangelho","anivers\u00e1rio","coragem","Jorge M\u00e1rio Bergoglio","Papa Francisco","Pontificado"],"articleSection":["Reflex\u00f5es"],"inLanguage":"pt-BR","potentialAction":[{"@type":"CommentAction","name":"Comment","target":["https:\/\/www.oarcanjo.net\/site\/coragem-papa-francisco-coragem\/#respond"]}]},{"@type":"WebPage","@id":"https:\/\/www.oarcanjo.net\/site\/coragem-papa-francisco-coragem\/","url":"https:\/\/www.oarcanjo.net\/site\/coragem-papa-francisco-coragem\/","name":"Coragem, papa Francisco, coragem! - O Arcanjo no ar","isPartOf":{"@id":"https:\/\/www.oarcanjo.net\/site\/#website"},"datePublished":"2014-03-12T11:21:55+00:00","dateModified":"2014-03-12T11:25:00+00:00","breadcrumb":{"@id":"https:\/\/www.oarcanjo.net\/site\/coragem-papa-francisco-coragem\/#breadcrumb"},"inLanguage":"pt-BR","potentialAction":[{"@type":"ReadAction","target":["https:\/\/www.oarcanjo.net\/site\/coragem-papa-francisco-coragem\/"]}]},{"@type":"BreadcrumbList","@id":"https:\/\/www.oarcanjo.net\/site\/coragem-papa-francisco-coragem\/#breadcrumb","itemListElement":[{"@type":"ListItem","position":1,"name":"In\u00edcio","item":"https:\/\/www.oarcanjo.net\/site\/"},{"@type":"ListItem","position":2,"name":"Coragem, papa Francisco, coragem!"}]},{"@type":"WebSite","@id":"https:\/\/www.oarcanjo.net\/site\/#website","url":"https:\/\/www.oarcanjo.net\/site\/","name":"O Arcanjo no ar","description":"Site da Par\u00f3quia S\u00e3o Miguel Arcanjo (Arquidiocese de SP)","publisher":{"@id":"https:\/\/www.oarcanjo.net\/site\/#organization"},"potentialAction":[{"@type":"SearchAction","target":{"@type":"EntryPoint","urlTemplate":"https:\/\/www.oarcanjo.net\/site\/?s={search_term_string}"},"query-input":{"@type":"PropertyValueSpecification","valueRequired":true,"valueName":"search_term_string"}}],"inLanguage":"pt-BR"},{"@type":"Organization","@id":"https:\/\/www.oarcanjo.net\/site\/#organization","name":"Par\u00f3quia S\u00e3o Miguel Arcanjo","url":"https:\/\/www.oarcanjo.net\/site\/","logo":{"@type":"ImageObject","inLanguage":"pt-BR","@id":"https:\/\/www.oarcanjo.net\/site\/#\/schema\/logo\/image\/","url":"https:\/\/www.oarcanjo.net\/site\/wp-content\/uploads\/LogoOArcanjo.png","contentUrl":"https:\/\/www.oarcanjo.net\/site\/wp-content\/uploads\/LogoOArcanjo.png","width":319,"height":99,"caption":"Par\u00f3quia S\u00e3o Miguel Arcanjo"},"image":{"@id":"https:\/\/www.oarcanjo.net\/site\/#\/schema\/logo\/image\/"},"sameAs":["https:\/\/www.facebook.com\/OArcanjoNoAr\/"]},{"@type":"Person","@id":"https:\/\/www.oarcanjo.net\/site\/#\/schema\/person\/f7024d007863202483a31326673a0838","name":"editor","sameAs":["http:\/\/www.oarcanjo.net"]}]}},"publishpress_future_action":{"enabled":false,"date":"2026-05-08 22:00:11","action":"category","newStatus":"draft","terms":[],"taxonomy":"category"},"publishpress_future_workflow_manual_trigger":{"enabledWorkflows":[]},"_links":{"self":[{"href":"https:\/\/www.oarcanjo.net\/site\/wp-json\/wp\/v2\/posts\/24480"}],"collection":[{"href":"https:\/\/www.oarcanjo.net\/site\/wp-json\/wp\/v2\/posts"}],"about":[{"href":"https:\/\/www.oarcanjo.net\/site\/wp-json\/wp\/v2\/types\/post"}],"author":[{"embeddable":true,"href":"https:\/\/www.oarcanjo.net\/site\/wp-json\/wp\/v2\/users\/5"}],"replies":[{"embeddable":true,"href":"https:\/\/www.oarcanjo.net\/site\/wp-json\/wp\/v2\/comments?post=24480"}],"version-history":[{"count":0,"href":"https:\/\/www.oarcanjo.net\/site\/wp-json\/wp\/v2\/posts\/24480\/revisions"}],"wp:attachment":[{"href":"https:\/\/www.oarcanjo.net\/site\/wp-json\/wp\/v2\/media?parent=24480"}],"wp:term":[{"taxonomy":"category","embeddable":true,"href":"https:\/\/www.oarcanjo.net\/site\/wp-json\/wp\/v2\/categories?post=24480"},{"taxonomy":"post_tag","embeddable":true,"href":"https:\/\/www.oarcanjo.net\/site\/wp-json\/wp\/v2\/tags?post=24480"}],"curies":[{"name":"wp","href":"https:\/\/api.w.org\/{rel}","templated":true}]}}