
{"id":24487,"date":"2014-03-12T11:56:51","date_gmt":"2014-03-12T14:56:51","guid":{"rendered":"http:\/\/www.oarcanjo.net\/site\/?p=24487"},"modified":"2014-03-12T11:57:55","modified_gmt":"2014-03-12T14:57:55","slug":"exposicao-o-papa-sorriu","status":"publish","type":"post","link":"https:\/\/www.oarcanjo.net\/site\/exposicao-o-papa-sorriu\/","title":{"rendered":"Exposi\u00e7\u00e3o O Papa Sorriu"},"content":{"rendered":"<p>A Arquidiocese de S\u00e3o Paulo convida a todos para a abertura da exposi\u00e7\u00e3o O Papa Sorriu, nesta sexta-feira, 14, \u00e0s 19h, no Museu de Arte Sacra de S\u00e3o Paulo &#8211; MAS\/SP (Av. Tiradentes, 676 &#8211; Metr\u00f4 Tiradentes).<\/p>\n<p>A exposi\u00e7\u00e3o \u00e9 uma homenagem ao Papa Francisco, que completa quinta-feira, 13,\u00a0<a href=\"http:\/\/www.arquidiocesedesaopaulo.org.br\/noticias\/especial-1%C2%BA-ano-de-pontificado-do-papa-francisco\" target=\"_blank\">um ano de pontificado<\/a>. S\u00e3o 38 caricaturas feitas por 38 cartunistas brasileiros e estrangeiros. As obras mostram a simplicidade e o bom humor do Santo Padre, qualidades que os brasileiros tiveram a felicidade de presenciar durante sua visita ao Brasil para a Jornada Mundial da Juventude, realizada julho de 2013 no Rio de Janeiro.<\/p>\n<p>O cardeal dom Odilo Pedro Scherer, arcebispo metropolitano, durante sua \u00faltima visita \u00e0 Roma no final de fevereiro, entregou, pessoalmente, ao PapaFrancisco o livro, que tem como t\u00edtulo O Papa Sorriu. Francisco n\u00e3o conteve a alegria em receber a homenagem.<\/p>\n<p>\u201cPara n\u00f3s, demonstra que fazemos sim arte. \u00c9 a primeira vez que caricaturas entram em um museu de arte sacra. Parab\u00e9ns a todos que acreditaram em mais essa empreitada de nossas flash expo\u201d, comenta\u00a0Jos\u00e9 Alberto Lovetro, presidente da Associa\u00e7\u00e3o dos Cartunistas do Brasil.<\/p>\n<p>Com tra\u00e7os caracter\u00edsticos acentuados, os artistas criaram desenhos, de certa forma, c\u00f4micos, que provocam todos os tipos de rea\u00e7\u00e3o nos espectadores, desde a surpresa at\u00e9 a ternura. Entre os nomes de destaque, a mostra exibe trabalhos de artistas conhecidos nacionalmente, como\u00a0Baptist\u00e3o, Carlos Amorim, Gilmar Fraga, Gustavo Paffaro, J. Bosco, Junior Lopes, Luiz Carlos Fernandes, M\u00f4nica Fuchshuber, Omar Figueroa Turcius, Quinho, Sergio Morettini e William Medeiros.<\/p>\n<p>Jos\u00e9 Carlos Mar\u00e7al de Barros, diretor executivo do MAS\/SP, acredita que \u201cnas cr\u00f4nicas pol\u00edticas e sociais, a caricatura constitui uma das mais agu\u00e7adas formas de express\u00e3o. Nada parece escapar aos olhos do caricaturista, cujo poder de s\u00edntese revela um invej\u00e1vel conhecimento sobre a realidade e sobre o ser humano.\u201d<\/p>\n<p>A exposi\u00e7\u00e3o O Papa Sorriu \u00e9 uma realiza\u00e7\u00e3o da Arquidiocese de S\u00e3o Paulo, do Governo do Estado de Paulo, da Secretaria da Cultura, da Associa\u00e7\u00e3o dos Cartunistas do Brasil e do Museu de Arte Sacra de S\u00e3o Paulo &#8211; MAS\/SP.<\/p>\n<h3>SERVI\u00c7O:<\/h3>\n<p><strong>O que?<\/strong>\u00a0Exposi\u00e7\u00e3o O Papa Sorriu<br \/>\n<strong>Quando?<\/strong>\u00a015\/3 a 30\/4 (Abertura sexta-feira, 14)<br \/>\n<strong>Onde?<\/strong>\u00a0Museu de Arte Sacra de S\u00e3o Paulo &#8211; MAS\/SP &#8211; Av. Tiradentes, 676 &#8211; Luz &#8211; S\u00e3o Paulo\/ SP. Hor\u00e1rio: de ter\u00e7a a sexta-feira, das 9h \u00e0s 17h; s\u00e1bado e domingo das 10h \u00e0s 18h. <strong>Ingressos:<\/strong> R$ 6,00 (estudantes pagam meia entrada); gr\u00e1tis aos s\u00e1bados. Estacionamento gratuito: Rua Jorge Miranda, 43 &#8211; Informa\u00e7\u00f5es: 11 &#8211; 3326-3336.<\/p>\n<h3><strong>Artistas em destaque<\/strong><\/h3>\n<p><strong>Baptist\u00e3o<\/strong>\u00a0&#8211; Ilustrador do jornal O Estado de S\u00e3o Paulo, da revista Veja e de diversos outros ve\u00edculos da m\u00eddia. Premiado em Sal\u00f5es de Humor no Brasil e em v\u00e1rios pa\u00edses.<\/p>\n<p><strong>Carlos Amorim<\/strong>\u00a0&#8211; Chargista lan\u00e7ado no Jornal O Pasquim, especializado em tiras di\u00e1rias publicadas em diversos jornais no Brasil e vencedor de sal\u00f5es de humor pelo mundo.<\/p>\n<p><strong>GIlmar Fraga<\/strong>\u00a0&#8211; Chargista do Jornal Zero Hora de Porto Alegre (RS) e vencedor de diversos sal\u00f5es de humor no Brasil e no mundo, tamb\u00e9m desenha para o mercado publicit\u00e1rio e de livros.<\/p>\n<p><strong>Gustavo Paffaro<\/strong>\u00a0&#8211; Ilustrador da revista Veja e de diversos jornais. Vencedor de sal\u00f5es de humor e caricatura em todo o Brasil.<\/p>\n<p><strong>J.Bosco<\/strong>\u00a0&#8211; Chargista do Jornal O Liberal de Bel\u00e9m do Par\u00e1, publicou v\u00e1rios livros de charges e foi premiado mundialmente em sal\u00f5es de humor.<\/p>\n<p><strong>Junior Lopes\u00a0<\/strong>&#8211; Ilustrador de Veja e diversas revistas, vencedor de um pr\u00eamio de ilustra\u00e7\u00e3o em Cannes na \u00e1rea de publicidade, artista pl\u00e1stico especializado em colagens.<\/p>\n<p><strong>Luiz Carlos Fernandes<\/strong>\u00a0&#8211; Chargista do jornal Di\u00e1rio do grande ABC e de diversas revistas. Premiado no Brasil e em outros pa\u00edses, tem v\u00e1rios livros infantis publicados.<\/p>\n<p><strong>M\u00f4nica Fuchshuber\u00a0<\/strong>&#8211; Artista pl\u00e1stica do Rio de Janeiro, com trabalhos nas \u00e1reas de design e ilustra\u00e7\u00e3o.<\/p>\n<p><strong>Omar Figueroa Turcius<\/strong>\u00a0&#8211; Desenhista colombiano que mora na Espanha, ganhou pr\u00eamios em sal\u00f5es de humor no mundo todo. Publica em revistas importantes da Espanha e de outros pa\u00edses europeus.<\/p>\n<p><strong>Quinho\u00a0<\/strong>&#8211; Chargista do Jornal O Estado de Minas, caricaturista de Veja e \u00c9poca, tamb\u00e9m foi premiado em diversos sal\u00f5es de humor.<\/p>\n<p><strong>Sergio Morettini<\/strong>\u00a0&#8211; Desenhista de anima\u00e7\u00e3o e quadrinhos com trabalhos para Editora Globo, Walt Disney (anima\u00e7\u00e3o), Editora Escala, entre outros.<\/p>\n<p><strong>William Medeiros<\/strong>\u00a0&#8211; Diretor de cria\u00e7\u00e3o da Rede Para\u00edba de Comunica\u00e7\u00e3o (PB) e ilustrador da revista Bras\u00edlia em Dia desde 1998. Vencedor de diversos Sal\u00f5es de Humor pelo Brasil.<\/p>\n<p><em>Fonte: Arquidiocese de S\u00e3o Paulo<\/em><\/p>\n<div id=\"themify_builder_content-24487\" data-postid=\"24487\" class=\"themify_builder_content themify_builder_content-24487 themify_builder themify_builder_front\">\n\t<\/div>\n<!-- \/themify_builder_content -->","protected":false},"excerpt":{"rendered":"<p>A Arquidiocese de S\u00e3o Paulo convida a todos para a abertura da exposi\u00e7\u00e3o O Papa Sorriu, nesta sexta-feira, 14, \u00e0s 19h, no Museu de Arte Sacra de S\u00e3o Paulo &#8211; MAS\/SP (Av. Tiradentes, 676 &#8211; Metr\u00f4 Tiradentes). A exposi\u00e7\u00e3o \u00e9 uma homenagem ao Papa Francisco, que completa quinta-feira, 13,\u00a0um ano de pontificado. S\u00e3o 38 caricaturas [&hellip;]<\/p>\n","protected":false},"author":5,"featured_media":0,"comment_status":"open","ping_status":"open","sticky":false,"template":"","format":"standard","meta":{"ngg_post_thumbnail":0,"footnotes":""},"categories":[8],"tags":[3019,3020,2433],"yoast_head":"<!-- This site is optimized with the Yoast SEO plugin v23.5 - https:\/\/yoast.com\/wordpress\/plugins\/seo\/ -->\n<title>Exposi\u00e7\u00e3o O Papa Sorriu - O Arcanjo no ar<\/title>\n<meta name=\"robots\" content=\"index, follow, max-snippet:-1, max-image-preview:large, max-video-preview:-1\" \/>\n<link rel=\"canonical\" href=\"https:\/\/www.oarcanjo.net\/site\/exposicao-o-papa-sorriu\/\" \/>\n<meta property=\"og:locale\" content=\"pt_BR\" \/>\n<meta property=\"og:type\" content=\"article\" \/>\n<meta property=\"og:title\" content=\"Exposi\u00e7\u00e3o O Papa Sorriu - O Arcanjo no ar\" \/>\n<meta property=\"og:description\" content=\"A Arquidiocese de S\u00e3o Paulo convida a todos para a abertura da exposi\u00e7\u00e3o O Papa Sorriu, nesta sexta-feira, 14, \u00e0s 19h, no Museu de Arte Sacra de S\u00e3o Paulo &#8211; MAS\/SP (Av. Tiradentes, 676 &#8211; Metr\u00f4 Tiradentes). A exposi\u00e7\u00e3o \u00e9 uma homenagem ao Papa Francisco, que completa quinta-feira, 13,\u00a0um ano de pontificado. S\u00e3o 38 caricaturas [&hellip;]\" \/>\n<meta property=\"og:url\" content=\"https:\/\/www.oarcanjo.net\/site\/exposicao-o-papa-sorriu\/\" \/>\n<meta property=\"og:site_name\" content=\"O Arcanjo no ar\" \/>\n<meta property=\"article:publisher\" content=\"https:\/\/www.facebook.com\/OArcanjoNoAr\/\" \/>\n<meta property=\"article:published_time\" content=\"2014-03-12T14:56:51+00:00\" \/>\n<meta property=\"article:modified_time\" content=\"2014-03-12T14:57:55+00:00\" \/>\n<meta property=\"og:image\" content=\"https:\/\/www.oarcanjo.net\/site\/wp-content\/uploads\/logo-o-arcanjo-no-ar-facebook.png\" \/>\n\t<meta property=\"og:image:width\" content=\"300\" \/>\n\t<meta property=\"og:image:height\" content=\"300\" \/>\n\t<meta property=\"og:image:type\" content=\"image\/png\" \/>\n<meta name=\"author\" content=\"editor\" \/>\n<meta name=\"twitter:card\" content=\"summary_large_image\" \/>\n<meta name=\"twitter:label1\" content=\"Escrito por\" \/>\n\t<meta name=\"twitter:data1\" content=\"editor\" \/>\n\t<meta name=\"twitter:label2\" content=\"Est. tempo de leitura\" \/>\n\t<meta name=\"twitter:data2\" content=\"4 minutos\" \/>\n<script type=\"application\/ld+json\" class=\"yoast-schema-graph\">{\"@context\":\"https:\/\/schema.org\",\"@graph\":[{\"@type\":\"Article\",\"@id\":\"https:\/\/www.oarcanjo.net\/site\/exposicao-o-papa-sorriu\/#article\",\"isPartOf\":{\"@id\":\"https:\/\/www.oarcanjo.net\/site\/exposicao-o-papa-sorriu\/\"},\"author\":{\"name\":\"editor\",\"@id\":\"https:\/\/www.oarcanjo.net\/site\/#\/schema\/person\/f7024d007863202483a31326673a0838\"},\"headline\":\"Exposi\u00e7\u00e3o O Papa Sorriu\",\"datePublished\":\"2014-03-12T14:56:51+00:00\",\"dateModified\":\"2014-03-12T14:57:55+00:00\",\"mainEntityOfPage\":{\"@id\":\"https:\/\/www.oarcanjo.net\/site\/exposicao-o-papa-sorriu\/\"},\"wordCount\":798,\"commentCount\":0,\"publisher\":{\"@id\":\"https:\/\/www.oarcanjo.net\/site\/#organization\"},\"keywords\":[\"Carunista\",\"Museu de Arte Sacra de S\u00e3o Paulo\",\"Papa Francisco\"],\"articleSection\":[\"Not\u00edcias\"],\"inLanguage\":\"pt-BR\",\"potentialAction\":[{\"@type\":\"CommentAction\",\"name\":\"Comment\",\"target\":[\"https:\/\/www.oarcanjo.net\/site\/exposicao-o-papa-sorriu\/#respond\"]}]},{\"@type\":\"WebPage\",\"@id\":\"https:\/\/www.oarcanjo.net\/site\/exposicao-o-papa-sorriu\/\",\"url\":\"https:\/\/www.oarcanjo.net\/site\/exposicao-o-papa-sorriu\/\",\"name\":\"Exposi\u00e7\u00e3o O Papa Sorriu - O Arcanjo no ar\",\"isPartOf\":{\"@id\":\"https:\/\/www.oarcanjo.net\/site\/#website\"},\"datePublished\":\"2014-03-12T14:56:51+00:00\",\"dateModified\":\"2014-03-12T14:57:55+00:00\",\"breadcrumb\":{\"@id\":\"https:\/\/www.oarcanjo.net\/site\/exposicao-o-papa-sorriu\/#breadcrumb\"},\"inLanguage\":\"pt-BR\",\"potentialAction\":[{\"@type\":\"ReadAction\",\"target\":[\"https:\/\/www.oarcanjo.net\/site\/exposicao-o-papa-sorriu\/\"]}]},{\"@type\":\"BreadcrumbList\",\"@id\":\"https:\/\/www.oarcanjo.net\/site\/exposicao-o-papa-sorriu\/#breadcrumb\",\"itemListElement\":[{\"@type\":\"ListItem\",\"position\":1,\"name\":\"In\u00edcio\",\"item\":\"https:\/\/www.oarcanjo.net\/site\/\"},{\"@type\":\"ListItem\",\"position\":2,\"name\":\"Exposi\u00e7\u00e3o O Papa Sorriu\"}]},{\"@type\":\"WebSite\",\"@id\":\"https:\/\/www.oarcanjo.net\/site\/#website\",\"url\":\"https:\/\/www.oarcanjo.net\/site\/\",\"name\":\"O Arcanjo no ar\",\"description\":\"Site da Par\u00f3quia S\u00e3o Miguel Arcanjo (Arquidiocese de SP)\",\"publisher\":{\"@id\":\"https:\/\/www.oarcanjo.net\/site\/#organization\"},\"potentialAction\":[{\"@type\":\"SearchAction\",\"target\":{\"@type\":\"EntryPoint\",\"urlTemplate\":\"https:\/\/www.oarcanjo.net\/site\/?s={search_term_string}\"},\"query-input\":{\"@type\":\"PropertyValueSpecification\",\"valueRequired\":true,\"valueName\":\"search_term_string\"}}],\"inLanguage\":\"pt-BR\"},{\"@type\":\"Organization\",\"@id\":\"https:\/\/www.oarcanjo.net\/site\/#organization\",\"name\":\"Par\u00f3quia S\u00e3o Miguel Arcanjo\",\"url\":\"https:\/\/www.oarcanjo.net\/site\/\",\"logo\":{\"@type\":\"ImageObject\",\"inLanguage\":\"pt-BR\",\"@id\":\"https:\/\/www.oarcanjo.net\/site\/#\/schema\/logo\/image\/\",\"url\":\"https:\/\/www.oarcanjo.net\/site\/wp-content\/uploads\/LogoOArcanjo.png\",\"contentUrl\":\"https:\/\/www.oarcanjo.net\/site\/wp-content\/uploads\/LogoOArcanjo.png\",\"width\":319,\"height\":99,\"caption\":\"Par\u00f3quia S\u00e3o Miguel Arcanjo\"},\"image\":{\"@id\":\"https:\/\/www.oarcanjo.net\/site\/#\/schema\/logo\/image\/\"},\"sameAs\":[\"https:\/\/www.facebook.com\/OArcanjoNoAr\/\"]},{\"@type\":\"Person\",\"@id\":\"https:\/\/www.oarcanjo.net\/site\/#\/schema\/person\/f7024d007863202483a31326673a0838\",\"name\":\"editor\",\"sameAs\":[\"http:\/\/www.oarcanjo.net\"]}]}<\/script>\n<!-- \/ Yoast SEO plugin. -->","yoast_head_json":{"title":"Exposi\u00e7\u00e3o O Papa Sorriu - O Arcanjo no ar","robots":{"index":"index","follow":"follow","max-snippet":"max-snippet:-1","max-image-preview":"max-image-preview:large","max-video-preview":"max-video-preview:-1"},"canonical":"https:\/\/www.oarcanjo.net\/site\/exposicao-o-papa-sorriu\/","og_locale":"pt_BR","og_type":"article","og_title":"Exposi\u00e7\u00e3o O Papa Sorriu - O Arcanjo no ar","og_description":"A Arquidiocese de S\u00e3o Paulo convida a todos para a abertura da exposi\u00e7\u00e3o O Papa Sorriu, nesta sexta-feira, 14, \u00e0s 19h, no Museu de Arte Sacra de S\u00e3o Paulo &#8211; MAS\/SP (Av. Tiradentes, 676 &#8211; Metr\u00f4 Tiradentes). A exposi\u00e7\u00e3o \u00e9 uma homenagem ao Papa Francisco, que completa quinta-feira, 13,\u00a0um ano de pontificado. S\u00e3o 38 caricaturas [&hellip;]","og_url":"https:\/\/www.oarcanjo.net\/site\/exposicao-o-papa-sorriu\/","og_site_name":"O Arcanjo no ar","article_publisher":"https:\/\/www.facebook.com\/OArcanjoNoAr\/","article_published_time":"2014-03-12T14:56:51+00:00","article_modified_time":"2014-03-12T14:57:55+00:00","og_image":[{"width":300,"height":300,"url":"https:\/\/www.oarcanjo.net\/site\/wp-content\/uploads\/logo-o-arcanjo-no-ar-facebook.png","type":"image\/png"}],"author":"editor","twitter_card":"summary_large_image","twitter_misc":{"Escrito por":"editor","Est. tempo de leitura":"4 minutos"},"schema":{"@context":"https:\/\/schema.org","@graph":[{"@type":"Article","@id":"https:\/\/www.oarcanjo.net\/site\/exposicao-o-papa-sorriu\/#article","isPartOf":{"@id":"https:\/\/www.oarcanjo.net\/site\/exposicao-o-papa-sorriu\/"},"author":{"name":"editor","@id":"https:\/\/www.oarcanjo.net\/site\/#\/schema\/person\/f7024d007863202483a31326673a0838"},"headline":"Exposi\u00e7\u00e3o O Papa Sorriu","datePublished":"2014-03-12T14:56:51+00:00","dateModified":"2014-03-12T14:57:55+00:00","mainEntityOfPage":{"@id":"https:\/\/www.oarcanjo.net\/site\/exposicao-o-papa-sorriu\/"},"wordCount":798,"commentCount":0,"publisher":{"@id":"https:\/\/www.oarcanjo.net\/site\/#organization"},"keywords":["Carunista","Museu de Arte Sacra de S\u00e3o Paulo","Papa Francisco"],"articleSection":["Not\u00edcias"],"inLanguage":"pt-BR","potentialAction":[{"@type":"CommentAction","name":"Comment","target":["https:\/\/www.oarcanjo.net\/site\/exposicao-o-papa-sorriu\/#respond"]}]},{"@type":"WebPage","@id":"https:\/\/www.oarcanjo.net\/site\/exposicao-o-papa-sorriu\/","url":"https:\/\/www.oarcanjo.net\/site\/exposicao-o-papa-sorriu\/","name":"Exposi\u00e7\u00e3o O Papa Sorriu - O Arcanjo no ar","isPartOf":{"@id":"https:\/\/www.oarcanjo.net\/site\/#website"},"datePublished":"2014-03-12T14:56:51+00:00","dateModified":"2014-03-12T14:57:55+00:00","breadcrumb":{"@id":"https:\/\/www.oarcanjo.net\/site\/exposicao-o-papa-sorriu\/#breadcrumb"},"inLanguage":"pt-BR","potentialAction":[{"@type":"ReadAction","target":["https:\/\/www.oarcanjo.net\/site\/exposicao-o-papa-sorriu\/"]}]},{"@type":"BreadcrumbList","@id":"https:\/\/www.oarcanjo.net\/site\/exposicao-o-papa-sorriu\/#breadcrumb","itemListElement":[{"@type":"ListItem","position":1,"name":"In\u00edcio","item":"https:\/\/www.oarcanjo.net\/site\/"},{"@type":"ListItem","position":2,"name":"Exposi\u00e7\u00e3o O Papa Sorriu"}]},{"@type":"WebSite","@id":"https:\/\/www.oarcanjo.net\/site\/#website","url":"https:\/\/www.oarcanjo.net\/site\/","name":"O Arcanjo no ar","description":"Site da Par\u00f3quia S\u00e3o Miguel Arcanjo (Arquidiocese de SP)","publisher":{"@id":"https:\/\/www.oarcanjo.net\/site\/#organization"},"potentialAction":[{"@type":"SearchAction","target":{"@type":"EntryPoint","urlTemplate":"https:\/\/www.oarcanjo.net\/site\/?s={search_term_string}"},"query-input":{"@type":"PropertyValueSpecification","valueRequired":true,"valueName":"search_term_string"}}],"inLanguage":"pt-BR"},{"@type":"Organization","@id":"https:\/\/www.oarcanjo.net\/site\/#organization","name":"Par\u00f3quia S\u00e3o Miguel Arcanjo","url":"https:\/\/www.oarcanjo.net\/site\/","logo":{"@type":"ImageObject","inLanguage":"pt-BR","@id":"https:\/\/www.oarcanjo.net\/site\/#\/schema\/logo\/image\/","url":"https:\/\/www.oarcanjo.net\/site\/wp-content\/uploads\/LogoOArcanjo.png","contentUrl":"https:\/\/www.oarcanjo.net\/site\/wp-content\/uploads\/LogoOArcanjo.png","width":319,"height":99,"caption":"Par\u00f3quia S\u00e3o Miguel Arcanjo"},"image":{"@id":"https:\/\/www.oarcanjo.net\/site\/#\/schema\/logo\/image\/"},"sameAs":["https:\/\/www.facebook.com\/OArcanjoNoAr\/"]},{"@type":"Person","@id":"https:\/\/www.oarcanjo.net\/site\/#\/schema\/person\/f7024d007863202483a31326673a0838","name":"editor","sameAs":["http:\/\/www.oarcanjo.net"]}]}},"publishpress_future_action":{"enabled":false,"date":"2026-05-07 11:20:32","action":"category","newStatus":"draft","terms":[],"taxonomy":"category"},"publishpress_future_workflow_manual_trigger":{"enabledWorkflows":[]},"_links":{"self":[{"href":"https:\/\/www.oarcanjo.net\/site\/wp-json\/wp\/v2\/posts\/24487"}],"collection":[{"href":"https:\/\/www.oarcanjo.net\/site\/wp-json\/wp\/v2\/posts"}],"about":[{"href":"https:\/\/www.oarcanjo.net\/site\/wp-json\/wp\/v2\/types\/post"}],"author":[{"embeddable":true,"href":"https:\/\/www.oarcanjo.net\/site\/wp-json\/wp\/v2\/users\/5"}],"replies":[{"embeddable":true,"href":"https:\/\/www.oarcanjo.net\/site\/wp-json\/wp\/v2\/comments?post=24487"}],"version-history":[{"count":0,"href":"https:\/\/www.oarcanjo.net\/site\/wp-json\/wp\/v2\/posts\/24487\/revisions"}],"wp:attachment":[{"href":"https:\/\/www.oarcanjo.net\/site\/wp-json\/wp\/v2\/media?parent=24487"}],"wp:term":[{"taxonomy":"category","embeddable":true,"href":"https:\/\/www.oarcanjo.net\/site\/wp-json\/wp\/v2\/categories?post=24487"},{"taxonomy":"post_tag","embeddable":true,"href":"https:\/\/www.oarcanjo.net\/site\/wp-json\/wp\/v2\/tags?post=24487"}],"curies":[{"name":"wp","href":"https:\/\/api.w.org\/{rel}","templated":true}]}}