
{"id":24495,"date":"2014-03-14T16:44:20","date_gmt":"2014-03-14T19:44:20","guid":{"rendered":"http:\/\/www.oarcanjo.net\/site\/?p=24495"},"modified":"2014-03-14T16:44:26","modified_gmt":"2014-03-14T19:44:26","slug":"orgaos-trafico-e-doacao","status":"publish","type":"post","link":"https:\/\/www.oarcanjo.net\/site\/orgaos-trafico-e-doacao\/","title":{"rendered":"\u00d3rg\u00e3os: tr\u00e1fico e doa\u00e7\u00e3o"},"content":{"rendered":"<p><em>Dom Dem\u00e9trio Valentini<\/em><\/p>\n<p>Um dos bons of\u00edcios da Campanha da Fraternidade \u00e9 estimular nossa reflex\u00e3o. A quest\u00e3o do tr\u00e1fico humano nos leva a pondera\u00e7\u00f5es sobre o nosso corpo. Ele est\u00e1 no centro da quest\u00e3o do tr\u00e1fico humano:est\u00e1 em jogo o corpo. Ele sofre a explora\u00e7\u00e3o.<\/p>\n<p>O corpo \u00e9 ao mesmo tempo express\u00e3o vis\u00edvel da vida humana, e condi\u00e7\u00e3o indispens\u00e1vel de sua exist\u00eancia. Se o corpo exerce corretamente suas fun\u00e7\u00f5es, a vida flui, exuberante. Se o corpo tem dificuldade de funcionamento, a vida padece. O atestado de morte mais radical \u00e9 o m\u00e9dico constatar a \u201cfal\u00eancia m\u00faltipla dos \u00f3rg\u00e3os\u201d.<\/p>\n<p>Por mais que cultivemos a certeza de uma sobrevida, que ultrapasse nossos condicionamentos f\u00edsicos, a vida humana nunca deixa de se expressar atrav\u00e9s do corpo. Ele \u00e9 um \u201corganismo\u201d integrado de forma admir\u00e1vel e prodigiosa, com todos os seus \u201c\u00f3rg\u00e3os\u201d funcionando a servi\u00e7o do prod\u00edgio maior, que \u00e9 a vida humana.<\/p>\n<p>Os m\u00faltiplos \u00f3rg\u00e3os do corpo funcionam a servi\u00e7o da vida humana. O cuidado com o corpo ultrapassa sua consist\u00eancia f\u00edsica. Sua finalidade n\u00e3o se det\u00e9m no corpo. Ele se posiciona em dire\u00e7\u00e3o \u00e0 vida.<\/p>\n<p>O corpo est\u00e1 em fun\u00e7\u00e3o da vida. E a pr\u00f3pria vida humana encontra seu sentido mais profundo quando ela tamb\u00e9m encontra uma finalidade maior, que a justifica plenamente.<\/p>\n<p>\u201cNingu\u00e9m vive para si mesmo\u201d, alerta S\u00e3o Paulo. Nossa vida tamb\u00e9m n\u00e3o \u00e9 \u201cauto-referencial\u201d. Ela gira em torno de um mist\u00e9rio maior.<\/p>\n<p>A\u00ed entra uma quest\u00e3o central que a Campanha da Fraternidade levanta neste ano. Como usar do corpo, para que ele esteja plenamente a servi\u00e7o da vida.<\/p>\n<p>Salta aos olhos a perversidade de quem se julga no direito de dispor de \u00f3rg\u00e3os humanos, fazendo deles mercadoria, colocada \u00e0 venda para fins lucrativos.<\/p>\n<p>Desta maneira, se explora o corpo humano, com os expedientes usados para a obten\u00e7\u00e3o dos \u00f3rg\u00e3os que s\u00e3o vendidos como mercadorias, pervertendo sua finalidade, fazendo do corpo um instrumento de explora\u00e7\u00e3o, ferindo a dignidade humana.<\/p>\n<p>Tanto a finalidade, como os procedimentos para obten\u00e7\u00e3o for\u00e7ada de \u00f3rg\u00e3os, se tornam, assim, desumanos e anti-\u00e9ticos.<\/p>\n<p>Quando, por\u00e9m, a pessoa humana, consciente do significado transcendente de sua vida, ela pr\u00f3pria decide colocar gratuitamente seus \u00f3rg\u00e3os, que permanecem sempre a servi\u00e7o de sua vida pessoal, para estarem eventualmente a servi\u00e7o da vida de outras pessoas, que estiverem na depend\u00eancia de receber tais \u00f3rg\u00e3os, a\u00ed muda de sentido, radicalmente.<\/p>\n<p>Pois neste caso, de doa\u00e7\u00e3o livre dos \u00f3rg\u00e3os, eles s\u00e3o colocados a servi\u00e7o da vida humana.<\/p>\n<p>Assim, a doa\u00e7\u00e3o livre dos pr\u00f3prios \u00f3rg\u00e3os, para ficarem \u00e0 disposi\u00e7\u00e3o de pessoas que necessitam deles, \u00e9 um gesto que toma sentido na finalidade suprema da exist\u00eancia humana, que consiste em doar a pr\u00f3pria vida por amor.<\/p>\n<p>Para que a doa\u00e7\u00e3o de \u00f3rg\u00e3os tenha este sentido, \u00e9 preciso que seja feita em plena liberdade. Como fez Jesus. Ele enfatizou claramente: \u201cNingu\u00e9m tira minha vida, eu a dou livremente\u201d.(Jo 10,18)<\/p>\n<p>O corpo humano pode, assim, ser colocado como express\u00e3o do amor, que justifica a doa\u00e7\u00e3o total da pr\u00f3pria vida. \u00c9 isto que est\u00e1 na origem do sacramento da Eucaristia. Tendo assumido um corpo humano, o Filho de Deus fez deste corpo, o sinal maior de seu amor.<\/p>\n<p>A quaresma recorda e revive este gesto maior de Cristo. Ele entregou seu corpo para expressar seu amor por n\u00f3s!<\/p>\n<div id=\"themify_builder_content-24495\" data-postid=\"24495\" class=\"themify_builder_content themify_builder_content-24495 themify_builder themify_builder_front\">\n\t<\/div>\n<!-- \/themify_builder_content -->","protected":false},"excerpt":{"rendered":"<p>Dom Dem\u00e9trio Valentini Um dos bons of\u00edcios da Campanha da Fraternidade \u00e9 estimular nossa reflex\u00e3o. A quest\u00e3o do tr\u00e1fico humano nos leva a pondera\u00e7\u00f5es sobre o nosso corpo. Ele est\u00e1 no centro da quest\u00e3o do tr\u00e1fico humano:est\u00e1 em jogo o corpo. Ele sofre a explora\u00e7\u00e3o. O corpo \u00e9 ao mesmo tempo express\u00e3o vis\u00edvel da vida [&hellip;]<\/p>\n","protected":false},"author":5,"featured_media":0,"comment_status":"open","ping_status":"open","sticky":false,"template":"","format":"standard","meta":{"ngg_post_thumbnail":0,"footnotes":""},"categories":[241,9],"tags":[2659,2660,140,3022,1092,2857],"yoast_head":"<!-- This site is optimized with the Yoast SEO plugin v23.5 - https:\/\/yoast.com\/wordpress\/plugins\/seo\/ -->\n<title>\u00d3rg\u00e3os: tr\u00e1fico e doa\u00e7\u00e3o - O Arcanjo no ar<\/title>\n<meta name=\"robots\" content=\"index, follow, max-snippet:-1, max-image-preview:large, max-video-preview:-1\" \/>\n<link rel=\"canonical\" href=\"https:\/\/www.oarcanjo.net\/site\/orgaos-trafico-e-doacao\/\" \/>\n<meta property=\"og:locale\" content=\"pt_BR\" \/>\n<meta property=\"og:type\" content=\"article\" \/>\n<meta property=\"og:title\" content=\"\u00d3rg\u00e3os: tr\u00e1fico e doa\u00e7\u00e3o - O Arcanjo no ar\" \/>\n<meta property=\"og:description\" content=\"Dom Dem\u00e9trio Valentini Um dos bons of\u00edcios da Campanha da Fraternidade \u00e9 estimular nossa reflex\u00e3o. A quest\u00e3o do tr\u00e1fico humano nos leva a pondera\u00e7\u00f5es sobre o nosso corpo. Ele est\u00e1 no centro da quest\u00e3o do tr\u00e1fico humano:est\u00e1 em jogo o corpo. Ele sofre a explora\u00e7\u00e3o. O corpo \u00e9 ao mesmo tempo express\u00e3o vis\u00edvel da vida [&hellip;]\" \/>\n<meta property=\"og:url\" content=\"https:\/\/www.oarcanjo.net\/site\/orgaos-trafico-e-doacao\/\" \/>\n<meta property=\"og:site_name\" content=\"O Arcanjo no ar\" \/>\n<meta property=\"article:publisher\" content=\"https:\/\/www.facebook.com\/OArcanjoNoAr\/\" \/>\n<meta property=\"article:published_time\" content=\"2014-03-14T19:44:20+00:00\" \/>\n<meta property=\"article:modified_time\" content=\"2014-03-14T19:44:26+00:00\" \/>\n<meta property=\"og:image\" content=\"https:\/\/www.oarcanjo.net\/site\/wp-content\/uploads\/logo-o-arcanjo-no-ar-facebook.png\" \/>\n\t<meta property=\"og:image:width\" content=\"300\" \/>\n\t<meta property=\"og:image:height\" content=\"300\" \/>\n\t<meta property=\"og:image:type\" content=\"image\/png\" \/>\n<meta name=\"author\" content=\"editor\" \/>\n<meta name=\"twitter:card\" content=\"summary_large_image\" \/>\n<meta name=\"twitter:label1\" content=\"Escrito por\" \/>\n\t<meta name=\"twitter:data1\" content=\"editor\" \/>\n\t<meta name=\"twitter:label2\" content=\"Est. tempo de leitura\" \/>\n\t<meta name=\"twitter:data2\" content=\"3 minutos\" \/>\n<script type=\"application\/ld+json\" class=\"yoast-schema-graph\">{\"@context\":\"https:\/\/schema.org\",\"@graph\":[{\"@type\":\"Article\",\"@id\":\"https:\/\/www.oarcanjo.net\/site\/orgaos-trafico-e-doacao\/#article\",\"isPartOf\":{\"@id\":\"https:\/\/www.oarcanjo.net\/site\/orgaos-trafico-e-doacao\/\"},\"author\":{\"name\":\"editor\",\"@id\":\"https:\/\/www.oarcanjo.net\/site\/#\/schema\/person\/f7024d007863202483a31326673a0838\"},\"headline\":\"\u00d3rg\u00e3os: tr\u00e1fico e doa\u00e7\u00e3o\",\"datePublished\":\"2014-03-14T19:44:20+00:00\",\"dateModified\":\"2014-03-14T19:44:26+00:00\",\"mainEntityOfPage\":{\"@id\":\"https:\/\/www.oarcanjo.net\/site\/orgaos-trafico-e-doacao\/\"},\"wordCount\":611,\"commentCount\":0,\"publisher\":{\"@id\":\"https:\/\/www.oarcanjo.net\/site\/#organization\"},\"keywords\":[\"Campanha da Fraternidade 2014\",\"CF 2014\",\"Doa\u00e7\u00e3o\",\"\u00d3rg\u00e3o\",\"tr\u00e1fico\",\"tr\u00e1fico humano\"],\"articleSection\":[\"CF\",\"Reflex\u00f5es\"],\"inLanguage\":\"pt-BR\",\"potentialAction\":[{\"@type\":\"CommentAction\",\"name\":\"Comment\",\"target\":[\"https:\/\/www.oarcanjo.net\/site\/orgaos-trafico-e-doacao\/#respond\"]}]},{\"@type\":\"WebPage\",\"@id\":\"https:\/\/www.oarcanjo.net\/site\/orgaos-trafico-e-doacao\/\",\"url\":\"https:\/\/www.oarcanjo.net\/site\/orgaos-trafico-e-doacao\/\",\"name\":\"\u00d3rg\u00e3os: tr\u00e1fico e doa\u00e7\u00e3o - O Arcanjo no ar\",\"isPartOf\":{\"@id\":\"https:\/\/www.oarcanjo.net\/site\/#website\"},\"datePublished\":\"2014-03-14T19:44:20+00:00\",\"dateModified\":\"2014-03-14T19:44:26+00:00\",\"breadcrumb\":{\"@id\":\"https:\/\/www.oarcanjo.net\/site\/orgaos-trafico-e-doacao\/#breadcrumb\"},\"inLanguage\":\"pt-BR\",\"potentialAction\":[{\"@type\":\"ReadAction\",\"target\":[\"https:\/\/www.oarcanjo.net\/site\/orgaos-trafico-e-doacao\/\"]}]},{\"@type\":\"BreadcrumbList\",\"@id\":\"https:\/\/www.oarcanjo.net\/site\/orgaos-trafico-e-doacao\/#breadcrumb\",\"itemListElement\":[{\"@type\":\"ListItem\",\"position\":1,\"name\":\"In\u00edcio\",\"item\":\"https:\/\/www.oarcanjo.net\/site\/\"},{\"@type\":\"ListItem\",\"position\":2,\"name\":\"\u00d3rg\u00e3os: tr\u00e1fico e doa\u00e7\u00e3o\"}]},{\"@type\":\"WebSite\",\"@id\":\"https:\/\/www.oarcanjo.net\/site\/#website\",\"url\":\"https:\/\/www.oarcanjo.net\/site\/\",\"name\":\"O Arcanjo no ar\",\"description\":\"Site da Par\u00f3quia S\u00e3o Miguel Arcanjo (Arquidiocese de SP)\",\"publisher\":{\"@id\":\"https:\/\/www.oarcanjo.net\/site\/#organization\"},\"potentialAction\":[{\"@type\":\"SearchAction\",\"target\":{\"@type\":\"EntryPoint\",\"urlTemplate\":\"https:\/\/www.oarcanjo.net\/site\/?s={search_term_string}\"},\"query-input\":{\"@type\":\"PropertyValueSpecification\",\"valueRequired\":true,\"valueName\":\"search_term_string\"}}],\"inLanguage\":\"pt-BR\"},{\"@type\":\"Organization\",\"@id\":\"https:\/\/www.oarcanjo.net\/site\/#organization\",\"name\":\"Par\u00f3quia S\u00e3o Miguel Arcanjo\",\"url\":\"https:\/\/www.oarcanjo.net\/site\/\",\"logo\":{\"@type\":\"ImageObject\",\"inLanguage\":\"pt-BR\",\"@id\":\"https:\/\/www.oarcanjo.net\/site\/#\/schema\/logo\/image\/\",\"url\":\"https:\/\/www.oarcanjo.net\/site\/wp-content\/uploads\/LogoOArcanjo.png\",\"contentUrl\":\"https:\/\/www.oarcanjo.net\/site\/wp-content\/uploads\/LogoOArcanjo.png\",\"width\":319,\"height\":99,\"caption\":\"Par\u00f3quia S\u00e3o Miguel Arcanjo\"},\"image\":{\"@id\":\"https:\/\/www.oarcanjo.net\/site\/#\/schema\/logo\/image\/\"},\"sameAs\":[\"https:\/\/www.facebook.com\/OArcanjoNoAr\/\"]},{\"@type\":\"Person\",\"@id\":\"https:\/\/www.oarcanjo.net\/site\/#\/schema\/person\/f7024d007863202483a31326673a0838\",\"name\":\"editor\",\"sameAs\":[\"http:\/\/www.oarcanjo.net\"]}]}<\/script>\n<!-- \/ Yoast SEO plugin. -->","yoast_head_json":{"title":"\u00d3rg\u00e3os: tr\u00e1fico e doa\u00e7\u00e3o - O Arcanjo no ar","robots":{"index":"index","follow":"follow","max-snippet":"max-snippet:-1","max-image-preview":"max-image-preview:large","max-video-preview":"max-video-preview:-1"},"canonical":"https:\/\/www.oarcanjo.net\/site\/orgaos-trafico-e-doacao\/","og_locale":"pt_BR","og_type":"article","og_title":"\u00d3rg\u00e3os: tr\u00e1fico e doa\u00e7\u00e3o - O Arcanjo no ar","og_description":"Dom Dem\u00e9trio Valentini Um dos bons of\u00edcios da Campanha da Fraternidade \u00e9 estimular nossa reflex\u00e3o. A quest\u00e3o do tr\u00e1fico humano nos leva a pondera\u00e7\u00f5es sobre o nosso corpo. Ele est\u00e1 no centro da quest\u00e3o do tr\u00e1fico humano:est\u00e1 em jogo o corpo. Ele sofre a explora\u00e7\u00e3o. O corpo \u00e9 ao mesmo tempo express\u00e3o vis\u00edvel da vida [&hellip;]","og_url":"https:\/\/www.oarcanjo.net\/site\/orgaos-trafico-e-doacao\/","og_site_name":"O Arcanjo no ar","article_publisher":"https:\/\/www.facebook.com\/OArcanjoNoAr\/","article_published_time":"2014-03-14T19:44:20+00:00","article_modified_time":"2014-03-14T19:44:26+00:00","og_image":[{"width":300,"height":300,"url":"https:\/\/www.oarcanjo.net\/site\/wp-content\/uploads\/logo-o-arcanjo-no-ar-facebook.png","type":"image\/png"}],"author":"editor","twitter_card":"summary_large_image","twitter_misc":{"Escrito por":"editor","Est. tempo de leitura":"3 minutos"},"schema":{"@context":"https:\/\/schema.org","@graph":[{"@type":"Article","@id":"https:\/\/www.oarcanjo.net\/site\/orgaos-trafico-e-doacao\/#article","isPartOf":{"@id":"https:\/\/www.oarcanjo.net\/site\/orgaos-trafico-e-doacao\/"},"author":{"name":"editor","@id":"https:\/\/www.oarcanjo.net\/site\/#\/schema\/person\/f7024d007863202483a31326673a0838"},"headline":"\u00d3rg\u00e3os: tr\u00e1fico e doa\u00e7\u00e3o","datePublished":"2014-03-14T19:44:20+00:00","dateModified":"2014-03-14T19:44:26+00:00","mainEntityOfPage":{"@id":"https:\/\/www.oarcanjo.net\/site\/orgaos-trafico-e-doacao\/"},"wordCount":611,"commentCount":0,"publisher":{"@id":"https:\/\/www.oarcanjo.net\/site\/#organization"},"keywords":["Campanha da Fraternidade 2014","CF 2014","Doa\u00e7\u00e3o","\u00d3rg\u00e3o","tr\u00e1fico","tr\u00e1fico humano"],"articleSection":["CF","Reflex\u00f5es"],"inLanguage":"pt-BR","potentialAction":[{"@type":"CommentAction","name":"Comment","target":["https:\/\/www.oarcanjo.net\/site\/orgaos-trafico-e-doacao\/#respond"]}]},{"@type":"WebPage","@id":"https:\/\/www.oarcanjo.net\/site\/orgaos-trafico-e-doacao\/","url":"https:\/\/www.oarcanjo.net\/site\/orgaos-trafico-e-doacao\/","name":"\u00d3rg\u00e3os: tr\u00e1fico e doa\u00e7\u00e3o - O Arcanjo no ar","isPartOf":{"@id":"https:\/\/www.oarcanjo.net\/site\/#website"},"datePublished":"2014-03-14T19:44:20+00:00","dateModified":"2014-03-14T19:44:26+00:00","breadcrumb":{"@id":"https:\/\/www.oarcanjo.net\/site\/orgaos-trafico-e-doacao\/#breadcrumb"},"inLanguage":"pt-BR","potentialAction":[{"@type":"ReadAction","target":["https:\/\/www.oarcanjo.net\/site\/orgaos-trafico-e-doacao\/"]}]},{"@type":"BreadcrumbList","@id":"https:\/\/www.oarcanjo.net\/site\/orgaos-trafico-e-doacao\/#breadcrumb","itemListElement":[{"@type":"ListItem","position":1,"name":"In\u00edcio","item":"https:\/\/www.oarcanjo.net\/site\/"},{"@type":"ListItem","position":2,"name":"\u00d3rg\u00e3os: tr\u00e1fico e doa\u00e7\u00e3o"}]},{"@type":"WebSite","@id":"https:\/\/www.oarcanjo.net\/site\/#website","url":"https:\/\/www.oarcanjo.net\/site\/","name":"O Arcanjo no ar","description":"Site da Par\u00f3quia S\u00e3o Miguel Arcanjo (Arquidiocese de SP)","publisher":{"@id":"https:\/\/www.oarcanjo.net\/site\/#organization"},"potentialAction":[{"@type":"SearchAction","target":{"@type":"EntryPoint","urlTemplate":"https:\/\/www.oarcanjo.net\/site\/?s={search_term_string}"},"query-input":{"@type":"PropertyValueSpecification","valueRequired":true,"valueName":"search_term_string"}}],"inLanguage":"pt-BR"},{"@type":"Organization","@id":"https:\/\/www.oarcanjo.net\/site\/#organization","name":"Par\u00f3quia S\u00e3o Miguel Arcanjo","url":"https:\/\/www.oarcanjo.net\/site\/","logo":{"@type":"ImageObject","inLanguage":"pt-BR","@id":"https:\/\/www.oarcanjo.net\/site\/#\/schema\/logo\/image\/","url":"https:\/\/www.oarcanjo.net\/site\/wp-content\/uploads\/LogoOArcanjo.png","contentUrl":"https:\/\/www.oarcanjo.net\/site\/wp-content\/uploads\/LogoOArcanjo.png","width":319,"height":99,"caption":"Par\u00f3quia S\u00e3o Miguel Arcanjo"},"image":{"@id":"https:\/\/www.oarcanjo.net\/site\/#\/schema\/logo\/image\/"},"sameAs":["https:\/\/www.facebook.com\/OArcanjoNoAr\/"]},{"@type":"Person","@id":"https:\/\/www.oarcanjo.net\/site\/#\/schema\/person\/f7024d007863202483a31326673a0838","name":"editor","sameAs":["http:\/\/www.oarcanjo.net"]}]}},"publishpress_future_action":{"enabled":false,"date":"2026-05-07 06:13:39","action":"category","newStatus":"draft","terms":[],"taxonomy":"category"},"publishpress_future_workflow_manual_trigger":{"enabledWorkflows":[]},"_links":{"self":[{"href":"https:\/\/www.oarcanjo.net\/site\/wp-json\/wp\/v2\/posts\/24495"}],"collection":[{"href":"https:\/\/www.oarcanjo.net\/site\/wp-json\/wp\/v2\/posts"}],"about":[{"href":"https:\/\/www.oarcanjo.net\/site\/wp-json\/wp\/v2\/types\/post"}],"author":[{"embeddable":true,"href":"https:\/\/www.oarcanjo.net\/site\/wp-json\/wp\/v2\/users\/5"}],"replies":[{"embeddable":true,"href":"https:\/\/www.oarcanjo.net\/site\/wp-json\/wp\/v2\/comments?post=24495"}],"version-history":[{"count":0,"href":"https:\/\/www.oarcanjo.net\/site\/wp-json\/wp\/v2\/posts\/24495\/revisions"}],"wp:attachment":[{"href":"https:\/\/www.oarcanjo.net\/site\/wp-json\/wp\/v2\/media?parent=24495"}],"wp:term":[{"taxonomy":"category","embeddable":true,"href":"https:\/\/www.oarcanjo.net\/site\/wp-json\/wp\/v2\/categories?post=24495"},{"taxonomy":"post_tag","embeddable":true,"href":"https:\/\/www.oarcanjo.net\/site\/wp-json\/wp\/v2\/tags?post=24495"}],"curies":[{"name":"wp","href":"https:\/\/api.w.org\/{rel}","templated":true}]}}