
{"id":2451,"date":"2009-03-23T13:07:16","date_gmt":"2009-03-23T16:07:16","guid":{"rendered":"http:\/\/www.oarcanjo.net\/site\/?p=2451"},"modified":"2009-03-23T08:35:46","modified_gmt":"2009-03-23T11:35:46","slug":"presenca-da-igreja-na-sociedade","status":"publish","type":"post","link":"https:\/\/www.oarcanjo.net\/site\/presenca-da-igreja-na-sociedade\/","title":{"rendered":"Presen\u00e7a da Igreja na sociedade"},"content":{"rendered":"<p>Dom Dem\u00e9trio Valentini<\/p>\n<p>A campanha da fraternidade deste ano, lan\u00e7ada pela Igreja, e acolhida com muito interesse pela Sociedade, mostra com evid\u00eancia como \u00e9 poss\u00edvel um conv\u00edvio tranq\u00fcilo, e um relacionamento positivo, entre estas duas inst\u00e2ncias da realidade, a Igreja e a Sociedade. <\/p>\n<p>Mas a quest\u00e3o \u00e9 muito mais complexa. Fatos cotidianos, com sempre maior freq\u00fc\u00eancia, mostram o outro lado da medalha, apontando para diferen\u00e7as e tens\u00f5es no relacionamento entre Igreja e Sociedade. <\/p>\n<p>N\u00e3o \u00e9 poss\u00edvel, em breves linhas, esgotar este assunto, que levanta muitos enfoques que mereceriam ser considerados. A inten\u00e7\u00e3o \u00e9 fazer breves acenos, convidando a refletir sobre um tema que desafia nossa aten\u00e7\u00e3o e provoca nossa capacidade de an\u00e1lise. <\/p>\n<p>Em primeiro lugar, uma clara constata\u00e7\u00e3o se imp\u00f5e. Por suas institui\u00e7\u00f5es, a Igreja marca uma presen\u00e7a densa e consistente na sociedade. Ela \u00e9 um sujeito social, multifacetado, e exercendo uma larga influ\u00eancia na sociedade. Basta conferir a diversidade de express\u00f5es sociais que a Igreja incorpora. Seja na forma que assume sua personalidade jur\u00eddica, identificando-se como Dioceses, Par\u00f3quias e Comunidades. Seja em entidades derivadas de sua atividade, em forma de escolas, hospitais, e uma infinidade de outras iniciativas de car\u00e1ter social. <\/p>\n<p>Colocando estas realidades numa dimens\u00e3o hist\u00f3rica, aqui no Brasil mais ainda, a Igreja adquiriu direito de cidadania, pois de muitas maneiras ela colaborou para definir a pr\u00f3pria identidade nacional.  Muitas fronteiras, concretamente, foram desenhadas pela presen\u00e7a da Igreja, que precedeu a pr\u00f3pria chegada do Estado brasileiro. <\/p>\n<p>Enganam-se, portanto, os que pretendem reduzir a Igreja a uma inst\u00e2ncia meramente subjetiva, sem consist\u00eancia social, como alguns pensam, em decorr\u00eancia de sua vis\u00e3o da religi\u00e3o, como se ela fosse uma realidade desprovida de racionalidade, sem legitimidade para nuclear pessoas, e sem direito de atua\u00e7\u00e3o social. <\/p>\n<p>Assim pensavam os positivistas, que julgavam a religi\u00e3o como sintoma de atraso cultural. Ao contr\u00e1rio, o mundo hoje est\u00e1 assistindo a um refluxo da dimens\u00e3o religiosa, que est\u00e1 incomodando os seguidores retardat\u00e1rios de Augusto Comte. <\/p>\n<p>Na conviv\u00eancia entre Igreja e Sociedade, uma das tarefas que a Igreja se prop\u00f5e \u00e9 testemunhar valores que gozam de uma consist\u00eancia \u00e9tica indiscut\u00edvel, deixando-a bem \u00e0 vontade para prop\u00f4-los a toda a sociedade. Como por exemplo, a inviolabilidade da vida humana, a dignidade de todas as pessoas, os direitos humanos, a justi\u00e7a para todos como base para a conviv\u00eancia pac\u00edfica. E assim por diante. A Igreja faz destes valores bandeiras que justificam sua presen\u00e7a e sua atua\u00e7\u00e3o na sociedade.<\/p>\n<p>Na medida em que se deduz destes valores outros postulados, nem sempre evidentes, ou carentes de aceita\u00e7\u00e3o un\u00e2nime na sociedade, a Igreja se defronta com resist\u00eancias, diante das quais ela precisa ter uma postura de maturidade e de respeito pela diversidade de opini\u00f5es existentes na sociedade.  Inclusive para n\u00e3o perder sua capacidade de di\u00e1logo com a sociedade, a Igreja \u00e9 chamada a ter coer\u00eancia com seus princ\u00edpios, e afirm\u00e1-los de acordo com o valor que eles possuem, e simultaneamente respeitar as opini\u00f5es divergentes na sociedade.  Inclusive porque uma coisa \u00e9 afirmar os princ\u00edpios, outra \u00e9 ver quanto eles podem ser aplicados nas condi\u00e7\u00f5es concretas em que as pessoas vivem.  Uma postura fundamentalista, que s\u00f3 afirma os princ\u00edpios e n\u00e3o \u00e9 capaz de perceber os condicionamentos da realidade que impedem de viv\u00ea-los plenamente, \u00e9 prejudicial \u00e0 Igreja, e pode comprometer sua credibilidade na sociedade. <\/p>\n<p>O bom senso sugere \u00e0 Igreja que seja coerente, e ao mesmo tempo se coloque como servidora da sociedade, facilitando assim que sua colabora\u00e7\u00e3o possa ser valorizada. E sugere \u00e0 sociedade que seja aut\u00eantica na sua proposta de estrutura\u00e7\u00e3o aut\u00f4noma, mas que permane\u00e7a aberta \u00e0 contribui\u00e7\u00e3o que a Igreja pode lhe dar.<\/p>\n<p>Assim ganham, tanto a Igreja como a Sociedade. E talvez se superem os extremismos, que s\u00f3 acirram posi\u00e7\u00f5es inconseq\u00fcentes.<\/p>\n<div id=\"themify_builder_content-2451\" data-postid=\"2451\" class=\"themify_builder_content themify_builder_content-2451 themify_builder themify_builder_front\">\n\t<\/div>\n<!-- \/themify_builder_content -->","protected":false},"excerpt":{"rendered":"<p>Dom Dem\u00e9trio Valentini A campanha da fraternidade deste ano, lan\u00e7ada pela Igreja, e acolhida com muito interesse pela Sociedade, mostra com evid\u00eancia como \u00e9 poss\u00edvel um conv\u00edvio tranq\u00fcilo, e um relacionamento positivo, entre estas duas inst\u00e2ncias da realidade, a Igreja e a Sociedade. Mas a quest\u00e3o \u00e9 muito mais complexa. Fatos cotidianos, com sempre maior [&hellip;]<\/p>\n","protected":false},"author":5,"featured_media":0,"comment_status":"open","ping_status":"open","sticky":false,"template":"","format":"standard","meta":{"ngg_post_thumbnail":0,"footnotes":""},"categories":[9],"tags":[99,378],"yoast_head":"<!-- This site is optimized with the Yoast SEO plugin v23.5 - https:\/\/yoast.com\/wordpress\/plugins\/seo\/ -->\n<title>Presen\u00e7a da Igreja na sociedade - O Arcanjo no ar<\/title>\n<meta name=\"robots\" content=\"index, follow, max-snippet:-1, max-image-preview:large, max-video-preview:-1\" \/>\n<link rel=\"canonical\" href=\"https:\/\/www.oarcanjo.net\/site\/presenca-da-igreja-na-sociedade\/\" \/>\n<meta property=\"og:locale\" content=\"pt_BR\" \/>\n<meta property=\"og:type\" content=\"article\" \/>\n<meta property=\"og:title\" content=\"Presen\u00e7a da Igreja na sociedade - O Arcanjo no ar\" \/>\n<meta property=\"og:description\" content=\"Dom Dem\u00e9trio Valentini A campanha da fraternidade deste ano, lan\u00e7ada pela Igreja, e acolhida com muito interesse pela Sociedade, mostra com evid\u00eancia como \u00e9 poss\u00edvel um conv\u00edvio tranq\u00fcilo, e um relacionamento positivo, entre estas duas inst\u00e2ncias da realidade, a Igreja e a Sociedade. Mas a quest\u00e3o \u00e9 muito mais complexa. Fatos cotidianos, com sempre maior [&hellip;]\" \/>\n<meta property=\"og:url\" content=\"https:\/\/www.oarcanjo.net\/site\/presenca-da-igreja-na-sociedade\/\" \/>\n<meta property=\"og:site_name\" content=\"O Arcanjo no ar\" \/>\n<meta property=\"article:publisher\" content=\"https:\/\/www.facebook.com\/OArcanjoNoAr\/\" \/>\n<meta property=\"article:published_time\" content=\"2009-03-23T16:07:16+00:00\" \/>\n<meta property=\"article:modified_time\" content=\"2009-03-23T11:35:46+00:00\" \/>\n<meta property=\"og:image\" content=\"https:\/\/www.oarcanjo.net\/site\/wp-content\/uploads\/logo-o-arcanjo-no-ar-facebook.png\" \/>\n\t<meta property=\"og:image:width\" content=\"300\" \/>\n\t<meta property=\"og:image:height\" content=\"300\" \/>\n\t<meta property=\"og:image:type\" content=\"image\/png\" \/>\n<meta name=\"author\" content=\"editor\" \/>\n<meta name=\"twitter:card\" content=\"summary_large_image\" \/>\n<meta name=\"twitter:label1\" content=\"Escrito por\" \/>\n\t<meta name=\"twitter:data1\" content=\"editor\" \/>\n\t<meta name=\"twitter:label2\" content=\"Est. tempo de leitura\" \/>\n\t<meta name=\"twitter:data2\" content=\"3 minutos\" \/>\n<script type=\"application\/ld+json\" class=\"yoast-schema-graph\">{\"@context\":\"https:\/\/schema.org\",\"@graph\":[{\"@type\":\"Article\",\"@id\":\"https:\/\/www.oarcanjo.net\/site\/presenca-da-igreja-na-sociedade\/#article\",\"isPartOf\":{\"@id\":\"https:\/\/www.oarcanjo.net\/site\/presenca-da-igreja-na-sociedade\/\"},\"author\":{\"name\":\"editor\",\"@id\":\"https:\/\/www.oarcanjo.net\/site\/#\/schema\/person\/f7024d007863202483a31326673a0838\"},\"headline\":\"Presen\u00e7a da Igreja na sociedade\",\"datePublished\":\"2009-03-23T16:07:16+00:00\",\"dateModified\":\"2009-03-23T11:35:46+00:00\",\"mainEntityOfPage\":{\"@id\":\"https:\/\/www.oarcanjo.net\/site\/presenca-da-igreja-na-sociedade\/\"},\"wordCount\":676,\"commentCount\":0,\"publisher\":{\"@id\":\"https:\/\/www.oarcanjo.net\/site\/#organization\"},\"keywords\":[\"igreja\",\"sociedade\"],\"articleSection\":[\"Reflex\u00f5es\"],\"inLanguage\":\"pt-BR\",\"potentialAction\":[{\"@type\":\"CommentAction\",\"name\":\"Comment\",\"target\":[\"https:\/\/www.oarcanjo.net\/site\/presenca-da-igreja-na-sociedade\/#respond\"]}]},{\"@type\":\"WebPage\",\"@id\":\"https:\/\/www.oarcanjo.net\/site\/presenca-da-igreja-na-sociedade\/\",\"url\":\"https:\/\/www.oarcanjo.net\/site\/presenca-da-igreja-na-sociedade\/\",\"name\":\"Presen\u00e7a da Igreja na sociedade - O Arcanjo no ar\",\"isPartOf\":{\"@id\":\"https:\/\/www.oarcanjo.net\/site\/#website\"},\"datePublished\":\"2009-03-23T16:07:16+00:00\",\"dateModified\":\"2009-03-23T11:35:46+00:00\",\"breadcrumb\":{\"@id\":\"https:\/\/www.oarcanjo.net\/site\/presenca-da-igreja-na-sociedade\/#breadcrumb\"},\"inLanguage\":\"pt-BR\",\"potentialAction\":[{\"@type\":\"ReadAction\",\"target\":[\"https:\/\/www.oarcanjo.net\/site\/presenca-da-igreja-na-sociedade\/\"]}]},{\"@type\":\"BreadcrumbList\",\"@id\":\"https:\/\/www.oarcanjo.net\/site\/presenca-da-igreja-na-sociedade\/#breadcrumb\",\"itemListElement\":[{\"@type\":\"ListItem\",\"position\":1,\"name\":\"In\u00edcio\",\"item\":\"https:\/\/www.oarcanjo.net\/site\/\"},{\"@type\":\"ListItem\",\"position\":2,\"name\":\"Presen\u00e7a da Igreja na sociedade\"}]},{\"@type\":\"WebSite\",\"@id\":\"https:\/\/www.oarcanjo.net\/site\/#website\",\"url\":\"https:\/\/www.oarcanjo.net\/site\/\",\"name\":\"O Arcanjo no ar\",\"description\":\"Site da Par\u00f3quia S\u00e3o Miguel Arcanjo (Arquidiocese de SP)\",\"publisher\":{\"@id\":\"https:\/\/www.oarcanjo.net\/site\/#organization\"},\"potentialAction\":[{\"@type\":\"SearchAction\",\"target\":{\"@type\":\"EntryPoint\",\"urlTemplate\":\"https:\/\/www.oarcanjo.net\/site\/?s={search_term_string}\"},\"query-input\":{\"@type\":\"PropertyValueSpecification\",\"valueRequired\":true,\"valueName\":\"search_term_string\"}}],\"inLanguage\":\"pt-BR\"},{\"@type\":\"Organization\",\"@id\":\"https:\/\/www.oarcanjo.net\/site\/#organization\",\"name\":\"Par\u00f3quia S\u00e3o Miguel Arcanjo\",\"url\":\"https:\/\/www.oarcanjo.net\/site\/\",\"logo\":{\"@type\":\"ImageObject\",\"inLanguage\":\"pt-BR\",\"@id\":\"https:\/\/www.oarcanjo.net\/site\/#\/schema\/logo\/image\/\",\"url\":\"https:\/\/www.oarcanjo.net\/site\/wp-content\/uploads\/LogoOArcanjo.png\",\"contentUrl\":\"https:\/\/www.oarcanjo.net\/site\/wp-content\/uploads\/LogoOArcanjo.png\",\"width\":319,\"height\":99,\"caption\":\"Par\u00f3quia S\u00e3o Miguel Arcanjo\"},\"image\":{\"@id\":\"https:\/\/www.oarcanjo.net\/site\/#\/schema\/logo\/image\/\"},\"sameAs\":[\"https:\/\/www.facebook.com\/OArcanjoNoAr\/\"]},{\"@type\":\"Person\",\"@id\":\"https:\/\/www.oarcanjo.net\/site\/#\/schema\/person\/f7024d007863202483a31326673a0838\",\"name\":\"editor\",\"sameAs\":[\"http:\/\/www.oarcanjo.net\"]}]}<\/script>\n<!-- \/ Yoast SEO plugin. -->","yoast_head_json":{"title":"Presen\u00e7a da Igreja na sociedade - O Arcanjo no ar","robots":{"index":"index","follow":"follow","max-snippet":"max-snippet:-1","max-image-preview":"max-image-preview:large","max-video-preview":"max-video-preview:-1"},"canonical":"https:\/\/www.oarcanjo.net\/site\/presenca-da-igreja-na-sociedade\/","og_locale":"pt_BR","og_type":"article","og_title":"Presen\u00e7a da Igreja na sociedade - O Arcanjo no ar","og_description":"Dom Dem\u00e9trio Valentini A campanha da fraternidade deste ano, lan\u00e7ada pela Igreja, e acolhida com muito interesse pela Sociedade, mostra com evid\u00eancia como \u00e9 poss\u00edvel um conv\u00edvio tranq\u00fcilo, e um relacionamento positivo, entre estas duas inst\u00e2ncias da realidade, a Igreja e a Sociedade. Mas a quest\u00e3o \u00e9 muito mais complexa. Fatos cotidianos, com sempre maior [&hellip;]","og_url":"https:\/\/www.oarcanjo.net\/site\/presenca-da-igreja-na-sociedade\/","og_site_name":"O Arcanjo no ar","article_publisher":"https:\/\/www.facebook.com\/OArcanjoNoAr\/","article_published_time":"2009-03-23T16:07:16+00:00","article_modified_time":"2009-03-23T11:35:46+00:00","og_image":[{"width":300,"height":300,"url":"https:\/\/www.oarcanjo.net\/site\/wp-content\/uploads\/logo-o-arcanjo-no-ar-facebook.png","type":"image\/png"}],"author":"editor","twitter_card":"summary_large_image","twitter_misc":{"Escrito por":"editor","Est. tempo de leitura":"3 minutos"},"schema":{"@context":"https:\/\/schema.org","@graph":[{"@type":"Article","@id":"https:\/\/www.oarcanjo.net\/site\/presenca-da-igreja-na-sociedade\/#article","isPartOf":{"@id":"https:\/\/www.oarcanjo.net\/site\/presenca-da-igreja-na-sociedade\/"},"author":{"name":"editor","@id":"https:\/\/www.oarcanjo.net\/site\/#\/schema\/person\/f7024d007863202483a31326673a0838"},"headline":"Presen\u00e7a da Igreja na sociedade","datePublished":"2009-03-23T16:07:16+00:00","dateModified":"2009-03-23T11:35:46+00:00","mainEntityOfPage":{"@id":"https:\/\/www.oarcanjo.net\/site\/presenca-da-igreja-na-sociedade\/"},"wordCount":676,"commentCount":0,"publisher":{"@id":"https:\/\/www.oarcanjo.net\/site\/#organization"},"keywords":["igreja","sociedade"],"articleSection":["Reflex\u00f5es"],"inLanguage":"pt-BR","potentialAction":[{"@type":"CommentAction","name":"Comment","target":["https:\/\/www.oarcanjo.net\/site\/presenca-da-igreja-na-sociedade\/#respond"]}]},{"@type":"WebPage","@id":"https:\/\/www.oarcanjo.net\/site\/presenca-da-igreja-na-sociedade\/","url":"https:\/\/www.oarcanjo.net\/site\/presenca-da-igreja-na-sociedade\/","name":"Presen\u00e7a da Igreja na sociedade - O Arcanjo no ar","isPartOf":{"@id":"https:\/\/www.oarcanjo.net\/site\/#website"},"datePublished":"2009-03-23T16:07:16+00:00","dateModified":"2009-03-23T11:35:46+00:00","breadcrumb":{"@id":"https:\/\/www.oarcanjo.net\/site\/presenca-da-igreja-na-sociedade\/#breadcrumb"},"inLanguage":"pt-BR","potentialAction":[{"@type":"ReadAction","target":["https:\/\/www.oarcanjo.net\/site\/presenca-da-igreja-na-sociedade\/"]}]},{"@type":"BreadcrumbList","@id":"https:\/\/www.oarcanjo.net\/site\/presenca-da-igreja-na-sociedade\/#breadcrumb","itemListElement":[{"@type":"ListItem","position":1,"name":"In\u00edcio","item":"https:\/\/www.oarcanjo.net\/site\/"},{"@type":"ListItem","position":2,"name":"Presen\u00e7a da Igreja na sociedade"}]},{"@type":"WebSite","@id":"https:\/\/www.oarcanjo.net\/site\/#website","url":"https:\/\/www.oarcanjo.net\/site\/","name":"O Arcanjo no ar","description":"Site da Par\u00f3quia S\u00e3o Miguel Arcanjo (Arquidiocese de SP)","publisher":{"@id":"https:\/\/www.oarcanjo.net\/site\/#organization"},"potentialAction":[{"@type":"SearchAction","target":{"@type":"EntryPoint","urlTemplate":"https:\/\/www.oarcanjo.net\/site\/?s={search_term_string}"},"query-input":{"@type":"PropertyValueSpecification","valueRequired":true,"valueName":"search_term_string"}}],"inLanguage":"pt-BR"},{"@type":"Organization","@id":"https:\/\/www.oarcanjo.net\/site\/#organization","name":"Par\u00f3quia S\u00e3o Miguel Arcanjo","url":"https:\/\/www.oarcanjo.net\/site\/","logo":{"@type":"ImageObject","inLanguage":"pt-BR","@id":"https:\/\/www.oarcanjo.net\/site\/#\/schema\/logo\/image\/","url":"https:\/\/www.oarcanjo.net\/site\/wp-content\/uploads\/LogoOArcanjo.png","contentUrl":"https:\/\/www.oarcanjo.net\/site\/wp-content\/uploads\/LogoOArcanjo.png","width":319,"height":99,"caption":"Par\u00f3quia S\u00e3o Miguel Arcanjo"},"image":{"@id":"https:\/\/www.oarcanjo.net\/site\/#\/schema\/logo\/image\/"},"sameAs":["https:\/\/www.facebook.com\/OArcanjoNoAr\/"]},{"@type":"Person","@id":"https:\/\/www.oarcanjo.net\/site\/#\/schema\/person\/f7024d007863202483a31326673a0838","name":"editor","sameAs":["http:\/\/www.oarcanjo.net"]}]}},"publishpress_future_action":{"enabled":false,"date":"2026-05-07 09:49:20","action":"category","newStatus":"draft","terms":[],"taxonomy":"category"},"publishpress_future_workflow_manual_trigger":{"enabledWorkflows":[]},"_links":{"self":[{"href":"https:\/\/www.oarcanjo.net\/site\/wp-json\/wp\/v2\/posts\/2451"}],"collection":[{"href":"https:\/\/www.oarcanjo.net\/site\/wp-json\/wp\/v2\/posts"}],"about":[{"href":"https:\/\/www.oarcanjo.net\/site\/wp-json\/wp\/v2\/types\/post"}],"author":[{"embeddable":true,"href":"https:\/\/www.oarcanjo.net\/site\/wp-json\/wp\/v2\/users\/5"}],"replies":[{"embeddable":true,"href":"https:\/\/www.oarcanjo.net\/site\/wp-json\/wp\/v2\/comments?post=2451"}],"version-history":[{"count":0,"href":"https:\/\/www.oarcanjo.net\/site\/wp-json\/wp\/v2\/posts\/2451\/revisions"}],"wp:attachment":[{"href":"https:\/\/www.oarcanjo.net\/site\/wp-json\/wp\/v2\/media?parent=2451"}],"wp:term":[{"taxonomy":"category","embeddable":true,"href":"https:\/\/www.oarcanjo.net\/site\/wp-json\/wp\/v2\/categories?post=2451"},{"taxonomy":"post_tag","embeddable":true,"href":"https:\/\/www.oarcanjo.net\/site\/wp-json\/wp\/v2\/tags?post=2451"}],"curies":[{"name":"wp","href":"https:\/\/api.w.org\/{rel}","templated":true}]}}