
{"id":2452,"date":"2009-03-21T13:26:20","date_gmt":"2009-03-21T16:26:20","guid":{"rendered":"http:\/\/www.oarcanjo.net\/site\/?p=2452"},"modified":"2009-03-23T20:49:30","modified_gmt":"2009-03-23T23:49:30","slug":"profecia-na-igreja","status":"publish","type":"post","link":"https:\/\/www.oarcanjo.net\/site\/profecia-na-igreja\/","title":{"rendered":"Profecia na Igreja"},"content":{"rendered":"<p><a href=\"http:\/\/www.paulus.com.br\/lojavirtual\/secoes\/detalhamento.php?id=2535&#038;produto=Livros&#038;cat_produto=produtos_livros&#038;produto_dir=livros&#038;categoria=Teologia&#038;id_cat=6\" target=\"_blank\"><img decoding=\"async\" src=\"http:\/\/www.paulus.com.br\/img\/img_livros\/9788534929899.jpg\" align=\"left\" hspace=\"4\"width=\"103\" heigh=\"230\"><\/a>Profecia na Igreja \u00e9 o \u00faltimo livro do Pe. Jos\u00e9 Comblin que ser\u00e1 lan\u00e7ado pela Paulus no dia 23 de mar\u00e7o na Casa de Ora\u00e7\u00e3o do Povo da Rua, \u00e0s 19 horas.<\/p>\n<p>O livro do Pe. Comblin \u00e9 alimento que precisamos neste momento de raquitismo prof\u00e9tico, o autor resgata a profecia desde o antigo testamento at\u00e9 a atua\u00e7\u00e3o de JESUS.<\/p>\n<p>Passa historicamente pelos padres da Igreja at\u00e9 a Am\u00e9rica Latina nos dias de hoje. Nos faz considerar a a\u00e7\u00e3o prof\u00e9tica de Bartolomeu De Las Casas at\u00e9 D. Helder Camara e D. Luciano Mendes de Almeida.<\/p>\n<p>\u00c9 um livro inquietante e questionador, \u00e9 um profeta falando da Profecia! \u00c9 espiritualidade , teologia, hist\u00f3ria e sobretudo compromisso no seguimento de JESUS.<\/p>\n<p>No centen\u00e1rio de D. Helder, v\u00e9pera da mem\u00f3ria do mart\u00edrio de D. Oscar Romero, na Casa de Ora\u00e7\u00e3o do Povo da Rua, equa\u00e7\u00e3o perfeita da Profecia que se faz AMOR que questiona e renova a vida!<\/p>\n<p>No dia 24 , no mesmo local e hor\u00e1rio, estaremos celebrando o Centen\u00e1rio de D. Helder Camara, no dia do mart\u00edro de D.Romero, mais uma equa\u00e7\u00e3o insistente e coincidente de um AMOR que resiste e liberta.<\/p>\n<p>Veja fotos do lan\u00e7amento:<\/p>\n<p><img loading=\"lazy\" decoding=\"async\" src=\"http:\/\/www.oarcanjo.net\/site\/wp-content\/uploads\/mesacomblin.png\" alt=\"\" title=\"Pe. Comblin no lan\u00e7amento do livro &#039;Profecia na Igreja&#039;\" width=\"326\" height=\"186\" class=\"alignnone size-full wp-image-2513\" srcset=\"https:\/\/www.oarcanjo.net\/site\/wp-content\/uploads\/mesacomblin.png 326w, https:\/\/www.oarcanjo.net\/site\/wp-content\/uploads\/mesacomblin-300x171.png 300w\" sizes=\"(max-width: 326px) 100vw, 326px\" \/><\/p>\n<p><img loading=\"lazy\" decoding=\"async\" src=\"http:\/\/www.oarcanjo.net\/site\/wp-content\/uploads\/publicocomblin.jpg\" alt=\"\" title=\"P\u00fablico no lan\u00e7amento do livro\" width=\"270\" height=\"180\" class=\"alignnone size-full wp-image-2512\" \/><\/p>\n<div id=\"themify_builder_content-2452\" data-postid=\"2452\" class=\"themify_builder_content themify_builder_content-2452 themify_builder themify_builder_front\">\n\t<\/div>\n<!-- \/themify_builder_content -->","protected":false},"excerpt":{"rendered":"<p>Profecia na Igreja \u00e9 o \u00faltimo livro do Pe. Jos\u00e9 Comblin que ser\u00e1 lan\u00e7ado pela Paulus no dia 23 de mar\u00e7o na Casa de Ora\u00e7\u00e3o do Povo da Rua, \u00e0s 19 horas. O livro do Pe. Comblin \u00e9 alimento que precisamos neste momento de raquitismo prof\u00e9tico, o autor resgata a profecia desde o antigo testamento [&hellip;]<\/p>\n","protected":false},"author":4,"featured_media":0,"comment_status":"open","ping_status":"open","sticky":false,"template":"","format":"standard","meta":{"ngg_post_thumbnail":0,"footnotes":""},"categories":[8],"tags":[210,393,392,394,391],"yoast_head":"<!-- This site is optimized with the Yoast SEO plugin v23.5 - https:\/\/yoast.com\/wordpress\/plugins\/seo\/ -->\n<title>Profecia na Igreja - O Arcanjo no ar<\/title>\n<meta name=\"robots\" content=\"index, follow, max-snippet:-1, max-image-preview:large, max-video-preview:-1\" \/>\n<link rel=\"canonical\" href=\"https:\/\/www.oarcanjo.net\/site\/profecia-na-igreja\/\" \/>\n<meta property=\"og:locale\" content=\"pt_BR\" \/>\n<meta property=\"og:type\" content=\"article\" \/>\n<meta property=\"og:title\" content=\"Profecia na Igreja - O Arcanjo no ar\" \/>\n<meta property=\"og:description\" content=\"Profecia na Igreja \u00e9 o \u00faltimo livro do Pe. Jos\u00e9 Comblin que ser\u00e1 lan\u00e7ado pela Paulus no dia 23 de mar\u00e7o na Casa de Ora\u00e7\u00e3o do Povo da Rua, \u00e0s 19 horas. O livro do Pe. Comblin \u00e9 alimento que precisamos neste momento de raquitismo prof\u00e9tico, o autor resgata a profecia desde o antigo testamento [&hellip;]\" \/>\n<meta property=\"og:url\" content=\"https:\/\/www.oarcanjo.net\/site\/profecia-na-igreja\/\" \/>\n<meta property=\"og:site_name\" content=\"O Arcanjo no ar\" \/>\n<meta property=\"article:publisher\" content=\"https:\/\/www.facebook.com\/OArcanjoNoAr\/\" \/>\n<meta property=\"article:published_time\" content=\"2009-03-21T16:26:20+00:00\" \/>\n<meta property=\"article:modified_time\" content=\"2009-03-23T23:49:30+00:00\" \/>\n<meta property=\"og:image\" content=\"http:\/\/www.paulus.com.br\/img\/img_livros\/9788534929899.jpg\" \/>\n<meta name=\"author\" content=\"julio\" \/>\n<meta name=\"twitter:card\" content=\"summary_large_image\" \/>\n<meta name=\"twitter:label1\" content=\"Escrito por\" \/>\n\t<meta name=\"twitter:data1\" content=\"julio\" \/>\n\t<meta name=\"twitter:label2\" content=\"Est. tempo de leitura\" \/>\n\t<meta name=\"twitter:data2\" content=\"1 minuto\" \/>\n<script type=\"application\/ld+json\" class=\"yoast-schema-graph\">{\"@context\":\"https:\/\/schema.org\",\"@graph\":[{\"@type\":\"Article\",\"@id\":\"https:\/\/www.oarcanjo.net\/site\/profecia-na-igreja\/#article\",\"isPartOf\":{\"@id\":\"https:\/\/www.oarcanjo.net\/site\/profecia-na-igreja\/\"},\"author\":{\"name\":\"julio\",\"@id\":\"https:\/\/www.oarcanjo.net\/site\/#\/schema\/person\/d78ea01c648c91e29c364b516767079e\"},\"headline\":\"Profecia na Igreja\",\"datePublished\":\"2009-03-21T16:26:20+00:00\",\"dateModified\":\"2009-03-23T23:49:30+00:00\",\"mainEntityOfPage\":{\"@id\":\"https:\/\/www.oarcanjo.net\/site\/profecia-na-igreja\/\"},\"wordCount\":209,\"commentCount\":0,\"publisher\":{\"@id\":\"https:\/\/www.oarcanjo.net\/site\/#organization\"},\"image\":{\"@id\":\"https:\/\/www.oarcanjo.net\/site\/profecia-na-igreja\/#primaryimage\"},\"thumbnailUrl\":\"http:\/\/www.paulus.com.br\/img\/img_livros\/9788534929899.jpg\",\"keywords\":[\"Dom Helder Camara\",\"Dom Luciano Mendes de Almeida\",\"Dom Oscar Romero\",\"Jos\u00e9 Comblin\",\"Profecia\"],\"articleSection\":[\"Not\u00edcias\"],\"inLanguage\":\"pt-BR\",\"potentialAction\":[{\"@type\":\"CommentAction\",\"name\":\"Comment\",\"target\":[\"https:\/\/www.oarcanjo.net\/site\/profecia-na-igreja\/#respond\"]}]},{\"@type\":\"WebPage\",\"@id\":\"https:\/\/www.oarcanjo.net\/site\/profecia-na-igreja\/\",\"url\":\"https:\/\/www.oarcanjo.net\/site\/profecia-na-igreja\/\",\"name\":\"Profecia na Igreja - O Arcanjo no ar\",\"isPartOf\":{\"@id\":\"https:\/\/www.oarcanjo.net\/site\/#website\"},\"primaryImageOfPage\":{\"@id\":\"https:\/\/www.oarcanjo.net\/site\/profecia-na-igreja\/#primaryimage\"},\"image\":{\"@id\":\"https:\/\/www.oarcanjo.net\/site\/profecia-na-igreja\/#primaryimage\"},\"thumbnailUrl\":\"http:\/\/www.paulus.com.br\/img\/img_livros\/9788534929899.jpg\",\"datePublished\":\"2009-03-21T16:26:20+00:00\",\"dateModified\":\"2009-03-23T23:49:30+00:00\",\"breadcrumb\":{\"@id\":\"https:\/\/www.oarcanjo.net\/site\/profecia-na-igreja\/#breadcrumb\"},\"inLanguage\":\"pt-BR\",\"potentialAction\":[{\"@type\":\"ReadAction\",\"target\":[\"https:\/\/www.oarcanjo.net\/site\/profecia-na-igreja\/\"]}]},{\"@type\":\"ImageObject\",\"inLanguage\":\"pt-BR\",\"@id\":\"https:\/\/www.oarcanjo.net\/site\/profecia-na-igreja\/#primaryimage\",\"url\":\"http:\/\/www.paulus.com.br\/img\/img_livros\/9788534929899.jpg\",\"contentUrl\":\"http:\/\/www.paulus.com.br\/img\/img_livros\/9788534929899.jpg\"},{\"@type\":\"BreadcrumbList\",\"@id\":\"https:\/\/www.oarcanjo.net\/site\/profecia-na-igreja\/#breadcrumb\",\"itemListElement\":[{\"@type\":\"ListItem\",\"position\":1,\"name\":\"In\u00edcio\",\"item\":\"https:\/\/www.oarcanjo.net\/site\/\"},{\"@type\":\"ListItem\",\"position\":2,\"name\":\"Profecia na Igreja\"}]},{\"@type\":\"WebSite\",\"@id\":\"https:\/\/www.oarcanjo.net\/site\/#website\",\"url\":\"https:\/\/www.oarcanjo.net\/site\/\",\"name\":\"O Arcanjo no ar\",\"description\":\"Site da Par\u00f3quia S\u00e3o Miguel Arcanjo (Arquidiocese de SP)\",\"publisher\":{\"@id\":\"https:\/\/www.oarcanjo.net\/site\/#organization\"},\"potentialAction\":[{\"@type\":\"SearchAction\",\"target\":{\"@type\":\"EntryPoint\",\"urlTemplate\":\"https:\/\/www.oarcanjo.net\/site\/?s={search_term_string}\"},\"query-input\":{\"@type\":\"PropertyValueSpecification\",\"valueRequired\":true,\"valueName\":\"search_term_string\"}}],\"inLanguage\":\"pt-BR\"},{\"@type\":\"Organization\",\"@id\":\"https:\/\/www.oarcanjo.net\/site\/#organization\",\"name\":\"Par\u00f3quia S\u00e3o Miguel Arcanjo\",\"url\":\"https:\/\/www.oarcanjo.net\/site\/\",\"logo\":{\"@type\":\"ImageObject\",\"inLanguage\":\"pt-BR\",\"@id\":\"https:\/\/www.oarcanjo.net\/site\/#\/schema\/logo\/image\/\",\"url\":\"https:\/\/www.oarcanjo.net\/site\/wp-content\/uploads\/LogoOArcanjo.png\",\"contentUrl\":\"https:\/\/www.oarcanjo.net\/site\/wp-content\/uploads\/LogoOArcanjo.png\",\"width\":319,\"height\":99,\"caption\":\"Par\u00f3quia S\u00e3o Miguel Arcanjo\"},\"image\":{\"@id\":\"https:\/\/www.oarcanjo.net\/site\/#\/schema\/logo\/image\/\"},\"sameAs\":[\"https:\/\/www.facebook.com\/OArcanjoNoAr\/\"]},{\"@type\":\"Person\",\"@id\":\"https:\/\/www.oarcanjo.net\/site\/#\/schema\/person\/d78ea01c648c91e29c364b516767079e\",\"name\":\"julio\",\"sameAs\":[\"http:\/\/www.oarcanjo.net\"]}]}<\/script>\n<!-- \/ Yoast SEO plugin. -->","yoast_head_json":{"title":"Profecia na Igreja - O Arcanjo no ar","robots":{"index":"index","follow":"follow","max-snippet":"max-snippet:-1","max-image-preview":"max-image-preview:large","max-video-preview":"max-video-preview:-1"},"canonical":"https:\/\/www.oarcanjo.net\/site\/profecia-na-igreja\/","og_locale":"pt_BR","og_type":"article","og_title":"Profecia na Igreja - O Arcanjo no ar","og_description":"Profecia na Igreja \u00e9 o \u00faltimo livro do Pe. Jos\u00e9 Comblin que ser\u00e1 lan\u00e7ado pela Paulus no dia 23 de mar\u00e7o na Casa de Ora\u00e7\u00e3o do Povo da Rua, \u00e0s 19 horas. O livro do Pe. Comblin \u00e9 alimento que precisamos neste momento de raquitismo prof\u00e9tico, o autor resgata a profecia desde o antigo testamento [&hellip;]","og_url":"https:\/\/www.oarcanjo.net\/site\/profecia-na-igreja\/","og_site_name":"O Arcanjo no ar","article_publisher":"https:\/\/www.facebook.com\/OArcanjoNoAr\/","article_published_time":"2009-03-21T16:26:20+00:00","article_modified_time":"2009-03-23T23:49:30+00:00","og_image":[{"url":"http:\/\/www.paulus.com.br\/img\/img_livros\/9788534929899.jpg"}],"author":"julio","twitter_card":"summary_large_image","twitter_misc":{"Escrito por":"julio","Est. tempo de leitura":"1 minuto"},"schema":{"@context":"https:\/\/schema.org","@graph":[{"@type":"Article","@id":"https:\/\/www.oarcanjo.net\/site\/profecia-na-igreja\/#article","isPartOf":{"@id":"https:\/\/www.oarcanjo.net\/site\/profecia-na-igreja\/"},"author":{"name":"julio","@id":"https:\/\/www.oarcanjo.net\/site\/#\/schema\/person\/d78ea01c648c91e29c364b516767079e"},"headline":"Profecia na Igreja","datePublished":"2009-03-21T16:26:20+00:00","dateModified":"2009-03-23T23:49:30+00:00","mainEntityOfPage":{"@id":"https:\/\/www.oarcanjo.net\/site\/profecia-na-igreja\/"},"wordCount":209,"commentCount":0,"publisher":{"@id":"https:\/\/www.oarcanjo.net\/site\/#organization"},"image":{"@id":"https:\/\/www.oarcanjo.net\/site\/profecia-na-igreja\/#primaryimage"},"thumbnailUrl":"http:\/\/www.paulus.com.br\/img\/img_livros\/9788534929899.jpg","keywords":["Dom Helder Camara","Dom Luciano Mendes de Almeida","Dom Oscar Romero","Jos\u00e9 Comblin","Profecia"],"articleSection":["Not\u00edcias"],"inLanguage":"pt-BR","potentialAction":[{"@type":"CommentAction","name":"Comment","target":["https:\/\/www.oarcanjo.net\/site\/profecia-na-igreja\/#respond"]}]},{"@type":"WebPage","@id":"https:\/\/www.oarcanjo.net\/site\/profecia-na-igreja\/","url":"https:\/\/www.oarcanjo.net\/site\/profecia-na-igreja\/","name":"Profecia na Igreja - O Arcanjo no ar","isPartOf":{"@id":"https:\/\/www.oarcanjo.net\/site\/#website"},"primaryImageOfPage":{"@id":"https:\/\/www.oarcanjo.net\/site\/profecia-na-igreja\/#primaryimage"},"image":{"@id":"https:\/\/www.oarcanjo.net\/site\/profecia-na-igreja\/#primaryimage"},"thumbnailUrl":"http:\/\/www.paulus.com.br\/img\/img_livros\/9788534929899.jpg","datePublished":"2009-03-21T16:26:20+00:00","dateModified":"2009-03-23T23:49:30+00:00","breadcrumb":{"@id":"https:\/\/www.oarcanjo.net\/site\/profecia-na-igreja\/#breadcrumb"},"inLanguage":"pt-BR","potentialAction":[{"@type":"ReadAction","target":["https:\/\/www.oarcanjo.net\/site\/profecia-na-igreja\/"]}]},{"@type":"ImageObject","inLanguage":"pt-BR","@id":"https:\/\/www.oarcanjo.net\/site\/profecia-na-igreja\/#primaryimage","url":"http:\/\/www.paulus.com.br\/img\/img_livros\/9788534929899.jpg","contentUrl":"http:\/\/www.paulus.com.br\/img\/img_livros\/9788534929899.jpg"},{"@type":"BreadcrumbList","@id":"https:\/\/www.oarcanjo.net\/site\/profecia-na-igreja\/#breadcrumb","itemListElement":[{"@type":"ListItem","position":1,"name":"In\u00edcio","item":"https:\/\/www.oarcanjo.net\/site\/"},{"@type":"ListItem","position":2,"name":"Profecia na Igreja"}]},{"@type":"WebSite","@id":"https:\/\/www.oarcanjo.net\/site\/#website","url":"https:\/\/www.oarcanjo.net\/site\/","name":"O Arcanjo no ar","description":"Site da Par\u00f3quia S\u00e3o Miguel Arcanjo (Arquidiocese de SP)","publisher":{"@id":"https:\/\/www.oarcanjo.net\/site\/#organization"},"potentialAction":[{"@type":"SearchAction","target":{"@type":"EntryPoint","urlTemplate":"https:\/\/www.oarcanjo.net\/site\/?s={search_term_string}"},"query-input":{"@type":"PropertyValueSpecification","valueRequired":true,"valueName":"search_term_string"}}],"inLanguage":"pt-BR"},{"@type":"Organization","@id":"https:\/\/www.oarcanjo.net\/site\/#organization","name":"Par\u00f3quia S\u00e3o Miguel Arcanjo","url":"https:\/\/www.oarcanjo.net\/site\/","logo":{"@type":"ImageObject","inLanguage":"pt-BR","@id":"https:\/\/www.oarcanjo.net\/site\/#\/schema\/logo\/image\/","url":"https:\/\/www.oarcanjo.net\/site\/wp-content\/uploads\/LogoOArcanjo.png","contentUrl":"https:\/\/www.oarcanjo.net\/site\/wp-content\/uploads\/LogoOArcanjo.png","width":319,"height":99,"caption":"Par\u00f3quia S\u00e3o Miguel Arcanjo"},"image":{"@id":"https:\/\/www.oarcanjo.net\/site\/#\/schema\/logo\/image\/"},"sameAs":["https:\/\/www.facebook.com\/OArcanjoNoAr\/"]},{"@type":"Person","@id":"https:\/\/www.oarcanjo.net\/site\/#\/schema\/person\/d78ea01c648c91e29c364b516767079e","name":"julio","sameAs":["http:\/\/www.oarcanjo.net"]}]}},"publishpress_future_action":{"enabled":false,"date":"2026-05-08 20:59:50","action":"category","newStatus":"draft","terms":[],"taxonomy":"category"},"publishpress_future_workflow_manual_trigger":{"enabledWorkflows":[]},"_links":{"self":[{"href":"https:\/\/www.oarcanjo.net\/site\/wp-json\/wp\/v2\/posts\/2452"}],"collection":[{"href":"https:\/\/www.oarcanjo.net\/site\/wp-json\/wp\/v2\/posts"}],"about":[{"href":"https:\/\/www.oarcanjo.net\/site\/wp-json\/wp\/v2\/types\/post"}],"author":[{"embeddable":true,"href":"https:\/\/www.oarcanjo.net\/site\/wp-json\/wp\/v2\/users\/4"}],"replies":[{"embeddable":true,"href":"https:\/\/www.oarcanjo.net\/site\/wp-json\/wp\/v2\/comments?post=2452"}],"version-history":[{"count":0,"href":"https:\/\/www.oarcanjo.net\/site\/wp-json\/wp\/v2\/posts\/2452\/revisions"}],"wp:attachment":[{"href":"https:\/\/www.oarcanjo.net\/site\/wp-json\/wp\/v2\/media?parent=2452"}],"wp:term":[{"taxonomy":"category","embeddable":true,"href":"https:\/\/www.oarcanjo.net\/site\/wp-json\/wp\/v2\/categories?post=2452"},{"taxonomy":"post_tag","embeddable":true,"href":"https:\/\/www.oarcanjo.net\/site\/wp-json\/wp\/v2\/tags?post=2452"}],"curies":[{"name":"wp","href":"https:\/\/api.w.org\/{rel}","templated":true}]}}