
{"id":2454,"date":"2009-03-21T13:13:11","date_gmt":"2009-03-21T16:13:11","guid":{"rendered":"http:\/\/www.oarcanjo.net\/site\/?p=2454"},"modified":"2009-03-21T13:13:11","modified_gmt":"2009-03-21T16:13:11","slug":"fisico-frances-vence-premio-templeton-por-defender-a-importancia-da-dimensao-espiritual-da-vida","status":"publish","type":"post","link":"https:\/\/www.oarcanjo.net\/site\/fisico-frances-vence-premio-templeton-por-defender-a-importancia-da-dimensao-espiritual-da-vida\/","title":{"rendered":"F\u00edsico franc\u00eas vence Pr\u00eamio Templeton por defender a import\u00e2ncia da dimens\u00e3o espiritual da vida"},"content":{"rendered":"<p>O f\u00edsico e fil\u00f3sofo franc\u00eas Bernard d&#8217;Espagnat venceu o Pr\u00eamio Templeton 2009, considerado o maior pr\u00eamio do mundo concedido a uma \u00fanica pessoa, pelo seu trabalho ao afirmar a dimens\u00e3o espiritual da vida.<\/p>\n<p>A Funda\u00e7\u00e3o Templeton anunciou o pr\u00eamio de US$ 1,42 milh\u00f5es na sede da Organiza\u00e7\u00e3o das Na\u00e7\u00f5es Unidas para a Educa\u00e7\u00e3o, a Ci\u00eancia e a Cultura (Unesco) em Paris, no dia 16.<\/p>\n<p>Os organizadores do pr\u00eamio disseram que trabalho de d&#8217;Espagnat, 87 anos, com f\u00edsica qu\u00e2ntica revelou uma realidade al\u00e9m da ci\u00eancia que a espiritualidade e a arte podem ajudar a compreender.<\/p>\n<p>John Templeton Jr., presidente da Funda\u00e7\u00e3o criada por seu pai, falecido no ano passado, disse, durante a cerim\u00f4nia, que d&#8217;Espagnat &#8220;explorou o ilimitado, as aberturas que as novas descobertas cient\u00edficas oferecem de puro conhecimento e de quest\u00f5es que chegam ao verdadeiro cora\u00e7\u00e3o da nossa exist\u00eancia e da nossa humanidade&#8221;.<\/p>\n<p>Entre os vencedores anteriores, est\u00e3o o escritor russo Alexander Solzhenitsyn, o evangelista norte-americano Billy Graham e a irm\u00e3 albanesa Madre Teresa.<\/p>\n<p>D&#8217;Espagnat, um ex-f\u00edsico s\u00eanior do laborat\u00f3rio de part\u00edculas f\u00edsicas do Cern (Organiza\u00e7\u00e3o Europeia para a Pesquisa Nuclear), em Genebra, e professor em universidades francesas e norte-americanas, afirma em seu livro que a f\u00edsica qu\u00e2ntica moderna mostra que as realidades \u00faltimas n\u00e3o podem ser descritas.<\/p>\n<p>A f\u00edsica cl\u00e1ssica desenvolvida por Isaac Newton acredita que pode descrever o mundo por meio de leis da natureza que ela conhece ou ir\u00e1 descobrir. Mas a f\u00edsica qu\u00e2ntica mostra que as min\u00fasculas part\u00edculas contestam essa l\u00f3gica e podem agir de formas indeterminadas.<\/p>\n<p>D&#8217;Espagnat afirma isso com rela\u00e7\u00e3o a uma realidade al\u00e9m do alcance da ci\u00eancia emp\u00edrica. As intui\u00e7\u00f5es humanas na arte, na m\u00fasica e na espiritualidade podem nos levar mais perto dessa realidade \u00faltima, mas ela \u00e9 t\u00e3o misteriosa que n\u00e3o podemos conceb\u00ea-la ou mesmo imagin\u00e1-la.<\/p>\n<p>&#8220;O mist\u00e9rio n\u00e3o \u00e9 algo negativo que deva ser eliminado&#8221;, disse. &#8220;Pelo contr\u00e1rio, \u00e9 um dos elementos constitutivos do ser&#8221;.<\/p>\n<p><strong>Sobre f\u00edsica e filosofia<\/strong><\/p>\n<p>Em uma entrevista, d&#8217;Espagnat afirmou \u00e0 Reuters que cresceu como cat\u00f3lico, mas n\u00e3o praticou nenhuma religi\u00e3o e se considera um espiritualista.<\/p>\n<p>Algumas descobertas desconcertantes da f\u00edsica qu\u00e2ntica o levaram a acreditar que toda a cria\u00e7\u00e3o tem uma totalidade e uma inter-rela\u00e7\u00e3o que muitos cientistas deixam de lado ao tentar dividir os problemas em suas partes componentes em vez de entend\u00ea-los em contextos mais amplos.<\/p>\n<p>Um deles \u00e9 o entrela\u00e7amento, a forma em que duas part\u00edculas subat\u00f4micas permanecem unidas mesmo que se afastem para muito longe uma da outra, de forma que os experimentos com uma ir\u00e3o automaticamente afetar a outra, sem qualquer comunica\u00e7\u00e3o aparente entre elas.<\/p>\n<p>Essa vis\u00e3o colide com o ponto de vista materialista largamente difundido entre os cientistas.<\/p>\n<p>&#8220;Os materialistas consideram que somos explicados inteiramente pela combina\u00e7\u00e3o de pequenas coisas pouco interessantes como os \u00e1tomos e os quarks&#8221;, disse d&#8217;Espagnat, cujo \u00faltimo livro em ingl\u00eas \u2013 &#8220;On Physics and Philosophy&#8221; \u2013 foi publicado em 2006 [Em portugu\u00eas, seu \u00fanico livro publicado \u00e9 &#8220;Olhares sobre a mat\u00e9ria&#8221; (Editora Instituto Piaget, 1994)].<\/p>\n<p>&#8220;Eu acredito que n\u00f3s, enfim, viemos de uma entidade superior \u00e0 qual devemos rever\u00eancia e respeito e \u00e0 qual n\u00e3o dever\u00edamos tentar nos aproximar tentando conceitualiz\u00e1-la muito&#8221;, disse. &#8220;\u00c9 mais uma quest\u00e3o de sentimento&#8221;.<\/p>\n<p>Mesmo que n\u00e3o possam ser testadas, as intui\u00e7\u00f5es que as pessoas t\u00eam quando s\u00e3o movidas pela grande arte ou por cren\u00e7as espirituais ajudam-nas a compreender um pouco mais das realidades \u00faltimas, disse d&#8217;Espagnat.<\/p>\n<p>&#8220;Quando ouvem uma boa m\u00fasica, as pessoas que gostam de m\u00fasica cl\u00e1ssica t\u00eam a impress\u00e3o de que chegam a alguma realidade dessa forma. Por que n\u00e3o?&#8221;, questionou.<\/p>\n<div id=\"themify_builder_content-2454\" data-postid=\"2454\" class=\"themify_builder_content themify_builder_content-2454 themify_builder themify_builder_front\">\n\t<\/div>\n<!-- \/themify_builder_content -->","protected":false},"excerpt":{"rendered":"<p>O f\u00edsico e fil\u00f3sofo franc\u00eas Bernard d&#8217;Espagnat venceu o Pr\u00eamio Templeton 2009, considerado o maior pr\u00eamio do mundo concedido a uma \u00fanica pessoa, pelo seu trabalho ao afirmar a dimens\u00e3o espiritual da vida. A Funda\u00e7\u00e3o Templeton anunciou o pr\u00eamio de US$ 1,42 milh\u00f5es na sede da Organiza\u00e7\u00e3o das Na\u00e7\u00f5es Unidas para a Educa\u00e7\u00e3o, a Ci\u00eancia [&hellip;]<\/p>\n","protected":false},"author":5,"featured_media":0,"comment_status":"open","ping_status":"open","sticky":false,"template":"","format":"standard","meta":{"ngg_post_thumbnail":0,"footnotes":""},"categories":[8],"tags":[76,355,380,379],"yoast_head":"<!-- This site is optimized with the Yoast SEO plugin v23.5 - https:\/\/yoast.com\/wordpress\/plugins\/seo\/ -->\n<title>F\u00edsico franc\u00eas vence Pr\u00eamio Templeton por defender a import\u00e2ncia da dimens\u00e3o espiritual da vida  - O Arcanjo no ar<\/title>\n<meta name=\"robots\" content=\"index, follow, max-snippet:-1, max-image-preview:large, max-video-preview:-1\" \/>\n<link rel=\"canonical\" href=\"https:\/\/www.oarcanjo.net\/site\/fisico-frances-vence-premio-templeton-por-defender-a-importancia-da-dimensao-espiritual-da-vida\/\" \/>\n<meta property=\"og:locale\" content=\"pt_BR\" \/>\n<meta property=\"og:type\" content=\"article\" \/>\n<meta property=\"og:title\" content=\"F\u00edsico franc\u00eas vence Pr\u00eamio Templeton por defender a import\u00e2ncia da dimens\u00e3o espiritual da vida  - O Arcanjo no ar\" \/>\n<meta property=\"og:description\" content=\"O f\u00edsico e fil\u00f3sofo franc\u00eas Bernard d&#8217;Espagnat venceu o Pr\u00eamio Templeton 2009, considerado o maior pr\u00eamio do mundo concedido a uma \u00fanica pessoa, pelo seu trabalho ao afirmar a dimens\u00e3o espiritual da vida. A Funda\u00e7\u00e3o Templeton anunciou o pr\u00eamio de US$ 1,42 milh\u00f5es na sede da Organiza\u00e7\u00e3o das Na\u00e7\u00f5es Unidas para a Educa\u00e7\u00e3o, a Ci\u00eancia [&hellip;]\" \/>\n<meta property=\"og:url\" content=\"https:\/\/www.oarcanjo.net\/site\/fisico-frances-vence-premio-templeton-por-defender-a-importancia-da-dimensao-espiritual-da-vida\/\" \/>\n<meta property=\"og:site_name\" content=\"O Arcanjo no ar\" \/>\n<meta property=\"article:publisher\" content=\"https:\/\/www.facebook.com\/OArcanjoNoAr\/\" \/>\n<meta property=\"article:published_time\" content=\"2009-03-21T16:13:11+00:00\" \/>\n<meta property=\"og:image\" content=\"https:\/\/www.oarcanjo.net\/site\/wp-content\/uploads\/logo-o-arcanjo-no-ar-facebook.png\" \/>\n\t<meta property=\"og:image:width\" content=\"300\" \/>\n\t<meta property=\"og:image:height\" content=\"300\" \/>\n\t<meta property=\"og:image:type\" content=\"image\/png\" \/>\n<meta name=\"author\" content=\"editor\" \/>\n<meta name=\"twitter:card\" content=\"summary_large_image\" \/>\n<meta name=\"twitter:label1\" content=\"Escrito por\" \/>\n\t<meta name=\"twitter:data1\" content=\"editor\" \/>\n\t<meta name=\"twitter:label2\" content=\"Est. tempo de leitura\" \/>\n\t<meta name=\"twitter:data2\" content=\"3 minutos\" \/>\n<script type=\"application\/ld+json\" class=\"yoast-schema-graph\">{\"@context\":\"https:\/\/schema.org\",\"@graph\":[{\"@type\":\"Article\",\"@id\":\"https:\/\/www.oarcanjo.net\/site\/fisico-frances-vence-premio-templeton-por-defender-a-importancia-da-dimensao-espiritual-da-vida\/#article\",\"isPartOf\":{\"@id\":\"https:\/\/www.oarcanjo.net\/site\/fisico-frances-vence-premio-templeton-por-defender-a-importancia-da-dimensao-espiritual-da-vida\/\"},\"author\":{\"name\":\"editor\",\"@id\":\"https:\/\/www.oarcanjo.net\/site\/#\/schema\/person\/f7024d007863202483a31326673a0838\"},\"headline\":\"F\u00edsico franc\u00eas vence Pr\u00eamio Templeton por defender a import\u00e2ncia da dimens\u00e3o espiritual da vida\",\"datePublished\":\"2009-03-21T16:13:11+00:00\",\"dateModified\":\"2009-03-21T16:13:11+00:00\",\"mainEntityOfPage\":{\"@id\":\"https:\/\/www.oarcanjo.net\/site\/fisico-frances-vence-premio-templeton-por-defender-a-importancia-da-dimensao-espiritual-da-vida\/\"},\"wordCount\":677,\"commentCount\":2,\"publisher\":{\"@id\":\"https:\/\/www.oarcanjo.net\/site\/#organization\"},\"keywords\":[\"espiritualidade\",\"filosofia\",\"f\u00edsica qu\u00e2ntica\",\"Pr\u00eamio Templeton\"],\"articleSection\":[\"Not\u00edcias\"],\"inLanguage\":\"pt-BR\",\"potentialAction\":[{\"@type\":\"CommentAction\",\"name\":\"Comment\",\"target\":[\"https:\/\/www.oarcanjo.net\/site\/fisico-frances-vence-premio-templeton-por-defender-a-importancia-da-dimensao-espiritual-da-vida\/#respond\"]}]},{\"@type\":\"WebPage\",\"@id\":\"https:\/\/www.oarcanjo.net\/site\/fisico-frances-vence-premio-templeton-por-defender-a-importancia-da-dimensao-espiritual-da-vida\/\",\"url\":\"https:\/\/www.oarcanjo.net\/site\/fisico-frances-vence-premio-templeton-por-defender-a-importancia-da-dimensao-espiritual-da-vida\/\",\"name\":\"F\u00edsico franc\u00eas vence Pr\u00eamio Templeton por defender a import\u00e2ncia da dimens\u00e3o espiritual da vida - O Arcanjo no ar\",\"isPartOf\":{\"@id\":\"https:\/\/www.oarcanjo.net\/site\/#website\"},\"datePublished\":\"2009-03-21T16:13:11+00:00\",\"dateModified\":\"2009-03-21T16:13:11+00:00\",\"breadcrumb\":{\"@id\":\"https:\/\/www.oarcanjo.net\/site\/fisico-frances-vence-premio-templeton-por-defender-a-importancia-da-dimensao-espiritual-da-vida\/#breadcrumb\"},\"inLanguage\":\"pt-BR\",\"potentialAction\":[{\"@type\":\"ReadAction\",\"target\":[\"https:\/\/www.oarcanjo.net\/site\/fisico-frances-vence-premio-templeton-por-defender-a-importancia-da-dimensao-espiritual-da-vida\/\"]}]},{\"@type\":\"BreadcrumbList\",\"@id\":\"https:\/\/www.oarcanjo.net\/site\/fisico-frances-vence-premio-templeton-por-defender-a-importancia-da-dimensao-espiritual-da-vida\/#breadcrumb\",\"itemListElement\":[{\"@type\":\"ListItem\",\"position\":1,\"name\":\"In\u00edcio\",\"item\":\"https:\/\/www.oarcanjo.net\/site\/\"},{\"@type\":\"ListItem\",\"position\":2,\"name\":\"F\u00edsico franc\u00eas vence Pr\u00eamio Templeton por defender a import\u00e2ncia da dimens\u00e3o espiritual da vida\"}]},{\"@type\":\"WebSite\",\"@id\":\"https:\/\/www.oarcanjo.net\/site\/#website\",\"url\":\"https:\/\/www.oarcanjo.net\/site\/\",\"name\":\"O Arcanjo no ar\",\"description\":\"Site da Par\u00f3quia S\u00e3o Miguel Arcanjo (Arquidiocese de SP)\",\"publisher\":{\"@id\":\"https:\/\/www.oarcanjo.net\/site\/#organization\"},\"potentialAction\":[{\"@type\":\"SearchAction\",\"target\":{\"@type\":\"EntryPoint\",\"urlTemplate\":\"https:\/\/www.oarcanjo.net\/site\/?s={search_term_string}\"},\"query-input\":{\"@type\":\"PropertyValueSpecification\",\"valueRequired\":true,\"valueName\":\"search_term_string\"}}],\"inLanguage\":\"pt-BR\"},{\"@type\":\"Organization\",\"@id\":\"https:\/\/www.oarcanjo.net\/site\/#organization\",\"name\":\"Par\u00f3quia S\u00e3o Miguel Arcanjo\",\"url\":\"https:\/\/www.oarcanjo.net\/site\/\",\"logo\":{\"@type\":\"ImageObject\",\"inLanguage\":\"pt-BR\",\"@id\":\"https:\/\/www.oarcanjo.net\/site\/#\/schema\/logo\/image\/\",\"url\":\"https:\/\/www.oarcanjo.net\/site\/wp-content\/uploads\/LogoOArcanjo.png\",\"contentUrl\":\"https:\/\/www.oarcanjo.net\/site\/wp-content\/uploads\/LogoOArcanjo.png\",\"width\":319,\"height\":99,\"caption\":\"Par\u00f3quia S\u00e3o Miguel Arcanjo\"},\"image\":{\"@id\":\"https:\/\/www.oarcanjo.net\/site\/#\/schema\/logo\/image\/\"},\"sameAs\":[\"https:\/\/www.facebook.com\/OArcanjoNoAr\/\"]},{\"@type\":\"Person\",\"@id\":\"https:\/\/www.oarcanjo.net\/site\/#\/schema\/person\/f7024d007863202483a31326673a0838\",\"name\":\"editor\",\"sameAs\":[\"http:\/\/www.oarcanjo.net\"]}]}<\/script>\n<!-- \/ Yoast SEO plugin. -->","yoast_head_json":{"title":"F\u00edsico franc\u00eas vence Pr\u00eamio Templeton por defender a import\u00e2ncia da dimens\u00e3o espiritual da vida  - O Arcanjo no ar","robots":{"index":"index","follow":"follow","max-snippet":"max-snippet:-1","max-image-preview":"max-image-preview:large","max-video-preview":"max-video-preview:-1"},"canonical":"https:\/\/www.oarcanjo.net\/site\/fisico-frances-vence-premio-templeton-por-defender-a-importancia-da-dimensao-espiritual-da-vida\/","og_locale":"pt_BR","og_type":"article","og_title":"F\u00edsico franc\u00eas vence Pr\u00eamio Templeton por defender a import\u00e2ncia da dimens\u00e3o espiritual da vida  - O Arcanjo no ar","og_description":"O f\u00edsico e fil\u00f3sofo franc\u00eas Bernard d&#8217;Espagnat venceu o Pr\u00eamio Templeton 2009, considerado o maior pr\u00eamio do mundo concedido a uma \u00fanica pessoa, pelo seu trabalho ao afirmar a dimens\u00e3o espiritual da vida. A Funda\u00e7\u00e3o Templeton anunciou o pr\u00eamio de US$ 1,42 milh\u00f5es na sede da Organiza\u00e7\u00e3o das Na\u00e7\u00f5es Unidas para a Educa\u00e7\u00e3o, a Ci\u00eancia [&hellip;]","og_url":"https:\/\/www.oarcanjo.net\/site\/fisico-frances-vence-premio-templeton-por-defender-a-importancia-da-dimensao-espiritual-da-vida\/","og_site_name":"O Arcanjo no ar","article_publisher":"https:\/\/www.facebook.com\/OArcanjoNoAr\/","article_published_time":"2009-03-21T16:13:11+00:00","og_image":[{"width":300,"height":300,"url":"https:\/\/www.oarcanjo.net\/site\/wp-content\/uploads\/logo-o-arcanjo-no-ar-facebook.png","type":"image\/png"}],"author":"editor","twitter_card":"summary_large_image","twitter_misc":{"Escrito por":"editor","Est. tempo de leitura":"3 minutos"},"schema":{"@context":"https:\/\/schema.org","@graph":[{"@type":"Article","@id":"https:\/\/www.oarcanjo.net\/site\/fisico-frances-vence-premio-templeton-por-defender-a-importancia-da-dimensao-espiritual-da-vida\/#article","isPartOf":{"@id":"https:\/\/www.oarcanjo.net\/site\/fisico-frances-vence-premio-templeton-por-defender-a-importancia-da-dimensao-espiritual-da-vida\/"},"author":{"name":"editor","@id":"https:\/\/www.oarcanjo.net\/site\/#\/schema\/person\/f7024d007863202483a31326673a0838"},"headline":"F\u00edsico franc\u00eas vence Pr\u00eamio Templeton por defender a import\u00e2ncia da dimens\u00e3o espiritual da vida","datePublished":"2009-03-21T16:13:11+00:00","dateModified":"2009-03-21T16:13:11+00:00","mainEntityOfPage":{"@id":"https:\/\/www.oarcanjo.net\/site\/fisico-frances-vence-premio-templeton-por-defender-a-importancia-da-dimensao-espiritual-da-vida\/"},"wordCount":677,"commentCount":2,"publisher":{"@id":"https:\/\/www.oarcanjo.net\/site\/#organization"},"keywords":["espiritualidade","filosofia","f\u00edsica qu\u00e2ntica","Pr\u00eamio Templeton"],"articleSection":["Not\u00edcias"],"inLanguage":"pt-BR","potentialAction":[{"@type":"CommentAction","name":"Comment","target":["https:\/\/www.oarcanjo.net\/site\/fisico-frances-vence-premio-templeton-por-defender-a-importancia-da-dimensao-espiritual-da-vida\/#respond"]}]},{"@type":"WebPage","@id":"https:\/\/www.oarcanjo.net\/site\/fisico-frances-vence-premio-templeton-por-defender-a-importancia-da-dimensao-espiritual-da-vida\/","url":"https:\/\/www.oarcanjo.net\/site\/fisico-frances-vence-premio-templeton-por-defender-a-importancia-da-dimensao-espiritual-da-vida\/","name":"F\u00edsico franc\u00eas vence Pr\u00eamio Templeton por defender a import\u00e2ncia da dimens\u00e3o espiritual da vida - O Arcanjo no ar","isPartOf":{"@id":"https:\/\/www.oarcanjo.net\/site\/#website"},"datePublished":"2009-03-21T16:13:11+00:00","dateModified":"2009-03-21T16:13:11+00:00","breadcrumb":{"@id":"https:\/\/www.oarcanjo.net\/site\/fisico-frances-vence-premio-templeton-por-defender-a-importancia-da-dimensao-espiritual-da-vida\/#breadcrumb"},"inLanguage":"pt-BR","potentialAction":[{"@type":"ReadAction","target":["https:\/\/www.oarcanjo.net\/site\/fisico-frances-vence-premio-templeton-por-defender-a-importancia-da-dimensao-espiritual-da-vida\/"]}]},{"@type":"BreadcrumbList","@id":"https:\/\/www.oarcanjo.net\/site\/fisico-frances-vence-premio-templeton-por-defender-a-importancia-da-dimensao-espiritual-da-vida\/#breadcrumb","itemListElement":[{"@type":"ListItem","position":1,"name":"In\u00edcio","item":"https:\/\/www.oarcanjo.net\/site\/"},{"@type":"ListItem","position":2,"name":"F\u00edsico franc\u00eas vence Pr\u00eamio Templeton por defender a import\u00e2ncia da dimens\u00e3o espiritual da vida"}]},{"@type":"WebSite","@id":"https:\/\/www.oarcanjo.net\/site\/#website","url":"https:\/\/www.oarcanjo.net\/site\/","name":"O Arcanjo no ar","description":"Site da Par\u00f3quia S\u00e3o Miguel Arcanjo (Arquidiocese de SP)","publisher":{"@id":"https:\/\/www.oarcanjo.net\/site\/#organization"},"potentialAction":[{"@type":"SearchAction","target":{"@type":"EntryPoint","urlTemplate":"https:\/\/www.oarcanjo.net\/site\/?s={search_term_string}"},"query-input":{"@type":"PropertyValueSpecification","valueRequired":true,"valueName":"search_term_string"}}],"inLanguage":"pt-BR"},{"@type":"Organization","@id":"https:\/\/www.oarcanjo.net\/site\/#organization","name":"Par\u00f3quia S\u00e3o Miguel Arcanjo","url":"https:\/\/www.oarcanjo.net\/site\/","logo":{"@type":"ImageObject","inLanguage":"pt-BR","@id":"https:\/\/www.oarcanjo.net\/site\/#\/schema\/logo\/image\/","url":"https:\/\/www.oarcanjo.net\/site\/wp-content\/uploads\/LogoOArcanjo.png","contentUrl":"https:\/\/www.oarcanjo.net\/site\/wp-content\/uploads\/LogoOArcanjo.png","width":319,"height":99,"caption":"Par\u00f3quia S\u00e3o Miguel Arcanjo"},"image":{"@id":"https:\/\/www.oarcanjo.net\/site\/#\/schema\/logo\/image\/"},"sameAs":["https:\/\/www.facebook.com\/OArcanjoNoAr\/"]},{"@type":"Person","@id":"https:\/\/www.oarcanjo.net\/site\/#\/schema\/person\/f7024d007863202483a31326673a0838","name":"editor","sameAs":["http:\/\/www.oarcanjo.net"]}]}},"publishpress_future_action":{"enabled":false,"date":"2026-05-08 21:10:16","action":"category","newStatus":"draft","terms":[],"taxonomy":"category"},"publishpress_future_workflow_manual_trigger":{"enabledWorkflows":[]},"_links":{"self":[{"href":"https:\/\/www.oarcanjo.net\/site\/wp-json\/wp\/v2\/posts\/2454"}],"collection":[{"href":"https:\/\/www.oarcanjo.net\/site\/wp-json\/wp\/v2\/posts"}],"about":[{"href":"https:\/\/www.oarcanjo.net\/site\/wp-json\/wp\/v2\/types\/post"}],"author":[{"embeddable":true,"href":"https:\/\/www.oarcanjo.net\/site\/wp-json\/wp\/v2\/users\/5"}],"replies":[{"embeddable":true,"href":"https:\/\/www.oarcanjo.net\/site\/wp-json\/wp\/v2\/comments?post=2454"}],"version-history":[{"count":0,"href":"https:\/\/www.oarcanjo.net\/site\/wp-json\/wp\/v2\/posts\/2454\/revisions"}],"wp:attachment":[{"href":"https:\/\/www.oarcanjo.net\/site\/wp-json\/wp\/v2\/media?parent=2454"}],"wp:term":[{"taxonomy":"category","embeddable":true,"href":"https:\/\/www.oarcanjo.net\/site\/wp-json\/wp\/v2\/categories?post=2454"},{"taxonomy":"post_tag","embeddable":true,"href":"https:\/\/www.oarcanjo.net\/site\/wp-json\/wp\/v2\/tags?post=2454"}],"curies":[{"name":"wp","href":"https:\/\/api.w.org\/{rel}","templated":true}]}}