
{"id":24551,"date":"2014-03-18T09:46:09","date_gmt":"2014-03-18T12:46:09","guid":{"rendered":"http:\/\/www.oarcanjo.net\/site\/?p=24551"},"modified":"2014-03-18T09:46:09","modified_gmt":"2014-03-18T12:46:09","slug":"quaresma-tempo-de-escutar-o-filho-amado","status":"publish","type":"post","link":"https:\/\/www.oarcanjo.net\/site\/quaresma-tempo-de-escutar-o-filho-amado\/","title":{"rendered":"Quaresma: tempo de escutar o Filho amado"},"content":{"rendered":"<p><em>Dom Edmar Peron<\/em><\/p>\n<p>Entre os poemas de Carlos Drummond de Andrade, um me chama a aten\u00e7\u00e3o: Procura da Poesia. O Poeta convida a penetrar \u201csurdamente no reino das palavras\u201d, pois nesse reino os poemas, \u00e0 espera de serem escritos, est\u00e3o paralisados, s\u00f3s e mudos. Nesse reino, \u00e9 preciso conviver com os poemas, ter paci\u00eancia, caso se mostrem obscuros, e esperar \u201cque cada um se realize e consume com seu poder de palavra e seu poder de sil\u00eancio\u201d.<\/p>\n<p>Ora essa postura livre, desarmada, perseverante, silenciosa requerida para quem deseja entrar no mundo da poesia, n\u00e3o seria necess\u00e1ria tamb\u00e9m para a pessoa que deseja entrar no mundo da Palavra, daquela inspirada por Deus e contida na B\u00edblia? Sim, e disso s\u00e3o testemunhas e exemplo: Jesus Cristo, Maria e os outros santos e as santas, bem como a tradi\u00e7\u00e3o da Igreja que nos ensina a leitura orante da Palavra de Deus (<em>Verbum Domini, <\/em>86-87).<\/p>\n<p>Os primeiros Domingos da Quaresma nos apresentam Jesus como modelo de quem penetrou \u201csurdamente no reino das palavras\u201d. Ele, no sil\u00eancio do deserto, entrou como habitante no mundo da Palavra de Deus, e dela tirou a for\u00e7a para vencer o dem\u00f4nio; tr\u00eas foram as tenta\u00e7\u00f5es, tr\u00eas vezes Jesus venceu-as com a Palavra, dizendo um texto das Escrituras (Mt 4,4.7.9). E porque Jesus entrou no mundo da Palavra, o Pai o apresenta como Aquele cuja palavra deve ser ouvida: \u201cEste \u00e9 o meu Filho amado. Escutem o que ele diz\u201d (17,5).<\/p>\n<p>Escutar a Palavra do Filho amado&#8230; Maria \u00e9 exemplo porque \u201cmeditava em seu cora\u00e7\u00e3o\u201d tudo o que se referia a Jesus, e igualmente suas palavras e a\u00e7\u00f5es (Lc 2,19.51). Os santos e as santas s\u00e3o exemplos tamb\u00e9m, pois, como nos diz Bento XVI, \u201cse deixaram plasmar pela Palavra de Deus, atrav\u00e9s da sua escuta, leitura e medita\u00e7\u00e3o ass\u00eddua\u201d (<em>Verbum Domini<\/em>, 48). Eles nos ensinam que \u00e9 pr\u00f3prio do crist\u00e3o \u201cconformar-se com o significado das palavras da Escritura, sem ousar tirar nem acrescentar seja o que for\u201d (S\u00e3o Bas\u00edlio Magno). Dizia Santa Teresa do Menino Jesus: \u201cApenas lan\u00e7o o olhar sobre o Evangelho, imediatamente respiro os perfumes da vida de Jesus e sei para onde correr\u201d.<\/p>\n<p>Sei que nos parece imposs\u00edvel a nossa gera\u00e7\u00e3o ficar um s\u00f3 instante sem falar ao celular ou sem estar conectado nas redes sociais, sem ouvir m\u00fasica (nem sempre de qualidade!) ou assistir tv&#8230; e sempre falando, claro! Mas fui aprendendo ao longo da vida que temos necessidade do recolhimento e do sil\u00eancio para crescermos como homens e mulheres, como gente de f\u00e9. Assim, deixemos crescer em nossos cora\u00e7\u00f5es um vivo amor pela leitura e medita\u00e7\u00e3o da Palavra de Deus. Reservemos um momento a cada dia, ainda que curto, para ler e meditar a Palavra de Deus. Cristo quer nos falar, falar voc\u00ea e a mim. Vivamos a Quaresma, preparando-nos para celebrar a P\u00e1scoa, dedicando-nos a uma \u201cescuta mais frequente da Palavra de Deus\u201d.<\/p>\n<div id=\"themify_builder_content-24551\" data-postid=\"24551\" class=\"themify_builder_content themify_builder_content-24551 themify_builder themify_builder_front\">\n\t<\/div>\n<!-- \/themify_builder_content -->","protected":false},"excerpt":{"rendered":"<p>Dom Edmar Peron Entre os poemas de Carlos Drummond de Andrade, um me chama a aten\u00e7\u00e3o: Procura da Poesia. O Poeta convida a penetrar \u201csurdamente no reino das palavras\u201d, pois nesse reino os poemas, \u00e0 espera de serem escritos, est\u00e3o paralisados, s\u00f3s e mudos. Nesse reino, \u00e9 preciso conviver com os poemas, ter paci\u00eancia, caso [&hellip;]<\/p>\n","protected":false},"author":5,"featured_media":0,"comment_status":"open","ping_status":"open","sticky":false,"template":"","format":"standard","meta":{"ngg_post_thumbnail":0,"footnotes":""},"categories":[9],"tags":[3024,3017,242,2879,227,2102],"yoast_head":"<!-- This site is optimized with the Yoast SEO plugin v23.5 - https:\/\/yoast.com\/wordpress\/plugins\/seo\/ -->\n<title>Quaresma: tempo de escutar o Filho amado - O Arcanjo no ar<\/title>\n<meta name=\"robots\" content=\"index, follow, max-snippet:-1, max-image-preview:large, max-video-preview:-1\" \/>\n<link rel=\"canonical\" href=\"https:\/\/www.oarcanjo.net\/site\/quaresma-tempo-de-escutar-o-filho-amado\/\" \/>\n<meta property=\"og:locale\" content=\"pt_BR\" \/>\n<meta property=\"og:type\" content=\"article\" \/>\n<meta property=\"og:title\" content=\"Quaresma: tempo de escutar o Filho amado - O Arcanjo no ar\" \/>\n<meta property=\"og:description\" content=\"Dom Edmar Peron Entre os poemas de Carlos Drummond de Andrade, um me chama a aten\u00e7\u00e3o: Procura da Poesia. O Poeta convida a penetrar \u201csurdamente no reino das palavras\u201d, pois nesse reino os poemas, \u00e0 espera de serem escritos, est\u00e3o paralisados, s\u00f3s e mudos. Nesse reino, \u00e9 preciso conviver com os poemas, ter paci\u00eancia, caso [&hellip;]\" \/>\n<meta property=\"og:url\" content=\"https:\/\/www.oarcanjo.net\/site\/quaresma-tempo-de-escutar-o-filho-amado\/\" \/>\n<meta property=\"og:site_name\" content=\"O Arcanjo no ar\" \/>\n<meta property=\"article:publisher\" content=\"https:\/\/www.facebook.com\/OArcanjoNoAr\/\" \/>\n<meta property=\"article:published_time\" content=\"2014-03-18T12:46:09+00:00\" \/>\n<meta property=\"og:image\" content=\"https:\/\/www.oarcanjo.net\/site\/wp-content\/uploads\/logo-o-arcanjo-no-ar-facebook.png\" \/>\n\t<meta property=\"og:image:width\" content=\"300\" \/>\n\t<meta property=\"og:image:height\" content=\"300\" \/>\n\t<meta property=\"og:image:type\" content=\"image\/png\" \/>\n<meta name=\"author\" content=\"editor\" \/>\n<meta name=\"twitter:card\" content=\"summary_large_image\" \/>\n<meta name=\"twitter:label1\" content=\"Escrito por\" \/>\n\t<meta name=\"twitter:data1\" content=\"editor\" \/>\n\t<meta name=\"twitter:label2\" content=\"Est. tempo de leitura\" \/>\n\t<meta name=\"twitter:data2\" content=\"3 minutos\" \/>\n<script type=\"application\/ld+json\" class=\"yoast-schema-graph\">{\"@context\":\"https:\/\/schema.org\",\"@graph\":[{\"@type\":\"Article\",\"@id\":\"https:\/\/www.oarcanjo.net\/site\/quaresma-tempo-de-escutar-o-filho-amado\/#article\",\"isPartOf\":{\"@id\":\"https:\/\/www.oarcanjo.net\/site\/quaresma-tempo-de-escutar-o-filho-amado\/\"},\"author\":{\"name\":\"editor\",\"@id\":\"https:\/\/www.oarcanjo.net\/site\/#\/schema\/person\/f7024d007863202483a31326673a0838\"},\"headline\":\"Quaresma: tempo de escutar o Filho amado\",\"datePublished\":\"2014-03-18T12:46:09+00:00\",\"dateModified\":\"2014-03-18T12:46:09+00:00\",\"mainEntityOfPage\":{\"@id\":\"https:\/\/www.oarcanjo.net\/site\/quaresma-tempo-de-escutar-o-filho-amado\/\"},\"wordCount\":513,\"commentCount\":0,\"publisher\":{\"@id\":\"https:\/\/www.oarcanjo.net\/site\/#organization\"},\"keywords\":[\"Filho\",\"Palavra\",\"P\u00e1scoa\",\"Prepara\u00e7\u00e3o\",\"Quaresma\",\"sil\u00eancio\"],\"articleSection\":[\"Reflex\u00f5es\"],\"inLanguage\":\"pt-BR\",\"potentialAction\":[{\"@type\":\"CommentAction\",\"name\":\"Comment\",\"target\":[\"https:\/\/www.oarcanjo.net\/site\/quaresma-tempo-de-escutar-o-filho-amado\/#respond\"]}]},{\"@type\":\"WebPage\",\"@id\":\"https:\/\/www.oarcanjo.net\/site\/quaresma-tempo-de-escutar-o-filho-amado\/\",\"url\":\"https:\/\/www.oarcanjo.net\/site\/quaresma-tempo-de-escutar-o-filho-amado\/\",\"name\":\"Quaresma: tempo de escutar o Filho amado - O Arcanjo no ar\",\"isPartOf\":{\"@id\":\"https:\/\/www.oarcanjo.net\/site\/#website\"},\"datePublished\":\"2014-03-18T12:46:09+00:00\",\"dateModified\":\"2014-03-18T12:46:09+00:00\",\"breadcrumb\":{\"@id\":\"https:\/\/www.oarcanjo.net\/site\/quaresma-tempo-de-escutar-o-filho-amado\/#breadcrumb\"},\"inLanguage\":\"pt-BR\",\"potentialAction\":[{\"@type\":\"ReadAction\",\"target\":[\"https:\/\/www.oarcanjo.net\/site\/quaresma-tempo-de-escutar-o-filho-amado\/\"]}]},{\"@type\":\"BreadcrumbList\",\"@id\":\"https:\/\/www.oarcanjo.net\/site\/quaresma-tempo-de-escutar-o-filho-amado\/#breadcrumb\",\"itemListElement\":[{\"@type\":\"ListItem\",\"position\":1,\"name\":\"In\u00edcio\",\"item\":\"https:\/\/www.oarcanjo.net\/site\/\"},{\"@type\":\"ListItem\",\"position\":2,\"name\":\"Quaresma: tempo de escutar o Filho amado\"}]},{\"@type\":\"WebSite\",\"@id\":\"https:\/\/www.oarcanjo.net\/site\/#website\",\"url\":\"https:\/\/www.oarcanjo.net\/site\/\",\"name\":\"O Arcanjo no ar\",\"description\":\"Site da Par\u00f3quia S\u00e3o Miguel Arcanjo (Arquidiocese de SP)\",\"publisher\":{\"@id\":\"https:\/\/www.oarcanjo.net\/site\/#organization\"},\"potentialAction\":[{\"@type\":\"SearchAction\",\"target\":{\"@type\":\"EntryPoint\",\"urlTemplate\":\"https:\/\/www.oarcanjo.net\/site\/?s={search_term_string}\"},\"query-input\":{\"@type\":\"PropertyValueSpecification\",\"valueRequired\":true,\"valueName\":\"search_term_string\"}}],\"inLanguage\":\"pt-BR\"},{\"@type\":\"Organization\",\"@id\":\"https:\/\/www.oarcanjo.net\/site\/#organization\",\"name\":\"Par\u00f3quia S\u00e3o Miguel Arcanjo\",\"url\":\"https:\/\/www.oarcanjo.net\/site\/\",\"logo\":{\"@type\":\"ImageObject\",\"inLanguage\":\"pt-BR\",\"@id\":\"https:\/\/www.oarcanjo.net\/site\/#\/schema\/logo\/image\/\",\"url\":\"https:\/\/www.oarcanjo.net\/site\/wp-content\/uploads\/LogoOArcanjo.png\",\"contentUrl\":\"https:\/\/www.oarcanjo.net\/site\/wp-content\/uploads\/LogoOArcanjo.png\",\"width\":319,\"height\":99,\"caption\":\"Par\u00f3quia S\u00e3o Miguel Arcanjo\"},\"image\":{\"@id\":\"https:\/\/www.oarcanjo.net\/site\/#\/schema\/logo\/image\/\"},\"sameAs\":[\"https:\/\/www.facebook.com\/OArcanjoNoAr\/\"]},{\"@type\":\"Person\",\"@id\":\"https:\/\/www.oarcanjo.net\/site\/#\/schema\/person\/f7024d007863202483a31326673a0838\",\"name\":\"editor\",\"sameAs\":[\"http:\/\/www.oarcanjo.net\"]}]}<\/script>\n<!-- \/ Yoast SEO plugin. -->","yoast_head_json":{"title":"Quaresma: tempo de escutar o Filho amado - O Arcanjo no ar","robots":{"index":"index","follow":"follow","max-snippet":"max-snippet:-1","max-image-preview":"max-image-preview:large","max-video-preview":"max-video-preview:-1"},"canonical":"https:\/\/www.oarcanjo.net\/site\/quaresma-tempo-de-escutar-o-filho-amado\/","og_locale":"pt_BR","og_type":"article","og_title":"Quaresma: tempo de escutar o Filho amado - O Arcanjo no ar","og_description":"Dom Edmar Peron Entre os poemas de Carlos Drummond de Andrade, um me chama a aten\u00e7\u00e3o: Procura da Poesia. O Poeta convida a penetrar \u201csurdamente no reino das palavras\u201d, pois nesse reino os poemas, \u00e0 espera de serem escritos, est\u00e3o paralisados, s\u00f3s e mudos. Nesse reino, \u00e9 preciso conviver com os poemas, ter paci\u00eancia, caso [&hellip;]","og_url":"https:\/\/www.oarcanjo.net\/site\/quaresma-tempo-de-escutar-o-filho-amado\/","og_site_name":"O Arcanjo no ar","article_publisher":"https:\/\/www.facebook.com\/OArcanjoNoAr\/","article_published_time":"2014-03-18T12:46:09+00:00","og_image":[{"width":300,"height":300,"url":"https:\/\/www.oarcanjo.net\/site\/wp-content\/uploads\/logo-o-arcanjo-no-ar-facebook.png","type":"image\/png"}],"author":"editor","twitter_card":"summary_large_image","twitter_misc":{"Escrito por":"editor","Est. tempo de leitura":"3 minutos"},"schema":{"@context":"https:\/\/schema.org","@graph":[{"@type":"Article","@id":"https:\/\/www.oarcanjo.net\/site\/quaresma-tempo-de-escutar-o-filho-amado\/#article","isPartOf":{"@id":"https:\/\/www.oarcanjo.net\/site\/quaresma-tempo-de-escutar-o-filho-amado\/"},"author":{"name":"editor","@id":"https:\/\/www.oarcanjo.net\/site\/#\/schema\/person\/f7024d007863202483a31326673a0838"},"headline":"Quaresma: tempo de escutar o Filho amado","datePublished":"2014-03-18T12:46:09+00:00","dateModified":"2014-03-18T12:46:09+00:00","mainEntityOfPage":{"@id":"https:\/\/www.oarcanjo.net\/site\/quaresma-tempo-de-escutar-o-filho-amado\/"},"wordCount":513,"commentCount":0,"publisher":{"@id":"https:\/\/www.oarcanjo.net\/site\/#organization"},"keywords":["Filho","Palavra","P\u00e1scoa","Prepara\u00e7\u00e3o","Quaresma","sil\u00eancio"],"articleSection":["Reflex\u00f5es"],"inLanguage":"pt-BR","potentialAction":[{"@type":"CommentAction","name":"Comment","target":["https:\/\/www.oarcanjo.net\/site\/quaresma-tempo-de-escutar-o-filho-amado\/#respond"]}]},{"@type":"WebPage","@id":"https:\/\/www.oarcanjo.net\/site\/quaresma-tempo-de-escutar-o-filho-amado\/","url":"https:\/\/www.oarcanjo.net\/site\/quaresma-tempo-de-escutar-o-filho-amado\/","name":"Quaresma: tempo de escutar o Filho amado - O Arcanjo no ar","isPartOf":{"@id":"https:\/\/www.oarcanjo.net\/site\/#website"},"datePublished":"2014-03-18T12:46:09+00:00","dateModified":"2014-03-18T12:46:09+00:00","breadcrumb":{"@id":"https:\/\/www.oarcanjo.net\/site\/quaresma-tempo-de-escutar-o-filho-amado\/#breadcrumb"},"inLanguage":"pt-BR","potentialAction":[{"@type":"ReadAction","target":["https:\/\/www.oarcanjo.net\/site\/quaresma-tempo-de-escutar-o-filho-amado\/"]}]},{"@type":"BreadcrumbList","@id":"https:\/\/www.oarcanjo.net\/site\/quaresma-tempo-de-escutar-o-filho-amado\/#breadcrumb","itemListElement":[{"@type":"ListItem","position":1,"name":"In\u00edcio","item":"https:\/\/www.oarcanjo.net\/site\/"},{"@type":"ListItem","position":2,"name":"Quaresma: tempo de escutar o Filho amado"}]},{"@type":"WebSite","@id":"https:\/\/www.oarcanjo.net\/site\/#website","url":"https:\/\/www.oarcanjo.net\/site\/","name":"O Arcanjo no ar","description":"Site da Par\u00f3quia S\u00e3o Miguel Arcanjo (Arquidiocese de SP)","publisher":{"@id":"https:\/\/www.oarcanjo.net\/site\/#organization"},"potentialAction":[{"@type":"SearchAction","target":{"@type":"EntryPoint","urlTemplate":"https:\/\/www.oarcanjo.net\/site\/?s={search_term_string}"},"query-input":{"@type":"PropertyValueSpecification","valueRequired":true,"valueName":"search_term_string"}}],"inLanguage":"pt-BR"},{"@type":"Organization","@id":"https:\/\/www.oarcanjo.net\/site\/#organization","name":"Par\u00f3quia S\u00e3o Miguel Arcanjo","url":"https:\/\/www.oarcanjo.net\/site\/","logo":{"@type":"ImageObject","inLanguage":"pt-BR","@id":"https:\/\/www.oarcanjo.net\/site\/#\/schema\/logo\/image\/","url":"https:\/\/www.oarcanjo.net\/site\/wp-content\/uploads\/LogoOArcanjo.png","contentUrl":"https:\/\/www.oarcanjo.net\/site\/wp-content\/uploads\/LogoOArcanjo.png","width":319,"height":99,"caption":"Par\u00f3quia S\u00e3o Miguel Arcanjo"},"image":{"@id":"https:\/\/www.oarcanjo.net\/site\/#\/schema\/logo\/image\/"},"sameAs":["https:\/\/www.facebook.com\/OArcanjoNoAr\/"]},{"@type":"Person","@id":"https:\/\/www.oarcanjo.net\/site\/#\/schema\/person\/f7024d007863202483a31326673a0838","name":"editor","sameAs":["http:\/\/www.oarcanjo.net"]}]}},"publishpress_future_action":{"enabled":false,"date":"2026-05-08 21:36:06","action":"category","newStatus":"draft","terms":[],"taxonomy":"category"},"publishpress_future_workflow_manual_trigger":{"enabledWorkflows":[]},"_links":{"self":[{"href":"https:\/\/www.oarcanjo.net\/site\/wp-json\/wp\/v2\/posts\/24551"}],"collection":[{"href":"https:\/\/www.oarcanjo.net\/site\/wp-json\/wp\/v2\/posts"}],"about":[{"href":"https:\/\/www.oarcanjo.net\/site\/wp-json\/wp\/v2\/types\/post"}],"author":[{"embeddable":true,"href":"https:\/\/www.oarcanjo.net\/site\/wp-json\/wp\/v2\/users\/5"}],"replies":[{"embeddable":true,"href":"https:\/\/www.oarcanjo.net\/site\/wp-json\/wp\/v2\/comments?post=24551"}],"version-history":[{"count":0,"href":"https:\/\/www.oarcanjo.net\/site\/wp-json\/wp\/v2\/posts\/24551\/revisions"}],"wp:attachment":[{"href":"https:\/\/www.oarcanjo.net\/site\/wp-json\/wp\/v2\/media?parent=24551"}],"wp:term":[{"taxonomy":"category","embeddable":true,"href":"https:\/\/www.oarcanjo.net\/site\/wp-json\/wp\/v2\/categories?post=24551"},{"taxonomy":"post_tag","embeddable":true,"href":"https:\/\/www.oarcanjo.net\/site\/wp-json\/wp\/v2\/tags?post=24551"}],"curies":[{"name":"wp","href":"https:\/\/api.w.org\/{rel}","templated":true}]}}