
{"id":2456,"date":"2009-03-22T16:13:12","date_gmt":"2009-03-22T19:13:12","guid":{"rendered":"http:\/\/www.oarcanjo.net\/site\/?p=2456"},"modified":"2009-03-21T13:17:58","modified_gmt":"2009-03-21T16:17:58","slug":"el-salvador-d-oscar-romero-fmnl-mauricio-funes","status":"publish","type":"post","link":"https:\/\/www.oarcanjo.net\/site\/el-salvador-d-oscar-romero-fmnl-mauricio-funes\/","title":{"rendered":"El Salvador &#8211; D. Oscar Romero, FMNL, Mauricio Funes"},"content":{"rendered":"<p>Selvino Heck<\/p>\n<p>A hist\u00f3ria anda, sim. Primeiro de fevereiro de 1932: Agust\u00edn Farabundo Mart\u00ed Rodriguez \u00e9 fuzilado em El Salvador por for\u00e7as militares organizadas pelos EUA. 24 de mar\u00e7o de 1980: D. Oscar Romero, o bispo dos pobres, \u00e9 assassinado em El Salvador durante a celebra\u00e7\u00e3o. Abre-se a guerra civil no pa\u00eds e em 10 de outubro de 1980 surge a Frente Farabundo Mart\u00ed de Liberta\u00e7\u00e3o Nacional &#8211; FMLN, que s\u00f3 termina em 1992, com a transforma\u00e7\u00e3o da FMLN em partido institucional. 15 de mar\u00e7o de 2009, com o lema \u2018Nasce a Esperan\u00e7a\u2019, o jornalista Mauricio Funes, indicado pela FMLN, \u00e9 eleito presidente de El Salvador com 51% dos votos, depois de mais de 60 anos de luta clandestina das for\u00e7as populares e de esquerda e de 20 anos de hegemonia da direita conservadora. <\/p>\n<p>Em 1977, D. Romero disse: &#8220;A miss\u00e3o da Igreja \u00e9 identificar-se com os pobres&#8221;. 2009, o presidente eleito (casado com Vanda Pignato, brasileira, filiada do PT)  diz: &#8220;Neste dia, triunfou a cidadania que acreditou na esperan\u00e7a e venceu o medo. Esta \u00e9 uma vit\u00f3ria de todo o povo salvadorenho&#8221;; &#8220;Monsenhor Romero disse que a Igreja tinha uma op\u00e7\u00e3o preferencial pelos pobres. Isso eu farei: favorecer os pobres e os exclu\u00eddos.&#8221;<\/p>\n<p>Nestes momentos n\u00e3o h\u00e1 como escapar da celebra\u00e7\u00e3o da vit\u00f3ria, da alegria, da l\u00e1grima. Os dias n\u00e3o s\u00e3o todos igualmente tristes. Chora-se tamb\u00e9m de felicidade. A hist\u00f3ria n\u00e3o \u00e9 feita apenas de derrotas e derrotados.<\/p>\n<p>Os mais antigos lembram de Fidel, Che e Raul entrando em Havana em 1959, h\u00e1 50 anos, sob as b\u00ean\u00e7\u00e3os de Jos\u00e9 Mart\u00ed. Alguns um pouco mais novos acompanharam a chegada da Frente Sandinista de Liberta\u00e7\u00e3o Nacional em Man\u00e1gua em 1979, sob as b\u00ean\u00e7\u00e3os de Augusto C\u00e9sar Sandino. Outros tantos aprenderam a admirar a Frente Farabundo Mart\u00ed e sua luta pela liberta\u00e7\u00e3o de El Salvador, que agora chega ao governo com a vit\u00f3ria de Mauricio Funes, sob as b\u00ean\u00e7\u00e3os de Agust\u00edn Farabundo Mart\u00ed Rodriguez.<\/p>\n<p>Escreve Emir Sader: &#8220;Quando da posse de Fernando Lugo, presidente do Paraguai, em agosto de 2008, a revista \u2018The Economist\u2019 afirmou que, com a crise, aquele era o \u00faltimo presidente de esquerda a ser eleito. Com a chegada da crise, os temas centrais passariam a ser favor\u00e1veis \u00e0 direita &#8211; ajuste fiscal e viol\u00eancia.&#8221;<\/p>\n<p>Os or\u00e1culos dos s\u00e1bios neoliberais mais uma vez erraram em seus vatic\u00ednios. A direita perdeu em El Salvador. O presidente Lula, no encontro com o presidente Obama, pede o fim do embargo a Cuba, dizendo que os EUA, atrav\u00e9s de seu presidente, t\u00eam a obriga\u00e7\u00e3o de estabelecer uma nova rela\u00e7\u00e3o com a Am\u00e9rica Latina: &#8220;Uma rela\u00e7\u00e3o n\u00e3o como a Alian\u00e7a para o Progresso dos nos anos 60, nem uma pol\u00edtica de inger\u00eancia, mas uma rela\u00e7\u00e3o de parceria&#8221;. Sobre o embargo a Cuba, Lula afirmou: &#8220;N\u00e3o sei o que os cubanos querem, eu n\u00e3o falo por eles. Mas n\u00e3o existe, do ponto de vista pol\u00edtica, sociol\u00f3gico e da racionalidade humana, nada mais que impe\u00e7a o restabelecimento da rela\u00e7\u00e3o diplom\u00e1tica entre EUA e Cuba. N\u00e3o \u00e9 poss\u00edvel que a gente continue fazendo, no s\u00e9culo 21, pol\u00edtica com um olhar do que aconteceu no s\u00e9culo 20.&#8221;<\/p>\n<p>Evo Morales, presidente da Bol\u00edvia, publica um artigo no \u2018New York Times\u2019, com o t\u00edtulo: DEIXEM-ME MASCAR MINHA FOLHA DE COCA.  Diz Evo: &#8220;A folha da coca \u00e9 um importante s\u00edmbolo da hist\u00f3ria e da identidade das culturas ind\u00edgenas dos Andes. O costume de mascar folhas de coca existe na regi\u00e3o andina da Am\u00e9rica do Sul desde 3000 AC. Ele ajuda a mitigar a sensa\u00e7\u00e3o de fome, proporciona energia durante os longos dias de trabalho, ajuda a conter o enj\u00f4o da altitude e n\u00e3o causa nenhum dano \u00e0 sa\u00fade.&#8221; E o ind\u00edgena Evo mascou uma folha de coca \u00e0 frente da imprensa presente na reuni\u00e3o da Comiss\u00e3o da ONU para Drogas e Crime em Viena.<\/p>\n<p>A hist\u00f3ria anda, sim. Disse Rigoberta Mench\u00fa, guatemalteca, pr\u00eamio Nobel da Paz de 1992: &#8220;As elei\u00e7\u00f5es de El Salvador marcam uma nova pauta para a Am\u00e9rica Central e para a Am\u00e9rica Latina. H\u00e1 ordens que j\u00e1 est\u00e3o no passado, como a recusa \u00e0 mudan\u00e7a, quando precisamos de uma mudan\u00e7a.&#8221; E as palavras de Hugo Ch\u00e1vez: &#8220;Esta vit\u00f3ria consolida a corrente hist\u00f3rica que, na primeira d\u00e9cada do s\u00e9culo XXI, se levantou em toda a Am\u00e9rica Latina e no Caribe, e abre as portas a outros povos irm\u00e3os nos desafios que t\u00eam adiante.&#8221;<\/p>\n<p>A crise econ\u00f4mica internacional que afeta, especialmente os EUA, Europa e Jap\u00e3o, criada por eles, \u00e9 a oportunidade hist\u00f3rica de afirmar a soberania nacional e construir um projeto de desenvolvimento alternativo ao neoliberal e um projeto de sociedade alternativo ao capitalista.<\/p>\n<p>Disse o presidente Lula h\u00e1 poucos dias no Semin\u00e1rio Internacional sobre Desenvolvimento promovido pelo Conselho de Desenvolvimento Econ\u00f4mico e Social: &#8220;Um novo paradigma emerge em meio \u00e0s ru\u00ednas das finan\u00e7as desreguladas. Consolida-se rapidamente um novo idioma pol\u00edtico, que recupera e fortalece a luta por uma sociedade cada vez mais democr\u00e1tica e justa socialmente. A ideologia neoliberal do Estado m\u00ednimo experimenta o seu crep\u00fasculo. Emprego e oportunidade, sa\u00fade p\u00fablica e educa\u00e7\u00e3o de qualidade, inf\u00e2ncia amparada e velhice digna s\u00e3o as renovadas balizas do desenvolvimento. Permitam-me dizer-lhes &#8211; n\u00e3o sem um ponta de orgulho &#8211; que na Am\u00e9rica do Sul e em especial no Brasil, a partir de 2003, essas balizas conquistaram ampla legitimidade em todos os escrut\u00ednios a que foram submetidas nos \u00faltimos anos. N\u00e3o me pe\u00e7am para fazer com que os trabalhadores paguem a crise outra vez, arrochando sal\u00e1rio, n\u00e3o me pe\u00e7am porque estou convencido de que a nossa teoria estava correta. Quando diziam, neste Brasil, que a gente s\u00f3 poderia distribuir se o pa\u00eds crescesse, n\u00f3s ficamos esperando crescer 30 anos, e cresceu. Alguns poucos comeram e n\u00f3s ficamos sem nada. E a gente dizia: \u00e9 preciso distribuir para a gente garantir que a economia cres\u00e7a.&#8221; Lula terminou o discurso com a seguinte frase: &#8220;Qualquer pol\u00edtica econ\u00f4mica s\u00f3 ser\u00e1 s\u00e9ria se for subordinada \u00e0 produ\u00e7\u00e3o, \u00e0 gera\u00e7\u00e3o de empregos e \u00e0 distribui\u00e7\u00e3o de renda.&#8221;<\/p>\n<p>A Am\u00e9rica latina, finalmente, respira ares de democracia. A vontade popular soberana se espraia. A luta de Bol\u00edvar, de Jos\u00e9 Mart\u00ed, de Farabundo Mart\u00ed, Sandino, Che, tantos e tantos outros e outras n\u00e3o foi em v\u00e3o. Nem a nossa luta est\u00e1 sendo.<\/p>\n<div id=\"themify_builder_content-2456\" data-postid=\"2456\" class=\"themify_builder_content themify_builder_content-2456 themify_builder themify_builder_front\">\n\t<\/div>\n<!-- \/themify_builder_content -->","protected":false},"excerpt":{"rendered":"<p>Selvino Heck A hist\u00f3ria anda, sim. Primeiro de fevereiro de 1932: Agust\u00edn Farabundo Mart\u00ed Rodriguez \u00e9 fuzilado em El Salvador por for\u00e7as militares organizadas pelos EUA. 24 de mar\u00e7o de 1980: D. Oscar Romero, o bispo dos pobres, \u00e9 assassinado em El Salvador durante a celebra\u00e7\u00e3o. Abre-se a guerra civil no pa\u00eds e em 10 [&hellip;]<\/p>\n","protected":false},"author":5,"featured_media":0,"comment_status":"open","ping_status":"open","sticky":false,"template":"","format":"standard","meta":{"ngg_post_thumbnail":0,"footnotes":""},"categories":[9],"tags":[388,387,369,381,382,383,385,384,386],"yoast_head":"<!-- This site is optimized with the Yoast SEO plugin v23.5 - https:\/\/yoast.com\/wordpress\/plugins\/seo\/ -->\n<title>El Salvador - D. Oscar Romero, FMNL, Mauricio Funes - O Arcanjo no ar<\/title>\n<meta name=\"robots\" content=\"index, follow, max-snippet:-1, max-image-preview:large, max-video-preview:-1\" \/>\n<link rel=\"canonical\" href=\"https:\/\/www.oarcanjo.net\/site\/el-salvador-d-oscar-romero-fmnl-mauricio-funes\/\" \/>\n<meta property=\"og:locale\" content=\"pt_BR\" \/>\n<meta property=\"og:type\" content=\"article\" \/>\n<meta property=\"og:title\" content=\"El Salvador - D. Oscar Romero, FMNL, Mauricio Funes - O Arcanjo no ar\" \/>\n<meta property=\"og:description\" content=\"Selvino Heck A hist\u00f3ria anda, sim. Primeiro de fevereiro de 1932: Agust\u00edn Farabundo Mart\u00ed Rodriguez \u00e9 fuzilado em El Salvador por for\u00e7as militares organizadas pelos EUA. 24 de mar\u00e7o de 1980: D. Oscar Romero, o bispo dos pobres, \u00e9 assassinado em El Salvador durante a celebra\u00e7\u00e3o. Abre-se a guerra civil no pa\u00eds e em 10 [&hellip;]\" \/>\n<meta property=\"og:url\" content=\"https:\/\/www.oarcanjo.net\/site\/el-salvador-d-oscar-romero-fmnl-mauricio-funes\/\" \/>\n<meta property=\"og:site_name\" content=\"O Arcanjo no ar\" \/>\n<meta property=\"article:publisher\" content=\"https:\/\/www.facebook.com\/OArcanjoNoAr\/\" \/>\n<meta property=\"article:published_time\" content=\"2009-03-22T19:13:12+00:00\" \/>\n<meta property=\"article:modified_time\" content=\"2009-03-21T16:17:58+00:00\" \/>\n<meta property=\"og:image\" content=\"https:\/\/www.oarcanjo.net\/site\/wp-content\/uploads\/logo-o-arcanjo-no-ar-facebook.png\" \/>\n\t<meta property=\"og:image:width\" content=\"300\" \/>\n\t<meta property=\"og:image:height\" content=\"300\" \/>\n\t<meta property=\"og:image:type\" content=\"image\/png\" \/>\n<meta name=\"author\" content=\"editor\" \/>\n<meta name=\"twitter:card\" content=\"summary_large_image\" \/>\n<meta name=\"twitter:label1\" content=\"Escrito por\" \/>\n\t<meta name=\"twitter:data1\" content=\"editor\" \/>\n\t<meta name=\"twitter:label2\" content=\"Est. tempo de leitura\" \/>\n\t<meta name=\"twitter:data2\" content=\"6 minutos\" \/>\n<script type=\"application\/ld+json\" class=\"yoast-schema-graph\">{\"@context\":\"https:\/\/schema.org\",\"@graph\":[{\"@type\":\"Article\",\"@id\":\"https:\/\/www.oarcanjo.net\/site\/el-salvador-d-oscar-romero-fmnl-mauricio-funes\/#article\",\"isPartOf\":{\"@id\":\"https:\/\/www.oarcanjo.net\/site\/el-salvador-d-oscar-romero-fmnl-mauricio-funes\/\"},\"author\":{\"name\":\"editor\",\"@id\":\"https:\/\/www.oarcanjo.net\/site\/#\/schema\/person\/f7024d007863202483a31326673a0838\"},\"headline\":\"El Salvador &#8211; D. Oscar Romero, FMNL, Mauricio Funes\",\"datePublished\":\"2009-03-22T19:13:12+00:00\",\"dateModified\":\"2009-03-21T16:17:58+00:00\",\"mainEntityOfPage\":{\"@id\":\"https:\/\/www.oarcanjo.net\/site\/el-salvador-d-oscar-romero-fmnl-mauricio-funes\/\"},\"wordCount\":1136,\"commentCount\":0,\"publisher\":{\"@id\":\"https:\/\/www.oarcanjo.net\/site\/#organization\"},\"keywords\":[\"Am\u00e9rica Latina\",\"Bol\u00edvia\",\"Cuba\",\"D. Oscar Romero\",\"El Salvador\",\"FMLN\",\"Frente Sandinista\",\"Nicar\u00e1gua\",\"Paraguai\"],\"articleSection\":[\"Reflex\u00f5es\"],\"inLanguage\":\"pt-BR\",\"potentialAction\":[{\"@type\":\"CommentAction\",\"name\":\"Comment\",\"target\":[\"https:\/\/www.oarcanjo.net\/site\/el-salvador-d-oscar-romero-fmnl-mauricio-funes\/#respond\"]}]},{\"@type\":\"WebPage\",\"@id\":\"https:\/\/www.oarcanjo.net\/site\/el-salvador-d-oscar-romero-fmnl-mauricio-funes\/\",\"url\":\"https:\/\/www.oarcanjo.net\/site\/el-salvador-d-oscar-romero-fmnl-mauricio-funes\/\",\"name\":\"El Salvador - D. Oscar Romero, FMNL, Mauricio Funes - O Arcanjo no ar\",\"isPartOf\":{\"@id\":\"https:\/\/www.oarcanjo.net\/site\/#website\"},\"datePublished\":\"2009-03-22T19:13:12+00:00\",\"dateModified\":\"2009-03-21T16:17:58+00:00\",\"breadcrumb\":{\"@id\":\"https:\/\/www.oarcanjo.net\/site\/el-salvador-d-oscar-romero-fmnl-mauricio-funes\/#breadcrumb\"},\"inLanguage\":\"pt-BR\",\"potentialAction\":[{\"@type\":\"ReadAction\",\"target\":[\"https:\/\/www.oarcanjo.net\/site\/el-salvador-d-oscar-romero-fmnl-mauricio-funes\/\"]}]},{\"@type\":\"BreadcrumbList\",\"@id\":\"https:\/\/www.oarcanjo.net\/site\/el-salvador-d-oscar-romero-fmnl-mauricio-funes\/#breadcrumb\",\"itemListElement\":[{\"@type\":\"ListItem\",\"position\":1,\"name\":\"In\u00edcio\",\"item\":\"https:\/\/www.oarcanjo.net\/site\/\"},{\"@type\":\"ListItem\",\"position\":2,\"name\":\"El Salvador &#8211; D. Oscar Romero, FMNL, Mauricio Funes\"}]},{\"@type\":\"WebSite\",\"@id\":\"https:\/\/www.oarcanjo.net\/site\/#website\",\"url\":\"https:\/\/www.oarcanjo.net\/site\/\",\"name\":\"O Arcanjo no ar\",\"description\":\"Site da Par\u00f3quia S\u00e3o Miguel Arcanjo (Arquidiocese de SP)\",\"publisher\":{\"@id\":\"https:\/\/www.oarcanjo.net\/site\/#organization\"},\"potentialAction\":[{\"@type\":\"SearchAction\",\"target\":{\"@type\":\"EntryPoint\",\"urlTemplate\":\"https:\/\/www.oarcanjo.net\/site\/?s={search_term_string}\"},\"query-input\":{\"@type\":\"PropertyValueSpecification\",\"valueRequired\":true,\"valueName\":\"search_term_string\"}}],\"inLanguage\":\"pt-BR\"},{\"@type\":\"Organization\",\"@id\":\"https:\/\/www.oarcanjo.net\/site\/#organization\",\"name\":\"Par\u00f3quia S\u00e3o Miguel Arcanjo\",\"url\":\"https:\/\/www.oarcanjo.net\/site\/\",\"logo\":{\"@type\":\"ImageObject\",\"inLanguage\":\"pt-BR\",\"@id\":\"https:\/\/www.oarcanjo.net\/site\/#\/schema\/logo\/image\/\",\"url\":\"https:\/\/www.oarcanjo.net\/site\/wp-content\/uploads\/LogoOArcanjo.png\",\"contentUrl\":\"https:\/\/www.oarcanjo.net\/site\/wp-content\/uploads\/LogoOArcanjo.png\",\"width\":319,\"height\":99,\"caption\":\"Par\u00f3quia S\u00e3o Miguel Arcanjo\"},\"image\":{\"@id\":\"https:\/\/www.oarcanjo.net\/site\/#\/schema\/logo\/image\/\"},\"sameAs\":[\"https:\/\/www.facebook.com\/OArcanjoNoAr\/\"]},{\"@type\":\"Person\",\"@id\":\"https:\/\/www.oarcanjo.net\/site\/#\/schema\/person\/f7024d007863202483a31326673a0838\",\"name\":\"editor\",\"sameAs\":[\"http:\/\/www.oarcanjo.net\"]}]}<\/script>\n<!-- \/ Yoast SEO plugin. -->","yoast_head_json":{"title":"El Salvador - D. Oscar Romero, FMNL, Mauricio Funes - O Arcanjo no ar","robots":{"index":"index","follow":"follow","max-snippet":"max-snippet:-1","max-image-preview":"max-image-preview:large","max-video-preview":"max-video-preview:-1"},"canonical":"https:\/\/www.oarcanjo.net\/site\/el-salvador-d-oscar-romero-fmnl-mauricio-funes\/","og_locale":"pt_BR","og_type":"article","og_title":"El Salvador - D. Oscar Romero, FMNL, Mauricio Funes - O Arcanjo no ar","og_description":"Selvino Heck A hist\u00f3ria anda, sim. Primeiro de fevereiro de 1932: Agust\u00edn Farabundo Mart\u00ed Rodriguez \u00e9 fuzilado em El Salvador por for\u00e7as militares organizadas pelos EUA. 24 de mar\u00e7o de 1980: D. Oscar Romero, o bispo dos pobres, \u00e9 assassinado em El Salvador durante a celebra\u00e7\u00e3o. Abre-se a guerra civil no pa\u00eds e em 10 [&hellip;]","og_url":"https:\/\/www.oarcanjo.net\/site\/el-salvador-d-oscar-romero-fmnl-mauricio-funes\/","og_site_name":"O Arcanjo no ar","article_publisher":"https:\/\/www.facebook.com\/OArcanjoNoAr\/","article_published_time":"2009-03-22T19:13:12+00:00","article_modified_time":"2009-03-21T16:17:58+00:00","og_image":[{"width":300,"height":300,"url":"https:\/\/www.oarcanjo.net\/site\/wp-content\/uploads\/logo-o-arcanjo-no-ar-facebook.png","type":"image\/png"}],"author":"editor","twitter_card":"summary_large_image","twitter_misc":{"Escrito por":"editor","Est. tempo de leitura":"6 minutos"},"schema":{"@context":"https:\/\/schema.org","@graph":[{"@type":"Article","@id":"https:\/\/www.oarcanjo.net\/site\/el-salvador-d-oscar-romero-fmnl-mauricio-funes\/#article","isPartOf":{"@id":"https:\/\/www.oarcanjo.net\/site\/el-salvador-d-oscar-romero-fmnl-mauricio-funes\/"},"author":{"name":"editor","@id":"https:\/\/www.oarcanjo.net\/site\/#\/schema\/person\/f7024d007863202483a31326673a0838"},"headline":"El Salvador &#8211; D. Oscar Romero, FMNL, Mauricio Funes","datePublished":"2009-03-22T19:13:12+00:00","dateModified":"2009-03-21T16:17:58+00:00","mainEntityOfPage":{"@id":"https:\/\/www.oarcanjo.net\/site\/el-salvador-d-oscar-romero-fmnl-mauricio-funes\/"},"wordCount":1136,"commentCount":0,"publisher":{"@id":"https:\/\/www.oarcanjo.net\/site\/#organization"},"keywords":["Am\u00e9rica Latina","Bol\u00edvia","Cuba","D. Oscar Romero","El Salvador","FMLN","Frente Sandinista","Nicar\u00e1gua","Paraguai"],"articleSection":["Reflex\u00f5es"],"inLanguage":"pt-BR","potentialAction":[{"@type":"CommentAction","name":"Comment","target":["https:\/\/www.oarcanjo.net\/site\/el-salvador-d-oscar-romero-fmnl-mauricio-funes\/#respond"]}]},{"@type":"WebPage","@id":"https:\/\/www.oarcanjo.net\/site\/el-salvador-d-oscar-romero-fmnl-mauricio-funes\/","url":"https:\/\/www.oarcanjo.net\/site\/el-salvador-d-oscar-romero-fmnl-mauricio-funes\/","name":"El Salvador - D. Oscar Romero, FMNL, Mauricio Funes - O Arcanjo no ar","isPartOf":{"@id":"https:\/\/www.oarcanjo.net\/site\/#website"},"datePublished":"2009-03-22T19:13:12+00:00","dateModified":"2009-03-21T16:17:58+00:00","breadcrumb":{"@id":"https:\/\/www.oarcanjo.net\/site\/el-salvador-d-oscar-romero-fmnl-mauricio-funes\/#breadcrumb"},"inLanguage":"pt-BR","potentialAction":[{"@type":"ReadAction","target":["https:\/\/www.oarcanjo.net\/site\/el-salvador-d-oscar-romero-fmnl-mauricio-funes\/"]}]},{"@type":"BreadcrumbList","@id":"https:\/\/www.oarcanjo.net\/site\/el-salvador-d-oscar-romero-fmnl-mauricio-funes\/#breadcrumb","itemListElement":[{"@type":"ListItem","position":1,"name":"In\u00edcio","item":"https:\/\/www.oarcanjo.net\/site\/"},{"@type":"ListItem","position":2,"name":"El Salvador &#8211; D. Oscar Romero, FMNL, Mauricio Funes"}]},{"@type":"WebSite","@id":"https:\/\/www.oarcanjo.net\/site\/#website","url":"https:\/\/www.oarcanjo.net\/site\/","name":"O Arcanjo no ar","description":"Site da Par\u00f3quia S\u00e3o Miguel Arcanjo (Arquidiocese de SP)","publisher":{"@id":"https:\/\/www.oarcanjo.net\/site\/#organization"},"potentialAction":[{"@type":"SearchAction","target":{"@type":"EntryPoint","urlTemplate":"https:\/\/www.oarcanjo.net\/site\/?s={search_term_string}"},"query-input":{"@type":"PropertyValueSpecification","valueRequired":true,"valueName":"search_term_string"}}],"inLanguage":"pt-BR"},{"@type":"Organization","@id":"https:\/\/www.oarcanjo.net\/site\/#organization","name":"Par\u00f3quia S\u00e3o Miguel Arcanjo","url":"https:\/\/www.oarcanjo.net\/site\/","logo":{"@type":"ImageObject","inLanguage":"pt-BR","@id":"https:\/\/www.oarcanjo.net\/site\/#\/schema\/logo\/image\/","url":"https:\/\/www.oarcanjo.net\/site\/wp-content\/uploads\/LogoOArcanjo.png","contentUrl":"https:\/\/www.oarcanjo.net\/site\/wp-content\/uploads\/LogoOArcanjo.png","width":319,"height":99,"caption":"Par\u00f3quia S\u00e3o Miguel Arcanjo"},"image":{"@id":"https:\/\/www.oarcanjo.net\/site\/#\/schema\/logo\/image\/"},"sameAs":["https:\/\/www.facebook.com\/OArcanjoNoAr\/"]},{"@type":"Person","@id":"https:\/\/www.oarcanjo.net\/site\/#\/schema\/person\/f7024d007863202483a31326673a0838","name":"editor","sameAs":["http:\/\/www.oarcanjo.net"]}]}},"publishpress_future_action":{"enabled":false,"date":"2026-05-07 12:45:09","action":"category","newStatus":"draft","terms":[],"taxonomy":"category"},"publishpress_future_workflow_manual_trigger":{"enabledWorkflows":[]},"_links":{"self":[{"href":"https:\/\/www.oarcanjo.net\/site\/wp-json\/wp\/v2\/posts\/2456"}],"collection":[{"href":"https:\/\/www.oarcanjo.net\/site\/wp-json\/wp\/v2\/posts"}],"about":[{"href":"https:\/\/www.oarcanjo.net\/site\/wp-json\/wp\/v2\/types\/post"}],"author":[{"embeddable":true,"href":"https:\/\/www.oarcanjo.net\/site\/wp-json\/wp\/v2\/users\/5"}],"replies":[{"embeddable":true,"href":"https:\/\/www.oarcanjo.net\/site\/wp-json\/wp\/v2\/comments?post=2456"}],"version-history":[{"count":0,"href":"https:\/\/www.oarcanjo.net\/site\/wp-json\/wp\/v2\/posts\/2456\/revisions"}],"wp:attachment":[{"href":"https:\/\/www.oarcanjo.net\/site\/wp-json\/wp\/v2\/media?parent=2456"}],"wp:term":[{"taxonomy":"category","embeddable":true,"href":"https:\/\/www.oarcanjo.net\/site\/wp-json\/wp\/v2\/categories?post=2456"},{"taxonomy":"post_tag","embeddable":true,"href":"https:\/\/www.oarcanjo.net\/site\/wp-json\/wp\/v2\/tags?post=2456"}],"curies":[{"name":"wp","href":"https:\/\/api.w.org\/{rel}","templated":true}]}}