
{"id":24618,"date":"2014-03-23T21:36:18","date_gmt":"2014-03-24T00:36:18","guid":{"rendered":"http:\/\/www.oarcanjo.net\/site\/?p=24618"},"modified":"2014-03-23T21:36:18","modified_gmt":"2014-03-24T00:36:18","slug":"jose-de-anchieta-sera-proclamado-santo-dia-2-de-abril","status":"publish","type":"post","link":"https:\/\/www.oarcanjo.net\/site\/jose-de-anchieta-sera-proclamado-santo-dia-2-de-abril\/","title":{"rendered":"Jos\u00e9 de Anchieta ser\u00e1 proclamado santo dia 2 de abril"},"content":{"rendered":"<p>O beato Jos\u00e9 de Anchieta ser\u00e1 proclamado santo por decreto do Papa Francisco no pr\u00f3ximo dia 2 de abril. \u00c0s 14h, hor\u00e1rio de Bras\u00edlia, as igrejas de S\u00e3o Paulo repicar\u00e3o os sinos para comemorar. Anchieta \u00e9 um dos fundadores da cidade. Veja mais detalhes nos avisos da semana, come\u00e7ando com a mem\u00f3ria de Dom Oscar Romero, arcebispo de San Salvador, em El Salvador, assassinado h\u00e1 34 anos e que tamb\u00e9m pode se tornar santo:<\/p>\n<p><iframe loading=\"lazy\" frameborder=\"0\" height=\"315\" src=\"\/\/www.youtube.com\/embed\/w9ZO12FDa4I?rel=0\" width=\"560\"><\/iframe><\/p>\n<p>Grava\u00e7\u00e3o realizada na missa das 18h na igreja S\u00e3o Miguel Arcanjo.<\/p>\n<div id=\"themify_builder_content-24618\" data-postid=\"24618\" class=\"themify_builder_content themify_builder_content-24618 themify_builder themify_builder_front\">\n\t<\/div>\n<!-- \/themify_builder_content -->","protected":false},"excerpt":{"rendered":"<p>O beato Jos\u00e9 de Anchieta ser\u00e1 proclamado santo por decreto do Papa Francisco no pr\u00f3ximo dia 2 de abril. \u00c0s 14h, hor\u00e1rio de Bras\u00edlia, as igrejas de S\u00e3o Paulo repicar\u00e3o os sinos para comemorar. Anchieta \u00e9 um dos fundadores da cidade. Veja mais detalhes nos avisos da semana, come\u00e7ando com a mem\u00f3ria de Dom Oscar [&hellip;]<\/p>\n","protected":false},"author":5,"featured_media":0,"comment_status":"open","ping_status":"open","sticky":false,"template":"","format":"standard","meta":{"ngg_post_thumbnail":0,"footnotes":""},"categories":[476,8],"tags":[388,382,788,1244,2433],"yoast_head":"<!-- This site is optimized with the Yoast SEO plugin v23.5 - https:\/\/yoast.com\/wordpress\/plugins\/seo\/ -->\n<title>Jos\u00e9 de Anchieta ser\u00e1 proclamado santo dia 2 de abril - O Arcanjo no ar<\/title>\n<meta name=\"robots\" content=\"index, follow, max-snippet:-1, max-image-preview:large, max-video-preview:-1\" \/>\n<link rel=\"canonical\" href=\"https:\/\/www.oarcanjo.net\/site\/jose-de-anchieta-sera-proclamado-santo-dia-2-de-abril\/\" \/>\n<meta property=\"og:locale\" content=\"pt_BR\" \/>\n<meta property=\"og:type\" content=\"article\" \/>\n<meta property=\"og:title\" content=\"Jos\u00e9 de Anchieta ser\u00e1 proclamado santo dia 2 de abril - O Arcanjo no ar\" \/>\n<meta property=\"og:description\" content=\"O beato Jos\u00e9 de Anchieta ser\u00e1 proclamado santo por decreto do Papa Francisco no pr\u00f3ximo dia 2 de abril. \u00c0s 14h, hor\u00e1rio de Bras\u00edlia, as igrejas de S\u00e3o Paulo repicar\u00e3o os sinos para comemorar. Anchieta \u00e9 um dos fundadores da cidade. Veja mais detalhes nos avisos da semana, come\u00e7ando com a mem\u00f3ria de Dom Oscar [&hellip;]\" \/>\n<meta property=\"og:url\" content=\"https:\/\/www.oarcanjo.net\/site\/jose-de-anchieta-sera-proclamado-santo-dia-2-de-abril\/\" \/>\n<meta property=\"og:site_name\" content=\"O Arcanjo no ar\" \/>\n<meta property=\"article:publisher\" content=\"https:\/\/www.facebook.com\/OArcanjoNoAr\/\" \/>\n<meta property=\"article:published_time\" content=\"2014-03-24T00:36:18+00:00\" \/>\n<meta property=\"og:image\" content=\"https:\/\/www.oarcanjo.net\/site\/wp-content\/uploads\/logo-o-arcanjo-no-ar-facebook.png\" \/>\n\t<meta property=\"og:image:width\" content=\"300\" \/>\n\t<meta property=\"og:image:height\" content=\"300\" \/>\n\t<meta property=\"og:image:type\" content=\"image\/png\" \/>\n<meta name=\"author\" content=\"editor\" \/>\n<meta name=\"twitter:card\" content=\"summary_large_image\" \/>\n<meta name=\"twitter:label1\" content=\"Escrito por\" \/>\n\t<meta name=\"twitter:data1\" content=\"editor\" \/>\n<script type=\"application\/ld+json\" class=\"yoast-schema-graph\">{\"@context\":\"https:\/\/schema.org\",\"@graph\":[{\"@type\":\"Article\",\"@id\":\"https:\/\/www.oarcanjo.net\/site\/jose-de-anchieta-sera-proclamado-santo-dia-2-de-abril\/#article\",\"isPartOf\":{\"@id\":\"https:\/\/www.oarcanjo.net\/site\/jose-de-anchieta-sera-proclamado-santo-dia-2-de-abril\/\"},\"author\":{\"name\":\"editor\",\"@id\":\"https:\/\/www.oarcanjo.net\/site\/#\/schema\/person\/f7024d007863202483a31326673a0838\"},\"headline\":\"Jos\u00e9 de Anchieta ser\u00e1 proclamado santo dia 2 de abril\",\"datePublished\":\"2014-03-24T00:36:18+00:00\",\"dateModified\":\"2014-03-24T00:36:18+00:00\",\"mainEntityOfPage\":{\"@id\":\"https:\/\/www.oarcanjo.net\/site\/jose-de-anchieta-sera-proclamado-santo-dia-2-de-abril\/\"},\"wordCount\":101,\"commentCount\":1,\"publisher\":{\"@id\":\"https:\/\/www.oarcanjo.net\/site\/#organization\"},\"keywords\":[\"Am\u00e9rica Latina\",\"El Salvador\",\"Jos\u00e9 de Anchieta\",\"Oscar Romero\",\"Papa Francisco\"],\"articleSection\":[\"Avisos\",\"Not\u00edcias\"],\"inLanguage\":\"pt-BR\",\"potentialAction\":[{\"@type\":\"CommentAction\",\"name\":\"Comment\",\"target\":[\"https:\/\/www.oarcanjo.net\/site\/jose-de-anchieta-sera-proclamado-santo-dia-2-de-abril\/#respond\"]}]},{\"@type\":\"WebPage\",\"@id\":\"https:\/\/www.oarcanjo.net\/site\/jose-de-anchieta-sera-proclamado-santo-dia-2-de-abril\/\",\"url\":\"https:\/\/www.oarcanjo.net\/site\/jose-de-anchieta-sera-proclamado-santo-dia-2-de-abril\/\",\"name\":\"Jos\u00e9 de Anchieta ser\u00e1 proclamado santo dia 2 de abril - O Arcanjo no ar\",\"isPartOf\":{\"@id\":\"https:\/\/www.oarcanjo.net\/site\/#website\"},\"datePublished\":\"2014-03-24T00:36:18+00:00\",\"dateModified\":\"2014-03-24T00:36:18+00:00\",\"breadcrumb\":{\"@id\":\"https:\/\/www.oarcanjo.net\/site\/jose-de-anchieta-sera-proclamado-santo-dia-2-de-abril\/#breadcrumb\"},\"inLanguage\":\"pt-BR\",\"potentialAction\":[{\"@type\":\"ReadAction\",\"target\":[\"https:\/\/www.oarcanjo.net\/site\/jose-de-anchieta-sera-proclamado-santo-dia-2-de-abril\/\"]}]},{\"@type\":\"BreadcrumbList\",\"@id\":\"https:\/\/www.oarcanjo.net\/site\/jose-de-anchieta-sera-proclamado-santo-dia-2-de-abril\/#breadcrumb\",\"itemListElement\":[{\"@type\":\"ListItem\",\"position\":1,\"name\":\"In\u00edcio\",\"item\":\"https:\/\/www.oarcanjo.net\/site\/\"},{\"@type\":\"ListItem\",\"position\":2,\"name\":\"Jos\u00e9 de Anchieta ser\u00e1 proclamado santo dia 2 de abril\"}]},{\"@type\":\"WebSite\",\"@id\":\"https:\/\/www.oarcanjo.net\/site\/#website\",\"url\":\"https:\/\/www.oarcanjo.net\/site\/\",\"name\":\"O Arcanjo no ar\",\"description\":\"Site da Par\u00f3quia S\u00e3o Miguel Arcanjo (Arquidiocese de SP)\",\"publisher\":{\"@id\":\"https:\/\/www.oarcanjo.net\/site\/#organization\"},\"potentialAction\":[{\"@type\":\"SearchAction\",\"target\":{\"@type\":\"EntryPoint\",\"urlTemplate\":\"https:\/\/www.oarcanjo.net\/site\/?s={search_term_string}\"},\"query-input\":{\"@type\":\"PropertyValueSpecification\",\"valueRequired\":true,\"valueName\":\"search_term_string\"}}],\"inLanguage\":\"pt-BR\"},{\"@type\":\"Organization\",\"@id\":\"https:\/\/www.oarcanjo.net\/site\/#organization\",\"name\":\"Par\u00f3quia S\u00e3o Miguel Arcanjo\",\"url\":\"https:\/\/www.oarcanjo.net\/site\/\",\"logo\":{\"@type\":\"ImageObject\",\"inLanguage\":\"pt-BR\",\"@id\":\"https:\/\/www.oarcanjo.net\/site\/#\/schema\/logo\/image\/\",\"url\":\"https:\/\/www.oarcanjo.net\/site\/wp-content\/uploads\/LogoOArcanjo.png\",\"contentUrl\":\"https:\/\/www.oarcanjo.net\/site\/wp-content\/uploads\/LogoOArcanjo.png\",\"width\":319,\"height\":99,\"caption\":\"Par\u00f3quia S\u00e3o Miguel Arcanjo\"},\"image\":{\"@id\":\"https:\/\/www.oarcanjo.net\/site\/#\/schema\/logo\/image\/\"},\"sameAs\":[\"https:\/\/www.facebook.com\/OArcanjoNoAr\/\"]},{\"@type\":\"Person\",\"@id\":\"https:\/\/www.oarcanjo.net\/site\/#\/schema\/person\/f7024d007863202483a31326673a0838\",\"name\":\"editor\",\"sameAs\":[\"http:\/\/www.oarcanjo.net\"]}]}<\/script>\n<!-- \/ Yoast SEO plugin. -->","yoast_head_json":{"title":"Jos\u00e9 de Anchieta ser\u00e1 proclamado santo dia 2 de abril - O Arcanjo no ar","robots":{"index":"index","follow":"follow","max-snippet":"max-snippet:-1","max-image-preview":"max-image-preview:large","max-video-preview":"max-video-preview:-1"},"canonical":"https:\/\/www.oarcanjo.net\/site\/jose-de-anchieta-sera-proclamado-santo-dia-2-de-abril\/","og_locale":"pt_BR","og_type":"article","og_title":"Jos\u00e9 de Anchieta ser\u00e1 proclamado santo dia 2 de abril - O Arcanjo no ar","og_description":"O beato Jos\u00e9 de Anchieta ser\u00e1 proclamado santo por decreto do Papa Francisco no pr\u00f3ximo dia 2 de abril. \u00c0s 14h, hor\u00e1rio de Bras\u00edlia, as igrejas de S\u00e3o Paulo repicar\u00e3o os sinos para comemorar. Anchieta \u00e9 um dos fundadores da cidade. Veja mais detalhes nos avisos da semana, come\u00e7ando com a mem\u00f3ria de Dom Oscar [&hellip;]","og_url":"https:\/\/www.oarcanjo.net\/site\/jose-de-anchieta-sera-proclamado-santo-dia-2-de-abril\/","og_site_name":"O Arcanjo no ar","article_publisher":"https:\/\/www.facebook.com\/OArcanjoNoAr\/","article_published_time":"2014-03-24T00:36:18+00:00","og_image":[{"width":300,"height":300,"url":"https:\/\/www.oarcanjo.net\/site\/wp-content\/uploads\/logo-o-arcanjo-no-ar-facebook.png","type":"image\/png"}],"author":"editor","twitter_card":"summary_large_image","twitter_misc":{"Escrito por":"editor"},"schema":{"@context":"https:\/\/schema.org","@graph":[{"@type":"Article","@id":"https:\/\/www.oarcanjo.net\/site\/jose-de-anchieta-sera-proclamado-santo-dia-2-de-abril\/#article","isPartOf":{"@id":"https:\/\/www.oarcanjo.net\/site\/jose-de-anchieta-sera-proclamado-santo-dia-2-de-abril\/"},"author":{"name":"editor","@id":"https:\/\/www.oarcanjo.net\/site\/#\/schema\/person\/f7024d007863202483a31326673a0838"},"headline":"Jos\u00e9 de Anchieta ser\u00e1 proclamado santo dia 2 de abril","datePublished":"2014-03-24T00:36:18+00:00","dateModified":"2014-03-24T00:36:18+00:00","mainEntityOfPage":{"@id":"https:\/\/www.oarcanjo.net\/site\/jose-de-anchieta-sera-proclamado-santo-dia-2-de-abril\/"},"wordCount":101,"commentCount":1,"publisher":{"@id":"https:\/\/www.oarcanjo.net\/site\/#organization"},"keywords":["Am\u00e9rica Latina","El Salvador","Jos\u00e9 de Anchieta","Oscar Romero","Papa Francisco"],"articleSection":["Avisos","Not\u00edcias"],"inLanguage":"pt-BR","potentialAction":[{"@type":"CommentAction","name":"Comment","target":["https:\/\/www.oarcanjo.net\/site\/jose-de-anchieta-sera-proclamado-santo-dia-2-de-abril\/#respond"]}]},{"@type":"WebPage","@id":"https:\/\/www.oarcanjo.net\/site\/jose-de-anchieta-sera-proclamado-santo-dia-2-de-abril\/","url":"https:\/\/www.oarcanjo.net\/site\/jose-de-anchieta-sera-proclamado-santo-dia-2-de-abril\/","name":"Jos\u00e9 de Anchieta ser\u00e1 proclamado santo dia 2 de abril - O Arcanjo no ar","isPartOf":{"@id":"https:\/\/www.oarcanjo.net\/site\/#website"},"datePublished":"2014-03-24T00:36:18+00:00","dateModified":"2014-03-24T00:36:18+00:00","breadcrumb":{"@id":"https:\/\/www.oarcanjo.net\/site\/jose-de-anchieta-sera-proclamado-santo-dia-2-de-abril\/#breadcrumb"},"inLanguage":"pt-BR","potentialAction":[{"@type":"ReadAction","target":["https:\/\/www.oarcanjo.net\/site\/jose-de-anchieta-sera-proclamado-santo-dia-2-de-abril\/"]}]},{"@type":"BreadcrumbList","@id":"https:\/\/www.oarcanjo.net\/site\/jose-de-anchieta-sera-proclamado-santo-dia-2-de-abril\/#breadcrumb","itemListElement":[{"@type":"ListItem","position":1,"name":"In\u00edcio","item":"https:\/\/www.oarcanjo.net\/site\/"},{"@type":"ListItem","position":2,"name":"Jos\u00e9 de Anchieta ser\u00e1 proclamado santo dia 2 de abril"}]},{"@type":"WebSite","@id":"https:\/\/www.oarcanjo.net\/site\/#website","url":"https:\/\/www.oarcanjo.net\/site\/","name":"O Arcanjo no ar","description":"Site da Par\u00f3quia S\u00e3o Miguel Arcanjo (Arquidiocese de SP)","publisher":{"@id":"https:\/\/www.oarcanjo.net\/site\/#organization"},"potentialAction":[{"@type":"SearchAction","target":{"@type":"EntryPoint","urlTemplate":"https:\/\/www.oarcanjo.net\/site\/?s={search_term_string}"},"query-input":{"@type":"PropertyValueSpecification","valueRequired":true,"valueName":"search_term_string"}}],"inLanguage":"pt-BR"},{"@type":"Organization","@id":"https:\/\/www.oarcanjo.net\/site\/#organization","name":"Par\u00f3quia S\u00e3o Miguel Arcanjo","url":"https:\/\/www.oarcanjo.net\/site\/","logo":{"@type":"ImageObject","inLanguage":"pt-BR","@id":"https:\/\/www.oarcanjo.net\/site\/#\/schema\/logo\/image\/","url":"https:\/\/www.oarcanjo.net\/site\/wp-content\/uploads\/LogoOArcanjo.png","contentUrl":"https:\/\/www.oarcanjo.net\/site\/wp-content\/uploads\/LogoOArcanjo.png","width":319,"height":99,"caption":"Par\u00f3quia S\u00e3o Miguel Arcanjo"},"image":{"@id":"https:\/\/www.oarcanjo.net\/site\/#\/schema\/logo\/image\/"},"sameAs":["https:\/\/www.facebook.com\/OArcanjoNoAr\/"]},{"@type":"Person","@id":"https:\/\/www.oarcanjo.net\/site\/#\/schema\/person\/f7024d007863202483a31326673a0838","name":"editor","sameAs":["http:\/\/www.oarcanjo.net"]}]}},"publishpress_future_action":{"enabled":false,"date":"2026-05-07 06:04:06","action":"category","newStatus":"draft","terms":[],"taxonomy":"category"},"publishpress_future_workflow_manual_trigger":{"enabledWorkflows":[]},"_links":{"self":[{"href":"https:\/\/www.oarcanjo.net\/site\/wp-json\/wp\/v2\/posts\/24618"}],"collection":[{"href":"https:\/\/www.oarcanjo.net\/site\/wp-json\/wp\/v2\/posts"}],"about":[{"href":"https:\/\/www.oarcanjo.net\/site\/wp-json\/wp\/v2\/types\/post"}],"author":[{"embeddable":true,"href":"https:\/\/www.oarcanjo.net\/site\/wp-json\/wp\/v2\/users\/5"}],"replies":[{"embeddable":true,"href":"https:\/\/www.oarcanjo.net\/site\/wp-json\/wp\/v2\/comments?post=24618"}],"version-history":[{"count":0,"href":"https:\/\/www.oarcanjo.net\/site\/wp-json\/wp\/v2\/posts\/24618\/revisions"}],"wp:attachment":[{"href":"https:\/\/www.oarcanjo.net\/site\/wp-json\/wp\/v2\/media?parent=24618"}],"wp:term":[{"taxonomy":"category","embeddable":true,"href":"https:\/\/www.oarcanjo.net\/site\/wp-json\/wp\/v2\/categories?post=24618"},{"taxonomy":"post_tag","embeddable":true,"href":"https:\/\/www.oarcanjo.net\/site\/wp-json\/wp\/v2\/tags?post=24618"}],"curies":[{"name":"wp","href":"https:\/\/api.w.org\/{rel}","templated":true}]}}