
{"id":24652,"date":"2014-03-31T19:32:42","date_gmt":"2014-03-31T22:32:42","guid":{"rendered":"http:\/\/www.oarcanjo.net\/site\/?p=24652"},"modified":"2014-03-31T19:44:50","modified_gmt":"2014-03-31T22:44:50","slug":"pastoral-de-exequias-e-o-grupo-do-crisma","status":"publish","type":"post","link":"https:\/\/www.oarcanjo.net\/site\/pastoral-de-exequias-e-o-grupo-do-crisma\/","title":{"rendered":"Pastoral  de Ex\u00e9quias e o Grupo do Crisma"},"content":{"rendered":"<p style=\"text-align: justify;\"><span style=\"color: #000000; font-family: Calibri; font-size: medium;\">Na prepara\u00e7\u00e3o do Grupo \u00a0do \u00a0Crisma, a Pastoral\u00a0 de Ex\u00e9quias da Par\u00f3quia S\u00e3o Miguel, neste s\u00e1bado\u00a029\/03\/14,\u00a0promoveu palestra sobre as atividades no Cemit\u00e9rio da Quarta Parada. O Carlos Alberto Beatriz falou sobre a atua\u00e7\u00e3o da Pastoral, destacando a prepara\u00e7\u00e3o para o exerc\u00edcio desse minist\u00e9rio, os subs\u00eddios utilizados, a forma das celebra\u00e7\u00f5es, os cuidados dadas as especiais circunst\u00e2ncias do momento, os Evangelhos e leituras proclamadas, bem como as ora\u00e7\u00f5es e pedidos. O destaque e o aprofundamento no trecho da Sagrada Escritura que nos coloca a\u00a0 morte de L\u00e1zaro.<\/span><\/p>\n<p style=\"text-align: justify;\"><span style=\"color: #000000; font-family: Calibri; font-size: medium;\">A vida n\u00e3o \u00e9 tirada, mas transformada para a eternidade, afirma\u00e7\u00e3o cont\u00ednua da Pastoral. <\/span><\/p>\n<p style=\"text-align: justify;\"><span style=\"color: #000000; font-family: Calibri; font-size: medium;\">Na sequ\u00eancia, tamb\u00e9m foram abordados os aspectos de relev\u00e2ncia da Un\u00e7\u00e3o dos Enfermos e esse Sacramento na Carta de Thiago.<\/span><\/p>\n<p style=\"text-align: justify;\"><span style=\"color: #000000; font-family: Calibri; font-size: medium;\">Jovens atentos e ao final o carinho deles pelos temas tratados, como mostra a foto de Andr\u00e9 Graziano.<\/span><\/p>\n<p style=\"text-align: justify;\"><a href=\"http:\/\/www.oarcanjo.net\/site\/wp-content\/uploads\/20140329_155650.jpg\"><img loading=\"lazy\" decoding=\"async\" class=\"alignleft size-medium wp-image-24653\" alt=\"20140329_155650\" src=\"http:\/\/www.oarcanjo.net\/site\/wp-content\/uploads\/20140329_155650-300x224.jpg\" width=\"300\" height=\"224\" srcset=\"https:\/\/www.oarcanjo.net\/site\/wp-content\/uploads\/20140329_155650-300x224.jpg 300w, https:\/\/www.oarcanjo.net\/site\/wp-content\/uploads\/20140329_155650.jpg 575w\" sizes=\"(max-width: 300px) 100vw, 300px\" \/><\/a><\/p>\n<p style=\"text-align: justify;\">\n<div id=\"themify_builder_content-24652\" data-postid=\"24652\" class=\"themify_builder_content themify_builder_content-24652 themify_builder themify_builder_front\">\n\t<\/div>\n<!-- \/themify_builder_content -->","protected":false},"excerpt":{"rendered":"<p>Na prepara\u00e7\u00e3o do Grupo \u00a0do \u00a0Crisma, a Pastoral\u00a0 de Ex\u00e9quias da Par\u00f3quia S\u00e3o Miguel, neste s\u00e1bado\u00a029\/03\/14,\u00a0promoveu palestra sobre as atividades no Cemit\u00e9rio da Quarta Parada. O Carlos Alberto Beatriz falou sobre a atua\u00e7\u00e3o da Pastoral, destacando a prepara\u00e7\u00e3o para o exerc\u00edcio desse minist\u00e9rio, os subs\u00eddios utilizados, a forma das celebra\u00e7\u00f5es, os cuidados dadas as especiais [&hellip;]<\/p>\n","protected":false},"author":10,"featured_media":0,"comment_status":"open","ping_status":"open","sticky":false,"template":"","format":"standard","meta":{"ngg_post_thumbnail":0,"footnotes":""},"categories":[395,8],"tags":[],"yoast_head":"<!-- This site is optimized with the Yoast SEO plugin v23.5 - https:\/\/yoast.com\/wordpress\/plugins\/seo\/ -->\n<title>Pastoral de Ex\u00e9quias e o Grupo do Crisma - O Arcanjo no ar<\/title>\n<meta name=\"robots\" content=\"index, follow, max-snippet:-1, max-image-preview:large, max-video-preview:-1\" \/>\n<link rel=\"canonical\" href=\"https:\/\/www.oarcanjo.net\/site\/pastoral-de-exequias-e-o-grupo-do-crisma\/\" \/>\n<meta property=\"og:locale\" content=\"pt_BR\" \/>\n<meta property=\"og:type\" content=\"article\" \/>\n<meta property=\"og:title\" content=\"Pastoral de Ex\u00e9quias e o Grupo do Crisma - O Arcanjo no ar\" \/>\n<meta property=\"og:description\" content=\"Na prepara\u00e7\u00e3o do Grupo \u00a0do \u00a0Crisma, a Pastoral\u00a0 de Ex\u00e9quias da Par\u00f3quia S\u00e3o Miguel, neste s\u00e1bado\u00a029\/03\/14,\u00a0promoveu palestra sobre as atividades no Cemit\u00e9rio da Quarta Parada. O Carlos Alberto Beatriz falou sobre a atua\u00e7\u00e3o da Pastoral, destacando a prepara\u00e7\u00e3o para o exerc\u00edcio desse minist\u00e9rio, os subs\u00eddios utilizados, a forma das celebra\u00e7\u00f5es, os cuidados dadas as especiais [&hellip;]\" \/>\n<meta property=\"og:url\" content=\"https:\/\/www.oarcanjo.net\/site\/pastoral-de-exequias-e-o-grupo-do-crisma\/\" \/>\n<meta property=\"og:site_name\" content=\"O Arcanjo no ar\" \/>\n<meta property=\"article:publisher\" content=\"https:\/\/www.facebook.com\/OArcanjoNoAr\/\" \/>\n<meta property=\"article:published_time\" content=\"2014-03-31T22:32:42+00:00\" \/>\n<meta property=\"article:modified_time\" content=\"2014-03-31T22:44:50+00:00\" \/>\n<meta property=\"og:image\" content=\"http:\/\/www.oarcanjo.net\/site\/wp-content\/uploads\/20140329_155650-300x224.jpg\" \/>\n<meta name=\"author\" content=\"carlos\" \/>\n<meta name=\"twitter:card\" content=\"summary_large_image\" \/>\n<meta name=\"twitter:label1\" content=\"Escrito por\" \/>\n\t<meta name=\"twitter:data1\" content=\"carlos\" \/>\n\t<meta name=\"twitter:label2\" content=\"Est. tempo de leitura\" \/>\n\t<meta name=\"twitter:data2\" content=\"1 minuto\" \/>\n<script type=\"application\/ld+json\" class=\"yoast-schema-graph\">{\"@context\":\"https:\/\/schema.org\",\"@graph\":[{\"@type\":\"Article\",\"@id\":\"https:\/\/www.oarcanjo.net\/site\/pastoral-de-exequias-e-o-grupo-do-crisma\/#article\",\"isPartOf\":{\"@id\":\"https:\/\/www.oarcanjo.net\/site\/pastoral-de-exequias-e-o-grupo-do-crisma\/\"},\"author\":{\"name\":\"carlos\",\"@id\":\"https:\/\/www.oarcanjo.net\/site\/#\/schema\/person\/f7870e710d8c8c30673de3a0ac2e451d\"},\"headline\":\"Pastoral de Ex\u00e9quias e o Grupo do Crisma\",\"datePublished\":\"2014-03-31T22:32:42+00:00\",\"dateModified\":\"2014-03-31T22:44:50+00:00\",\"mainEntityOfPage\":{\"@id\":\"https:\/\/www.oarcanjo.net\/site\/pastoral-de-exequias-e-o-grupo-do-crisma\/\"},\"wordCount\":169,\"commentCount\":0,\"publisher\":{\"@id\":\"https:\/\/www.oarcanjo.net\/site\/#organization\"},\"image\":{\"@id\":\"https:\/\/www.oarcanjo.net\/site\/pastoral-de-exequias-e-o-grupo-do-crisma\/#primaryimage\"},\"thumbnailUrl\":\"http:\/\/www.oarcanjo.net\/site\/wp-content\/uploads\/20140329_155650-300x224.jpg\",\"articleSection\":[\"Jovens\",\"Not\u00edcias\"],\"inLanguage\":\"pt-BR\",\"potentialAction\":[{\"@type\":\"CommentAction\",\"name\":\"Comment\",\"target\":[\"https:\/\/www.oarcanjo.net\/site\/pastoral-de-exequias-e-o-grupo-do-crisma\/#respond\"]}]},{\"@type\":\"WebPage\",\"@id\":\"https:\/\/www.oarcanjo.net\/site\/pastoral-de-exequias-e-o-grupo-do-crisma\/\",\"url\":\"https:\/\/www.oarcanjo.net\/site\/pastoral-de-exequias-e-o-grupo-do-crisma\/\",\"name\":\"Pastoral de Ex\u00e9quias e o Grupo do Crisma - O Arcanjo no ar\",\"isPartOf\":{\"@id\":\"https:\/\/www.oarcanjo.net\/site\/#website\"},\"primaryImageOfPage\":{\"@id\":\"https:\/\/www.oarcanjo.net\/site\/pastoral-de-exequias-e-o-grupo-do-crisma\/#primaryimage\"},\"image\":{\"@id\":\"https:\/\/www.oarcanjo.net\/site\/pastoral-de-exequias-e-o-grupo-do-crisma\/#primaryimage\"},\"thumbnailUrl\":\"http:\/\/www.oarcanjo.net\/site\/wp-content\/uploads\/20140329_155650-300x224.jpg\",\"datePublished\":\"2014-03-31T22:32:42+00:00\",\"dateModified\":\"2014-03-31T22:44:50+00:00\",\"breadcrumb\":{\"@id\":\"https:\/\/www.oarcanjo.net\/site\/pastoral-de-exequias-e-o-grupo-do-crisma\/#breadcrumb\"},\"inLanguage\":\"pt-BR\",\"potentialAction\":[{\"@type\":\"ReadAction\",\"target\":[\"https:\/\/www.oarcanjo.net\/site\/pastoral-de-exequias-e-o-grupo-do-crisma\/\"]}]},{\"@type\":\"ImageObject\",\"inLanguage\":\"pt-BR\",\"@id\":\"https:\/\/www.oarcanjo.net\/site\/pastoral-de-exequias-e-o-grupo-do-crisma\/#primaryimage\",\"url\":\"https:\/\/www.oarcanjo.net\/site\/wp-content\/uploads\/20140329_155650.jpg\",\"contentUrl\":\"https:\/\/www.oarcanjo.net\/site\/wp-content\/uploads\/20140329_155650.jpg\",\"width\":575,\"height\":431},{\"@type\":\"BreadcrumbList\",\"@id\":\"https:\/\/www.oarcanjo.net\/site\/pastoral-de-exequias-e-o-grupo-do-crisma\/#breadcrumb\",\"itemListElement\":[{\"@type\":\"ListItem\",\"position\":1,\"name\":\"In\u00edcio\",\"item\":\"https:\/\/www.oarcanjo.net\/site\/\"},{\"@type\":\"ListItem\",\"position\":2,\"name\":\"Pastoral de Ex\u00e9quias e o Grupo do Crisma\"}]},{\"@type\":\"WebSite\",\"@id\":\"https:\/\/www.oarcanjo.net\/site\/#website\",\"url\":\"https:\/\/www.oarcanjo.net\/site\/\",\"name\":\"O Arcanjo no ar\",\"description\":\"Site da Par\u00f3quia S\u00e3o Miguel Arcanjo (Arquidiocese de SP)\",\"publisher\":{\"@id\":\"https:\/\/www.oarcanjo.net\/site\/#organization\"},\"potentialAction\":[{\"@type\":\"SearchAction\",\"target\":{\"@type\":\"EntryPoint\",\"urlTemplate\":\"https:\/\/www.oarcanjo.net\/site\/?s={search_term_string}\"},\"query-input\":{\"@type\":\"PropertyValueSpecification\",\"valueRequired\":true,\"valueName\":\"search_term_string\"}}],\"inLanguage\":\"pt-BR\"},{\"@type\":\"Organization\",\"@id\":\"https:\/\/www.oarcanjo.net\/site\/#organization\",\"name\":\"Par\u00f3quia S\u00e3o Miguel Arcanjo\",\"url\":\"https:\/\/www.oarcanjo.net\/site\/\",\"logo\":{\"@type\":\"ImageObject\",\"inLanguage\":\"pt-BR\",\"@id\":\"https:\/\/www.oarcanjo.net\/site\/#\/schema\/logo\/image\/\",\"url\":\"https:\/\/www.oarcanjo.net\/site\/wp-content\/uploads\/LogoOArcanjo.png\",\"contentUrl\":\"https:\/\/www.oarcanjo.net\/site\/wp-content\/uploads\/LogoOArcanjo.png\",\"width\":319,\"height\":99,\"caption\":\"Par\u00f3quia S\u00e3o Miguel Arcanjo\"},\"image\":{\"@id\":\"https:\/\/www.oarcanjo.net\/site\/#\/schema\/logo\/image\/\"},\"sameAs\":[\"https:\/\/www.facebook.com\/OArcanjoNoAr\/\"]},{\"@type\":\"Person\",\"@id\":\"https:\/\/www.oarcanjo.net\/site\/#\/schema\/person\/f7870e710d8c8c30673de3a0ac2e451d\",\"name\":\"carlos\"}]}<\/script>\n<!-- \/ Yoast SEO plugin. -->","yoast_head_json":{"title":"Pastoral de Ex\u00e9quias e o Grupo do Crisma - O Arcanjo no ar","robots":{"index":"index","follow":"follow","max-snippet":"max-snippet:-1","max-image-preview":"max-image-preview:large","max-video-preview":"max-video-preview:-1"},"canonical":"https:\/\/www.oarcanjo.net\/site\/pastoral-de-exequias-e-o-grupo-do-crisma\/","og_locale":"pt_BR","og_type":"article","og_title":"Pastoral de Ex\u00e9quias e o Grupo do Crisma - O Arcanjo no ar","og_description":"Na prepara\u00e7\u00e3o do Grupo \u00a0do \u00a0Crisma, a Pastoral\u00a0 de Ex\u00e9quias da Par\u00f3quia S\u00e3o Miguel, neste s\u00e1bado\u00a029\/03\/14,\u00a0promoveu palestra sobre as atividades no Cemit\u00e9rio da Quarta Parada. O Carlos Alberto Beatriz falou sobre a atua\u00e7\u00e3o da Pastoral, destacando a prepara\u00e7\u00e3o para o exerc\u00edcio desse minist\u00e9rio, os subs\u00eddios utilizados, a forma das celebra\u00e7\u00f5es, os cuidados dadas as especiais [&hellip;]","og_url":"https:\/\/www.oarcanjo.net\/site\/pastoral-de-exequias-e-o-grupo-do-crisma\/","og_site_name":"O Arcanjo no ar","article_publisher":"https:\/\/www.facebook.com\/OArcanjoNoAr\/","article_published_time":"2014-03-31T22:32:42+00:00","article_modified_time":"2014-03-31T22:44:50+00:00","og_image":[{"url":"http:\/\/www.oarcanjo.net\/site\/wp-content\/uploads\/20140329_155650-300x224.jpg"}],"author":"carlos","twitter_card":"summary_large_image","twitter_misc":{"Escrito por":"carlos","Est. tempo de leitura":"1 minuto"},"schema":{"@context":"https:\/\/schema.org","@graph":[{"@type":"Article","@id":"https:\/\/www.oarcanjo.net\/site\/pastoral-de-exequias-e-o-grupo-do-crisma\/#article","isPartOf":{"@id":"https:\/\/www.oarcanjo.net\/site\/pastoral-de-exequias-e-o-grupo-do-crisma\/"},"author":{"name":"carlos","@id":"https:\/\/www.oarcanjo.net\/site\/#\/schema\/person\/f7870e710d8c8c30673de3a0ac2e451d"},"headline":"Pastoral de Ex\u00e9quias e o Grupo do Crisma","datePublished":"2014-03-31T22:32:42+00:00","dateModified":"2014-03-31T22:44:50+00:00","mainEntityOfPage":{"@id":"https:\/\/www.oarcanjo.net\/site\/pastoral-de-exequias-e-o-grupo-do-crisma\/"},"wordCount":169,"commentCount":0,"publisher":{"@id":"https:\/\/www.oarcanjo.net\/site\/#organization"},"image":{"@id":"https:\/\/www.oarcanjo.net\/site\/pastoral-de-exequias-e-o-grupo-do-crisma\/#primaryimage"},"thumbnailUrl":"http:\/\/www.oarcanjo.net\/site\/wp-content\/uploads\/20140329_155650-300x224.jpg","articleSection":["Jovens","Not\u00edcias"],"inLanguage":"pt-BR","potentialAction":[{"@type":"CommentAction","name":"Comment","target":["https:\/\/www.oarcanjo.net\/site\/pastoral-de-exequias-e-o-grupo-do-crisma\/#respond"]}]},{"@type":"WebPage","@id":"https:\/\/www.oarcanjo.net\/site\/pastoral-de-exequias-e-o-grupo-do-crisma\/","url":"https:\/\/www.oarcanjo.net\/site\/pastoral-de-exequias-e-o-grupo-do-crisma\/","name":"Pastoral de Ex\u00e9quias e o Grupo do Crisma - O Arcanjo no ar","isPartOf":{"@id":"https:\/\/www.oarcanjo.net\/site\/#website"},"primaryImageOfPage":{"@id":"https:\/\/www.oarcanjo.net\/site\/pastoral-de-exequias-e-o-grupo-do-crisma\/#primaryimage"},"image":{"@id":"https:\/\/www.oarcanjo.net\/site\/pastoral-de-exequias-e-o-grupo-do-crisma\/#primaryimage"},"thumbnailUrl":"http:\/\/www.oarcanjo.net\/site\/wp-content\/uploads\/20140329_155650-300x224.jpg","datePublished":"2014-03-31T22:32:42+00:00","dateModified":"2014-03-31T22:44:50+00:00","breadcrumb":{"@id":"https:\/\/www.oarcanjo.net\/site\/pastoral-de-exequias-e-o-grupo-do-crisma\/#breadcrumb"},"inLanguage":"pt-BR","potentialAction":[{"@type":"ReadAction","target":["https:\/\/www.oarcanjo.net\/site\/pastoral-de-exequias-e-o-grupo-do-crisma\/"]}]},{"@type":"ImageObject","inLanguage":"pt-BR","@id":"https:\/\/www.oarcanjo.net\/site\/pastoral-de-exequias-e-o-grupo-do-crisma\/#primaryimage","url":"https:\/\/www.oarcanjo.net\/site\/wp-content\/uploads\/20140329_155650.jpg","contentUrl":"https:\/\/www.oarcanjo.net\/site\/wp-content\/uploads\/20140329_155650.jpg","width":575,"height":431},{"@type":"BreadcrumbList","@id":"https:\/\/www.oarcanjo.net\/site\/pastoral-de-exequias-e-o-grupo-do-crisma\/#breadcrumb","itemListElement":[{"@type":"ListItem","position":1,"name":"In\u00edcio","item":"https:\/\/www.oarcanjo.net\/site\/"},{"@type":"ListItem","position":2,"name":"Pastoral de Ex\u00e9quias e o Grupo do Crisma"}]},{"@type":"WebSite","@id":"https:\/\/www.oarcanjo.net\/site\/#website","url":"https:\/\/www.oarcanjo.net\/site\/","name":"O Arcanjo no ar","description":"Site da Par\u00f3quia S\u00e3o Miguel Arcanjo (Arquidiocese de SP)","publisher":{"@id":"https:\/\/www.oarcanjo.net\/site\/#organization"},"potentialAction":[{"@type":"SearchAction","target":{"@type":"EntryPoint","urlTemplate":"https:\/\/www.oarcanjo.net\/site\/?s={search_term_string}"},"query-input":{"@type":"PropertyValueSpecification","valueRequired":true,"valueName":"search_term_string"}}],"inLanguage":"pt-BR"},{"@type":"Organization","@id":"https:\/\/www.oarcanjo.net\/site\/#organization","name":"Par\u00f3quia S\u00e3o Miguel Arcanjo","url":"https:\/\/www.oarcanjo.net\/site\/","logo":{"@type":"ImageObject","inLanguage":"pt-BR","@id":"https:\/\/www.oarcanjo.net\/site\/#\/schema\/logo\/image\/","url":"https:\/\/www.oarcanjo.net\/site\/wp-content\/uploads\/LogoOArcanjo.png","contentUrl":"https:\/\/www.oarcanjo.net\/site\/wp-content\/uploads\/LogoOArcanjo.png","width":319,"height":99,"caption":"Par\u00f3quia S\u00e3o Miguel Arcanjo"},"image":{"@id":"https:\/\/www.oarcanjo.net\/site\/#\/schema\/logo\/image\/"},"sameAs":["https:\/\/www.facebook.com\/OArcanjoNoAr\/"]},{"@type":"Person","@id":"https:\/\/www.oarcanjo.net\/site\/#\/schema\/person\/f7870e710d8c8c30673de3a0ac2e451d","name":"carlos"}]}},"publishpress_future_action":{"enabled":false,"date":"2026-05-08 03:29:33","action":"category","newStatus":"draft","terms":[],"taxonomy":"category"},"publishpress_future_workflow_manual_trigger":{"enabledWorkflows":[]},"_links":{"self":[{"href":"https:\/\/www.oarcanjo.net\/site\/wp-json\/wp\/v2\/posts\/24652"}],"collection":[{"href":"https:\/\/www.oarcanjo.net\/site\/wp-json\/wp\/v2\/posts"}],"about":[{"href":"https:\/\/www.oarcanjo.net\/site\/wp-json\/wp\/v2\/types\/post"}],"author":[{"embeddable":true,"href":"https:\/\/www.oarcanjo.net\/site\/wp-json\/wp\/v2\/users\/10"}],"replies":[{"embeddable":true,"href":"https:\/\/www.oarcanjo.net\/site\/wp-json\/wp\/v2\/comments?post=24652"}],"version-history":[{"count":0,"href":"https:\/\/www.oarcanjo.net\/site\/wp-json\/wp\/v2\/posts\/24652\/revisions"}],"wp:attachment":[{"href":"https:\/\/www.oarcanjo.net\/site\/wp-json\/wp\/v2\/media?parent=24652"}],"wp:term":[{"taxonomy":"category","embeddable":true,"href":"https:\/\/www.oarcanjo.net\/site\/wp-json\/wp\/v2\/categories?post=24652"},{"taxonomy":"post_tag","embeddable":true,"href":"https:\/\/www.oarcanjo.net\/site\/wp-json\/wp\/v2\/tags?post=24652"}],"curies":[{"name":"wp","href":"https:\/\/api.w.org\/{rel}","templated":true}]}}