
{"id":24663,"date":"2014-04-02T15:59:58","date_gmt":"2014-04-02T18:59:58","guid":{"rendered":"http:\/\/www.oarcanjo.net\/site\/?p=24663"},"modified":"2014-04-02T16:03:46","modified_gmt":"2014-04-02T19:03:46","slug":"arquidiocese-de-sao-paulo-mantem-programacao-pela-canonizacao-de-jose-de-anchieta","status":"publish","type":"post","link":"https:\/\/www.oarcanjo.net\/site\/arquidiocese-de-sao-paulo-mantem-programacao-pela-canonizacao-de-jose-de-anchieta\/","title":{"rendered":"Arquidiocese de S\u00e3o Paulo mant\u00e9m programa\u00e7\u00e3o pela Canoniza\u00e7\u00e3o de Jos\u00e9 de Anchieta"},"content":{"rendered":"<p>O decreto que o Papa Francisco iria assinar nesta quarta-feira, 2 de abril, proclamando \u201csanto\u201d o bem-aventurado Jos\u00e9 de Anchieta foi adiado para amanh\u00e3 (quinta-feira), 3, durante a audi\u00eancia que o Cardeal Angelo Amato, Prefeito da Congrega\u00e7\u00e3o das Causas dos Santo, ter\u00e1 com o Santo Padre.<\/p>\n<p>O Cardeal Dom Odilo Pedro Scherer, Arcebispo Metropolitano, informou que a\u00a0<a title=\"Programa\u00e7\u00e3o\" href=\"http:\/\/www.arquidiocesedesaopaulo.org.br\/noticias\/programa%C3%A7%C3%A3o-da-arquidiocese-pela-canoniza%C3%A7%C3%A3o-de-anchieta\" target=\"_blank\">programa\u00e7\u00e3o da Arquidiocese de S\u00e3o Paulo pela Canoniza\u00e7\u00e3o do Padre Jos\u00e9 de Anchieta<\/a> est\u00e1 mantida.<\/p>\n<p>Hoje, 2 de abril, \u00e0s 14h, programou-se o\u00a0repicar dos sinos em todas as igrejas da Arquidiocese de S\u00e3o Paulo, durante 5 minutos.<\/p>\n<p>No domingo, 6 de abril, \u00e0s 11h, na Catedral da S\u00e9, haver\u00e1 missa solene em a\u00e7\u00e3o de gra\u00e7as pela canoniza\u00e7\u00e3o, presidida pelo Cardeal Scherer\u00a0e com as presen\u00e7as do Prefeito Fernando Haddad e do Governador de S\u00e3o Paulo Geraldo Alckmin. Antes, \u00e0s 9h30, haver\u00e1 uma concentra\u00e7\u00e3o no P\u00e1teo do Col\u00e9gio com apresenta\u00e7\u00e3o breve da biografia do Padre Anchieta, intercalada com ora\u00e7\u00f5es e cantos e um trecho do musical \u201cAnchieta para todos os Povos\u201d, da Comunidade Shalom. \u00c0s 10h15, todos ir\u00e3o em prociss\u00e3o, com a rel\u00edquia do Padre Anchieta, em dire\u00e7\u00e3o \u00e0 Catedral da S\u00e9.<\/p>\n<p>A programa\u00e7\u00e3o ser\u00e1 transmitida, ao vivo, por um pool de emissoras: TV Cultura, TV Can\u00e7\u00e3o Nova, Rede Vida, Rede S\u00e9culo 21, TV Aparecida, Rede Evangelizar, al\u00e9m da transmiss\u00e3o articulada pela Rede Cat\u00f3lica de R\u00e1dios, coordenada pela R\u00e1dio 9 de Julho da Arquidiocese de S\u00e3o Paulo. Os internautas tamb\u00e9m poder\u00e3o acompanhar a missa da Catedral da S\u00e9 no site da Arquidiocese.<\/p>\n<p><em>Fonte: Arquidiocese de S\u00e3o Paulo<\/em><\/p>\n<div id=\"themify_builder_content-24663\" data-postid=\"24663\" class=\"themify_builder_content themify_builder_content-24663 themify_builder themify_builder_front\">\n\t<\/div>\n<!-- \/themify_builder_content -->","protected":false},"excerpt":{"rendered":"<p>O decreto que o Papa Francisco iria assinar nesta quarta-feira, 2 de abril, proclamando \u201csanto\u201d o bem-aventurado Jos\u00e9 de Anchieta foi adiado para amanh\u00e3 (quinta-feira), 3, durante a audi\u00eancia que o Cardeal Angelo Amato, Prefeito da Congrega\u00e7\u00e3o das Causas dos Santo, ter\u00e1 com o Santo Padre. O Cardeal Dom Odilo Pedro Scherer, Arcebispo Metropolitano, informou [&hellip;]<\/p>\n","protected":false},"author":5,"featured_media":0,"comment_status":"open","ping_status":"open","sticky":false,"template":"","format":"standard","meta":{"ngg_post_thumbnail":0,"footnotes":""},"categories":[8],"tags":[1170,788],"yoast_head":"<!-- This site is optimized with the Yoast SEO plugin v23.5 - https:\/\/yoast.com\/wordpress\/plugins\/seo\/ -->\n<title>Arquidiocese de S\u00e3o Paulo mant\u00e9m programa\u00e7\u00e3o pela Canoniza\u00e7\u00e3o de Jos\u00e9 de Anchieta - O Arcanjo no ar<\/title>\n<meta name=\"robots\" content=\"index, follow, max-snippet:-1, max-image-preview:large, max-video-preview:-1\" \/>\n<link rel=\"canonical\" href=\"https:\/\/www.oarcanjo.net\/site\/arquidiocese-de-sao-paulo-mantem-programacao-pela-canonizacao-de-jose-de-anchieta\/\" \/>\n<meta property=\"og:locale\" content=\"pt_BR\" \/>\n<meta property=\"og:type\" content=\"article\" \/>\n<meta property=\"og:title\" content=\"Arquidiocese de S\u00e3o Paulo mant\u00e9m programa\u00e7\u00e3o pela Canoniza\u00e7\u00e3o de Jos\u00e9 de Anchieta - O Arcanjo no ar\" \/>\n<meta property=\"og:description\" content=\"O decreto que o Papa Francisco iria assinar nesta quarta-feira, 2 de abril, proclamando \u201csanto\u201d o bem-aventurado Jos\u00e9 de Anchieta foi adiado para amanh\u00e3 (quinta-feira), 3, durante a audi\u00eancia que o Cardeal Angelo Amato, Prefeito da Congrega\u00e7\u00e3o das Causas dos Santo, ter\u00e1 com o Santo Padre. O Cardeal Dom Odilo Pedro Scherer, Arcebispo Metropolitano, informou [&hellip;]\" \/>\n<meta property=\"og:url\" content=\"https:\/\/www.oarcanjo.net\/site\/arquidiocese-de-sao-paulo-mantem-programacao-pela-canonizacao-de-jose-de-anchieta\/\" \/>\n<meta property=\"og:site_name\" content=\"O Arcanjo no ar\" \/>\n<meta property=\"article:publisher\" content=\"https:\/\/www.facebook.com\/OArcanjoNoAr\/\" \/>\n<meta property=\"article:published_time\" content=\"2014-04-02T18:59:58+00:00\" \/>\n<meta property=\"article:modified_time\" content=\"2014-04-02T19:03:46+00:00\" \/>\n<meta property=\"og:image\" content=\"https:\/\/www.oarcanjo.net\/site\/wp-content\/uploads\/logo-o-arcanjo-no-ar-facebook.png\" \/>\n\t<meta property=\"og:image:width\" content=\"300\" \/>\n\t<meta property=\"og:image:height\" content=\"300\" \/>\n\t<meta property=\"og:image:type\" content=\"image\/png\" \/>\n<meta name=\"author\" content=\"editor\" \/>\n<meta name=\"twitter:card\" content=\"summary_large_image\" \/>\n<meta name=\"twitter:label1\" content=\"Escrito por\" \/>\n\t<meta name=\"twitter:data1\" content=\"editor\" \/>\n\t<meta name=\"twitter:label2\" content=\"Est. tempo de leitura\" \/>\n\t<meta name=\"twitter:data2\" content=\"1 minuto\" \/>\n<script type=\"application\/ld+json\" class=\"yoast-schema-graph\">{\"@context\":\"https:\/\/schema.org\",\"@graph\":[{\"@type\":\"Article\",\"@id\":\"https:\/\/www.oarcanjo.net\/site\/arquidiocese-de-sao-paulo-mantem-programacao-pela-canonizacao-de-jose-de-anchieta\/#article\",\"isPartOf\":{\"@id\":\"https:\/\/www.oarcanjo.net\/site\/arquidiocese-de-sao-paulo-mantem-programacao-pela-canonizacao-de-jose-de-anchieta\/\"},\"author\":{\"name\":\"editor\",\"@id\":\"https:\/\/www.oarcanjo.net\/site\/#\/schema\/person\/f7024d007863202483a31326673a0838\"},\"headline\":\"Arquidiocese de S\u00e3o Paulo mant\u00e9m programa\u00e7\u00e3o pela Canoniza\u00e7\u00e3o de Jos\u00e9 de Anchieta\",\"datePublished\":\"2014-04-02T18:59:58+00:00\",\"dateModified\":\"2014-04-02T19:03:46+00:00\",\"mainEntityOfPage\":{\"@id\":\"https:\/\/www.oarcanjo.net\/site\/arquidiocese-de-sao-paulo-mantem-programacao-pela-canonizacao-de-jose-de-anchieta\/\"},\"wordCount\":294,\"commentCount\":1,\"publisher\":{\"@id\":\"https:\/\/www.oarcanjo.net\/site\/#organization\"},\"keywords\":[\"canoniza\u00e7\u00e3o\",\"Jos\u00e9 de Anchieta\"],\"articleSection\":[\"Not\u00edcias\"],\"inLanguage\":\"pt-BR\",\"potentialAction\":[{\"@type\":\"CommentAction\",\"name\":\"Comment\",\"target\":[\"https:\/\/www.oarcanjo.net\/site\/arquidiocese-de-sao-paulo-mantem-programacao-pela-canonizacao-de-jose-de-anchieta\/#respond\"]}]},{\"@type\":\"WebPage\",\"@id\":\"https:\/\/www.oarcanjo.net\/site\/arquidiocese-de-sao-paulo-mantem-programacao-pela-canonizacao-de-jose-de-anchieta\/\",\"url\":\"https:\/\/www.oarcanjo.net\/site\/arquidiocese-de-sao-paulo-mantem-programacao-pela-canonizacao-de-jose-de-anchieta\/\",\"name\":\"Arquidiocese de S\u00e3o Paulo mant\u00e9m programa\u00e7\u00e3o pela Canoniza\u00e7\u00e3o de Jos\u00e9 de Anchieta - O Arcanjo no ar\",\"isPartOf\":{\"@id\":\"https:\/\/www.oarcanjo.net\/site\/#website\"},\"datePublished\":\"2014-04-02T18:59:58+00:00\",\"dateModified\":\"2014-04-02T19:03:46+00:00\",\"breadcrumb\":{\"@id\":\"https:\/\/www.oarcanjo.net\/site\/arquidiocese-de-sao-paulo-mantem-programacao-pela-canonizacao-de-jose-de-anchieta\/#breadcrumb\"},\"inLanguage\":\"pt-BR\",\"potentialAction\":[{\"@type\":\"ReadAction\",\"target\":[\"https:\/\/www.oarcanjo.net\/site\/arquidiocese-de-sao-paulo-mantem-programacao-pela-canonizacao-de-jose-de-anchieta\/\"]}]},{\"@type\":\"BreadcrumbList\",\"@id\":\"https:\/\/www.oarcanjo.net\/site\/arquidiocese-de-sao-paulo-mantem-programacao-pela-canonizacao-de-jose-de-anchieta\/#breadcrumb\",\"itemListElement\":[{\"@type\":\"ListItem\",\"position\":1,\"name\":\"In\u00edcio\",\"item\":\"https:\/\/www.oarcanjo.net\/site\/\"},{\"@type\":\"ListItem\",\"position\":2,\"name\":\"Arquidiocese de S\u00e3o Paulo mant\u00e9m programa\u00e7\u00e3o pela Canoniza\u00e7\u00e3o de Jos\u00e9 de Anchieta\"}]},{\"@type\":\"WebSite\",\"@id\":\"https:\/\/www.oarcanjo.net\/site\/#website\",\"url\":\"https:\/\/www.oarcanjo.net\/site\/\",\"name\":\"O Arcanjo no ar\",\"description\":\"Site da Par\u00f3quia S\u00e3o Miguel Arcanjo (Arquidiocese de SP)\",\"publisher\":{\"@id\":\"https:\/\/www.oarcanjo.net\/site\/#organization\"},\"potentialAction\":[{\"@type\":\"SearchAction\",\"target\":{\"@type\":\"EntryPoint\",\"urlTemplate\":\"https:\/\/www.oarcanjo.net\/site\/?s={search_term_string}\"},\"query-input\":{\"@type\":\"PropertyValueSpecification\",\"valueRequired\":true,\"valueName\":\"search_term_string\"}}],\"inLanguage\":\"pt-BR\"},{\"@type\":\"Organization\",\"@id\":\"https:\/\/www.oarcanjo.net\/site\/#organization\",\"name\":\"Par\u00f3quia S\u00e3o Miguel Arcanjo\",\"url\":\"https:\/\/www.oarcanjo.net\/site\/\",\"logo\":{\"@type\":\"ImageObject\",\"inLanguage\":\"pt-BR\",\"@id\":\"https:\/\/www.oarcanjo.net\/site\/#\/schema\/logo\/image\/\",\"url\":\"https:\/\/www.oarcanjo.net\/site\/wp-content\/uploads\/LogoOArcanjo.png\",\"contentUrl\":\"https:\/\/www.oarcanjo.net\/site\/wp-content\/uploads\/LogoOArcanjo.png\",\"width\":319,\"height\":99,\"caption\":\"Par\u00f3quia S\u00e3o Miguel Arcanjo\"},\"image\":{\"@id\":\"https:\/\/www.oarcanjo.net\/site\/#\/schema\/logo\/image\/\"},\"sameAs\":[\"https:\/\/www.facebook.com\/OArcanjoNoAr\/\"]},{\"@type\":\"Person\",\"@id\":\"https:\/\/www.oarcanjo.net\/site\/#\/schema\/person\/f7024d007863202483a31326673a0838\",\"name\":\"editor\",\"sameAs\":[\"http:\/\/www.oarcanjo.net\"]}]}<\/script>\n<!-- \/ Yoast SEO plugin. -->","yoast_head_json":{"title":"Arquidiocese de S\u00e3o Paulo mant\u00e9m programa\u00e7\u00e3o pela Canoniza\u00e7\u00e3o de Jos\u00e9 de Anchieta - O Arcanjo no ar","robots":{"index":"index","follow":"follow","max-snippet":"max-snippet:-1","max-image-preview":"max-image-preview:large","max-video-preview":"max-video-preview:-1"},"canonical":"https:\/\/www.oarcanjo.net\/site\/arquidiocese-de-sao-paulo-mantem-programacao-pela-canonizacao-de-jose-de-anchieta\/","og_locale":"pt_BR","og_type":"article","og_title":"Arquidiocese de S\u00e3o Paulo mant\u00e9m programa\u00e7\u00e3o pela Canoniza\u00e7\u00e3o de Jos\u00e9 de Anchieta - O Arcanjo no ar","og_description":"O decreto que o Papa Francisco iria assinar nesta quarta-feira, 2 de abril, proclamando \u201csanto\u201d o bem-aventurado Jos\u00e9 de Anchieta foi adiado para amanh\u00e3 (quinta-feira), 3, durante a audi\u00eancia que o Cardeal Angelo Amato, Prefeito da Congrega\u00e7\u00e3o das Causas dos Santo, ter\u00e1 com o Santo Padre. O Cardeal Dom Odilo Pedro Scherer, Arcebispo Metropolitano, informou [&hellip;]","og_url":"https:\/\/www.oarcanjo.net\/site\/arquidiocese-de-sao-paulo-mantem-programacao-pela-canonizacao-de-jose-de-anchieta\/","og_site_name":"O Arcanjo no ar","article_publisher":"https:\/\/www.facebook.com\/OArcanjoNoAr\/","article_published_time":"2014-04-02T18:59:58+00:00","article_modified_time":"2014-04-02T19:03:46+00:00","og_image":[{"width":300,"height":300,"url":"https:\/\/www.oarcanjo.net\/site\/wp-content\/uploads\/logo-o-arcanjo-no-ar-facebook.png","type":"image\/png"}],"author":"editor","twitter_card":"summary_large_image","twitter_misc":{"Escrito por":"editor","Est. tempo de leitura":"1 minuto"},"schema":{"@context":"https:\/\/schema.org","@graph":[{"@type":"Article","@id":"https:\/\/www.oarcanjo.net\/site\/arquidiocese-de-sao-paulo-mantem-programacao-pela-canonizacao-de-jose-de-anchieta\/#article","isPartOf":{"@id":"https:\/\/www.oarcanjo.net\/site\/arquidiocese-de-sao-paulo-mantem-programacao-pela-canonizacao-de-jose-de-anchieta\/"},"author":{"name":"editor","@id":"https:\/\/www.oarcanjo.net\/site\/#\/schema\/person\/f7024d007863202483a31326673a0838"},"headline":"Arquidiocese de S\u00e3o Paulo mant\u00e9m programa\u00e7\u00e3o pela Canoniza\u00e7\u00e3o de Jos\u00e9 de Anchieta","datePublished":"2014-04-02T18:59:58+00:00","dateModified":"2014-04-02T19:03:46+00:00","mainEntityOfPage":{"@id":"https:\/\/www.oarcanjo.net\/site\/arquidiocese-de-sao-paulo-mantem-programacao-pela-canonizacao-de-jose-de-anchieta\/"},"wordCount":294,"commentCount":1,"publisher":{"@id":"https:\/\/www.oarcanjo.net\/site\/#organization"},"keywords":["canoniza\u00e7\u00e3o","Jos\u00e9 de Anchieta"],"articleSection":["Not\u00edcias"],"inLanguage":"pt-BR","potentialAction":[{"@type":"CommentAction","name":"Comment","target":["https:\/\/www.oarcanjo.net\/site\/arquidiocese-de-sao-paulo-mantem-programacao-pela-canonizacao-de-jose-de-anchieta\/#respond"]}]},{"@type":"WebPage","@id":"https:\/\/www.oarcanjo.net\/site\/arquidiocese-de-sao-paulo-mantem-programacao-pela-canonizacao-de-jose-de-anchieta\/","url":"https:\/\/www.oarcanjo.net\/site\/arquidiocese-de-sao-paulo-mantem-programacao-pela-canonizacao-de-jose-de-anchieta\/","name":"Arquidiocese de S\u00e3o Paulo mant\u00e9m programa\u00e7\u00e3o pela Canoniza\u00e7\u00e3o de Jos\u00e9 de Anchieta - O Arcanjo no ar","isPartOf":{"@id":"https:\/\/www.oarcanjo.net\/site\/#website"},"datePublished":"2014-04-02T18:59:58+00:00","dateModified":"2014-04-02T19:03:46+00:00","breadcrumb":{"@id":"https:\/\/www.oarcanjo.net\/site\/arquidiocese-de-sao-paulo-mantem-programacao-pela-canonizacao-de-jose-de-anchieta\/#breadcrumb"},"inLanguage":"pt-BR","potentialAction":[{"@type":"ReadAction","target":["https:\/\/www.oarcanjo.net\/site\/arquidiocese-de-sao-paulo-mantem-programacao-pela-canonizacao-de-jose-de-anchieta\/"]}]},{"@type":"BreadcrumbList","@id":"https:\/\/www.oarcanjo.net\/site\/arquidiocese-de-sao-paulo-mantem-programacao-pela-canonizacao-de-jose-de-anchieta\/#breadcrumb","itemListElement":[{"@type":"ListItem","position":1,"name":"In\u00edcio","item":"https:\/\/www.oarcanjo.net\/site\/"},{"@type":"ListItem","position":2,"name":"Arquidiocese de S\u00e3o Paulo mant\u00e9m programa\u00e7\u00e3o pela Canoniza\u00e7\u00e3o de Jos\u00e9 de Anchieta"}]},{"@type":"WebSite","@id":"https:\/\/www.oarcanjo.net\/site\/#website","url":"https:\/\/www.oarcanjo.net\/site\/","name":"O Arcanjo no ar","description":"Site da Par\u00f3quia S\u00e3o Miguel Arcanjo (Arquidiocese de SP)","publisher":{"@id":"https:\/\/www.oarcanjo.net\/site\/#organization"},"potentialAction":[{"@type":"SearchAction","target":{"@type":"EntryPoint","urlTemplate":"https:\/\/www.oarcanjo.net\/site\/?s={search_term_string}"},"query-input":{"@type":"PropertyValueSpecification","valueRequired":true,"valueName":"search_term_string"}}],"inLanguage":"pt-BR"},{"@type":"Organization","@id":"https:\/\/www.oarcanjo.net\/site\/#organization","name":"Par\u00f3quia S\u00e3o Miguel Arcanjo","url":"https:\/\/www.oarcanjo.net\/site\/","logo":{"@type":"ImageObject","inLanguage":"pt-BR","@id":"https:\/\/www.oarcanjo.net\/site\/#\/schema\/logo\/image\/","url":"https:\/\/www.oarcanjo.net\/site\/wp-content\/uploads\/LogoOArcanjo.png","contentUrl":"https:\/\/www.oarcanjo.net\/site\/wp-content\/uploads\/LogoOArcanjo.png","width":319,"height":99,"caption":"Par\u00f3quia S\u00e3o Miguel Arcanjo"},"image":{"@id":"https:\/\/www.oarcanjo.net\/site\/#\/schema\/logo\/image\/"},"sameAs":["https:\/\/www.facebook.com\/OArcanjoNoAr\/"]},{"@type":"Person","@id":"https:\/\/www.oarcanjo.net\/site\/#\/schema\/person\/f7024d007863202483a31326673a0838","name":"editor","sameAs":["http:\/\/www.oarcanjo.net"]}]}},"publishpress_future_action":{"enabled":false,"date":"2026-05-10 11:15:39","action":"category","newStatus":"draft","terms":[],"taxonomy":"category"},"publishpress_future_workflow_manual_trigger":{"enabledWorkflows":[]},"_links":{"self":[{"href":"https:\/\/www.oarcanjo.net\/site\/wp-json\/wp\/v2\/posts\/24663"}],"collection":[{"href":"https:\/\/www.oarcanjo.net\/site\/wp-json\/wp\/v2\/posts"}],"about":[{"href":"https:\/\/www.oarcanjo.net\/site\/wp-json\/wp\/v2\/types\/post"}],"author":[{"embeddable":true,"href":"https:\/\/www.oarcanjo.net\/site\/wp-json\/wp\/v2\/users\/5"}],"replies":[{"embeddable":true,"href":"https:\/\/www.oarcanjo.net\/site\/wp-json\/wp\/v2\/comments?post=24663"}],"version-history":[{"count":0,"href":"https:\/\/www.oarcanjo.net\/site\/wp-json\/wp\/v2\/posts\/24663\/revisions"}],"wp:attachment":[{"href":"https:\/\/www.oarcanjo.net\/site\/wp-json\/wp\/v2\/media?parent=24663"}],"wp:term":[{"taxonomy":"category","embeddable":true,"href":"https:\/\/www.oarcanjo.net\/site\/wp-json\/wp\/v2\/categories?post=24663"},{"taxonomy":"post_tag","embeddable":true,"href":"https:\/\/www.oarcanjo.net\/site\/wp-json\/wp\/v2\/tags?post=24663"}],"curies":[{"name":"wp","href":"https:\/\/api.w.org\/{rel}","templated":true}]}}