
{"id":24667,"date":"2014-04-02T16:07:03","date_gmt":"2014-04-02T19:07:03","guid":{"rendered":"http:\/\/www.oarcanjo.net\/site\/?p=24667"},"modified":"2014-04-02T16:09:07","modified_gmt":"2014-04-02T19:09:07","slug":"mensagem-do-arcebispo-de-sao-paulo-na-canonizacao-do-padre-jose-de-anchieta","status":"publish","type":"post","link":"https:\/\/www.oarcanjo.net\/site\/mensagem-do-arcebispo-de-sao-paulo-na-canonizacao-do-padre-jose-de-anchieta\/","title":{"rendered":"Mensagem do Arcebispo de S\u00e3o Paulo na Canoniza\u00e7\u00e3o do Padre Jos\u00e9 de Anchieta"},"content":{"rendered":"<p>Hoje \u00e9 um dia de festa! Manifesto, em nome da Arquidiocese de S\u00e3o Paulo, profunda\u00a0gratid\u00e3o a Deus pela proclama\u00e7\u00e3o do bem-aventurado Padre Jos\u00e9 de Anchieta como\u00a0\u201csanto\u201d! <em>Ad maiorem Dei gloriam<\/em> \u2013 que tudo seja para a maior gl\u00f3ria de Deus!<\/p>\n<p>Este momento foi longamente esperado por esta Igreja que est\u00e1 em S\u00e3o Paulo. Grande\u00a0mission\u00e1rio, S\u00e3o Jos\u00e9 de Anchieta deu o testemunho de uma vida santa, j\u00e1 reconhecido\u00a0assim enquanto ainda vivia; por isso, logo ap\u00f3s o seu falecimento, em 1597, foi aclamado\u00a0como \u201cAp\u00f3stolo do Brasil!<\/p>\n<p>Gratid\u00e3o ao Papa Francisco, conhecedor da hist\u00f3ria de Anchieta e dos primeiros\u00a0mission\u00e1rios jesu\u00edtas no Brasil, que acolheu benevolamente o pedido da Igreja e, bem\u00a0depressa, deu o reconhecimento oficial a Anchieta como \u201csanto\u201d.<\/p>\n<p>A Igreja, nesta Metr\u00f3pole, deve seus in\u00edcios \u00e0 obra evangelizadora de Anchieta e de seus\u00a0companheiros na miss\u00e3o de S\u00e3o Paulo de Piratininga. Desta miss\u00e3o, tamb\u00e9m nasceu a\u00a0pr\u00f3pria cidade de S\u00e3o Paulo. S\u00e3o Jos\u00e9 de Anchieta significa muito para n\u00f3s, em S\u00e3o Paulo,\u00a0e nos sentimos honrados com a sua canoniza\u00e7\u00e3o!<\/p>\n<p>Seu exemplo &#8211; de jovem entusiasta por Cristo e pelo Evangelho, de homem santo, movido\u00a0pelo amor a Deus e aos irm\u00e3os, de mission\u00e1rio incans\u00e1vel, zeloso na transmiss\u00e3o da\u00a0alegria do Evangelho, de pacificador respeitoso das culturas dos povos origin\u00e1rios do\u00a0Brasil, de educador, pai dos pobres e enfermos \u2013 continue a nos motivar e inspirar na\u00a0dedica\u00e7\u00e3o \u00e0 miss\u00e3o. Somos continuadores do trabalho por ele iniciado. Que sua\u00a0intercess\u00e3o e seu exemplo nos valham sempre! S\u00e3o Jos\u00e9 de Anchieta, rogai por n\u00f3s!<\/p>\n<p><em>S\u00e3o Paulo, na canoniza\u00e7\u00e3o de S\u00e3o Jos\u00e9 de Anchieta<\/em><br \/>\n<em>Odilo Pedro Scherer<\/em><br \/>\n<em>Arcebispo de S\u00e3o Paulo<\/em><\/p>\n<div id=\"themify_builder_content-24667\" data-postid=\"24667\" class=\"themify_builder_content themify_builder_content-24667 themify_builder themify_builder_front\">\n\t<\/div>\n<!-- \/themify_builder_content -->","protected":false},"excerpt":{"rendered":"<p>Hoje \u00e9 um dia de festa! Manifesto, em nome da Arquidiocese de S\u00e3o Paulo, profunda\u00a0gratid\u00e3o a Deus pela proclama\u00e7\u00e3o do bem-aventurado Padre Jos\u00e9 de Anchieta como\u00a0\u201csanto\u201d! Ad maiorem Dei gloriam \u2013 que tudo seja para a maior gl\u00f3ria de Deus! Este momento foi longamente esperado por esta Igreja que est\u00e1 em S\u00e3o Paulo. Grande\u00a0mission\u00e1rio, S\u00e3o [&hellip;]<\/p>\n","protected":false},"author":5,"featured_media":0,"comment_status":"open","ping_status":"open","sticky":false,"template":"","format":"standard","meta":{"ngg_post_thumbnail":0,"footnotes":""},"categories":[9],"tags":[1170,2599,2962,3027,2433],"yoast_head":"<!-- This site is optimized with the Yoast SEO plugin v23.5 - https:\/\/yoast.com\/wordpress\/plugins\/seo\/ -->\n<title>Mensagem do Arcebispo de S\u00e3o Paulo na Canoniza\u00e7\u00e3o do Padre Jos\u00e9 de Anchieta - O Arcanjo no ar<\/title>\n<meta name=\"robots\" content=\"index, follow, max-snippet:-1, max-image-preview:large, max-video-preview:-1\" \/>\n<link rel=\"canonical\" href=\"https:\/\/www.oarcanjo.net\/site\/mensagem-do-arcebispo-de-sao-paulo-na-canonizacao-do-padre-jose-de-anchieta\/\" \/>\n<meta property=\"og:locale\" content=\"pt_BR\" \/>\n<meta property=\"og:type\" content=\"article\" \/>\n<meta property=\"og:title\" content=\"Mensagem do Arcebispo de S\u00e3o Paulo na Canoniza\u00e7\u00e3o do Padre Jos\u00e9 de Anchieta - O Arcanjo no ar\" \/>\n<meta property=\"og:description\" content=\"Hoje \u00e9 um dia de festa! Manifesto, em nome da Arquidiocese de S\u00e3o Paulo, profunda\u00a0gratid\u00e3o a Deus pela proclama\u00e7\u00e3o do bem-aventurado Padre Jos\u00e9 de Anchieta como\u00a0\u201csanto\u201d! Ad maiorem Dei gloriam \u2013 que tudo seja para a maior gl\u00f3ria de Deus! Este momento foi longamente esperado por esta Igreja que est\u00e1 em S\u00e3o Paulo. Grande\u00a0mission\u00e1rio, S\u00e3o [&hellip;]\" \/>\n<meta property=\"og:url\" content=\"https:\/\/www.oarcanjo.net\/site\/mensagem-do-arcebispo-de-sao-paulo-na-canonizacao-do-padre-jose-de-anchieta\/\" \/>\n<meta property=\"og:site_name\" content=\"O Arcanjo no ar\" \/>\n<meta property=\"article:publisher\" content=\"https:\/\/www.facebook.com\/OArcanjoNoAr\/\" \/>\n<meta property=\"article:published_time\" content=\"2014-04-02T19:07:03+00:00\" \/>\n<meta property=\"article:modified_time\" content=\"2014-04-02T19:09:07+00:00\" \/>\n<meta property=\"og:image\" content=\"https:\/\/www.oarcanjo.net\/site\/wp-content\/uploads\/logo-o-arcanjo-no-ar-facebook.png\" \/>\n\t<meta property=\"og:image:width\" content=\"300\" \/>\n\t<meta property=\"og:image:height\" content=\"300\" \/>\n\t<meta property=\"og:image:type\" content=\"image\/png\" \/>\n<meta name=\"author\" content=\"editor\" \/>\n<meta name=\"twitter:card\" content=\"summary_large_image\" \/>\n<meta name=\"twitter:label1\" content=\"Escrito por\" \/>\n\t<meta name=\"twitter:data1\" content=\"editor\" \/>\n\t<meta name=\"twitter:label2\" content=\"Est. tempo de leitura\" \/>\n\t<meta name=\"twitter:data2\" content=\"2 minutos\" \/>\n<script type=\"application\/ld+json\" class=\"yoast-schema-graph\">{\"@context\":\"https:\/\/schema.org\",\"@graph\":[{\"@type\":\"Article\",\"@id\":\"https:\/\/www.oarcanjo.net\/site\/mensagem-do-arcebispo-de-sao-paulo-na-canonizacao-do-padre-jose-de-anchieta\/#article\",\"isPartOf\":{\"@id\":\"https:\/\/www.oarcanjo.net\/site\/mensagem-do-arcebispo-de-sao-paulo-na-canonizacao-do-padre-jose-de-anchieta\/\"},\"author\":{\"name\":\"editor\",\"@id\":\"https:\/\/www.oarcanjo.net\/site\/#\/schema\/person\/f7024d007863202483a31326673a0838\"},\"headline\":\"Mensagem do Arcebispo de S\u00e3o Paulo na Canoniza\u00e7\u00e3o do Padre Jos\u00e9 de Anchieta\",\"datePublished\":\"2014-04-02T19:07:03+00:00\",\"dateModified\":\"2014-04-02T19:09:07+00:00\",\"mainEntityOfPage\":{\"@id\":\"https:\/\/www.oarcanjo.net\/site\/mensagem-do-arcebispo-de-sao-paulo-na-canonizacao-do-padre-jose-de-anchieta\/\"},\"wordCount\":322,\"commentCount\":0,\"publisher\":{\"@id\":\"https:\/\/www.oarcanjo.net\/site\/#organization\"},\"keywords\":[\"canoniza\u00e7\u00e3o\",\"Cardeal Dom Odilo Scherer\",\"Mensagem\",\"Padre Jos\u00e9 de Anchieta\",\"Papa Francisco\"],\"articleSection\":[\"Reflex\u00f5es\"],\"inLanguage\":\"pt-BR\",\"potentialAction\":[{\"@type\":\"CommentAction\",\"name\":\"Comment\",\"target\":[\"https:\/\/www.oarcanjo.net\/site\/mensagem-do-arcebispo-de-sao-paulo-na-canonizacao-do-padre-jose-de-anchieta\/#respond\"]}]},{\"@type\":\"WebPage\",\"@id\":\"https:\/\/www.oarcanjo.net\/site\/mensagem-do-arcebispo-de-sao-paulo-na-canonizacao-do-padre-jose-de-anchieta\/\",\"url\":\"https:\/\/www.oarcanjo.net\/site\/mensagem-do-arcebispo-de-sao-paulo-na-canonizacao-do-padre-jose-de-anchieta\/\",\"name\":\"Mensagem do Arcebispo de S\u00e3o Paulo na Canoniza\u00e7\u00e3o do Padre Jos\u00e9 de Anchieta - O Arcanjo no ar\",\"isPartOf\":{\"@id\":\"https:\/\/www.oarcanjo.net\/site\/#website\"},\"datePublished\":\"2014-04-02T19:07:03+00:00\",\"dateModified\":\"2014-04-02T19:09:07+00:00\",\"breadcrumb\":{\"@id\":\"https:\/\/www.oarcanjo.net\/site\/mensagem-do-arcebispo-de-sao-paulo-na-canonizacao-do-padre-jose-de-anchieta\/#breadcrumb\"},\"inLanguage\":\"pt-BR\",\"potentialAction\":[{\"@type\":\"ReadAction\",\"target\":[\"https:\/\/www.oarcanjo.net\/site\/mensagem-do-arcebispo-de-sao-paulo-na-canonizacao-do-padre-jose-de-anchieta\/\"]}]},{\"@type\":\"BreadcrumbList\",\"@id\":\"https:\/\/www.oarcanjo.net\/site\/mensagem-do-arcebispo-de-sao-paulo-na-canonizacao-do-padre-jose-de-anchieta\/#breadcrumb\",\"itemListElement\":[{\"@type\":\"ListItem\",\"position\":1,\"name\":\"In\u00edcio\",\"item\":\"https:\/\/www.oarcanjo.net\/site\/\"},{\"@type\":\"ListItem\",\"position\":2,\"name\":\"Mensagem do Arcebispo de S\u00e3o Paulo na Canoniza\u00e7\u00e3o do Padre Jos\u00e9 de Anchieta\"}]},{\"@type\":\"WebSite\",\"@id\":\"https:\/\/www.oarcanjo.net\/site\/#website\",\"url\":\"https:\/\/www.oarcanjo.net\/site\/\",\"name\":\"O Arcanjo no ar\",\"description\":\"Site da Par\u00f3quia S\u00e3o Miguel Arcanjo (Arquidiocese de SP)\",\"publisher\":{\"@id\":\"https:\/\/www.oarcanjo.net\/site\/#organization\"},\"potentialAction\":[{\"@type\":\"SearchAction\",\"target\":{\"@type\":\"EntryPoint\",\"urlTemplate\":\"https:\/\/www.oarcanjo.net\/site\/?s={search_term_string}\"},\"query-input\":{\"@type\":\"PropertyValueSpecification\",\"valueRequired\":true,\"valueName\":\"search_term_string\"}}],\"inLanguage\":\"pt-BR\"},{\"@type\":\"Organization\",\"@id\":\"https:\/\/www.oarcanjo.net\/site\/#organization\",\"name\":\"Par\u00f3quia S\u00e3o Miguel Arcanjo\",\"url\":\"https:\/\/www.oarcanjo.net\/site\/\",\"logo\":{\"@type\":\"ImageObject\",\"inLanguage\":\"pt-BR\",\"@id\":\"https:\/\/www.oarcanjo.net\/site\/#\/schema\/logo\/image\/\",\"url\":\"https:\/\/www.oarcanjo.net\/site\/wp-content\/uploads\/LogoOArcanjo.png\",\"contentUrl\":\"https:\/\/www.oarcanjo.net\/site\/wp-content\/uploads\/LogoOArcanjo.png\",\"width\":319,\"height\":99,\"caption\":\"Par\u00f3quia S\u00e3o Miguel Arcanjo\"},\"image\":{\"@id\":\"https:\/\/www.oarcanjo.net\/site\/#\/schema\/logo\/image\/\"},\"sameAs\":[\"https:\/\/www.facebook.com\/OArcanjoNoAr\/\"]},{\"@type\":\"Person\",\"@id\":\"https:\/\/www.oarcanjo.net\/site\/#\/schema\/person\/f7024d007863202483a31326673a0838\",\"name\":\"editor\",\"sameAs\":[\"http:\/\/www.oarcanjo.net\"]}]}<\/script>\n<!-- \/ Yoast SEO plugin. -->","yoast_head_json":{"title":"Mensagem do Arcebispo de S\u00e3o Paulo na Canoniza\u00e7\u00e3o do Padre Jos\u00e9 de Anchieta - O Arcanjo no ar","robots":{"index":"index","follow":"follow","max-snippet":"max-snippet:-1","max-image-preview":"max-image-preview:large","max-video-preview":"max-video-preview:-1"},"canonical":"https:\/\/www.oarcanjo.net\/site\/mensagem-do-arcebispo-de-sao-paulo-na-canonizacao-do-padre-jose-de-anchieta\/","og_locale":"pt_BR","og_type":"article","og_title":"Mensagem do Arcebispo de S\u00e3o Paulo na Canoniza\u00e7\u00e3o do Padre Jos\u00e9 de Anchieta - O Arcanjo no ar","og_description":"Hoje \u00e9 um dia de festa! Manifesto, em nome da Arquidiocese de S\u00e3o Paulo, profunda\u00a0gratid\u00e3o a Deus pela proclama\u00e7\u00e3o do bem-aventurado Padre Jos\u00e9 de Anchieta como\u00a0\u201csanto\u201d! Ad maiorem Dei gloriam \u2013 que tudo seja para a maior gl\u00f3ria de Deus! Este momento foi longamente esperado por esta Igreja que est\u00e1 em S\u00e3o Paulo. Grande\u00a0mission\u00e1rio, S\u00e3o [&hellip;]","og_url":"https:\/\/www.oarcanjo.net\/site\/mensagem-do-arcebispo-de-sao-paulo-na-canonizacao-do-padre-jose-de-anchieta\/","og_site_name":"O Arcanjo no ar","article_publisher":"https:\/\/www.facebook.com\/OArcanjoNoAr\/","article_published_time":"2014-04-02T19:07:03+00:00","article_modified_time":"2014-04-02T19:09:07+00:00","og_image":[{"width":300,"height":300,"url":"https:\/\/www.oarcanjo.net\/site\/wp-content\/uploads\/logo-o-arcanjo-no-ar-facebook.png","type":"image\/png"}],"author":"editor","twitter_card":"summary_large_image","twitter_misc":{"Escrito por":"editor","Est. tempo de leitura":"2 minutos"},"schema":{"@context":"https:\/\/schema.org","@graph":[{"@type":"Article","@id":"https:\/\/www.oarcanjo.net\/site\/mensagem-do-arcebispo-de-sao-paulo-na-canonizacao-do-padre-jose-de-anchieta\/#article","isPartOf":{"@id":"https:\/\/www.oarcanjo.net\/site\/mensagem-do-arcebispo-de-sao-paulo-na-canonizacao-do-padre-jose-de-anchieta\/"},"author":{"name":"editor","@id":"https:\/\/www.oarcanjo.net\/site\/#\/schema\/person\/f7024d007863202483a31326673a0838"},"headline":"Mensagem do Arcebispo de S\u00e3o Paulo na Canoniza\u00e7\u00e3o do Padre Jos\u00e9 de Anchieta","datePublished":"2014-04-02T19:07:03+00:00","dateModified":"2014-04-02T19:09:07+00:00","mainEntityOfPage":{"@id":"https:\/\/www.oarcanjo.net\/site\/mensagem-do-arcebispo-de-sao-paulo-na-canonizacao-do-padre-jose-de-anchieta\/"},"wordCount":322,"commentCount":0,"publisher":{"@id":"https:\/\/www.oarcanjo.net\/site\/#organization"},"keywords":["canoniza\u00e7\u00e3o","Cardeal Dom Odilo Scherer","Mensagem","Padre Jos\u00e9 de Anchieta","Papa Francisco"],"articleSection":["Reflex\u00f5es"],"inLanguage":"pt-BR","potentialAction":[{"@type":"CommentAction","name":"Comment","target":["https:\/\/www.oarcanjo.net\/site\/mensagem-do-arcebispo-de-sao-paulo-na-canonizacao-do-padre-jose-de-anchieta\/#respond"]}]},{"@type":"WebPage","@id":"https:\/\/www.oarcanjo.net\/site\/mensagem-do-arcebispo-de-sao-paulo-na-canonizacao-do-padre-jose-de-anchieta\/","url":"https:\/\/www.oarcanjo.net\/site\/mensagem-do-arcebispo-de-sao-paulo-na-canonizacao-do-padre-jose-de-anchieta\/","name":"Mensagem do Arcebispo de S\u00e3o Paulo na Canoniza\u00e7\u00e3o do Padre Jos\u00e9 de Anchieta - O Arcanjo no ar","isPartOf":{"@id":"https:\/\/www.oarcanjo.net\/site\/#website"},"datePublished":"2014-04-02T19:07:03+00:00","dateModified":"2014-04-02T19:09:07+00:00","breadcrumb":{"@id":"https:\/\/www.oarcanjo.net\/site\/mensagem-do-arcebispo-de-sao-paulo-na-canonizacao-do-padre-jose-de-anchieta\/#breadcrumb"},"inLanguage":"pt-BR","potentialAction":[{"@type":"ReadAction","target":["https:\/\/www.oarcanjo.net\/site\/mensagem-do-arcebispo-de-sao-paulo-na-canonizacao-do-padre-jose-de-anchieta\/"]}]},{"@type":"BreadcrumbList","@id":"https:\/\/www.oarcanjo.net\/site\/mensagem-do-arcebispo-de-sao-paulo-na-canonizacao-do-padre-jose-de-anchieta\/#breadcrumb","itemListElement":[{"@type":"ListItem","position":1,"name":"In\u00edcio","item":"https:\/\/www.oarcanjo.net\/site\/"},{"@type":"ListItem","position":2,"name":"Mensagem do Arcebispo de S\u00e3o Paulo na Canoniza\u00e7\u00e3o do Padre Jos\u00e9 de Anchieta"}]},{"@type":"WebSite","@id":"https:\/\/www.oarcanjo.net\/site\/#website","url":"https:\/\/www.oarcanjo.net\/site\/","name":"O Arcanjo no ar","description":"Site da Par\u00f3quia S\u00e3o Miguel Arcanjo (Arquidiocese de SP)","publisher":{"@id":"https:\/\/www.oarcanjo.net\/site\/#organization"},"potentialAction":[{"@type":"SearchAction","target":{"@type":"EntryPoint","urlTemplate":"https:\/\/www.oarcanjo.net\/site\/?s={search_term_string}"},"query-input":{"@type":"PropertyValueSpecification","valueRequired":true,"valueName":"search_term_string"}}],"inLanguage":"pt-BR"},{"@type":"Organization","@id":"https:\/\/www.oarcanjo.net\/site\/#organization","name":"Par\u00f3quia S\u00e3o Miguel Arcanjo","url":"https:\/\/www.oarcanjo.net\/site\/","logo":{"@type":"ImageObject","inLanguage":"pt-BR","@id":"https:\/\/www.oarcanjo.net\/site\/#\/schema\/logo\/image\/","url":"https:\/\/www.oarcanjo.net\/site\/wp-content\/uploads\/LogoOArcanjo.png","contentUrl":"https:\/\/www.oarcanjo.net\/site\/wp-content\/uploads\/LogoOArcanjo.png","width":319,"height":99,"caption":"Par\u00f3quia S\u00e3o Miguel Arcanjo"},"image":{"@id":"https:\/\/www.oarcanjo.net\/site\/#\/schema\/logo\/image\/"},"sameAs":["https:\/\/www.facebook.com\/OArcanjoNoAr\/"]},{"@type":"Person","@id":"https:\/\/www.oarcanjo.net\/site\/#\/schema\/person\/f7024d007863202483a31326673a0838","name":"editor","sameAs":["http:\/\/www.oarcanjo.net"]}]}},"publishpress_future_action":{"enabled":false,"date":"2026-05-08 21:35:25","action":"category","newStatus":"draft","terms":[],"taxonomy":"category"},"publishpress_future_workflow_manual_trigger":{"enabledWorkflows":[]},"_links":{"self":[{"href":"https:\/\/www.oarcanjo.net\/site\/wp-json\/wp\/v2\/posts\/24667"}],"collection":[{"href":"https:\/\/www.oarcanjo.net\/site\/wp-json\/wp\/v2\/posts"}],"about":[{"href":"https:\/\/www.oarcanjo.net\/site\/wp-json\/wp\/v2\/types\/post"}],"author":[{"embeddable":true,"href":"https:\/\/www.oarcanjo.net\/site\/wp-json\/wp\/v2\/users\/5"}],"replies":[{"embeddable":true,"href":"https:\/\/www.oarcanjo.net\/site\/wp-json\/wp\/v2\/comments?post=24667"}],"version-history":[{"count":0,"href":"https:\/\/www.oarcanjo.net\/site\/wp-json\/wp\/v2\/posts\/24667\/revisions"}],"wp:attachment":[{"href":"https:\/\/www.oarcanjo.net\/site\/wp-json\/wp\/v2\/media?parent=24667"}],"wp:term":[{"taxonomy":"category","embeddable":true,"href":"https:\/\/www.oarcanjo.net\/site\/wp-json\/wp\/v2\/categories?post=24667"},{"taxonomy":"post_tag","embeddable":true,"href":"https:\/\/www.oarcanjo.net\/site\/wp-json\/wp\/v2\/tags?post=24667"}],"curies":[{"name":"wp","href":"https:\/\/api.w.org\/{rel}","templated":true}]}}