
{"id":24669,"date":"2014-04-02T11:09:58","date_gmt":"2014-04-02T14:09:58","guid":{"rendered":"http:\/\/www.oarcanjo.net\/site\/?p=24669"},"modified":"2014-04-03T09:11:27","modified_gmt":"2014-04-03T12:11:27","slug":"cnbb-divulga-declaracao-sobre-os-50-anos-do-golpe-civil-militar","status":"publish","type":"post","link":"https:\/\/www.oarcanjo.net\/site\/cnbb-divulga-declaracao-sobre-os-50-anos-do-golpe-civil-militar\/","title":{"rendered":"CNBB divulga declara\u00e7\u00e3o sobre os 50 anos do golpe civil-militar"},"content":{"rendered":"<p>O Conselho Episcopal Pastoral (Consep) aprovou hoje, 1\u00ba de abril, declara\u00e7\u00e3o sobre os 50 anos do golpe civil-militar, intitulada \u201cPor tempos novos, com liberdade e democracia\u201d. O texto, assinado pela Presid\u00eancia da Confer\u00eancia Nacional dos Bispos do Brasil (CNBB), alerta as \u201cgera\u00e7\u00f5es p\u00f3s-ditadura para que se mantenham atuantes na defesa do Estado Democr\u00e1tico de Direito\u201d. Os bispos relembram \u201cos 21 anos que fizeram do Brasil o pa\u00eds da dor e da l\u00e1grima\u201d e reafirmam \u201co compromisso da Igreja com a defesa de uma democracia participativa e com justi\u00e7a social para todos\u201d. Leia, na \u00edntegra, a declara\u00e7\u00e3o da CNBB.<\/p>\n<p><strong>DECLARA\u00c7\u00c3O POR TEMPOS NOVOS, COM LIBERDADE E DEMOCRACIA<\/strong><\/p>\n<p>A Confer\u00eancia Nacional dos Bispos do Brasil-CNBB faz mem\u00f3ria, neste 1\u00ba de abril, com todo o Brasil, dos 50 anos do golpe civil-militar de 1964, que levou o pa\u00eds a viver um dos per\u00edodos mais sombrios de sua hist\u00f3ria. Recontar os tempos do regime de exce\u00e7\u00e3o faz sentido enquanto nos leva a perceber o erro hist\u00f3rico do golpe, a admitir que nem tudo foi devidamente reparado e a alertar as gera\u00e7\u00f5es p\u00f3s-ditadura para que se mantenham atuantes na defesa do Estado Democr\u00e1tico de Direito.<\/p>\n<p>Se \u00e9 verdade que, no in\u00edcio, setores da Igreja apoiaram as movimenta\u00e7\u00f5es que resultaram na chamada \u201crevolu\u00e7\u00e3o\u201d com vistas a combater o comunismo, tamb\u00e9m \u00e9 verdade que a Igreja n\u00e3o se omitiu diante da repress\u00e3o t\u00e3o logo constatou que os m\u00e9todos usados pelos novos detentores do poder n\u00e3o respeitavam a dignidade da pessoa humana e seus direitos.<\/p>\n<p>Estabeleceu-se uma espiral da viol\u00eancia com a pr\u00e1tica da tortura, o cerceamento da liberdade de express\u00e3o, a censura \u00e0 imprensa, a cassa\u00e7\u00e3o de pol\u00edticos; instalaram-se o medo e o terror. Em nome do progresso, que n\u00e3o se realizou, povos foram expulsos de suas terras e outros at\u00e9 dizimados. Ate hoje h\u00e1 mortos que n\u00e3o foram sepultados por seus familiares.<\/p>\n<p>Ainda paira muita sombra a encobrir a verdade sobre os 21 anos que fizeram do Brasil o pa\u00eds da dor e da l\u00e1grima. Ajuda-nos a pagar essa d\u00edvida hist\u00f3rica com as v\u00edtimas do regime a Comiss\u00e3o da Verdade que tem por objetivo trazer \u00e0 luz, sem revanchismo nem vingan\u00e7a o que insiste em ficar escondido nos por\u00f5es da ditadura.<\/p>\n<p>Gra\u00e7as a muitos que acreditaram e lutaram pela redemocratiza\u00e7\u00e3o do pa\u00eds, alguns com o sacrif\u00edcio da pr\u00f3pria vida, hoje vivemos tempos novos. Respiramos os ares da liberdade e da democracia. Por\u00e9m, \u00e9 necess\u00e1rio superar a injusti\u00e7a, a desigualdade social, a viol\u00eancia, a corrup\u00e7\u00e3o, o descr\u00e9dito com a pol\u00edtica, o desrespeito aos direitos humanos, a tortura&#8230; A democracia exige participa\u00e7\u00e3o constante de todos.<\/p>\n<p>Fiel \u00e0 sua miss\u00e3o evangelizadora, a CNBB reafirma seu compromisso com a defesa de uma democracia participativa e com justi\u00e7a social para todos. Conclama a sociedade brasileira a ser protagonista de uma nova hist\u00f3ria, livre do medo e forte na esperan\u00e7a.<\/p>\n<p>Nossa Senhora Aparecida, padroeira de nossa P\u00e1tria, nos projeta com seu manto, ilumine nossas mentes e cora\u00e7\u00f5es a fim de que trilhemos somente os caminhos da paz, da justi\u00e7a e do amor.<\/p>\n<p><em>Cardeal Raymundo Damasceno Assis<br \/>\nArcebispo de Aparecida<br \/>\nPresidente da CNBB<\/p>\n<p>Dom Jos\u00e9 Belis\u00e1rio da Silva, OFM<br \/>\nArcebispo de S\u00e3o Lu\u00eds do Maranh\u00e3o<br \/>\nVice Presidente da CNBB<\/p>\n<p>Dom Leonardo Ulrich Steiner<br \/>\nBispo Auxiliar de Bras\u00edlia<br \/>\nSecret\u00e1rio Geral da CNBB<\/em><\/p>\n<div id=\"themify_builder_content-24669\" data-postid=\"24669\" class=\"themify_builder_content themify_builder_content-24669 themify_builder themify_builder_front\">\n\t<\/div>\n<!-- \/themify_builder_content -->","protected":false},"excerpt":{"rendered":"<p>O Conselho Episcopal Pastoral (Consep) aprovou hoje, 1\u00ba de abril, declara\u00e7\u00e3o sobre os 50 anos do golpe civil-militar, intitulada \u201cPor tempos novos, com liberdade e democracia\u201d. O texto, assinado pela Presid\u00eancia da Confer\u00eancia Nacional dos Bispos do Brasil (CNBB), alerta as \u201cgera\u00e7\u00f5es p\u00f3s-ditadura para que se mantenham atuantes na defesa do Estado Democr\u00e1tico de Direito\u201d. [&hellip;]<\/p>\n","protected":false},"author":5,"featured_media":0,"comment_status":"open","ping_status":"open","sticky":false,"template":"","format":"standard","meta":{"ngg_post_thumbnail":0,"footnotes":""},"categories":[8],"tags":[3035,3036,1173,873,335,164,607,3037,3038,738,20],"yoast_head":"<!-- This site is optimized with the Yoast SEO plugin v23.5 - https:\/\/yoast.com\/wordpress\/plugins\/seo\/ -->\n<title>CNBB divulga declara\u00e7\u00e3o sobre os 50 anos do golpe civil-militar - O Arcanjo no ar<\/title>\n<meta name=\"robots\" content=\"index, follow, max-snippet:-1, max-image-preview:large, max-video-preview:-1\" \/>\n<link rel=\"canonical\" href=\"https:\/\/www.oarcanjo.net\/site\/cnbb-divulga-declaracao-sobre-os-50-anos-do-golpe-civil-militar\/\" \/>\n<meta property=\"og:locale\" content=\"pt_BR\" \/>\n<meta property=\"og:type\" content=\"article\" \/>\n<meta property=\"og:title\" content=\"CNBB divulga declara\u00e7\u00e3o sobre os 50 anos do golpe civil-militar - O Arcanjo no ar\" \/>\n<meta property=\"og:description\" content=\"O Conselho Episcopal Pastoral (Consep) aprovou hoje, 1\u00ba de abril, declara\u00e7\u00e3o sobre os 50 anos do golpe civil-militar, intitulada \u201cPor tempos novos, com liberdade e democracia\u201d. O texto, assinado pela Presid\u00eancia da Confer\u00eancia Nacional dos Bispos do Brasil (CNBB), alerta as \u201cgera\u00e7\u00f5es p\u00f3s-ditadura para que se mantenham atuantes na defesa do Estado Democr\u00e1tico de Direito\u201d. [&hellip;]\" \/>\n<meta property=\"og:url\" content=\"https:\/\/www.oarcanjo.net\/site\/cnbb-divulga-declaracao-sobre-os-50-anos-do-golpe-civil-militar\/\" \/>\n<meta property=\"og:site_name\" content=\"O Arcanjo no ar\" \/>\n<meta property=\"article:publisher\" content=\"https:\/\/www.facebook.com\/OArcanjoNoAr\/\" \/>\n<meta property=\"article:published_time\" content=\"2014-04-02T14:09:58+00:00\" \/>\n<meta property=\"article:modified_time\" content=\"2014-04-03T12:11:27+00:00\" \/>\n<meta property=\"og:image\" content=\"https:\/\/www.oarcanjo.net\/site\/wp-content\/uploads\/logo-o-arcanjo-no-ar-facebook.png\" \/>\n\t<meta property=\"og:image:width\" content=\"300\" \/>\n\t<meta property=\"og:image:height\" content=\"300\" \/>\n\t<meta property=\"og:image:type\" content=\"image\/png\" \/>\n<meta name=\"author\" content=\"editor\" \/>\n<meta name=\"twitter:card\" content=\"summary_large_image\" \/>\n<meta name=\"twitter:label1\" content=\"Escrito por\" \/>\n\t<meta name=\"twitter:data1\" content=\"editor\" \/>\n\t<meta name=\"twitter:label2\" content=\"Est. tempo de leitura\" \/>\n\t<meta name=\"twitter:data2\" content=\"3 minutos\" \/>\n<script type=\"application\/ld+json\" class=\"yoast-schema-graph\">{\"@context\":\"https:\/\/schema.org\",\"@graph\":[{\"@type\":\"Article\",\"@id\":\"https:\/\/www.oarcanjo.net\/site\/cnbb-divulga-declaracao-sobre-os-50-anos-do-golpe-civil-militar\/#article\",\"isPartOf\":{\"@id\":\"https:\/\/www.oarcanjo.net\/site\/cnbb-divulga-declaracao-sobre-os-50-anos-do-golpe-civil-militar\/\"},\"author\":{\"name\":\"editor\",\"@id\":\"https:\/\/www.oarcanjo.net\/site\/#\/schema\/person\/f7024d007863202483a31326673a0838\"},\"headline\":\"CNBB divulga declara\u00e7\u00e3o sobre os 50 anos do golpe civil-militar\",\"datePublished\":\"2014-04-02T14:09:58+00:00\",\"dateModified\":\"2014-04-03T12:11:27+00:00\",\"mainEntityOfPage\":{\"@id\":\"https:\/\/www.oarcanjo.net\/site\/cnbb-divulga-declaracao-sobre-os-50-anos-do-golpe-civil-militar\/\"},\"wordCount\":606,\"commentCount\":0,\"publisher\":{\"@id\":\"https:\/\/www.oarcanjo.net\/site\/#organization\"},\"keywords\":[\"50 anos do golpe civil-militar\",\"Cassa\u00e7\u00e3o\",\"censura\",\"Democracia\",\"ditadura\",\"esperan\u00e7a\",\"liberdade\",\"Regime de exce\u00e7\u00e3o\",\"Repress\u00e3o\",\"tortura\",\"viol\u00eancia\"],\"articleSection\":[\"Not\u00edcias\"],\"inLanguage\":\"pt-BR\",\"potentialAction\":[{\"@type\":\"CommentAction\",\"name\":\"Comment\",\"target\":[\"https:\/\/www.oarcanjo.net\/site\/cnbb-divulga-declaracao-sobre-os-50-anos-do-golpe-civil-militar\/#respond\"]}]},{\"@type\":\"WebPage\",\"@id\":\"https:\/\/www.oarcanjo.net\/site\/cnbb-divulga-declaracao-sobre-os-50-anos-do-golpe-civil-militar\/\",\"url\":\"https:\/\/www.oarcanjo.net\/site\/cnbb-divulga-declaracao-sobre-os-50-anos-do-golpe-civil-militar\/\",\"name\":\"CNBB divulga declara\u00e7\u00e3o sobre os 50 anos do golpe civil-militar - O Arcanjo no ar\",\"isPartOf\":{\"@id\":\"https:\/\/www.oarcanjo.net\/site\/#website\"},\"datePublished\":\"2014-04-02T14:09:58+00:00\",\"dateModified\":\"2014-04-03T12:11:27+00:00\",\"breadcrumb\":{\"@id\":\"https:\/\/www.oarcanjo.net\/site\/cnbb-divulga-declaracao-sobre-os-50-anos-do-golpe-civil-militar\/#breadcrumb\"},\"inLanguage\":\"pt-BR\",\"potentialAction\":[{\"@type\":\"ReadAction\",\"target\":[\"https:\/\/www.oarcanjo.net\/site\/cnbb-divulga-declaracao-sobre-os-50-anos-do-golpe-civil-militar\/\"]}]},{\"@type\":\"BreadcrumbList\",\"@id\":\"https:\/\/www.oarcanjo.net\/site\/cnbb-divulga-declaracao-sobre-os-50-anos-do-golpe-civil-militar\/#breadcrumb\",\"itemListElement\":[{\"@type\":\"ListItem\",\"position\":1,\"name\":\"In\u00edcio\",\"item\":\"https:\/\/www.oarcanjo.net\/site\/\"},{\"@type\":\"ListItem\",\"position\":2,\"name\":\"CNBB divulga declara\u00e7\u00e3o sobre os 50 anos do golpe civil-militar\"}]},{\"@type\":\"WebSite\",\"@id\":\"https:\/\/www.oarcanjo.net\/site\/#website\",\"url\":\"https:\/\/www.oarcanjo.net\/site\/\",\"name\":\"O Arcanjo no ar\",\"description\":\"Site da Par\u00f3quia S\u00e3o Miguel Arcanjo (Arquidiocese de SP)\",\"publisher\":{\"@id\":\"https:\/\/www.oarcanjo.net\/site\/#organization\"},\"potentialAction\":[{\"@type\":\"SearchAction\",\"target\":{\"@type\":\"EntryPoint\",\"urlTemplate\":\"https:\/\/www.oarcanjo.net\/site\/?s={search_term_string}\"},\"query-input\":{\"@type\":\"PropertyValueSpecification\",\"valueRequired\":true,\"valueName\":\"search_term_string\"}}],\"inLanguage\":\"pt-BR\"},{\"@type\":\"Organization\",\"@id\":\"https:\/\/www.oarcanjo.net\/site\/#organization\",\"name\":\"Par\u00f3quia S\u00e3o Miguel Arcanjo\",\"url\":\"https:\/\/www.oarcanjo.net\/site\/\",\"logo\":{\"@type\":\"ImageObject\",\"inLanguage\":\"pt-BR\",\"@id\":\"https:\/\/www.oarcanjo.net\/site\/#\/schema\/logo\/image\/\",\"url\":\"https:\/\/www.oarcanjo.net\/site\/wp-content\/uploads\/LogoOArcanjo.png\",\"contentUrl\":\"https:\/\/www.oarcanjo.net\/site\/wp-content\/uploads\/LogoOArcanjo.png\",\"width\":319,\"height\":99,\"caption\":\"Par\u00f3quia S\u00e3o Miguel Arcanjo\"},\"image\":{\"@id\":\"https:\/\/www.oarcanjo.net\/site\/#\/schema\/logo\/image\/\"},\"sameAs\":[\"https:\/\/www.facebook.com\/OArcanjoNoAr\/\"]},{\"@type\":\"Person\",\"@id\":\"https:\/\/www.oarcanjo.net\/site\/#\/schema\/person\/f7024d007863202483a31326673a0838\",\"name\":\"editor\",\"sameAs\":[\"http:\/\/www.oarcanjo.net\"]}]}<\/script>\n<!-- \/ Yoast SEO plugin. -->","yoast_head_json":{"title":"CNBB divulga declara\u00e7\u00e3o sobre os 50 anos do golpe civil-militar - O Arcanjo no ar","robots":{"index":"index","follow":"follow","max-snippet":"max-snippet:-1","max-image-preview":"max-image-preview:large","max-video-preview":"max-video-preview:-1"},"canonical":"https:\/\/www.oarcanjo.net\/site\/cnbb-divulga-declaracao-sobre-os-50-anos-do-golpe-civil-militar\/","og_locale":"pt_BR","og_type":"article","og_title":"CNBB divulga declara\u00e7\u00e3o sobre os 50 anos do golpe civil-militar - O Arcanjo no ar","og_description":"O Conselho Episcopal Pastoral (Consep) aprovou hoje, 1\u00ba de abril, declara\u00e7\u00e3o sobre os 50 anos do golpe civil-militar, intitulada \u201cPor tempos novos, com liberdade e democracia\u201d. O texto, assinado pela Presid\u00eancia da Confer\u00eancia Nacional dos Bispos do Brasil (CNBB), alerta as \u201cgera\u00e7\u00f5es p\u00f3s-ditadura para que se mantenham atuantes na defesa do Estado Democr\u00e1tico de Direito\u201d. [&hellip;]","og_url":"https:\/\/www.oarcanjo.net\/site\/cnbb-divulga-declaracao-sobre-os-50-anos-do-golpe-civil-militar\/","og_site_name":"O Arcanjo no ar","article_publisher":"https:\/\/www.facebook.com\/OArcanjoNoAr\/","article_published_time":"2014-04-02T14:09:58+00:00","article_modified_time":"2014-04-03T12:11:27+00:00","og_image":[{"width":300,"height":300,"url":"https:\/\/www.oarcanjo.net\/site\/wp-content\/uploads\/logo-o-arcanjo-no-ar-facebook.png","type":"image\/png"}],"author":"editor","twitter_card":"summary_large_image","twitter_misc":{"Escrito por":"editor","Est. tempo de leitura":"3 minutos"},"schema":{"@context":"https:\/\/schema.org","@graph":[{"@type":"Article","@id":"https:\/\/www.oarcanjo.net\/site\/cnbb-divulga-declaracao-sobre-os-50-anos-do-golpe-civil-militar\/#article","isPartOf":{"@id":"https:\/\/www.oarcanjo.net\/site\/cnbb-divulga-declaracao-sobre-os-50-anos-do-golpe-civil-militar\/"},"author":{"name":"editor","@id":"https:\/\/www.oarcanjo.net\/site\/#\/schema\/person\/f7024d007863202483a31326673a0838"},"headline":"CNBB divulga declara\u00e7\u00e3o sobre os 50 anos do golpe civil-militar","datePublished":"2014-04-02T14:09:58+00:00","dateModified":"2014-04-03T12:11:27+00:00","mainEntityOfPage":{"@id":"https:\/\/www.oarcanjo.net\/site\/cnbb-divulga-declaracao-sobre-os-50-anos-do-golpe-civil-militar\/"},"wordCount":606,"commentCount":0,"publisher":{"@id":"https:\/\/www.oarcanjo.net\/site\/#organization"},"keywords":["50 anos do golpe civil-militar","Cassa\u00e7\u00e3o","censura","Democracia","ditadura","esperan\u00e7a","liberdade","Regime de exce\u00e7\u00e3o","Repress\u00e3o","tortura","viol\u00eancia"],"articleSection":["Not\u00edcias"],"inLanguage":"pt-BR","potentialAction":[{"@type":"CommentAction","name":"Comment","target":["https:\/\/www.oarcanjo.net\/site\/cnbb-divulga-declaracao-sobre-os-50-anos-do-golpe-civil-militar\/#respond"]}]},{"@type":"WebPage","@id":"https:\/\/www.oarcanjo.net\/site\/cnbb-divulga-declaracao-sobre-os-50-anos-do-golpe-civil-militar\/","url":"https:\/\/www.oarcanjo.net\/site\/cnbb-divulga-declaracao-sobre-os-50-anos-do-golpe-civil-militar\/","name":"CNBB divulga declara\u00e7\u00e3o sobre os 50 anos do golpe civil-militar - O Arcanjo no ar","isPartOf":{"@id":"https:\/\/www.oarcanjo.net\/site\/#website"},"datePublished":"2014-04-02T14:09:58+00:00","dateModified":"2014-04-03T12:11:27+00:00","breadcrumb":{"@id":"https:\/\/www.oarcanjo.net\/site\/cnbb-divulga-declaracao-sobre-os-50-anos-do-golpe-civil-militar\/#breadcrumb"},"inLanguage":"pt-BR","potentialAction":[{"@type":"ReadAction","target":["https:\/\/www.oarcanjo.net\/site\/cnbb-divulga-declaracao-sobre-os-50-anos-do-golpe-civil-militar\/"]}]},{"@type":"BreadcrumbList","@id":"https:\/\/www.oarcanjo.net\/site\/cnbb-divulga-declaracao-sobre-os-50-anos-do-golpe-civil-militar\/#breadcrumb","itemListElement":[{"@type":"ListItem","position":1,"name":"In\u00edcio","item":"https:\/\/www.oarcanjo.net\/site\/"},{"@type":"ListItem","position":2,"name":"CNBB divulga declara\u00e7\u00e3o sobre os 50 anos do golpe civil-militar"}]},{"@type":"WebSite","@id":"https:\/\/www.oarcanjo.net\/site\/#website","url":"https:\/\/www.oarcanjo.net\/site\/","name":"O Arcanjo no ar","description":"Site da Par\u00f3quia S\u00e3o Miguel Arcanjo (Arquidiocese de SP)","publisher":{"@id":"https:\/\/www.oarcanjo.net\/site\/#organization"},"potentialAction":[{"@type":"SearchAction","target":{"@type":"EntryPoint","urlTemplate":"https:\/\/www.oarcanjo.net\/site\/?s={search_term_string}"},"query-input":{"@type":"PropertyValueSpecification","valueRequired":true,"valueName":"search_term_string"}}],"inLanguage":"pt-BR"},{"@type":"Organization","@id":"https:\/\/www.oarcanjo.net\/site\/#organization","name":"Par\u00f3quia S\u00e3o Miguel Arcanjo","url":"https:\/\/www.oarcanjo.net\/site\/","logo":{"@type":"ImageObject","inLanguage":"pt-BR","@id":"https:\/\/www.oarcanjo.net\/site\/#\/schema\/logo\/image\/","url":"https:\/\/www.oarcanjo.net\/site\/wp-content\/uploads\/LogoOArcanjo.png","contentUrl":"https:\/\/www.oarcanjo.net\/site\/wp-content\/uploads\/LogoOArcanjo.png","width":319,"height":99,"caption":"Par\u00f3quia S\u00e3o Miguel Arcanjo"},"image":{"@id":"https:\/\/www.oarcanjo.net\/site\/#\/schema\/logo\/image\/"},"sameAs":["https:\/\/www.facebook.com\/OArcanjoNoAr\/"]},{"@type":"Person","@id":"https:\/\/www.oarcanjo.net\/site\/#\/schema\/person\/f7024d007863202483a31326673a0838","name":"editor","sameAs":["http:\/\/www.oarcanjo.net"]}]}},"publishpress_future_action":{"enabled":false,"date":"2026-05-08 04:43:49","action":"category","newStatus":"draft","terms":[],"taxonomy":"category"},"publishpress_future_workflow_manual_trigger":{"enabledWorkflows":[]},"_links":{"self":[{"href":"https:\/\/www.oarcanjo.net\/site\/wp-json\/wp\/v2\/posts\/24669"}],"collection":[{"href":"https:\/\/www.oarcanjo.net\/site\/wp-json\/wp\/v2\/posts"}],"about":[{"href":"https:\/\/www.oarcanjo.net\/site\/wp-json\/wp\/v2\/types\/post"}],"author":[{"embeddable":true,"href":"https:\/\/www.oarcanjo.net\/site\/wp-json\/wp\/v2\/users\/5"}],"replies":[{"embeddable":true,"href":"https:\/\/www.oarcanjo.net\/site\/wp-json\/wp\/v2\/comments?post=24669"}],"version-history":[{"count":0,"href":"https:\/\/www.oarcanjo.net\/site\/wp-json\/wp\/v2\/posts\/24669\/revisions"}],"wp:attachment":[{"href":"https:\/\/www.oarcanjo.net\/site\/wp-json\/wp\/v2\/media?parent=24669"}],"wp:term":[{"taxonomy":"category","embeddable":true,"href":"https:\/\/www.oarcanjo.net\/site\/wp-json\/wp\/v2\/categories?post=24669"},{"taxonomy":"post_tag","embeddable":true,"href":"https:\/\/www.oarcanjo.net\/site\/wp-json\/wp\/v2\/tags?post=24669"}],"curies":[{"name":"wp","href":"https:\/\/api.w.org\/{rel}","templated":true}]}}